{"id":423252,"global_id":"www.omnium.cat\/ca\/?id=423252","global_id_lineage":["www.omnium.cat\/ca\/?id=423252"],"author":"67","status":"publish","date":"2024-10-29 17:49:09","date_utc":"2024-10-29 16:49:09","modified":"2024-10-29 18:06:30","modified_utc":"2024-10-29 17:06:30","url":"https:\/\/www.omnium.cat\/ca\/activitat\/molins-de-rei-recorda-estelles-amb-un-recital-poetic\/","rest_url":"https:\/\/www.omnium.cat\/ca\/wp-json\/tribe\/events\/v1\/events\/423252","title":"Molins de Rei ret homenatge al poeta Estell\u00e9s amb un recital po\u00e8tic","description":"<p>&nbsp;<\/p>\n<p><strong>\u00d2mnium Baix Llobregat Centre<\/strong> et convida al <em><strong>Recital po\u00e8tic<\/strong><\/em> que ha organitzat en homenatge a <strong>Vicent Andr\u00e9s Estell\u00e9s<\/strong> en el centenari del seu naixement.<\/p>\n<p>El recital es far\u00e0 el pr\u00f2xim <strong>divendres 15<\/strong> de novembre a les <strong>19.30 h<\/strong> a la sala d&#8217;actes del <strong>Centre Excursionista de Molins de Rei<\/strong> (c. Roger de Ll\u00faria, 2, planta 1a) i comptar\u00e0 amb la participaci\u00f3 de <strong>Cesc Vives<\/strong>, <strong>Dolors Canals<\/strong>, <strong>Montserrat Gabarr\u00f3<\/strong>, <strong>Pere Raich<\/strong>, <strong>Carme Barber\u00e0<\/strong>, <strong>Rosa Vives<\/strong>, <strong>Virg\u00ednia Olveira<\/strong>, <strong>Pere Arcas<\/strong> i l&#8217;acompanyament musical de <strong>Quim Vinyes Trio<\/strong>.<\/p>\n<p>Tamb\u00e9 hi haur\u00e0 <em><strong>micro obert<\/strong><\/em> per a la recitaci\u00f3 espont\u00e0nia dels assistents, <strong>piscolabis<\/strong> i <strong>copa de cava<\/strong>.<\/p>\n<p>Els organitzadors informen que l&#8217;<strong>aforament \u00e9s limitat<\/strong>, el preu de l&#8217;entrada \u00e9s de <strong>5 \u20ac<\/strong> i <strong>caldr\u00e0 inscripci\u00f3 pr\u00e8via<\/strong>:<\/p>\n<p>&nbsp;<\/p>\n<p style=\"text-align: center\"><a class=\"omnium_orange_white_button\" href=\"https:\/\/form.jotform.com\/243024438267355\" target=\"_blank\" rel=\"noopener\">Inscripci\u00f3 a la Festa Estell\u00e9s de Molins de Rei<\/a><\/p>\n<p>&nbsp;<\/p>\n<p>Des de l\u2019any 2010, diverses poblacions tant al <strong>Pa\u00eds Valenci\u00e0<\/strong> com al <strong>Principat<\/strong> o les <strong>Illes Balears<\/strong> celebren durant la tardor les seves particulars <strong>Festa Estell\u00e9s<\/strong>. Es tracta d\u2019unes trobades per recordar la figura del poeta Vicent Andr\u00e9s Estell\u00e9s i la seva obra. El format d\u2019aquest homenatge s\u2019inspira en els Burns Supper (festa on els escocesos recorden el poeta Robert Burns), i combina poesia i gastronomia en un ambient festiu i popular, el marc m\u00e9s adient per recordar el poeta de Burjassot.<\/p>\n<p><strong>T&#8217;hi esperem!<\/strong><\/p>\n<p>&nbsp;<\/p>\n<p><img fetchpriority=\"high\" decoding=\"async\" class=\"alignnone size-full wp-image-423258\" src=\"https:\/\/cdn.omnium.cat\/wp-content\/uploads\/2024\/10\/29174846\/MOL.festaestelles.A3.15nov.png\" alt=\"\" width=\"1414\" height=\"2000\" srcset=\"https:\/\/cdn.omnium.cat\/wp-content\/uploads\/2024\/10\/29174846\/MOL.festaestelles.A3.15nov.png 1414w, https:\/\/cdn.omnium.cat\/wp-content\/uploads\/2024\/10\/29174846\/MOL.festaestelles.A3.15nov-212x300.png 212w, https:\/\/cdn.omnium.cat\/wp-content\/uploads\/2024\/10\/29174846\/MOL.festaestelles.A3.15nov-724x1024.png 724w, https:\/\/cdn.omnium.cat\/wp-content\/uploads\/2024\/10\/29174846\/MOL.festaestelles.A3.15nov-768x1086.png 768w, https:\/\/cdn.omnium.cat\/wp-content\/uploads\/2024\/10\/29174846\/MOL.festaestelles.A3.15nov-543x768.png 543w, https:\/\/cdn.omnium.cat\/wp-content\/uploads\/2024\/10\/29174846\/MOL.festaestelles.A3.15nov-1086x1536.png 1086w, https:\/\/cdn.omnium.cat\/wp-content\/uploads\/2024\/10\/29174846\/MOL.festaestelles.A3.15nov-1131x1600.png 1131w\" sizes=\"(max-width: 1414px) 100vw, 1414px\" \/><\/p>","excerpt":"","slug":"molins-de-rei-recorda-estelles-amb-un-recital-poetic","image":{"url":"https:\/\/cdn.omnium.cat\/wp-content\/uploads\/2024\/10\/29174734\/MOL.festaestelles.portada.15nov.png","id":423254,"extension":"png","width":800,"height":400,"filesize":463753,"sizes":{"medium":{"width":300,"height":150,"mime-type":"image\/png","filesize":74408,"url":"https:\/\/cdn.omnium.cat\/wp-content\/uploads\/2024\/10\/29174734\/MOL.festaestelles.portada.15nov-300x150.png"},"thumbnail":{"width":150,"height":150,"mime-type":"image\/png","filesize":47028,"url":"https:\/\/cdn.omnium.cat\/wp-content\/uploads\/2024\/10\/29174734\/MOL.festaestelles.portada.15nov-150x150.png"},"medium_large":{"width":768,"height":384,"mime-type":"image\/png","filesize":399909,"url":"https:\/\/cdn.omnium.cat\/wp-content\/uploads\/2024\/10\/29174734\/MOL.festaestelles.portada.15nov-768x384.png"},"ug_big":{"width":768,"height":384,"mime-type":"image\/png","filesize":399909,"url":"https:\/\/cdn.omnium.cat\/wp-content\/uploads\/2024\/10\/29174734\/MOL.festaestelles.portada.15nov-768x384.png"},"newslisting-thumbnail":{"width":700,"height":400,"mime-type":"image\/png","filesize":429139,"url":"https:\/\/cdn.omnium.cat\/wp-content\/uploads\/2024\/10\/29174734\/MOL.festaestelles.portada.15nov-700x400.png"},"pressreleaselisting-thumbnail":{"width":371,"height":371,"mime-type":"image\/png","filesize":252297,"url":"https:\/\/cdn.omnium.cat\/wp-content\/uploads\/2024\/10\/29174734\/MOL.festaestelles.portada.15nov-371x371.png"},"peoplelisting-thumbnail":{"width":300,"height":300,"mime-type":"image\/png","filesize":168490,"url":"https:\/\/cdn.omnium.cat\/wp-content\/uploads\/2024\/10\/29174734\/MOL.festaestelles.portada.15nov-300x300.png"}}},"all_day":false,"start_date":"2024-11-15 19:30:00","start_date_details":{"year":"2024","month":"11","day":"15","hour":"19","minutes":"30","seconds":"00"},"end_date":"2024-11-15 21:00:00","end_date_details":{"year":"2024","month":"11","day":"15","hour":"21","minutes":"00","seconds":"00"},"utc_start_date":"2024-11-15 18:30:00","utc_start_date_details":{"year":"2024","month":"11","day":"15","hour":"18","minutes":"30","seconds":"00"},"utc_end_date":"2024-11-15 20:00:00","utc_end_date_details":{"year":"2024","month":"11","day":"15","hour":"20","minutes":"00","seconds":"00"},"timezone":"Europe\/Madrid","timezone_abbr":"CET","cost":"","cost_details":{"currency_symbol":"\u20ac","currency_code":"USD","currency_position":"prefix","values":[]},"website":"","show_map":true,"show_map_link":true,"hide_from_listings":false,"sticky":false,"featured":false,"categories":[{"name":"Commemoraci\u00f3","slug":"conmemoracio","term_group":0,"term_taxonomy_id":3388,"taxonomy":"tribe_events_cat","description":"","parent":0,"count":105,"filter":"raw","id":3388,"urls":{"self":"https:\/\/www.omnium.cat\/ca\/wp-json\/tribe\/events\/v1\/categories\/3388","collection":"https:\/\/www.omnium.cat\/ca\/wp-json\/tribe\/events\/v1\/categories"}},{"name":"Recital","slug":"recital","term_group":0,"term_taxonomy_id":3811,"taxonomy":"tribe_events_cat","description":"","parent":0,"count":77,"filter":"raw","id":3811,"urls":{"self":"https:\/\/www.omnium.cat\/ca\/wp-json\/tribe\/events\/v1\/categories\/3811","collection":"https:\/\/www.omnium.cat\/ca\/wp-json\/tribe\/events\/v1\/categories"}}],"tags":[{"name":"Baix Llobregat centre","slug":"baix-llobregat-centre","term_group":0,"term_taxonomy_id":4852,"taxonomy":"post_tag","description":"","parent":0,"count":40,"filter":"raw","id":4852,"urls":{"self":"https:\/\/www.omnium.cat\/ca\/wp-json\/tribe\/events\/v1\/tags\/4852","collection":"https:\/\/www.omnium.cat\/ca\/wp-json\/tribe\/events\/v1\/tags"}},{"name":"Molins de Rei","slug":"molins-de-rei","term_group":0,"term_taxonomy_id":2518,"taxonomy":"post_tag","description":"","parent":0,"count":25,"filter":"raw","id":2518,"urls":{"self":"https:\/\/www.omnium.cat\/ca\/wp-json\/tribe\/events\/v1\/tags\/2518","collection":"https:\/\/www.omnium.cat\/ca\/wp-json\/tribe\/events\/v1\/tags"}}],"venue":[],"organizer":[],"custom_fields":[],"json_ld":{"@context":"http:\/\/schema.org","@type":"Event","name":"Molins de Rei ret homenatge al poeta Estell\u00e9s amb un recital po\u00e8tic","description":"&lt;p&gt;&nbsp; \u00d2mnium Baix Llobregat Centre et convida al Recital po\u00e8tic que ha organitzat en homenatge a Vicent Andr\u00e9s Estell\u00e9s en el centenari del seu naixement. El recital es far\u00e0 el [&hellip;]&lt;\/p&gt;\\n","image":"https:\/\/cdn.omnium.cat\/wp-content\/uploads\/2024\/10\/29174734\/MOL.festaestelles.portada.15nov.png","url":"https:\/\/www.omnium.cat\/ca\/activitat\/molins-de-rei-recorda-estelles-amb-un-recital-poetic\/","eventAttendanceMode":"https:\/\/schema.org\/OfflineEventAttendanceMode","eventStatus":"https:\/\/schema.org\/EventScheduled","startDate":"2024-11-15T19:30:00+01:00","endDate":"2024-11-15T21:00:00+01:00","performer":"Organization"},"is_virtual":false,"virtual_url":null,"virtual_video_source":""}