{"id":42355,"global_id":"www.omnium.cat\/ca\/?id=42355","global_id_lineage":["www.omnium.cat\/ca\/?id=42355"],"author":"61","status":"publish","date":"2018-06-15 20:51:44","date_utc":"2018-06-15 18:51:44","modified":"2018-06-22 14:09:19","modified_utc":"2018-06-22 12:09:19","url":"https:\/\/www.omnium.cat\/ca\/activitat\/presentacio-de-vencer-o-morir-a-reus\/","rest_url":"https:\/\/www.omnium.cat\/ca\/wp-json\/tribe\/events\/v1\/events\/42355","title":"Presentaci\u00f3 de &#8220;V\u00e8ncer o Morir&#8221; a Reus","description":"<div class=\"omnium_formatted_content\">\n<p><span class=\"fsl\">Despr&eacute;s de diverses iniciatives ciutadanes que s&#8217;han desenvolupat durant el primer trimestre d&#8217;enguany, presentem ara en aquest programa les activitats que hem pogut aplegar a l&#8217;entorn de la celebraci&oacute; del Tricentenari 1714 &#8211; 2014 a la ciutat de Reus.<br \/>\n\t&nbsp;<br \/>\n\tL&#8217;enfocament general mira de combinar dos eixos alhora: el temporal i el territorial. D&#8217;una banda, pel que fa a l&#8217;eix temporal, hem fet nostre el criteri general de no fer un plantejament historicista i, doncs, amb el lema &#8220;&Eacute;rem, Som, Serem&#8221;, hem volgut fer una mirada enrere, cap als fets hist&ograve;rics, i tamb&eacute; al present i cap al futur i, doncs, reflexionar sobre el proc&eacute;s de transici&oacute; nacional basat en el leg&iacute;tim dret de decidir el nostre futur com a naci&oacute; que tenim els catalans. D&#8217;altra banda, pel que fa a l&#8217;eix territorial, hem intentat abordar la q&uuml;esti&oacute; amb activitats sobre aspectes d&#8217;abast nacional i centrats a la capital catalana i tamb&eacute; sobre fets esdevinguts a la nostra ciutat i les nostres comarques properes del Camp.<br \/>\n\t&nbsp;<br \/>\n\tEl proper 16 de maig a la Sala d&rsquo;Actes del Centre de Lectura acollir&agrave; la presentaci&oacute; del documental &#8220;V&egrave;ncer o morir&#8221;, realitzat conjuntament per Miquelets de Catalunya amb <a href=\"https:\/\/www.facebook.com\/solanumfilms\">Solanum Films<\/a>. En&nbsp; el documental mostra d&rsquo;una manera fins ara in&egrave;dita com era l&rsquo;ex&egrave;rcit catal&agrave; que va defensar Catalunya el 1714.<\/p>\n<p>\t<span class=\"text_exposed_show\">Una estona abans de la projecci&oacute;, un grup de miquelets uniformats d&#8217;&egrave;poca desfilaran pel centre de la ciutat. La projecci&oacute; comen&ccedil;a a les 19:30h i dura uns 20 minuts, seguida per una xerrada\/col&middot;loqui sobre qui som i qu&egrave; fem. L&#8217;entrada &eacute;s GRATU&iuml;TA.<\/span><\/span><\/p>\n<p>\t18.30 h <u>Desfilada de Miquelets<\/u><br \/>\n\tOrganitza: Miquelets de Catalunya i Centre de Lectura, amb la col&middot;laboraci&oacute; d&#8217;&Ograve;mnium Baix Camp.<br \/>\n\tPartint del Centre de Lectura i seguint pels carrers del centre de la ciutat de Reus<\/p>\n<p>\t19.30 <u>Projecci&oacute; del documental &#8220;V&egrave;ncer o morir&#8221;<\/u>, a c&agrave;rrec de Miquelets de Catalunya.<br \/>\n\tSala d&#8217;Actes del Centre de Lectura de Reus<br \/>\n\t&nbsp;<\/p>\n<p><img decoding=\"async\" alt=\"\" src=\"\/wp-content\/uploads\/cartell_miquelets-1.jpg\" style=\"width: 330px;height: 467px\"><\/p>\n<\/div>","excerpt":"<p><span class=\"fsl\">El proper 16 de maig a la Sala d\u2019Actes del Centre de Lectura acollir\u00e0 la presentaci\u00f3 del documental &#8220;V\u00e8ncer o morir&#8221;, realitzat conjuntament per Miquelets de Catalunya amb <a href=\"https:\/\/www.facebook.com\/solanumfilms\">Solanum Films<\/a>. En&nbsp; el documental mostra d\u2019una manera fins ara in\u00e8dita com era l\u2019ex\u00e8rcit catal\u00e0 que va defensar Catalunya el 1714.<\/span><\/p>","slug":"presentacio-de-vencer-o-morir-a-reus","image":{"url":"https:\/\/cdn.omnium.cat\/wp-content\/uploads\/2018\/06\/01074305\/10155350_10202685944821345_277632902_n.jpg","id":42356,"extension":"jpg","width":1024,"height":385,"sizes":{"thumbnail":{"width":150,"height":150,"mime-type":"image\/jpeg","url":"https:\/\/cdn.omnium.cat\/wp-content\/uploads\/2018\/06\/01074305\/10155350_10202685944821345_277632902_n-150x150.jpg"},"medium":{"width":300,"height":113,"mime-type":"image\/jpeg","url":"https:\/\/cdn.omnium.cat\/wp-content\/uploads\/2018\/06\/01074305\/10155350_10202685944821345_277632902_n-300x113.jpg"},"medium_large":{"width":768,"height":289,"mime-type":"image\/jpeg","url":"https:\/\/cdn.omnium.cat\/wp-content\/uploads\/2018\/06\/01074305\/10155350_10202685944821345_277632902_n-768x289.jpg"},"large":{"width":1024,"height":385,"mime-type":"image\/jpeg","url":"https:\/\/cdn.omnium.cat\/wp-content\/uploads\/2018\/06\/01074305\/10155350_10202685944821345_277632902_n-1024x385.jpg"},"ug_big":{"width":768,"height":289,"mime-type":"image\/jpeg","url":"https:\/\/cdn.omnium.cat\/wp-content\/uploads\/2018\/06\/01074305\/10155350_10202685944821345_277632902_n-768x289.jpg"},"newslisting-thumbnail":{"width":700,"height":400,"mime-type":"image\/jpeg","url":"https:\/\/cdn.omnium.cat\/wp-content\/uploads\/2018\/06\/01074305\/10155350_10202685944821345_277632902_n-700x400.jpg"},"pressreleaselisting-thumbnail":{"width":371,"height":371,"mime-type":"image\/jpeg","url":"https:\/\/cdn.omnium.cat\/wp-content\/uploads\/2018\/06\/01074305\/10155350_10202685944821345_277632902_n-371x371.jpg"},"peoplelisting-thumbnail":{"width":300,"height":300,"mime-type":"image\/jpeg","url":"https:\/\/cdn.omnium.cat\/wp-content\/uploads\/2018\/06\/01074305\/10155350_10202685944821345_277632902_n-300x300.jpg"}}},"all_day":false,"start_date":"2014-05-16 19:30:00","start_date_details":{"year":"2014","month":"05","day":"16","hour":"19","minutes":"30","seconds":"00"},"end_date":"2014-05-16 19:30:00","end_date_details":{"year":"2014","month":"05","day":"16","hour":"19","minutes":"30","seconds":"00"},"utc_start_date":"2014-05-16 17:30:00","utc_start_date_details":{"year":"2014","month":"05","day":"16","hour":"17","minutes":"30","seconds":"00"},"utc_end_date":"2014-05-16 17:30:00","utc_end_date_details":{"year":"2014","month":"05","day":"16","hour":"17","minutes":"30","seconds":"00"},"timezone":"UTC+2","timezone_abbr":"UTC+2","cost":"","cost_details":{"currency_symbol":"","currency_code":"","currency_position":"","values":[]},"website":"https:\/\/www.omnium.cat\/ca\/activitat\/presentacio-de-vencer-o-morir-a-reus\/","show_map":false,"show_map_link":false,"hide_from_listings":false,"sticky":false,"featured":false,"categories":[],"tags":[{"name":"Tricentenari","slug":"tricentenari","term_group":0,"term_taxonomy_id":19,"taxonomy":"post_tag","description":"","parent":0,"count":24,"filter":"raw","id":19,"urls":{"self":"https:\/\/www.omnium.cat\/ca\/wp-json\/tribe\/events\/v1\/tags\/19","collection":"https:\/\/www.omnium.cat\/ca\/wp-json\/tribe\/events\/v1\/tags"}}],"venue":[],"organizer":[],"custom_fields":[],"json_ld":{"@context":"http:\/\/schema.org","@type":"Event","name":"Presentaci\u00f3 de &#8220;V\u00e8ncer o Morir&#8221; a Reus","description":"&lt;p&gt;&lt;span class=&quot;fsl&quot;&gt;El proper 16 de maig a la Sala d\u2019Actes del Centre de Lectura acollir\u00e0 la presentaci\u00f3 del documental &quot;V\u00e8ncer o morir&quot;, realitzat conjuntament per Miquelets de Catalunya amb &lt;a href=&quot;https:\/\/www.facebook.com\/solanumfilms&quot;&gt;Solanum Films&lt;\/a&gt;. En&nbsp; el documental mostra d\u2019una manera fins ara in\u00e8dita com era l\u2019ex\u00e8rcit catal\u00e0 que va defensar Catalunya el 1714.&lt;\/span&gt;&lt;\/p&gt;\\n","image":"https:\/\/cdn.omnium.cat\/wp-content\/uploads\/2018\/06\/01074305\/10155350_10202685944821345_277632902_n.jpg","url":"https:\/\/www.omnium.cat\/ca\/activitat\/presentacio-de-vencer-o-morir-a-reus\/","eventAttendanceMode":"https:\/\/schema.org\/OfflineEventAttendanceMode","eventStatus":"https:\/\/schema.org\/EventScheduled","startDate":"2014-05-16T19:30:00+02:00","endDate":"2014-05-16T19:30:00+02:00","performer":"Organization"},"is_virtual":false,"virtual_url":null,"virtual_video_source":""}