{"id":13509,"date":"2016-11-09T14:06:09","date_gmt":"2016-11-09T12:06:09","guid":{"rendered":"http:\/\/omnium.whads.com\/el-voc-la-mostra-audiovisual-en-catala-passara-per-rubi\/"},"modified":"2016-11-09T14:06:09","modified_gmt":"2016-11-09T12:06:09","slug":"el-voc-la-mostra-audiovisual-en-catala-passara-per-rubi","status":"publish","type":"post","link":"https:\/\/www.omnium.cat\/ca\/el-voc-la-mostra-audiovisual-en-catala-passara-per-rubi\/","title":{"rendered":"El VOC, la mostra audiovisual en catal\u00e0, passar\u00e0 per Rub\u00ed"},"content":{"rendered":"<p>\nEl VOC, acr\u00f2nim de Versi\u00f3 Original en Catal\u00e0, \u00e9s un nou projecte impulsat per \u00d2mnium Cultural amb la finalitat d\u2019estimular la producci\u00f3 de continguts audiovisuals de qualitat en llengua catalana, contribuir a la seva difusi\u00f3 i ampliar-ne el p\u00fablic.&nbsp;S\u00f3n uns premis que volen recon\u00e8ixer els millors curtmetratges, webs\u00e8ries i micrometratges realitzats originalment en catal\u00e0 i incentivar la creaci\u00f3 de nous continguts. De tots els participants al premi, es far\u00e0 una mostra de cinema i audiovisual en llengua catalana que tindr\u00e0 lloc en diverses poblacions i de forma simult\u00e0nia al novembre de 2016.&nbsp;<\/p>\n<p>Rub\u00ed ser\u00e0 una de les poblacions en qu\u00e8 la mostra far\u00e0 aturada. Estan programades dues sessions, una el divendres 18 de novembre de 18 a 22 h i l&#8217;altre el diumenge 20 de novembre de 10 a 14 h. Totes dues sessions es projectaran a La Sala i els continguts seran diferents els dos dies.&nbsp;A cada sessi\u00f3 es projectaran els curtmetratges seleccionats, una webserie, un micrometratge i un llargmetratge&nbsp;estrenat aquest 2016 guanyador de premis en Festivals Internacionals.<\/p>\n<p><strong>Sessi\u00f3 1: divendres 18<\/strong><br \/>\n18:00 Inauguraci\u00f3 de la Mostra<br \/>\n18:15 Passi de 8 curtmetratges (102&#8242;)<br \/>\n20:00 Pausa descans (VOTACIONS)<br \/>\n20:15 Webs\u00e8rie \u201cEl Ramon de les Olives\u201d (1 cap\u00edtol de 5&#8242;)<br \/>\n20:20 Micrometratge \u201cVoltes i voltes\u201d (2&#8242;)<br \/>\n20:25 Llargmetratge \u201cEl rei borni\u201d&nbsp;&nbsp;(87&#8242;)<br \/>\n22:00 Fi de la primera sessi\u00f3 + REFRIGERI<\/p>\n<p><strong>Sessi\u00f3 2: diumenge 20<\/strong><br \/>\n10:00 Inauguraci\u00f3 de la Mostra<br \/>\n10:15 Passi de 7 curtmetratges (101&#8242;)<br \/>\n12:00 Pausa descans (VOTACIONS)<br \/>\n12:15 Webs\u00e8rie \u201cLes coses grans\u201d (1cap\u00edtol de 10&#8242;)<br \/>\n12:25 Micrometratge&nbsp;\u201cEgeu\u201d (2&#8242;)<br \/>\n12:30 Llargmetratge \u201cEl cam\u00ed m\u00e9s llarg per tornar a casa\u201d (80&#8242;)<br \/>\n14:00 Fi de la segona sessi\u00f3 i cloenda de la mostra + REFRIGERI<\/p>\n<p>L\u2019entrada per cada sessi\u00f3 de la Mostra val nom\u00e9s 2 \u20ac i es podr\u00e0 comprar abans de cada sessi\u00f3. <strong>Els socis d&#8217;\u00d2mnium tenen entrada gratu\u00efta ensenyant el carnet d&#8217;\u00d2mnium i els participants al Voluntariat per la llengua tamb\u00e9 podran entrar gratu\u00eftament ensenyant el seu carnet de voluntari<\/strong>.<\/p>\n<p>A m\u00e9s, durant la Mostra podr\u00e0s votar el curtmetratge que m\u00e9s t\u2019agradi i participar en el sorteig d\u2019un abonament de&nbsp;<a href=\"http:\/\/www.filmin.es\/\" target=\"_blank\">FILMIN<\/a>&nbsp;per un mes. Nom\u00e9s haur\u00e0s d\u2019omplir la butlleta amb les teves dades i votar per participar.&nbsp;Al final de cada sessi\u00f3 hi haur\u00e0 un petit refrigeri gratu\u00eft per als espectadors.&nbsp;<\/p>\n","protected":false},"excerpt":{"rendered":"<p>La Mostra d\u2019Audiovisual en Catal\u00e0 d&#8217;\u00d2mnium, tindr\u00e0 lloc el divendres 18 i el diumenge 20 de novembre a La Sala de Rub\u00ed. Els socis d&#8217;\u00d2mnium i els participants al VxL podran assistir-hi gratu\u00eftament ensenyant el seu carnet<\/p>\n","protected":false},"author":93,"featured_media":13510,"comment_status":"closed","ping_status":"open","sticky":false,"template":"","format":"standard","meta":{"_acf_changed":false,"footnotes":""},"categories":[1],"tags":[],"post_headquarter":[1769],"post_project":[1840],"class_list":["post-13509","post","type-post","status-publish","format-standard","has-post-thumbnail","hentry","category-uncategorized-ca","post_headquarter-rubi","post_project-foc"],"acf":[],"yoast_head":"<!-- This site is optimized with the Yoast SEO plugin v27.2 - https:\/\/yoast.com\/product\/yoast-seo-wordpress\/ -->\n<title>El VOC, la mostra audiovisual en catal\u00e0, passar\u00e0 per Rub\u00ed - \u00d2mnium Cultural<\/title>\n<meta name=\"robots\" content=\"index, follow, max-snippet:-1, max-image-preview:large, max-video-preview:-1\" \/>\n<link rel=\"canonical\" href=\"https:\/\/www.omnium.cat\/ca\/el-voc-la-mostra-audiovisual-en-catala-passara-per-rubi\/\" \/>\n<meta name=\"twitter:label1\" content=\"Escrit per\" \/>\n\t<meta name=\"twitter:data1\" content=\"Txell Canals\" \/>\n\t<meta name=\"twitter:label2\" content=\"Temps estimat de lectura\" \/>\n\t<meta name=\"twitter:data2\" content=\"2 minuts\" \/>\n<script type=\"application\/ld+json\" class=\"yoast-schema-graph\">{\"@context\":\"https:\/\/schema.org\",\"@graph\":[{\"@type\":\"Article\",\"@id\":\"https:\/\/www.omnium.cat\/ca\/el-voc-la-mostra-audiovisual-en-catala-passara-per-rubi\/#article\",\"isPartOf\":{\"@id\":\"https:\/\/www.omnium.cat\/ca\/el-voc-la-mostra-audiovisual-en-catala-passara-per-rubi\/\"},\"author\":{\"name\":\"Txell Canals\",\"@id\":\"https:\/\/www.omnium.cat\/ca\/#\/schema\/person\/5daf190a8847aa3e32bfa75f23bc9229\"},\"headline\":\"El VOC, la mostra audiovisual en catal\u00e0, passar\u00e0 per Rub\u00ed\",\"datePublished\":\"2016-11-09T12:06:09+00:00\",\"mainEntityOfPage\":{\"@id\":\"https:\/\/www.omnium.cat\/ca\/el-voc-la-mostra-audiovisual-en-catala-passara-per-rubi\/\"},\"wordCount\":383,\"publisher\":{\"@id\":\"https:\/\/www.omnium.cat\/ca\/#organization\"},\"image\":{\"@id\":\"https:\/\/www.omnium.cat\/ca\/el-voc-la-mostra-audiovisual-en-catala-passara-per-rubi\/#primaryimage\"},\"thumbnailUrl\":\"https:\/\/cdn.omnium.cat\/wp-content\/uploads\/2016\/11\/01103326\/voc-color_0_0_0.jpg\",\"articleSection\":[\"Uncategorized @oc\"],\"inLanguage\":\"ca\"},{\"@type\":\"WebPage\",\"@id\":\"https:\/\/www.omnium.cat\/ca\/el-voc-la-mostra-audiovisual-en-catala-passara-per-rubi\/\",\"url\":\"https:\/\/www.omnium.cat\/ca\/el-voc-la-mostra-audiovisual-en-catala-passara-per-rubi\/\",\"name\":\"El VOC, la mostra audiovisual en catal\u00e0, passar\u00e0 per Rub\u00ed - \u00d2mnium Cultural\",\"isPartOf\":{\"@id\":\"https:\/\/www.omnium.cat\/ca\/#website\"},\"primaryImageOfPage\":{\"@id\":\"https:\/\/www.omnium.cat\/ca\/el-voc-la-mostra-audiovisual-en-catala-passara-per-rubi\/#primaryimage\"},\"image\":{\"@id\":\"https:\/\/www.omnium.cat\/ca\/el-voc-la-mostra-audiovisual-en-catala-passara-per-rubi\/#primaryimage\"},\"thumbnailUrl\":\"https:\/\/cdn.omnium.cat\/wp-content\/uploads\/2016\/11\/01103326\/voc-color_0_0_0.jpg\",\"datePublished\":\"2016-11-09T12:06:09+00:00\",\"breadcrumb\":{\"@id\":\"https:\/\/www.omnium.cat\/ca\/el-voc-la-mostra-audiovisual-en-catala-passara-per-rubi\/#breadcrumb\"},\"inLanguage\":\"ca\",\"potentialAction\":[{\"@type\":\"ReadAction\",\"target\":[\"https:\/\/www.omnium.cat\/ca\/el-voc-la-mostra-audiovisual-en-catala-passara-per-rubi\/\"]}]},{\"@type\":\"ImageObject\",\"inLanguage\":\"ca\",\"@id\":\"https:\/\/www.omnium.cat\/ca\/el-voc-la-mostra-audiovisual-en-catala-passara-per-rubi\/#primaryimage\",\"url\":\"https:\/\/cdn.omnium.cat\/wp-content\/uploads\/2016\/11\/01103326\/voc-color_0_0_0.jpg\",\"contentUrl\":\"https:\/\/cdn.omnium.cat\/wp-content\/uploads\/2016\/11\/01103326\/voc-color_0_0_0.jpg\",\"width\":650,\"height\":358},{\"@type\":\"BreadcrumbList\",\"@id\":\"https:\/\/www.omnium.cat\/ca\/el-voc-la-mostra-audiovisual-en-catala-passara-per-rubi\/#breadcrumb\",\"itemListElement\":[{\"@type\":\"ListItem\",\"position\":1,\"name\":\"Inici\",\"item\":\"https:\/\/www.omnium.cat\/ca\/\"},{\"@type\":\"ListItem\",\"position\":2,\"name\":\"El VOC, la mostra audiovisual en catal\u00e0, passar\u00e0 per Rub\u00ed\"}]},{\"@type\":\"WebSite\",\"@id\":\"https:\/\/www.omnium.cat\/ca\/#website\",\"url\":\"https:\/\/www.omnium.cat\/ca\/\",\"name\":\"\u00d2mnium Cultural\",\"description\":\"Llengua Cultura Pa\u00eds\",\"publisher\":{\"@id\":\"https:\/\/www.omnium.cat\/ca\/#organization\"},\"potentialAction\":[{\"@type\":\"SearchAction\",\"target\":{\"@type\":\"EntryPoint\",\"urlTemplate\":\"https:\/\/www.omnium.cat\/ca\/?s={search_term_string}\"},\"query-input\":{\"@type\":\"PropertyValueSpecification\",\"valueRequired\":true,\"valueName\":\"search_term_string\"}}],\"inLanguage\":\"ca\"},{\"@type\":\"Organization\",\"@id\":\"https:\/\/www.omnium.cat\/ca\/#organization\",\"name\":\"\u00d2mnium Cultural\",\"url\":\"https:\/\/www.omnium.cat\/ca\/\",\"logo\":{\"@type\":\"ImageObject\",\"inLanguage\":\"ca\",\"@id\":\"https:\/\/www.omnium.cat\/ca\/#\/schema\/logo\/image\/\",\"url\":\"https:\/\/cdn.omnium.cat\/wp-content\/uploads\/2019\/06\/01112517\/cropped-omnium_logo-1.png\",\"contentUrl\":\"https:\/\/cdn.omnium.cat\/wp-content\/uploads\/2019\/06\/01112517\/cropped-omnium_logo-1.png\",\"width\":1213,\"height\":262,\"caption\":\"\u00d2mnium Cultural\"},\"image\":{\"@id\":\"https:\/\/www.omnium.cat\/ca\/#\/schema\/logo\/image\/\"},\"sameAs\":[\"https:\/\/www.facebook.com\/omniumcultural\",\"https:\/\/x.com\/omnium\",\"https:\/\/www.instagram.com\/omniumcultural\/\",\"https:\/\/www.youtube.com\/user\/omniumcultural\"]},{\"@type\":\"Person\",\"@id\":\"https:\/\/www.omnium.cat\/ca\/#\/schema\/person\/5daf190a8847aa3e32bfa75f23bc9229\",\"name\":\"Txell Canals\",\"image\":{\"@type\":\"ImageObject\",\"inLanguage\":\"ca\",\"@id\":\"https:\/\/secure.gravatar.com\/avatar\/6446e99a10e40c10c8dcc3a2fe045cd93badf685a48764ca9fc16f8caddbfac5?s=96&d=mm&r=g\",\"url\":\"https:\/\/secure.gravatar.com\/avatar\/6446e99a10e40c10c8dcc3a2fe045cd93badf685a48764ca9fc16f8caddbfac5?s=96&d=mm&r=g\",\"contentUrl\":\"https:\/\/secure.gravatar.com\/avatar\/6446e99a10e40c10c8dcc3a2fe045cd93badf685a48764ca9fc16f8caddbfac5?s=96&d=mm&r=g\",\"caption\":\"Txell Canals\"}}]}<\/script>\n<!-- \/ Yoast SEO plugin. -->","yoast_head_json":{"title":"El VOC, la mostra audiovisual en catal\u00e0, passar\u00e0 per Rub\u00ed - \u00d2mnium Cultural","robots":{"index":"index","follow":"follow","max-snippet":"max-snippet:-1","max-image-preview":"max-image-preview:large","max-video-preview":"max-video-preview:-1"},"canonical":"https:\/\/www.omnium.cat\/ca\/el-voc-la-mostra-audiovisual-en-catala-passara-per-rubi\/","twitter_misc":{"Escrit per":"Txell Canals","Temps estimat de lectura":"2 minuts"},"schema":{"@context":"https:\/\/schema.org","@graph":[{"@type":"Article","@id":"https:\/\/www.omnium.cat\/ca\/el-voc-la-mostra-audiovisual-en-catala-passara-per-rubi\/#article","isPartOf":{"@id":"https:\/\/www.omnium.cat\/ca\/el-voc-la-mostra-audiovisual-en-catala-passara-per-rubi\/"},"author":{"name":"Txell Canals","@id":"https:\/\/www.omnium.cat\/ca\/#\/schema\/person\/5daf190a8847aa3e32bfa75f23bc9229"},"headline":"El VOC, la mostra audiovisual en catal\u00e0, passar\u00e0 per Rub\u00ed","datePublished":"2016-11-09T12:06:09+00:00","mainEntityOfPage":{"@id":"https:\/\/www.omnium.cat\/ca\/el-voc-la-mostra-audiovisual-en-catala-passara-per-rubi\/"},"wordCount":383,"publisher":{"@id":"https:\/\/www.omnium.cat\/ca\/#organization"},"image":{"@id":"https:\/\/www.omnium.cat\/ca\/el-voc-la-mostra-audiovisual-en-catala-passara-per-rubi\/#primaryimage"},"thumbnailUrl":"https:\/\/cdn.omnium.cat\/wp-content\/uploads\/2016\/11\/01103326\/voc-color_0_0_0.jpg","articleSection":["Uncategorized @oc"],"inLanguage":"ca"},{"@type":"WebPage","@id":"https:\/\/www.omnium.cat\/ca\/el-voc-la-mostra-audiovisual-en-catala-passara-per-rubi\/","url":"https:\/\/www.omnium.cat\/ca\/el-voc-la-mostra-audiovisual-en-catala-passara-per-rubi\/","name":"El VOC, la mostra audiovisual en catal\u00e0, passar\u00e0 per Rub\u00ed - \u00d2mnium Cultural","isPartOf":{"@id":"https:\/\/www.omnium.cat\/ca\/#website"},"primaryImageOfPage":{"@id":"https:\/\/www.omnium.cat\/ca\/el-voc-la-mostra-audiovisual-en-catala-passara-per-rubi\/#primaryimage"},"image":{"@id":"https:\/\/www.omnium.cat\/ca\/el-voc-la-mostra-audiovisual-en-catala-passara-per-rubi\/#primaryimage"},"thumbnailUrl":"https:\/\/cdn.omnium.cat\/wp-content\/uploads\/2016\/11\/01103326\/voc-color_0_0_0.jpg","datePublished":"2016-11-09T12:06:09+00:00","breadcrumb":{"@id":"https:\/\/www.omnium.cat\/ca\/el-voc-la-mostra-audiovisual-en-catala-passara-per-rubi\/#breadcrumb"},"inLanguage":"ca","potentialAction":[{"@type":"ReadAction","target":["https:\/\/www.omnium.cat\/ca\/el-voc-la-mostra-audiovisual-en-catala-passara-per-rubi\/"]}]},{"@type":"ImageObject","inLanguage":"ca","@id":"https:\/\/www.omnium.cat\/ca\/el-voc-la-mostra-audiovisual-en-catala-passara-per-rubi\/#primaryimage","url":"https:\/\/cdn.omnium.cat\/wp-content\/uploads\/2016\/11\/01103326\/voc-color_0_0_0.jpg","contentUrl":"https:\/\/cdn.omnium.cat\/wp-content\/uploads\/2016\/11\/01103326\/voc-color_0_0_0.jpg","width":650,"height":358},{"@type":"BreadcrumbList","@id":"https:\/\/www.omnium.cat\/ca\/el-voc-la-mostra-audiovisual-en-catala-passara-per-rubi\/#breadcrumb","itemListElement":[{"@type":"ListItem","position":1,"name":"Inici","item":"https:\/\/www.omnium.cat\/ca\/"},{"@type":"ListItem","position":2,"name":"El VOC, la mostra audiovisual en catal\u00e0, passar\u00e0 per Rub\u00ed"}]},{"@type":"WebSite","@id":"https:\/\/www.omnium.cat\/ca\/#website","url":"https:\/\/www.omnium.cat\/ca\/","name":"\u00d2mnium Cultural","description":"Llengua Cultura Pa\u00eds","publisher":{"@id":"https:\/\/www.omnium.cat\/ca\/#organization"},"potentialAction":[{"@type":"SearchAction","target":{"@type":"EntryPoint","urlTemplate":"https:\/\/www.omnium.cat\/ca\/?s={search_term_string}"},"query-input":{"@type":"PropertyValueSpecification","valueRequired":true,"valueName":"search_term_string"}}],"inLanguage":"ca"},{"@type":"Organization","@id":"https:\/\/www.omnium.cat\/ca\/#organization","name":"\u00d2mnium Cultural","url":"https:\/\/www.omnium.cat\/ca\/","logo":{"@type":"ImageObject","inLanguage":"ca","@id":"https:\/\/www.omnium.cat\/ca\/#\/schema\/logo\/image\/","url":"https:\/\/cdn.omnium.cat\/wp-content\/uploads\/2019\/06\/01112517\/cropped-omnium_logo-1.png","contentUrl":"https:\/\/cdn.omnium.cat\/wp-content\/uploads\/2019\/06\/01112517\/cropped-omnium_logo-1.png","width":1213,"height":262,"caption":"\u00d2mnium Cultural"},"image":{"@id":"https:\/\/www.omnium.cat\/ca\/#\/schema\/logo\/image\/"},"sameAs":["https:\/\/www.facebook.com\/omniumcultural","https:\/\/x.com\/omnium","https:\/\/www.instagram.com\/omniumcultural\/","https:\/\/www.youtube.com\/user\/omniumcultural"]},{"@type":"Person","@id":"https:\/\/www.omnium.cat\/ca\/#\/schema\/person\/5daf190a8847aa3e32bfa75f23bc9229","name":"Txell Canals","image":{"@type":"ImageObject","inLanguage":"ca","@id":"https:\/\/secure.gravatar.com\/avatar\/6446e99a10e40c10c8dcc3a2fe045cd93badf685a48764ca9fc16f8caddbfac5?s=96&d=mm&r=g","url":"https:\/\/secure.gravatar.com\/avatar\/6446e99a10e40c10c8dcc3a2fe045cd93badf685a48764ca9fc16f8caddbfac5?s=96&d=mm&r=g","contentUrl":"https:\/\/secure.gravatar.com\/avatar\/6446e99a10e40c10c8dcc3a2fe045cd93badf685a48764ca9fc16f8caddbfac5?s=96&d=mm&r=g","caption":"Txell Canals"}}]}},"_links":{"self":[{"href":"https:\/\/www.omnium.cat\/ca\/wp-json\/wp\/v2\/posts\/13509","targetHints":{"allow":["GET"]}}],"collection":[{"href":"https:\/\/www.omnium.cat\/ca\/wp-json\/wp\/v2\/posts"}],"about":[{"href":"https:\/\/www.omnium.cat\/ca\/wp-json\/wp\/v2\/types\/post"}],"author":[{"embeddable":true,"href":"https:\/\/www.omnium.cat\/ca\/wp-json\/wp\/v2\/users\/93"}],"replies":[{"embeddable":true,"href":"https:\/\/www.omnium.cat\/ca\/wp-json\/wp\/v2\/comments?post=13509"}],"version-history":[{"count":0,"href":"https:\/\/www.omnium.cat\/ca\/wp-json\/wp\/v2\/posts\/13509\/revisions"}],"wp:featuredmedia":[{"embeddable":true,"href":"https:\/\/www.omnium.cat\/ca\/wp-json\/wp\/v2\/media\/13510"}],"wp:attachment":[{"href":"https:\/\/www.omnium.cat\/ca\/wp-json\/wp\/v2\/media?parent=13509"}],"wp:term":[{"taxonomy":"category","embeddable":true,"href":"https:\/\/www.omnium.cat\/ca\/wp-json\/wp\/v2\/categories?post=13509"},{"taxonomy":"post_tag","embeddable":true,"href":"https:\/\/www.omnium.cat\/ca\/wp-json\/wp\/v2\/tags?post=13509"},{"taxonomy":"post_headquarter","embeddable":true,"href":"https:\/\/www.omnium.cat\/ca\/wp-json\/wp\/v2\/post_headquarter?post=13509"},{"taxonomy":"post_project","embeddable":true,"href":"https:\/\/www.omnium.cat\/ca\/wp-json\/wp\/v2\/post_project?post=13509"}],"curies":[{"name":"wp","href":"https:\/\/api.w.org\/{rel}","templated":true}]}}