{"id":13569,"date":"2016-11-03T12:52:08","date_gmt":"2016-11-03T10:52:08","guid":{"rendered":"http:\/\/omnium.whads.com\/el-13-de-novembre-fem-sentir-la-nostra-veu\/"},"modified":"2016-11-03T12:52:08","modified_gmt":"2016-11-03T10:52:08","slug":"el-13-de-novembre-fem-sentir-la-nostra-veu","status":"publish","type":"post","link":"https:\/\/www.omnium.cat\/ca\/el-13-de-novembre-fem-sentir-la-nostra-veu\/","title":{"rendered":"El 13 de novembre fem sentir la nostra veu!"},"content":{"rendered":"<p dir=\"ltr\" style=\"line-height: 1.38; margin-top: 0pt; margin-bottom: 0pt;\">El govern espanyol ataca constantment les nostres institucions i vulnera la democr\u00e0cia del nostre pa\u00eds. Centenars d\u2019ajuntaments amb investigacions judicials obertes, Carme Forcadell en proc\u00e9s d\u2019inhabilitaci\u00f3, l\u2019expresident Mas al banc dels acusats\u2026 Davant d\u2019aquests atacs punyents, hem de donar una resposta unit\u00e0ria i contundent: hem de fer sentir la nostra veu al carrer!<\/p>\n<p>\tEl proper diumenge 13 de novembre a les 12 h, \u00d2mnium Cultural, l\u2019Assemblea Nacional Catalana i l\u2019Associaci\u00f3 de Municipis per la Independ\u00e8ncia convoquem una concentraci\u00f3 a l\u2019avinguda Maria Cristina (fonts de Montju\u00efc) de Barcelona.<\/p>\n<p>\tUnim-nos per defensar les nostres institucions i donar suport als nostres representants pol\u00edtics. Demostrem al m\u00f3n que no permetrem la vulneraci\u00f3 dels nostres drets. Com a dem\u00f2crates, hem de fer-nos sentir!<\/p>\n<p>\tComptem amb tu!<\/p>\n","protected":false},"excerpt":{"rendered":"<p>El proper diumenge 13 de novembre a les 12 h, \u00d2mnium Cultural, l\u2019Assemblea Nacional Catalana i l\u2019Associaci\u00f3 de Municipis per la Independ\u00e8ncia convoquem una concentraci\u00f3 a l\u2019avinguda Maria Cristina (fonts de Montju\u00efc) de Barcelona.<\/p>\n","protected":false},"author":107,"featured_media":13570,"comment_status":"closed","ping_status":"open","sticky":false,"template":"","format":"standard","meta":{"_acf_changed":false,"footnotes":""},"categories":[1],"tags":[],"post_headquarter":[1745,1744,1772],"post_project":[],"class_list":["post-13569","post","type-post","status-publish","format-standard","has-post-thumbnail","hentry","category-uncategorized-ca","post_headquarter-lleida-ponent","post_headquarter-nacional","post_headquarter-solsones"],"acf":[],"yoast_head":"<!-- This site is optimized with the Yoast SEO plugin v27.2 - https:\/\/yoast.com\/product\/yoast-seo-wordpress\/ -->\n<title>El 13 de novembre fem sentir la nostra veu! - \u00d2mnium Cultural<\/title>\n<meta name=\"robots\" content=\"index, follow, max-snippet:-1, max-image-preview:large, max-video-preview:-1\" \/>\n<link rel=\"canonical\" href=\"https:\/\/www.omnium.cat\/ca\/el-13-de-novembre-fem-sentir-la-nostra-veu\/\" \/>\n<meta name=\"twitter:label1\" content=\"Escrit per\" \/>\n\t<meta name=\"twitter:data1\" content=\"Cora Muntane\" \/>\n\t<meta name=\"twitter:label2\" content=\"Temps estimat de lectura\" \/>\n\t<meta name=\"twitter:data2\" content=\"1 minut\" \/>\n<script type=\"application\/ld+json\" class=\"yoast-schema-graph\">{\"@context\":\"https:\/\/schema.org\",\"@graph\":[{\"@type\":\"Article\",\"@id\":\"https:\/\/www.omnium.cat\/ca\/el-13-de-novembre-fem-sentir-la-nostra-veu\/#article\",\"isPartOf\":{\"@id\":\"https:\/\/www.omnium.cat\/ca\/el-13-de-novembre-fem-sentir-la-nostra-veu\/\"},\"author\":{\"name\":\"Cora Muntane\",\"@id\":\"https:\/\/www.omnium.cat\/ca\/#\/schema\/person\/19c06dfa9658fb5aa2aa7370a445142a\"},\"headline\":\"El 13 de novembre fem sentir la nostra veu!\",\"datePublished\":\"2016-11-03T10:52:08+00:00\",\"mainEntityOfPage\":{\"@id\":\"https:\/\/www.omnium.cat\/ca\/el-13-de-novembre-fem-sentir-la-nostra-veu\/\"},\"wordCount\":143,\"publisher\":{\"@id\":\"https:\/\/www.omnium.cat\/ca\/#organization\"},\"image\":{\"@id\":\"https:\/\/www.omnium.cat\/ca\/el-13-de-novembre-fem-sentir-la-nostra-veu\/#primaryimage\"},\"thumbnailUrl\":\"https:\/\/cdn.omnium.cat\/wp-content\/uploads\/2016\/11\/01103304\/democracia-postal-fb.jpg\",\"articleSection\":[\"Uncategorized @oc\"],\"inLanguage\":\"ca\"},{\"@type\":\"WebPage\",\"@id\":\"https:\/\/www.omnium.cat\/ca\/el-13-de-novembre-fem-sentir-la-nostra-veu\/\",\"url\":\"https:\/\/www.omnium.cat\/ca\/el-13-de-novembre-fem-sentir-la-nostra-veu\/\",\"name\":\"El 13 de novembre fem sentir la nostra veu! - \u00d2mnium Cultural\",\"isPartOf\":{\"@id\":\"https:\/\/www.omnium.cat\/ca\/#website\"},\"primaryImageOfPage\":{\"@id\":\"https:\/\/www.omnium.cat\/ca\/el-13-de-novembre-fem-sentir-la-nostra-veu\/#primaryimage\"},\"image\":{\"@id\":\"https:\/\/www.omnium.cat\/ca\/el-13-de-novembre-fem-sentir-la-nostra-veu\/#primaryimage\"},\"thumbnailUrl\":\"https:\/\/cdn.omnium.cat\/wp-content\/uploads\/2016\/11\/01103304\/democracia-postal-fb.jpg\",\"datePublished\":\"2016-11-03T10:52:08+00:00\",\"breadcrumb\":{\"@id\":\"https:\/\/www.omnium.cat\/ca\/el-13-de-novembre-fem-sentir-la-nostra-veu\/#breadcrumb\"},\"inLanguage\":\"ca\",\"potentialAction\":[{\"@type\":\"ReadAction\",\"target\":[\"https:\/\/www.omnium.cat\/ca\/el-13-de-novembre-fem-sentir-la-nostra-veu\/\"]}]},{\"@type\":\"ImageObject\",\"inLanguage\":\"ca\",\"@id\":\"https:\/\/www.omnium.cat\/ca\/el-13-de-novembre-fem-sentir-la-nostra-veu\/#primaryimage\",\"url\":\"https:\/\/cdn.omnium.cat\/wp-content\/uploads\/2016\/11\/01103304\/democracia-postal-fb.jpg\",\"contentUrl\":\"https:\/\/cdn.omnium.cat\/wp-content\/uploads\/2016\/11\/01103304\/democracia-postal-fb.jpg\",\"width\":370,\"height\":370},{\"@type\":\"BreadcrumbList\",\"@id\":\"https:\/\/www.omnium.cat\/ca\/el-13-de-novembre-fem-sentir-la-nostra-veu\/#breadcrumb\",\"itemListElement\":[{\"@type\":\"ListItem\",\"position\":1,\"name\":\"Inici\",\"item\":\"https:\/\/www.omnium.cat\/ca\/\"},{\"@type\":\"ListItem\",\"position\":2,\"name\":\"El 13 de novembre fem sentir la nostra veu!\"}]},{\"@type\":\"WebSite\",\"@id\":\"https:\/\/www.omnium.cat\/ca\/#website\",\"url\":\"https:\/\/www.omnium.cat\/ca\/\",\"name\":\"\u00d2mnium Cultural\",\"description\":\"Llengua Cultura Pa\u00eds\",\"publisher\":{\"@id\":\"https:\/\/www.omnium.cat\/ca\/#organization\"},\"potentialAction\":[{\"@type\":\"SearchAction\",\"target\":{\"@type\":\"EntryPoint\",\"urlTemplate\":\"https:\/\/www.omnium.cat\/ca\/?s={search_term_string}\"},\"query-input\":{\"@type\":\"PropertyValueSpecification\",\"valueRequired\":true,\"valueName\":\"search_term_string\"}}],\"inLanguage\":\"ca\"},{\"@type\":\"Organization\",\"@id\":\"https:\/\/www.omnium.cat\/ca\/#organization\",\"name\":\"\u00d2mnium Cultural\",\"url\":\"https:\/\/www.omnium.cat\/ca\/\",\"logo\":{\"@type\":\"ImageObject\",\"inLanguage\":\"ca\",\"@id\":\"https:\/\/www.omnium.cat\/ca\/#\/schema\/logo\/image\/\",\"url\":\"https:\/\/cdn.omnium.cat\/wp-content\/uploads\/2019\/06\/01112517\/cropped-omnium_logo-1.png\",\"contentUrl\":\"https:\/\/cdn.omnium.cat\/wp-content\/uploads\/2019\/06\/01112517\/cropped-omnium_logo-1.png\",\"width\":1213,\"height\":262,\"caption\":\"\u00d2mnium Cultural\"},\"image\":{\"@id\":\"https:\/\/www.omnium.cat\/ca\/#\/schema\/logo\/image\/\"},\"sameAs\":[\"https:\/\/www.facebook.com\/omniumcultural\",\"https:\/\/x.com\/omnium\",\"https:\/\/www.instagram.com\/omniumcultural\/\",\"https:\/\/www.youtube.com\/user\/omniumcultural\"]},{\"@type\":\"Person\",\"@id\":\"https:\/\/www.omnium.cat\/ca\/#\/schema\/person\/19c06dfa9658fb5aa2aa7370a445142a\",\"name\":\"Cora Muntane\",\"image\":{\"@type\":\"ImageObject\",\"inLanguage\":\"ca\",\"@id\":\"https:\/\/secure.gravatar.com\/avatar\/23d570339f24f25feb21b3a1f85f354892e9fece2fd31accc9fc81448c28a69b?s=96&d=mm&r=g\",\"url\":\"https:\/\/secure.gravatar.com\/avatar\/23d570339f24f25feb21b3a1f85f354892e9fece2fd31accc9fc81448c28a69b?s=96&d=mm&r=g\",\"contentUrl\":\"https:\/\/secure.gravatar.com\/avatar\/23d570339f24f25feb21b3a1f85f354892e9fece2fd31accc9fc81448c28a69b?s=96&d=mm&r=g\",\"caption\":\"Cora Muntane\"}}]}<\/script>\n<!-- \/ Yoast SEO plugin. -->","yoast_head_json":{"title":"El 13 de novembre fem sentir la nostra veu! - \u00d2mnium Cultural","robots":{"index":"index","follow":"follow","max-snippet":"max-snippet:-1","max-image-preview":"max-image-preview:large","max-video-preview":"max-video-preview:-1"},"canonical":"https:\/\/www.omnium.cat\/ca\/el-13-de-novembre-fem-sentir-la-nostra-veu\/","twitter_misc":{"Escrit per":"Cora Muntane","Temps estimat de lectura":"1 minut"},"schema":{"@context":"https:\/\/schema.org","@graph":[{"@type":"Article","@id":"https:\/\/www.omnium.cat\/ca\/el-13-de-novembre-fem-sentir-la-nostra-veu\/#article","isPartOf":{"@id":"https:\/\/www.omnium.cat\/ca\/el-13-de-novembre-fem-sentir-la-nostra-veu\/"},"author":{"name":"Cora Muntane","@id":"https:\/\/www.omnium.cat\/ca\/#\/schema\/person\/19c06dfa9658fb5aa2aa7370a445142a"},"headline":"El 13 de novembre fem sentir la nostra veu!","datePublished":"2016-11-03T10:52:08+00:00","mainEntityOfPage":{"@id":"https:\/\/www.omnium.cat\/ca\/el-13-de-novembre-fem-sentir-la-nostra-veu\/"},"wordCount":143,"publisher":{"@id":"https:\/\/www.omnium.cat\/ca\/#organization"},"image":{"@id":"https:\/\/www.omnium.cat\/ca\/el-13-de-novembre-fem-sentir-la-nostra-veu\/#primaryimage"},"thumbnailUrl":"https:\/\/cdn.omnium.cat\/wp-content\/uploads\/2016\/11\/01103304\/democracia-postal-fb.jpg","articleSection":["Uncategorized @oc"],"inLanguage":"ca"},{"@type":"WebPage","@id":"https:\/\/www.omnium.cat\/ca\/el-13-de-novembre-fem-sentir-la-nostra-veu\/","url":"https:\/\/www.omnium.cat\/ca\/el-13-de-novembre-fem-sentir-la-nostra-veu\/","name":"El 13 de novembre fem sentir la nostra veu! - \u00d2mnium Cultural","isPartOf":{"@id":"https:\/\/www.omnium.cat\/ca\/#website"},"primaryImageOfPage":{"@id":"https:\/\/www.omnium.cat\/ca\/el-13-de-novembre-fem-sentir-la-nostra-veu\/#primaryimage"},"image":{"@id":"https:\/\/www.omnium.cat\/ca\/el-13-de-novembre-fem-sentir-la-nostra-veu\/#primaryimage"},"thumbnailUrl":"https:\/\/cdn.omnium.cat\/wp-content\/uploads\/2016\/11\/01103304\/democracia-postal-fb.jpg","datePublished":"2016-11-03T10:52:08+00:00","breadcrumb":{"@id":"https:\/\/www.omnium.cat\/ca\/el-13-de-novembre-fem-sentir-la-nostra-veu\/#breadcrumb"},"inLanguage":"ca","potentialAction":[{"@type":"ReadAction","target":["https:\/\/www.omnium.cat\/ca\/el-13-de-novembre-fem-sentir-la-nostra-veu\/"]}]},{"@type":"ImageObject","inLanguage":"ca","@id":"https:\/\/www.omnium.cat\/ca\/el-13-de-novembre-fem-sentir-la-nostra-veu\/#primaryimage","url":"https:\/\/cdn.omnium.cat\/wp-content\/uploads\/2016\/11\/01103304\/democracia-postal-fb.jpg","contentUrl":"https:\/\/cdn.omnium.cat\/wp-content\/uploads\/2016\/11\/01103304\/democracia-postal-fb.jpg","width":370,"height":370},{"@type":"BreadcrumbList","@id":"https:\/\/www.omnium.cat\/ca\/el-13-de-novembre-fem-sentir-la-nostra-veu\/#breadcrumb","itemListElement":[{"@type":"ListItem","position":1,"name":"Inici","item":"https:\/\/www.omnium.cat\/ca\/"},{"@type":"ListItem","position":2,"name":"El 13 de novembre fem sentir la nostra veu!"}]},{"@type":"WebSite","@id":"https:\/\/www.omnium.cat\/ca\/#website","url":"https:\/\/www.omnium.cat\/ca\/","name":"\u00d2mnium Cultural","description":"Llengua Cultura Pa\u00eds","publisher":{"@id":"https:\/\/www.omnium.cat\/ca\/#organization"},"potentialAction":[{"@type":"SearchAction","target":{"@type":"EntryPoint","urlTemplate":"https:\/\/www.omnium.cat\/ca\/?s={search_term_string}"},"query-input":{"@type":"PropertyValueSpecification","valueRequired":true,"valueName":"search_term_string"}}],"inLanguage":"ca"},{"@type":"Organization","@id":"https:\/\/www.omnium.cat\/ca\/#organization","name":"\u00d2mnium Cultural","url":"https:\/\/www.omnium.cat\/ca\/","logo":{"@type":"ImageObject","inLanguage":"ca","@id":"https:\/\/www.omnium.cat\/ca\/#\/schema\/logo\/image\/","url":"https:\/\/cdn.omnium.cat\/wp-content\/uploads\/2019\/06\/01112517\/cropped-omnium_logo-1.png","contentUrl":"https:\/\/cdn.omnium.cat\/wp-content\/uploads\/2019\/06\/01112517\/cropped-omnium_logo-1.png","width":1213,"height":262,"caption":"\u00d2mnium Cultural"},"image":{"@id":"https:\/\/www.omnium.cat\/ca\/#\/schema\/logo\/image\/"},"sameAs":["https:\/\/www.facebook.com\/omniumcultural","https:\/\/x.com\/omnium","https:\/\/www.instagram.com\/omniumcultural\/","https:\/\/www.youtube.com\/user\/omniumcultural"]},{"@type":"Person","@id":"https:\/\/www.omnium.cat\/ca\/#\/schema\/person\/19c06dfa9658fb5aa2aa7370a445142a","name":"Cora Muntane","image":{"@type":"ImageObject","inLanguage":"ca","@id":"https:\/\/secure.gravatar.com\/avatar\/23d570339f24f25feb21b3a1f85f354892e9fece2fd31accc9fc81448c28a69b?s=96&d=mm&r=g","url":"https:\/\/secure.gravatar.com\/avatar\/23d570339f24f25feb21b3a1f85f354892e9fece2fd31accc9fc81448c28a69b?s=96&d=mm&r=g","contentUrl":"https:\/\/secure.gravatar.com\/avatar\/23d570339f24f25feb21b3a1f85f354892e9fece2fd31accc9fc81448c28a69b?s=96&d=mm&r=g","caption":"Cora Muntane"}}]}},"_links":{"self":[{"href":"https:\/\/www.omnium.cat\/ca\/wp-json\/wp\/v2\/posts\/13569","targetHints":{"allow":["GET"]}}],"collection":[{"href":"https:\/\/www.omnium.cat\/ca\/wp-json\/wp\/v2\/posts"}],"about":[{"href":"https:\/\/www.omnium.cat\/ca\/wp-json\/wp\/v2\/types\/post"}],"author":[{"embeddable":true,"href":"https:\/\/www.omnium.cat\/ca\/wp-json\/wp\/v2\/users\/107"}],"replies":[{"embeddable":true,"href":"https:\/\/www.omnium.cat\/ca\/wp-json\/wp\/v2\/comments?post=13569"}],"version-history":[{"count":0,"href":"https:\/\/www.omnium.cat\/ca\/wp-json\/wp\/v2\/posts\/13569\/revisions"}],"wp:featuredmedia":[{"embeddable":true,"href":"https:\/\/www.omnium.cat\/ca\/wp-json\/wp\/v2\/media\/13570"}],"wp:attachment":[{"href":"https:\/\/www.omnium.cat\/ca\/wp-json\/wp\/v2\/media?parent=13569"}],"wp:term":[{"taxonomy":"category","embeddable":true,"href":"https:\/\/www.omnium.cat\/ca\/wp-json\/wp\/v2\/categories?post=13569"},{"taxonomy":"post_tag","embeddable":true,"href":"https:\/\/www.omnium.cat\/ca\/wp-json\/wp\/v2\/tags?post=13569"},{"taxonomy":"post_headquarter","embeddable":true,"href":"https:\/\/www.omnium.cat\/ca\/wp-json\/wp\/v2\/post_headquarter?post=13569"},{"taxonomy":"post_project","embeddable":true,"href":"https:\/\/www.omnium.cat\/ca\/wp-json\/wp\/v2\/post_project?post=13569"}],"curies":[{"name":"wp","href":"https:\/\/api.w.org\/{rel}","templated":true}]}}