{"id":13573,"date":"2016-11-03T17:38:37","date_gmt":"2016-11-03T15:38:37","guid":{"rendered":"http:\/\/omnium.whads.com\/vine-a-la-concentracio-per-la-democracia-defensem-les-nostres-institucions-des-de-figueres\/"},"modified":"2016-11-03T17:38:37","modified_gmt":"2016-11-03T15:38:37","slug":"vine-a-la-concentracio-per-la-democracia-defensem-les-nostres-institucions-des-de-figueres","status":"publish","type":"post","link":"https:\/\/www.omnium.cat\/ca\/vine-a-la-concentracio-per-la-democracia-defensem-les-nostres-institucions-des-de-figueres\/","title":{"rendered":"Vine a la concentraci\u00f3 &#8220;Per la democr\u00e0cia, defensem les nostres institucions&#8221; des de Figueres"},"content":{"rendered":"<div>\n\t\u00d2mniu Alt Empord\u00e0 i l&#8217;ANC Figueres us animen a venir el diumenge 13 de novembre a Barcelona des de Figueres. Els tiquets dels autocars costen 5 euros i es venen al local d&#8217;\u00d2mnium Alt Empord\u00e0 al carrer Pep Ventura, 8, 1r 2n de Figueres.<\/p>\n<p>\tEls horaris de venda s\u00f3n els dies 2, 3, 4, 9, 10 i 11 de novembre de 18 a 20 hores i el 5 de novembre de 10 a 12 h.&nbsp;<\/p><\/div>\n<div>\n\t&nbsp;<\/div>\n<div>\n\tPer reserves podeu trucar en aquest horari al 972 500 745.<\/div>\n<div>\n\t&nbsp;<\/div>\n","protected":false},"excerpt":{"rendered":"<p>Del 2 a l&#8217;11 de novembre es poden comprar els tiquets dels autocars des de Figueres. <\/p>\n","protected":false},"author":2,"featured_media":13574,"comment_status":"closed","ping_status":"open","sticky":false,"template":"","format":"standard","meta":{"_acf_changed":false,"footnotes":""},"categories":[1],"tags":[],"post_headquarter":[1753],"post_project":[],"class_list":["post-13573","post","type-post","status-publish","format-standard","has-post-thumbnail","hentry","category-uncategorized-ca","post_headquarter-alt-emporda"],"acf":[],"yoast_head":"<!-- This site is optimized with the Yoast SEO plugin v27.2 - https:\/\/yoast.com\/product\/yoast-seo-wordpress\/ -->\n<title>Vine a la concentraci\u00f3 &quot;Per la democr\u00e0cia, defensem les nostres institucions&quot; des de Figueres - \u00d2mnium Cultural<\/title>\n<meta name=\"robots\" content=\"index, follow, max-snippet:-1, max-image-preview:large, max-video-preview:-1\" \/>\n<link rel=\"canonical\" href=\"https:\/\/www.omnium.cat\/ca\/vine-a-la-concentracio-per-la-democracia-defensem-les-nostres-institucions-des-de-figueres\/\" \/>\n<meta name=\"twitter:label1\" content=\"Escrit per\" \/>\n\t<meta name=\"twitter:data1\" content=\"admin\" \/>\n<script type=\"application\/ld+json\" class=\"yoast-schema-graph\">{\"@context\":\"https:\/\/schema.org\",\"@graph\":[{\"@type\":\"Article\",\"@id\":\"https:\/\/www.omnium.cat\/ca\/vine-a-la-concentracio-per-la-democracia-defensem-les-nostres-institucions-des-de-figueres\/#article\",\"isPartOf\":{\"@id\":\"https:\/\/www.omnium.cat\/ca\/vine-a-la-concentracio-per-la-democracia-defensem-les-nostres-institucions-des-de-figueres\/\"},\"author\":{\"name\":\"admin\",\"@id\":\"https:\/\/www.omnium.cat\/ca\/#\/schema\/person\/560fd8a36c45a92767a115bcfa7b4b05\"},\"headline\":\"Vine a la concentraci\u00f3 &#8220;Per la democr\u00e0cia, defensem les nostres institucions&#8221; des de Figueres\",\"datePublished\":\"2016-11-03T15:38:37+00:00\",\"mainEntityOfPage\":{\"@id\":\"https:\/\/www.omnium.cat\/ca\/vine-a-la-concentracio-per-la-democracia-defensem-les-nostres-institucions-des-de-figueres\/\"},\"wordCount\":90,\"publisher\":{\"@id\":\"https:\/\/www.omnium.cat\/ca\/#organization\"},\"image\":{\"@id\":\"https:\/\/www.omnium.cat\/ca\/vine-a-la-concentracio-per-la-democracia-defensem-les-nostres-institucions-des-de-figueres\/#primaryimage\"},\"thumbnailUrl\":\"https:\/\/cdn.omnium.cat\/wp-content\/uploads\/2016\/11\/01103303\/img2.jpg\",\"articleSection\":[\"Uncategorized @oc\"],\"inLanguage\":\"ca\"},{\"@type\":\"WebPage\",\"@id\":\"https:\/\/www.omnium.cat\/ca\/vine-a-la-concentracio-per-la-democracia-defensem-les-nostres-institucions-des-de-figueres\/\",\"url\":\"https:\/\/www.omnium.cat\/ca\/vine-a-la-concentracio-per-la-democracia-defensem-les-nostres-institucions-des-de-figueres\/\",\"name\":\"Vine a la concentraci\u00f3 \\\"Per la democr\u00e0cia, defensem les nostres institucions\\\" des de Figueres - \u00d2mnium Cultural\",\"isPartOf\":{\"@id\":\"https:\/\/www.omnium.cat\/ca\/#website\"},\"primaryImageOfPage\":{\"@id\":\"https:\/\/www.omnium.cat\/ca\/vine-a-la-concentracio-per-la-democracia-defensem-les-nostres-institucions-des-de-figueres\/#primaryimage\"},\"image\":{\"@id\":\"https:\/\/www.omnium.cat\/ca\/vine-a-la-concentracio-per-la-democracia-defensem-les-nostres-institucions-des-de-figueres\/#primaryimage\"},\"thumbnailUrl\":\"https:\/\/cdn.omnium.cat\/wp-content\/uploads\/2016\/11\/01103303\/img2.jpg\",\"datePublished\":\"2016-11-03T15:38:37+00:00\",\"breadcrumb\":{\"@id\":\"https:\/\/www.omnium.cat\/ca\/vine-a-la-concentracio-per-la-democracia-defensem-les-nostres-institucions-des-de-figueres\/#breadcrumb\"},\"inLanguage\":\"ca\",\"potentialAction\":[{\"@type\":\"ReadAction\",\"target\":[\"https:\/\/www.omnium.cat\/ca\/vine-a-la-concentracio-per-la-democracia-defensem-les-nostres-institucions-des-de-figueres\/\"]}]},{\"@type\":\"ImageObject\",\"inLanguage\":\"ca\",\"@id\":\"https:\/\/www.omnium.cat\/ca\/vine-a-la-concentracio-per-la-democracia-defensem-les-nostres-institucions-des-de-figueres\/#primaryimage\",\"url\":\"https:\/\/cdn.omnium.cat\/wp-content\/uploads\/2016\/11\/01103303\/img2.jpg\",\"contentUrl\":\"https:\/\/cdn.omnium.cat\/wp-content\/uploads\/2016\/11\/01103303\/img2.jpg\",\"width\":600,\"height\":300},{\"@type\":\"BreadcrumbList\",\"@id\":\"https:\/\/www.omnium.cat\/ca\/vine-a-la-concentracio-per-la-democracia-defensem-les-nostres-institucions-des-de-figueres\/#breadcrumb\",\"itemListElement\":[{\"@type\":\"ListItem\",\"position\":1,\"name\":\"Inici\",\"item\":\"https:\/\/www.omnium.cat\/ca\/\"},{\"@type\":\"ListItem\",\"position\":2,\"name\":\"Vine a la concentraci\u00f3 &#8220;Per la democr\u00e0cia, defensem les nostres institucions&#8221; des de Figueres\"}]},{\"@type\":\"WebSite\",\"@id\":\"https:\/\/www.omnium.cat\/ca\/#website\",\"url\":\"https:\/\/www.omnium.cat\/ca\/\",\"name\":\"\u00d2mnium Cultural\",\"description\":\"Llengua Cultura Pa\u00eds\",\"publisher\":{\"@id\":\"https:\/\/www.omnium.cat\/ca\/#organization\"},\"potentialAction\":[{\"@type\":\"SearchAction\",\"target\":{\"@type\":\"EntryPoint\",\"urlTemplate\":\"https:\/\/www.omnium.cat\/ca\/?s={search_term_string}\"},\"query-input\":{\"@type\":\"PropertyValueSpecification\",\"valueRequired\":true,\"valueName\":\"search_term_string\"}}],\"inLanguage\":\"ca\"},{\"@type\":\"Organization\",\"@id\":\"https:\/\/www.omnium.cat\/ca\/#organization\",\"name\":\"\u00d2mnium Cultural\",\"url\":\"https:\/\/www.omnium.cat\/ca\/\",\"logo\":{\"@type\":\"ImageObject\",\"inLanguage\":\"ca\",\"@id\":\"https:\/\/www.omnium.cat\/ca\/#\/schema\/logo\/image\/\",\"url\":\"https:\/\/cdn.omnium.cat\/wp-content\/uploads\/2019\/06\/01112517\/cropped-omnium_logo-1.png\",\"contentUrl\":\"https:\/\/cdn.omnium.cat\/wp-content\/uploads\/2019\/06\/01112517\/cropped-omnium_logo-1.png\",\"width\":1213,\"height\":262,\"caption\":\"\u00d2mnium Cultural\"},\"image\":{\"@id\":\"https:\/\/www.omnium.cat\/ca\/#\/schema\/logo\/image\/\"},\"sameAs\":[\"https:\/\/www.facebook.com\/omniumcultural\",\"https:\/\/x.com\/omnium\",\"https:\/\/www.instagram.com\/omniumcultural\/\",\"https:\/\/www.youtube.com\/user\/omniumcultural\"]},{\"@type\":\"Person\",\"@id\":\"https:\/\/www.omnium.cat\/ca\/#\/schema\/person\/560fd8a36c45a92767a115bcfa7b4b05\",\"name\":\"admin\",\"image\":{\"@type\":\"ImageObject\",\"inLanguage\":\"ca\",\"@id\":\"https:\/\/secure.gravatar.com\/avatar\/0a04011d6cfe3707197cf2eebfea142dd3bf3972b74a19d934706cc1f840615b?s=96&d=mm&r=g\",\"url\":\"https:\/\/secure.gravatar.com\/avatar\/0a04011d6cfe3707197cf2eebfea142dd3bf3972b74a19d934706cc1f840615b?s=96&d=mm&r=g\",\"contentUrl\":\"https:\/\/secure.gravatar.com\/avatar\/0a04011d6cfe3707197cf2eebfea142dd3bf3972b74a19d934706cc1f840615b?s=96&d=mm&r=g\",\"caption\":\"admin\"}}]}<\/script>\n<!-- \/ Yoast SEO plugin. -->","yoast_head_json":{"title":"Vine a la concentraci\u00f3 \"Per la democr\u00e0cia, defensem les nostres institucions\" des de Figueres - \u00d2mnium Cultural","robots":{"index":"index","follow":"follow","max-snippet":"max-snippet:-1","max-image-preview":"max-image-preview:large","max-video-preview":"max-video-preview:-1"},"canonical":"https:\/\/www.omnium.cat\/ca\/vine-a-la-concentracio-per-la-democracia-defensem-les-nostres-institucions-des-de-figueres\/","twitter_misc":{"Escrit per":"admin"},"schema":{"@context":"https:\/\/schema.org","@graph":[{"@type":"Article","@id":"https:\/\/www.omnium.cat\/ca\/vine-a-la-concentracio-per-la-democracia-defensem-les-nostres-institucions-des-de-figueres\/#article","isPartOf":{"@id":"https:\/\/www.omnium.cat\/ca\/vine-a-la-concentracio-per-la-democracia-defensem-les-nostres-institucions-des-de-figueres\/"},"author":{"name":"admin","@id":"https:\/\/www.omnium.cat\/ca\/#\/schema\/person\/560fd8a36c45a92767a115bcfa7b4b05"},"headline":"Vine a la concentraci\u00f3 &#8220;Per la democr\u00e0cia, defensem les nostres institucions&#8221; des de Figueres","datePublished":"2016-11-03T15:38:37+00:00","mainEntityOfPage":{"@id":"https:\/\/www.omnium.cat\/ca\/vine-a-la-concentracio-per-la-democracia-defensem-les-nostres-institucions-des-de-figueres\/"},"wordCount":90,"publisher":{"@id":"https:\/\/www.omnium.cat\/ca\/#organization"},"image":{"@id":"https:\/\/www.omnium.cat\/ca\/vine-a-la-concentracio-per-la-democracia-defensem-les-nostres-institucions-des-de-figueres\/#primaryimage"},"thumbnailUrl":"https:\/\/cdn.omnium.cat\/wp-content\/uploads\/2016\/11\/01103303\/img2.jpg","articleSection":["Uncategorized @oc"],"inLanguage":"ca"},{"@type":"WebPage","@id":"https:\/\/www.omnium.cat\/ca\/vine-a-la-concentracio-per-la-democracia-defensem-les-nostres-institucions-des-de-figueres\/","url":"https:\/\/www.omnium.cat\/ca\/vine-a-la-concentracio-per-la-democracia-defensem-les-nostres-institucions-des-de-figueres\/","name":"Vine a la concentraci\u00f3 \"Per la democr\u00e0cia, defensem les nostres institucions\" des de Figueres - \u00d2mnium Cultural","isPartOf":{"@id":"https:\/\/www.omnium.cat\/ca\/#website"},"primaryImageOfPage":{"@id":"https:\/\/www.omnium.cat\/ca\/vine-a-la-concentracio-per-la-democracia-defensem-les-nostres-institucions-des-de-figueres\/#primaryimage"},"image":{"@id":"https:\/\/www.omnium.cat\/ca\/vine-a-la-concentracio-per-la-democracia-defensem-les-nostres-institucions-des-de-figueres\/#primaryimage"},"thumbnailUrl":"https:\/\/cdn.omnium.cat\/wp-content\/uploads\/2016\/11\/01103303\/img2.jpg","datePublished":"2016-11-03T15:38:37+00:00","breadcrumb":{"@id":"https:\/\/www.omnium.cat\/ca\/vine-a-la-concentracio-per-la-democracia-defensem-les-nostres-institucions-des-de-figueres\/#breadcrumb"},"inLanguage":"ca","potentialAction":[{"@type":"ReadAction","target":["https:\/\/www.omnium.cat\/ca\/vine-a-la-concentracio-per-la-democracia-defensem-les-nostres-institucions-des-de-figueres\/"]}]},{"@type":"ImageObject","inLanguage":"ca","@id":"https:\/\/www.omnium.cat\/ca\/vine-a-la-concentracio-per-la-democracia-defensem-les-nostres-institucions-des-de-figueres\/#primaryimage","url":"https:\/\/cdn.omnium.cat\/wp-content\/uploads\/2016\/11\/01103303\/img2.jpg","contentUrl":"https:\/\/cdn.omnium.cat\/wp-content\/uploads\/2016\/11\/01103303\/img2.jpg","width":600,"height":300},{"@type":"BreadcrumbList","@id":"https:\/\/www.omnium.cat\/ca\/vine-a-la-concentracio-per-la-democracia-defensem-les-nostres-institucions-des-de-figueres\/#breadcrumb","itemListElement":[{"@type":"ListItem","position":1,"name":"Inici","item":"https:\/\/www.omnium.cat\/ca\/"},{"@type":"ListItem","position":2,"name":"Vine a la concentraci\u00f3 &#8220;Per la democr\u00e0cia, defensem les nostres institucions&#8221; des de Figueres"}]},{"@type":"WebSite","@id":"https:\/\/www.omnium.cat\/ca\/#website","url":"https:\/\/www.omnium.cat\/ca\/","name":"\u00d2mnium Cultural","description":"Llengua Cultura Pa\u00eds","publisher":{"@id":"https:\/\/www.omnium.cat\/ca\/#organization"},"potentialAction":[{"@type":"SearchAction","target":{"@type":"EntryPoint","urlTemplate":"https:\/\/www.omnium.cat\/ca\/?s={search_term_string}"},"query-input":{"@type":"PropertyValueSpecification","valueRequired":true,"valueName":"search_term_string"}}],"inLanguage":"ca"},{"@type":"Organization","@id":"https:\/\/www.omnium.cat\/ca\/#organization","name":"\u00d2mnium Cultural","url":"https:\/\/www.omnium.cat\/ca\/","logo":{"@type":"ImageObject","inLanguage":"ca","@id":"https:\/\/www.omnium.cat\/ca\/#\/schema\/logo\/image\/","url":"https:\/\/cdn.omnium.cat\/wp-content\/uploads\/2019\/06\/01112517\/cropped-omnium_logo-1.png","contentUrl":"https:\/\/cdn.omnium.cat\/wp-content\/uploads\/2019\/06\/01112517\/cropped-omnium_logo-1.png","width":1213,"height":262,"caption":"\u00d2mnium Cultural"},"image":{"@id":"https:\/\/www.omnium.cat\/ca\/#\/schema\/logo\/image\/"},"sameAs":["https:\/\/www.facebook.com\/omniumcultural","https:\/\/x.com\/omnium","https:\/\/www.instagram.com\/omniumcultural\/","https:\/\/www.youtube.com\/user\/omniumcultural"]},{"@type":"Person","@id":"https:\/\/www.omnium.cat\/ca\/#\/schema\/person\/560fd8a36c45a92767a115bcfa7b4b05","name":"admin","image":{"@type":"ImageObject","inLanguage":"ca","@id":"https:\/\/secure.gravatar.com\/avatar\/0a04011d6cfe3707197cf2eebfea142dd3bf3972b74a19d934706cc1f840615b?s=96&d=mm&r=g","url":"https:\/\/secure.gravatar.com\/avatar\/0a04011d6cfe3707197cf2eebfea142dd3bf3972b74a19d934706cc1f840615b?s=96&d=mm&r=g","contentUrl":"https:\/\/secure.gravatar.com\/avatar\/0a04011d6cfe3707197cf2eebfea142dd3bf3972b74a19d934706cc1f840615b?s=96&d=mm&r=g","caption":"admin"}}]}},"_links":{"self":[{"href":"https:\/\/www.omnium.cat\/ca\/wp-json\/wp\/v2\/posts\/13573","targetHints":{"allow":["GET"]}}],"collection":[{"href":"https:\/\/www.omnium.cat\/ca\/wp-json\/wp\/v2\/posts"}],"about":[{"href":"https:\/\/www.omnium.cat\/ca\/wp-json\/wp\/v2\/types\/post"}],"author":[{"embeddable":true,"href":"https:\/\/www.omnium.cat\/ca\/wp-json\/wp\/v2\/users\/2"}],"replies":[{"embeddable":true,"href":"https:\/\/www.omnium.cat\/ca\/wp-json\/wp\/v2\/comments?post=13573"}],"version-history":[{"count":0,"href":"https:\/\/www.omnium.cat\/ca\/wp-json\/wp\/v2\/posts\/13573\/revisions"}],"wp:featuredmedia":[{"embeddable":true,"href":"https:\/\/www.omnium.cat\/ca\/wp-json\/wp\/v2\/media\/13574"}],"wp:attachment":[{"href":"https:\/\/www.omnium.cat\/ca\/wp-json\/wp\/v2\/media?parent=13573"}],"wp:term":[{"taxonomy":"category","embeddable":true,"href":"https:\/\/www.omnium.cat\/ca\/wp-json\/wp\/v2\/categories?post=13573"},{"taxonomy":"post_tag","embeddable":true,"href":"https:\/\/www.omnium.cat\/ca\/wp-json\/wp\/v2\/tags?post=13573"},{"taxonomy":"post_headquarter","embeddable":true,"href":"https:\/\/www.omnium.cat\/ca\/wp-json\/wp\/v2\/post_headquarter?post=13573"},{"taxonomy":"post_project","embeddable":true,"href":"https:\/\/www.omnium.cat\/ca\/wp-json\/wp\/v2\/post_project?post=13573"}],"curies":[{"name":"wp","href":"https:\/\/api.w.org\/{rel}","templated":true}]}}