{"id":13629,"date":"2016-11-09T14:04:19","date_gmt":"2016-11-09T12:04:19","guid":{"rendered":"http:\/\/omnium.whads.com\/14a-diada-sardanista\/"},"modified":"2016-11-09T14:04:19","modified_gmt":"2016-11-09T12:04:19","slug":"14a-diada-sardanista","status":"publish","type":"post","link":"https:\/\/www.omnium.cat\/ca\/14a-diada-sardanista\/","title":{"rendered":"14a Diada Sardanista"},"content":{"rendered":"<p>\nEl diumenge 13 de novembre a les 11.30 h a la pla\u00e7a de Catalunya tindr\u00e0 lloc l\u2019audici\u00f3 de sardanes, que anir\u00e0 a c\u00e0rrec de la cobla Ciutat de Girona. I el diumenge 20 de novembre a les 18.30 h al Teatre Municipal La Sala, se celebrar\u00e0 el concert de sardanes i m\u00fasica per a cobla, amb la participaci\u00f3 musical de la cobla Mediterr\u00e0nia. L&#8217;entrada tindr\u00e0 un cost de 6 \u20ac.&nbsp;<\/p>\n<p>La propera audici\u00f3 de sardanes tindr\u00e0 lloc el diumenge 27 de novembre a les 11.30 h a la pla\u00e7a Catalunya amb la cobla Ciutat de Girona.&nbsp;<\/p>\n<p>&nbsp;<\/p>\n<p>Trobareu m\u00e9s informaci\u00f3 al <a href=\"https:\/\/fomentdelasardanaderubi.wordpress.com\/\" target=\"_blank\">web del Foment de la Sardana de Rub\u00ed<\/a>.<\/p>\n<p>Us animem a participar-hi! <\/p>\n","protected":false},"excerpt":{"rendered":"<p>Un any m\u00e9s el Foment de la Sardana de Rub\u00ed organitza la catorzena Diada Sardanista que enguany se celebrar\u00e0 en dos dies: el 13 i el 20 de novembre<\/p>\n","protected":false},"author":93,"featured_media":13630,"comment_status":"closed","ping_status":"open","sticky":false,"template":"","format":"standard","meta":{"_acf_changed":false,"footnotes":""},"categories":[1],"tags":[1295,1296,772,1294],"post_headquarter":[1769],"post_project":[],"class_list":["post-13629","post","type-post","status-publish","format-standard","has-post-thumbnail","hentry","category-uncategorized-ca","tag-audicio-de-sardanes","tag-cobla-ciutat-girona","tag-rubi","tag-sardanes","post_headquarter-rubi"],"acf":[],"yoast_head":"<!-- This site is optimized with the Yoast SEO plugin v27.2 - https:\/\/yoast.com\/product\/yoast-seo-wordpress\/ -->\n<title>14a Diada Sardanista - \u00d2mnium Cultural<\/title>\n<meta name=\"robots\" content=\"index, follow, max-snippet:-1, max-image-preview:large, max-video-preview:-1\" \/>\n<link rel=\"canonical\" href=\"https:\/\/www.omnium.cat\/ca\/14a-diada-sardanista\/\" \/>\n<meta name=\"twitter:label1\" content=\"Escrit per\" \/>\n\t<meta name=\"twitter:data1\" content=\"Txell Canals\" \/>\n\t<meta name=\"twitter:label2\" content=\"Temps estimat de lectura\" \/>\n\t<meta name=\"twitter:data2\" content=\"1 minut\" \/>\n<script type=\"application\/ld+json\" class=\"yoast-schema-graph\">{\"@context\":\"https:\/\/schema.org\",\"@graph\":[{\"@type\":\"Article\",\"@id\":\"https:\/\/www.omnium.cat\/ca\/14a-diada-sardanista\/#article\",\"isPartOf\":{\"@id\":\"https:\/\/www.omnium.cat\/ca\/14a-diada-sardanista\/\"},\"author\":{\"name\":\"Txell Canals\",\"@id\":\"https:\/\/www.omnium.cat\/ca\/#\/schema\/person\/5daf190a8847aa3e32bfa75f23bc9229\"},\"headline\":\"14a Diada Sardanista\",\"datePublished\":\"2016-11-09T12:04:19+00:00\",\"mainEntityOfPage\":{\"@id\":\"https:\/\/www.omnium.cat\/ca\/14a-diada-sardanista\/\"},\"wordCount\":118,\"publisher\":{\"@id\":\"https:\/\/www.omnium.cat\/ca\/#organization\"},\"image\":{\"@id\":\"https:\/\/www.omnium.cat\/ca\/14a-diada-sardanista\/#primaryimage\"},\"thumbnailUrl\":\"https:\/\/cdn.omnium.cat\/wp-content\/uploads\/2016\/11\/01103239\/sardanes.png\",\"keywords\":[\"audici\u00f3 de sardanes\",\"cobla ciutat girona\",\"rub\u00ed\",\"Sardanes\"],\"articleSection\":[\"Uncategorized @oc\"],\"inLanguage\":\"ca\"},{\"@type\":\"WebPage\",\"@id\":\"https:\/\/www.omnium.cat\/ca\/14a-diada-sardanista\/\",\"url\":\"https:\/\/www.omnium.cat\/ca\/14a-diada-sardanista\/\",\"name\":\"14a Diada Sardanista - \u00d2mnium Cultural\",\"isPartOf\":{\"@id\":\"https:\/\/www.omnium.cat\/ca\/#website\"},\"primaryImageOfPage\":{\"@id\":\"https:\/\/www.omnium.cat\/ca\/14a-diada-sardanista\/#primaryimage\"},\"image\":{\"@id\":\"https:\/\/www.omnium.cat\/ca\/14a-diada-sardanista\/#primaryimage\"},\"thumbnailUrl\":\"https:\/\/cdn.omnium.cat\/wp-content\/uploads\/2016\/11\/01103239\/sardanes.png\",\"datePublished\":\"2016-11-09T12:04:19+00:00\",\"breadcrumb\":{\"@id\":\"https:\/\/www.omnium.cat\/ca\/14a-diada-sardanista\/#breadcrumb\"},\"inLanguage\":\"ca\",\"potentialAction\":[{\"@type\":\"ReadAction\",\"target\":[\"https:\/\/www.omnium.cat\/ca\/14a-diada-sardanista\/\"]}]},{\"@type\":\"ImageObject\",\"inLanguage\":\"ca\",\"@id\":\"https:\/\/www.omnium.cat\/ca\/14a-diada-sardanista\/#primaryimage\",\"url\":\"https:\/\/cdn.omnium.cat\/wp-content\/uploads\/2016\/11\/01103239\/sardanes.png\",\"contentUrl\":\"https:\/\/cdn.omnium.cat\/wp-content\/uploads\/2016\/11\/01103239\/sardanes.png\",\"width\":650,\"height\":358},{\"@type\":\"BreadcrumbList\",\"@id\":\"https:\/\/www.omnium.cat\/ca\/14a-diada-sardanista\/#breadcrumb\",\"itemListElement\":[{\"@type\":\"ListItem\",\"position\":1,\"name\":\"Inici\",\"item\":\"https:\/\/www.omnium.cat\/ca\/\"},{\"@type\":\"ListItem\",\"position\":2,\"name\":\"14a Diada Sardanista\"}]},{\"@type\":\"WebSite\",\"@id\":\"https:\/\/www.omnium.cat\/ca\/#website\",\"url\":\"https:\/\/www.omnium.cat\/ca\/\",\"name\":\"\u00d2mnium Cultural\",\"description\":\"Llengua Cultura Pa\u00eds\",\"publisher\":{\"@id\":\"https:\/\/www.omnium.cat\/ca\/#organization\"},\"potentialAction\":[{\"@type\":\"SearchAction\",\"target\":{\"@type\":\"EntryPoint\",\"urlTemplate\":\"https:\/\/www.omnium.cat\/ca\/?s={search_term_string}\"},\"query-input\":{\"@type\":\"PropertyValueSpecification\",\"valueRequired\":true,\"valueName\":\"search_term_string\"}}],\"inLanguage\":\"ca\"},{\"@type\":\"Organization\",\"@id\":\"https:\/\/www.omnium.cat\/ca\/#organization\",\"name\":\"\u00d2mnium Cultural\",\"url\":\"https:\/\/www.omnium.cat\/ca\/\",\"logo\":{\"@type\":\"ImageObject\",\"inLanguage\":\"ca\",\"@id\":\"https:\/\/www.omnium.cat\/ca\/#\/schema\/logo\/image\/\",\"url\":\"https:\/\/cdn.omnium.cat\/wp-content\/uploads\/2019\/06\/01112517\/cropped-omnium_logo-1.png\",\"contentUrl\":\"https:\/\/cdn.omnium.cat\/wp-content\/uploads\/2019\/06\/01112517\/cropped-omnium_logo-1.png\",\"width\":1213,\"height\":262,\"caption\":\"\u00d2mnium Cultural\"},\"image\":{\"@id\":\"https:\/\/www.omnium.cat\/ca\/#\/schema\/logo\/image\/\"},\"sameAs\":[\"https:\/\/www.facebook.com\/omniumcultural\",\"https:\/\/x.com\/omnium\",\"https:\/\/www.instagram.com\/omniumcultural\/\",\"https:\/\/www.youtube.com\/user\/omniumcultural\"]},{\"@type\":\"Person\",\"@id\":\"https:\/\/www.omnium.cat\/ca\/#\/schema\/person\/5daf190a8847aa3e32bfa75f23bc9229\",\"name\":\"Txell Canals\",\"image\":{\"@type\":\"ImageObject\",\"inLanguage\":\"ca\",\"@id\":\"https:\/\/secure.gravatar.com\/avatar\/6446e99a10e40c10c8dcc3a2fe045cd93badf685a48764ca9fc16f8caddbfac5?s=96&d=mm&r=g\",\"url\":\"https:\/\/secure.gravatar.com\/avatar\/6446e99a10e40c10c8dcc3a2fe045cd93badf685a48764ca9fc16f8caddbfac5?s=96&d=mm&r=g\",\"contentUrl\":\"https:\/\/secure.gravatar.com\/avatar\/6446e99a10e40c10c8dcc3a2fe045cd93badf685a48764ca9fc16f8caddbfac5?s=96&d=mm&r=g\",\"caption\":\"Txell Canals\"}}]}<\/script>\n<!-- \/ Yoast SEO plugin. -->","yoast_head_json":{"title":"14a Diada Sardanista - \u00d2mnium Cultural","robots":{"index":"index","follow":"follow","max-snippet":"max-snippet:-1","max-image-preview":"max-image-preview:large","max-video-preview":"max-video-preview:-1"},"canonical":"https:\/\/www.omnium.cat\/ca\/14a-diada-sardanista\/","twitter_misc":{"Escrit per":"Txell Canals","Temps estimat de lectura":"1 minut"},"schema":{"@context":"https:\/\/schema.org","@graph":[{"@type":"Article","@id":"https:\/\/www.omnium.cat\/ca\/14a-diada-sardanista\/#article","isPartOf":{"@id":"https:\/\/www.omnium.cat\/ca\/14a-diada-sardanista\/"},"author":{"name":"Txell Canals","@id":"https:\/\/www.omnium.cat\/ca\/#\/schema\/person\/5daf190a8847aa3e32bfa75f23bc9229"},"headline":"14a Diada Sardanista","datePublished":"2016-11-09T12:04:19+00:00","mainEntityOfPage":{"@id":"https:\/\/www.omnium.cat\/ca\/14a-diada-sardanista\/"},"wordCount":118,"publisher":{"@id":"https:\/\/www.omnium.cat\/ca\/#organization"},"image":{"@id":"https:\/\/www.omnium.cat\/ca\/14a-diada-sardanista\/#primaryimage"},"thumbnailUrl":"https:\/\/cdn.omnium.cat\/wp-content\/uploads\/2016\/11\/01103239\/sardanes.png","keywords":["audici\u00f3 de sardanes","cobla ciutat girona","rub\u00ed","Sardanes"],"articleSection":["Uncategorized @oc"],"inLanguage":"ca"},{"@type":"WebPage","@id":"https:\/\/www.omnium.cat\/ca\/14a-diada-sardanista\/","url":"https:\/\/www.omnium.cat\/ca\/14a-diada-sardanista\/","name":"14a Diada Sardanista - \u00d2mnium Cultural","isPartOf":{"@id":"https:\/\/www.omnium.cat\/ca\/#website"},"primaryImageOfPage":{"@id":"https:\/\/www.omnium.cat\/ca\/14a-diada-sardanista\/#primaryimage"},"image":{"@id":"https:\/\/www.omnium.cat\/ca\/14a-diada-sardanista\/#primaryimage"},"thumbnailUrl":"https:\/\/cdn.omnium.cat\/wp-content\/uploads\/2016\/11\/01103239\/sardanes.png","datePublished":"2016-11-09T12:04:19+00:00","breadcrumb":{"@id":"https:\/\/www.omnium.cat\/ca\/14a-diada-sardanista\/#breadcrumb"},"inLanguage":"ca","potentialAction":[{"@type":"ReadAction","target":["https:\/\/www.omnium.cat\/ca\/14a-diada-sardanista\/"]}]},{"@type":"ImageObject","inLanguage":"ca","@id":"https:\/\/www.omnium.cat\/ca\/14a-diada-sardanista\/#primaryimage","url":"https:\/\/cdn.omnium.cat\/wp-content\/uploads\/2016\/11\/01103239\/sardanes.png","contentUrl":"https:\/\/cdn.omnium.cat\/wp-content\/uploads\/2016\/11\/01103239\/sardanes.png","width":650,"height":358},{"@type":"BreadcrumbList","@id":"https:\/\/www.omnium.cat\/ca\/14a-diada-sardanista\/#breadcrumb","itemListElement":[{"@type":"ListItem","position":1,"name":"Inici","item":"https:\/\/www.omnium.cat\/ca\/"},{"@type":"ListItem","position":2,"name":"14a Diada Sardanista"}]},{"@type":"WebSite","@id":"https:\/\/www.omnium.cat\/ca\/#website","url":"https:\/\/www.omnium.cat\/ca\/","name":"\u00d2mnium Cultural","description":"Llengua Cultura Pa\u00eds","publisher":{"@id":"https:\/\/www.omnium.cat\/ca\/#organization"},"potentialAction":[{"@type":"SearchAction","target":{"@type":"EntryPoint","urlTemplate":"https:\/\/www.omnium.cat\/ca\/?s={search_term_string}"},"query-input":{"@type":"PropertyValueSpecification","valueRequired":true,"valueName":"search_term_string"}}],"inLanguage":"ca"},{"@type":"Organization","@id":"https:\/\/www.omnium.cat\/ca\/#organization","name":"\u00d2mnium Cultural","url":"https:\/\/www.omnium.cat\/ca\/","logo":{"@type":"ImageObject","inLanguage":"ca","@id":"https:\/\/www.omnium.cat\/ca\/#\/schema\/logo\/image\/","url":"https:\/\/cdn.omnium.cat\/wp-content\/uploads\/2019\/06\/01112517\/cropped-omnium_logo-1.png","contentUrl":"https:\/\/cdn.omnium.cat\/wp-content\/uploads\/2019\/06\/01112517\/cropped-omnium_logo-1.png","width":1213,"height":262,"caption":"\u00d2mnium Cultural"},"image":{"@id":"https:\/\/www.omnium.cat\/ca\/#\/schema\/logo\/image\/"},"sameAs":["https:\/\/www.facebook.com\/omniumcultural","https:\/\/x.com\/omnium","https:\/\/www.instagram.com\/omniumcultural\/","https:\/\/www.youtube.com\/user\/omniumcultural"]},{"@type":"Person","@id":"https:\/\/www.omnium.cat\/ca\/#\/schema\/person\/5daf190a8847aa3e32bfa75f23bc9229","name":"Txell Canals","image":{"@type":"ImageObject","inLanguage":"ca","@id":"https:\/\/secure.gravatar.com\/avatar\/6446e99a10e40c10c8dcc3a2fe045cd93badf685a48764ca9fc16f8caddbfac5?s=96&d=mm&r=g","url":"https:\/\/secure.gravatar.com\/avatar\/6446e99a10e40c10c8dcc3a2fe045cd93badf685a48764ca9fc16f8caddbfac5?s=96&d=mm&r=g","contentUrl":"https:\/\/secure.gravatar.com\/avatar\/6446e99a10e40c10c8dcc3a2fe045cd93badf685a48764ca9fc16f8caddbfac5?s=96&d=mm&r=g","caption":"Txell Canals"}}]}},"_links":{"self":[{"href":"https:\/\/www.omnium.cat\/ca\/wp-json\/wp\/v2\/posts\/13629","targetHints":{"allow":["GET"]}}],"collection":[{"href":"https:\/\/www.omnium.cat\/ca\/wp-json\/wp\/v2\/posts"}],"about":[{"href":"https:\/\/www.omnium.cat\/ca\/wp-json\/wp\/v2\/types\/post"}],"author":[{"embeddable":true,"href":"https:\/\/www.omnium.cat\/ca\/wp-json\/wp\/v2\/users\/93"}],"replies":[{"embeddable":true,"href":"https:\/\/www.omnium.cat\/ca\/wp-json\/wp\/v2\/comments?post=13629"}],"version-history":[{"count":0,"href":"https:\/\/www.omnium.cat\/ca\/wp-json\/wp\/v2\/posts\/13629\/revisions"}],"wp:featuredmedia":[{"embeddable":true,"href":"https:\/\/www.omnium.cat\/ca\/wp-json\/wp\/v2\/media\/13630"}],"wp:attachment":[{"href":"https:\/\/www.omnium.cat\/ca\/wp-json\/wp\/v2\/media?parent=13629"}],"wp:term":[{"taxonomy":"category","embeddable":true,"href":"https:\/\/www.omnium.cat\/ca\/wp-json\/wp\/v2\/categories?post=13629"},{"taxonomy":"post_tag","embeddable":true,"href":"https:\/\/www.omnium.cat\/ca\/wp-json\/wp\/v2\/tags?post=13629"},{"taxonomy":"post_headquarter","embeddable":true,"href":"https:\/\/www.omnium.cat\/ca\/wp-json\/wp\/v2\/post_headquarter?post=13629"},{"taxonomy":"post_project","embeddable":true,"href":"https:\/\/www.omnium.cat\/ca\/wp-json\/wp\/v2\/post_project?post=13629"}],"curies":[{"name":"wp","href":"https:\/\/api.w.org\/{rel}","templated":true}]}}