{"id":13633,"date":"2016-11-10T19:23:40","date_gmt":"2016-11-10T17:23:40","guid":{"rendered":"http:\/\/omnium.whads.com\/assemblea-general-ripolles\/"},"modified":"2016-11-10T19:23:40","modified_gmt":"2016-11-10T17:23:40","slug":"assemblea-general-ripolles","status":"publish","type":"post","link":"https:\/\/www.omnium.cat\/ca\/assemblea-general-ripolles\/","title":{"rendered":"Assemblea General Ripoll\u00e8s"},"content":{"rendered":"<p dir=\"ltr\" style=\"line-height:1.2;margin-top:0pt;margin-bottom:0pt;text-align: justify;\"><span id=\"docs-internal-guid-4165ceda-4f7a-bd66-e0f4-f1bd2a49970a\"><span style=\"font-size: 13.3333px; font-family: Verdana; color: rgb(0, 0, 0); background-color: transparent; font-weight: 700; vertical-align: baseline; white-space: pre-wrap;\">L&#8217;ASSEMBLEA GENERAL D\u2019\u00d2MNIUM RIPOLL\u00c8S i Xerrada de Roger Buch<\/span><\/span><\/p>\n<div dir=\"ltr\" style=\"line-height:1.2;margin-top:0pt;margin-bottom:0pt;text-align: justify;\">\n\t&nbsp;<\/div>\n<div dir=\"ltr\" style=\"line-height:1.2;margin-top:0pt;margin-bottom:0pt;text-align: justify;\">\n\t&nbsp;<\/div>\n<p dir=\"ltr\" style=\"line-height:1.2;margin-top:0pt;margin-bottom:0pt;margin-left: 35.4pt;text-align: justify;\"><span id=\"docs-internal-guid-4165ceda-4f7a-bd66-e0f4-f1bd2a49970a\"><span style=\"font-size: 13.3333px; font-family: Verdana; color: rgb(0, 0, 0); background-color: transparent; vertical-align: baseline; white-space: pre-wrap;\">Dia: <\/span><span style=\"font-size: 13.3333px; font-family: Verdana; color: rgb(0, 0, 0); background-color: transparent; font-weight: 700; vertical-align: baseline; white-space: pre-wrap;\">12 de novembre del 2016 <\/span><\/span><\/p>\n<p dir=\"ltr\" style=\"line-height:1.2;margin-top:0pt;margin-bottom:0pt;margin-left: 35.4pt;text-align: justify;\"><span id=\"docs-internal-guid-4165ceda-4f7a-bd66-e0f4-f1bd2a49970a\"><span style=\"font-size: 13.3333px; font-family: Verdana; color: rgb(0, 0, 0); background-color: transparent; vertical-align: baseline; white-space: pre-wrap;\">Lloc: Biblioteca Lambert Mata, <\/span><span style=\"font-size: 13.3333px; font-family: Verdana; color: rgb(0, 0, 0); background-color: transparent; font-weight: 700; vertical-align: baseline; white-space: pre-wrap;\">&nbsp;<\/span><span style=\"font-size: 13.3333px; font-family: Verdana; color: rgb(0, 0, 0); background-color: transparent; vertical-align: baseline; white-space: pre-wrap;\">C\/Vinyes, 1, Ripoll.<\/span><\/span><\/p>\n<p dir=\"ltr\" style=\"line-height:1.2;margin-top:0pt;margin-bottom:0pt;margin-left: 35.4pt;text-align: justify;\"><span id=\"docs-internal-guid-4165ceda-4f7a-bd66-e0f4-f1bd2a49970a\"><span style=\"font-size: 13.3333px; font-family: Verdana; color: rgb(0, 0, 0); background-color: transparent; vertical-align: baseline; white-space: pre-wrap;\">Horari: 17:30 Assemblea i <\/span><\/span><span style=\"background-color: transparent; font-size: 13.3333px; font-family: Verdana; color: rgb(0, 0, 0); vertical-align: baseline; white-space: pre-wrap;\">18:00h hi haur\u00e0 una xerrada a c\u00e0rrec de <\/span><span style=\"background-color: transparent; font-size: 13.3333px; font-family: Verdana; color: rgb(0, 0, 0); font-weight: 700; vertical-align: baseline; white-space: pre-wrap;\">Roger Buch<\/span><span style=\"background-color: transparent; font-size: 13.3333px; font-family: Verdana; color: rgb(0, 0, 0); vertical-align: baseline; white-space: pre-wrap;\"> <\/span><\/p>\n<div dir=\"ltr\" style=\"line-height:1.2;margin-top:0pt;margin-bottom:0pt;text-align: justify;\">\n\t&nbsp;<\/div>\n<div dir=\"ltr\" style=\"line-height:1.2;margin-top:0pt;margin-bottom:0pt;text-align: justify;\">\n\t&nbsp;<\/div>\n<p dir=\"ltr\" style=\"line-height:1.2;margin-top:0pt;margin-bottom:0pt;text-align: justify;\"><span id=\"docs-internal-guid-4165ceda-4f7a-bd66-e0f4-f1bd2a49970a\"><span style=\"font-size: 13.3333px; font-family: Verdana; color: rgb(0, 0, 0); background-color: transparent; font-weight: 700; vertical-align: baseline; white-space: pre-wrap;\">ORDRE DEL DIA<\/span><\/span><\/p>\n<div dir=\"ltr\" style=\"line-height:1.2;margin-top:0pt;margin-bottom:0pt;text-align: justify;\">\n\t&nbsp;<\/div>\n<div dir=\"ltr\" style=\"line-height:1.2;margin-top:0pt;margin-bottom:0pt;text-align: justify;\">\n\t&nbsp;<\/div>\n<p dir=\"ltr\" style=\"line-height:1.2;margin-top:0pt;margin-bottom:0pt;margin-left: 35.4pt;text-align: justify;\"><span id=\"docs-internal-guid-4165ceda-4f7a-bd66-e0f4-f1bd2a49970a\"><span style=\"font-size: 13.3333px; font-family: Verdana; color: rgb(0, 0, 0); background-color: transparent; vertical-align: baseline; white-space: pre-wrap;\">1) Lectura i aprovaci\u00f3, si escau, de l&#8217;acta de l&#8217;assemblea anterior<\/span><\/span><\/p>\n<p dir=\"ltr\" style=\"line-height:1.2;margin-top:0pt;margin-bottom:0pt;margin-left: 35.4pt;text-align: justify;\"><span id=\"docs-internal-guid-4165ceda-4f7a-bd66-e0f4-f1bd2a49970a\"><span style=\"font-size: 13.3333px; font-family: Verdana; color: rgb(0, 0, 0); background-color: transparent; vertical-align: baseline; white-space: pre-wrap;\">2) Mem\u00f2ria d\u2019activitats de l&#8217;any i estat de comptes i gesti\u00f3 de l&#8217;any 2016<\/span><\/span><\/p>\n<p dir=\"ltr\" style=\"line-height:1.2;margin-top:0pt;margin-bottom:0pt;margin-left: 35.4pt;text-align: justify;\"><span id=\"docs-internal-guid-4165ceda-4f7a-bd66-e0f4-f1bd2a49970a\"><span style=\"font-size: 13.3333px; font-family: Verdana; color: rgb(0, 0, 0); background-color: transparent; vertical-align: baseline; white-space: pre-wrap;\">4) Pla de Treball per al 2017<\/span><\/span><\/p>\n<p dir=\"ltr\" style=\"line-height:1.2;margin-top:0pt;margin-bottom:0pt;margin-left: 35.4pt;text-align: justify;\"><span id=\"docs-internal-guid-4165ceda-4f7a-bd66-e0f4-f1bd2a49970a\"><span style=\"font-size: 13.3333px; font-family: Verdana; color: rgb(0, 0, 0); background-color: transparent; vertical-align: baseline; white-space: pre-wrap;\">5) Pressupost per a l&#8217;exercici de 2017<\/span><\/span><\/p>\n<p dir=\"ltr\" style=\"line-height:1.2;margin-top:0pt;margin-bottom:0pt;margin-left: 35.4pt;text-align: justify;\"><span id=\"docs-internal-guid-4165ceda-4f7a-bd66-e0f4-f1bd2a49970a\"><span style=\"font-size: 13.3333px; font-family: Verdana; color: rgb(0, 0, 0); background-color: transparent; vertical-align: baseline; white-space: pre-wrap;\">6) Torn obert de paraula<\/span><\/span><\/p>\n<div dir=\"ltr\" style=\"line-height:1.2;margin-top:0pt;margin-bottom:0pt;margin-left: 35.4pt;text-align: justify;\">\n\t&nbsp;<\/div>\n<div dir=\"ltr\" style=\"line-height:1.2;margin-top:0pt;margin-bottom:0pt;\">\n\t&nbsp;<\/div>\n<div dir=\"ltr\" style=\"line-height:1.2;margin-top:0pt;margin-bottom:0pt;\">\n\t&nbsp;<\/div>\n<p dir=\"ltr\" style=\"line-height:1.2;margin-top:0pt;margin-bottom:0pt;text-align: justify;\"><span id=\"docs-internal-guid-4165ceda-4f7a-bd66-e0f4-f1bd2a49970a\"><span style=\"font-size: 13.3333px; font-family: Verdana; color: rgb(0, 0, 0); background-color: transparent; vertical-align: baseline; white-space: pre-wrap;\">Per qualsevol informaci\u00f3 o dubte relacionat amb l\u2019Assemblea podeu enviar un correu electr\u00f2nic a ripolles@omnium.cat<\/span><\/span><\/p>\n<div dir=\"ltr\" style=\"line-height:1.2;margin-top:0pt;margin-bottom:0pt;text-align: justify;\">\n\t&nbsp;<\/div>\n<p dir=\"ltr\" style=\"line-height:1.2;margin-top:0pt;margin-bottom:0pt;text-align: justify;\"><span id=\"docs-internal-guid-4165ceda-4f7a-bd66-e0f4-f1bd2a49970a\"><span style=\"font-size: 13.3333px; font-family: Verdana; color: rgb(0, 0, 0); background-color: transparent; vertical-align: baseline; white-space: pre-wrap;\">La documentaci\u00f3 de l\u2019Assemblea General estar\u00e0 a disposici\u00f3 dels socis i les s\u00f2cies a partir del dia 3 de novembre del 2016. Podreu demanar aquesta documentaci\u00f3 per correu electr\u00f2nic (ripolles@omnium.cat) o b\u00e9 recollir-la a la seu territorial<\/span><\/span><\/p>\n<div dir=\"ltr\" style=\"line-height:1.2;margin-top:0pt;margin-bottom:0pt;text-align: justify;\">\n\t&nbsp;<\/div>\n<p dir=\"ltr\" style=\"line-height:1.2;margin-top:0pt;margin-bottom:0pt;text-align: justify;\">&nbsp;<\/p>\n<div dir=\"ltr\" style=\"line-height:1.2;margin-top:0pt;margin-bottom:0pt;text-align: justify;\">\n\t&nbsp;<\/div>\n<div dir=\"ltr\" style=\"line-height:1.2;margin-top:0pt;margin-bottom:0pt;text-align: justify;\">\n\t<span style=\"background-color: transparent; font-size: 13.3333px; font-family: Verdana; color: rgb(0, 0, 0); font-style: italic; vertical-align: baseline; white-space: pre-wrap;\">Si encara no ho heu fet, us animem a actualitzar les vostres dades. Si heu canviat d\u2019adre\u00e7a electr\u00f2nica feu-nos-ho saber a <\/span><span style=\"background-color: transparent; font-size: 13.3333px; font-family: Verdana; color: rgb(0, 0, 255); font-style: italic; text-decoration: underline; vertical-align: baseline; white-space: pre-wrap;\">socis@omnium.cat<\/span><\/div>\n<div dir=\"ltr\" style=\"line-height:1.2;margin-top:0pt;margin-bottom:0pt;\">\n\t&nbsp;<\/div>\n","protected":false},"excerpt":{"rendered":"<p>Assemblea General de Socis del Ripoll\u00e8s i Xerrada de Roger Buch<\/p>\n","protected":false},"author":105,"featured_media":13634,"comment_status":"closed","ping_status":"open","sticky":false,"template":"","format":"standard","meta":{"_acf_changed":false,"footnotes":""},"categories":[1],"tags":[],"post_headquarter":[1768],"post_project":[],"class_list":["post-13633","post","type-post","status-publish","format-standard","has-post-thumbnail","hentry","category-uncategorized-ca","post_headquarter-ripolles"],"acf":[],"yoast_head":"<!-- This site is optimized with the Yoast SEO plugin v27.2 - https:\/\/yoast.com\/product\/yoast-seo-wordpress\/ -->\n<title>Assemblea General Ripoll\u00e8s - \u00d2mnium Cultural<\/title>\n<meta name=\"robots\" content=\"index, follow, max-snippet:-1, max-image-preview:large, max-video-preview:-1\" \/>\n<link rel=\"canonical\" href=\"https:\/\/www.omnium.cat\/ca\/assemblea-general-ripolles\/\" \/>\n<meta name=\"twitter:label1\" content=\"Escrit per\" \/>\n\t<meta name=\"twitter:data1\" content=\"Arnau Buxade\" \/>\n\t<meta name=\"twitter:label2\" content=\"Temps estimat de lectura\" \/>\n\t<meta name=\"twitter:data2\" content=\"1 minut\" \/>\n<script type=\"application\/ld+json\" class=\"yoast-schema-graph\">{\"@context\":\"https:\/\/schema.org\",\"@graph\":[{\"@type\":\"Article\",\"@id\":\"https:\/\/www.omnium.cat\/ca\/assemblea-general-ripolles\/#article\",\"isPartOf\":{\"@id\":\"https:\/\/www.omnium.cat\/ca\/assemblea-general-ripolles\/\"},\"author\":{\"name\":\"Arnau Buxade\",\"@id\":\"https:\/\/www.omnium.cat\/ca\/#\/schema\/person\/41dad69303ce61b3beb9d5c0b771de67\"},\"headline\":\"Assemblea General Ripoll\u00e8s\",\"datePublished\":\"2016-11-10T17:23:40+00:00\",\"mainEntityOfPage\":{\"@id\":\"https:\/\/www.omnium.cat\/ca\/assemblea-general-ripolles\/\"},\"wordCount\":188,\"publisher\":{\"@id\":\"https:\/\/www.omnium.cat\/ca\/#organization\"},\"image\":{\"@id\":\"https:\/\/www.omnium.cat\/ca\/assemblea-general-ripolles\/#primaryimage\"},\"thumbnailUrl\":\"https:\/\/cdn.omnium.cat\/wp-content\/uploads\/2016\/11\/01103235\/noticia_web_ago.jpg\",\"articleSection\":[\"Uncategorized @oc\"],\"inLanguage\":\"ca\"},{\"@type\":\"WebPage\",\"@id\":\"https:\/\/www.omnium.cat\/ca\/assemblea-general-ripolles\/\",\"url\":\"https:\/\/www.omnium.cat\/ca\/assemblea-general-ripolles\/\",\"name\":\"Assemblea General Ripoll\u00e8s - \u00d2mnium Cultural\",\"isPartOf\":{\"@id\":\"https:\/\/www.omnium.cat\/ca\/#website\"},\"primaryImageOfPage\":{\"@id\":\"https:\/\/www.omnium.cat\/ca\/assemblea-general-ripolles\/#primaryimage\"},\"image\":{\"@id\":\"https:\/\/www.omnium.cat\/ca\/assemblea-general-ripolles\/#primaryimage\"},\"thumbnailUrl\":\"https:\/\/cdn.omnium.cat\/wp-content\/uploads\/2016\/11\/01103235\/noticia_web_ago.jpg\",\"datePublished\":\"2016-11-10T17:23:40+00:00\",\"breadcrumb\":{\"@id\":\"https:\/\/www.omnium.cat\/ca\/assemblea-general-ripolles\/#breadcrumb\"},\"inLanguage\":\"ca\",\"potentialAction\":[{\"@type\":\"ReadAction\",\"target\":[\"https:\/\/www.omnium.cat\/ca\/assemblea-general-ripolles\/\"]}]},{\"@type\":\"ImageObject\",\"inLanguage\":\"ca\",\"@id\":\"https:\/\/www.omnium.cat\/ca\/assemblea-general-ripolles\/#primaryimage\",\"url\":\"https:\/\/cdn.omnium.cat\/wp-content\/uploads\/2016\/11\/01103235\/noticia_web_ago.jpg\",\"contentUrl\":\"https:\/\/cdn.omnium.cat\/wp-content\/uploads\/2016\/11\/01103235\/noticia_web_ago.jpg\",\"width\":690,\"height\":370},{\"@type\":\"BreadcrumbList\",\"@id\":\"https:\/\/www.omnium.cat\/ca\/assemblea-general-ripolles\/#breadcrumb\",\"itemListElement\":[{\"@type\":\"ListItem\",\"position\":1,\"name\":\"Inici\",\"item\":\"https:\/\/www.omnium.cat\/ca\/\"},{\"@type\":\"ListItem\",\"position\":2,\"name\":\"Assemblea General Ripoll\u00e8s\"}]},{\"@type\":\"WebSite\",\"@id\":\"https:\/\/www.omnium.cat\/ca\/#website\",\"url\":\"https:\/\/www.omnium.cat\/ca\/\",\"name\":\"\u00d2mnium Cultural\",\"description\":\"Llengua Cultura Pa\u00eds\",\"publisher\":{\"@id\":\"https:\/\/www.omnium.cat\/ca\/#organization\"},\"potentialAction\":[{\"@type\":\"SearchAction\",\"target\":{\"@type\":\"EntryPoint\",\"urlTemplate\":\"https:\/\/www.omnium.cat\/ca\/?s={search_term_string}\"},\"query-input\":{\"@type\":\"PropertyValueSpecification\",\"valueRequired\":true,\"valueName\":\"search_term_string\"}}],\"inLanguage\":\"ca\"},{\"@type\":\"Organization\",\"@id\":\"https:\/\/www.omnium.cat\/ca\/#organization\",\"name\":\"\u00d2mnium Cultural\",\"url\":\"https:\/\/www.omnium.cat\/ca\/\",\"logo\":{\"@type\":\"ImageObject\",\"inLanguage\":\"ca\",\"@id\":\"https:\/\/www.omnium.cat\/ca\/#\/schema\/logo\/image\/\",\"url\":\"https:\/\/cdn.omnium.cat\/wp-content\/uploads\/2019\/06\/01112517\/cropped-omnium_logo-1.png\",\"contentUrl\":\"https:\/\/cdn.omnium.cat\/wp-content\/uploads\/2019\/06\/01112517\/cropped-omnium_logo-1.png\",\"width\":1213,\"height\":262,\"caption\":\"\u00d2mnium Cultural\"},\"image\":{\"@id\":\"https:\/\/www.omnium.cat\/ca\/#\/schema\/logo\/image\/\"},\"sameAs\":[\"https:\/\/www.facebook.com\/omniumcultural\",\"https:\/\/x.com\/omnium\",\"https:\/\/www.instagram.com\/omniumcultural\/\",\"https:\/\/www.youtube.com\/user\/omniumcultural\"]},{\"@type\":\"Person\",\"@id\":\"https:\/\/www.omnium.cat\/ca\/#\/schema\/person\/41dad69303ce61b3beb9d5c0b771de67\",\"name\":\"Arnau Buxade\",\"image\":{\"@type\":\"ImageObject\",\"inLanguage\":\"ca\",\"@id\":\"https:\/\/secure.gravatar.com\/avatar\/1abb5ddda8c18dd9219ea6397b3be6efa55ab1aba6d2b461057cbb2970673c64?s=96&d=mm&r=g\",\"url\":\"https:\/\/secure.gravatar.com\/avatar\/1abb5ddda8c18dd9219ea6397b3be6efa55ab1aba6d2b461057cbb2970673c64?s=96&d=mm&r=g\",\"contentUrl\":\"https:\/\/secure.gravatar.com\/avatar\/1abb5ddda8c18dd9219ea6397b3be6efa55ab1aba6d2b461057cbb2970673c64?s=96&d=mm&r=g\",\"caption\":\"Arnau Buxade\"}}]}<\/script>\n<!-- \/ Yoast SEO plugin. -->","yoast_head_json":{"title":"Assemblea General Ripoll\u00e8s - \u00d2mnium Cultural","robots":{"index":"index","follow":"follow","max-snippet":"max-snippet:-1","max-image-preview":"max-image-preview:large","max-video-preview":"max-video-preview:-1"},"canonical":"https:\/\/www.omnium.cat\/ca\/assemblea-general-ripolles\/","twitter_misc":{"Escrit per":"Arnau Buxade","Temps estimat de lectura":"1 minut"},"schema":{"@context":"https:\/\/schema.org","@graph":[{"@type":"Article","@id":"https:\/\/www.omnium.cat\/ca\/assemblea-general-ripolles\/#article","isPartOf":{"@id":"https:\/\/www.omnium.cat\/ca\/assemblea-general-ripolles\/"},"author":{"name":"Arnau Buxade","@id":"https:\/\/www.omnium.cat\/ca\/#\/schema\/person\/41dad69303ce61b3beb9d5c0b771de67"},"headline":"Assemblea General Ripoll\u00e8s","datePublished":"2016-11-10T17:23:40+00:00","mainEntityOfPage":{"@id":"https:\/\/www.omnium.cat\/ca\/assemblea-general-ripolles\/"},"wordCount":188,"publisher":{"@id":"https:\/\/www.omnium.cat\/ca\/#organization"},"image":{"@id":"https:\/\/www.omnium.cat\/ca\/assemblea-general-ripolles\/#primaryimage"},"thumbnailUrl":"https:\/\/cdn.omnium.cat\/wp-content\/uploads\/2016\/11\/01103235\/noticia_web_ago.jpg","articleSection":["Uncategorized @oc"],"inLanguage":"ca"},{"@type":"WebPage","@id":"https:\/\/www.omnium.cat\/ca\/assemblea-general-ripolles\/","url":"https:\/\/www.omnium.cat\/ca\/assemblea-general-ripolles\/","name":"Assemblea General Ripoll\u00e8s - \u00d2mnium Cultural","isPartOf":{"@id":"https:\/\/www.omnium.cat\/ca\/#website"},"primaryImageOfPage":{"@id":"https:\/\/www.omnium.cat\/ca\/assemblea-general-ripolles\/#primaryimage"},"image":{"@id":"https:\/\/www.omnium.cat\/ca\/assemblea-general-ripolles\/#primaryimage"},"thumbnailUrl":"https:\/\/cdn.omnium.cat\/wp-content\/uploads\/2016\/11\/01103235\/noticia_web_ago.jpg","datePublished":"2016-11-10T17:23:40+00:00","breadcrumb":{"@id":"https:\/\/www.omnium.cat\/ca\/assemblea-general-ripolles\/#breadcrumb"},"inLanguage":"ca","potentialAction":[{"@type":"ReadAction","target":["https:\/\/www.omnium.cat\/ca\/assemblea-general-ripolles\/"]}]},{"@type":"ImageObject","inLanguage":"ca","@id":"https:\/\/www.omnium.cat\/ca\/assemblea-general-ripolles\/#primaryimage","url":"https:\/\/cdn.omnium.cat\/wp-content\/uploads\/2016\/11\/01103235\/noticia_web_ago.jpg","contentUrl":"https:\/\/cdn.omnium.cat\/wp-content\/uploads\/2016\/11\/01103235\/noticia_web_ago.jpg","width":690,"height":370},{"@type":"BreadcrumbList","@id":"https:\/\/www.omnium.cat\/ca\/assemblea-general-ripolles\/#breadcrumb","itemListElement":[{"@type":"ListItem","position":1,"name":"Inici","item":"https:\/\/www.omnium.cat\/ca\/"},{"@type":"ListItem","position":2,"name":"Assemblea General Ripoll\u00e8s"}]},{"@type":"WebSite","@id":"https:\/\/www.omnium.cat\/ca\/#website","url":"https:\/\/www.omnium.cat\/ca\/","name":"\u00d2mnium Cultural","description":"Llengua Cultura Pa\u00eds","publisher":{"@id":"https:\/\/www.omnium.cat\/ca\/#organization"},"potentialAction":[{"@type":"SearchAction","target":{"@type":"EntryPoint","urlTemplate":"https:\/\/www.omnium.cat\/ca\/?s={search_term_string}"},"query-input":{"@type":"PropertyValueSpecification","valueRequired":true,"valueName":"search_term_string"}}],"inLanguage":"ca"},{"@type":"Organization","@id":"https:\/\/www.omnium.cat\/ca\/#organization","name":"\u00d2mnium Cultural","url":"https:\/\/www.omnium.cat\/ca\/","logo":{"@type":"ImageObject","inLanguage":"ca","@id":"https:\/\/www.omnium.cat\/ca\/#\/schema\/logo\/image\/","url":"https:\/\/cdn.omnium.cat\/wp-content\/uploads\/2019\/06\/01112517\/cropped-omnium_logo-1.png","contentUrl":"https:\/\/cdn.omnium.cat\/wp-content\/uploads\/2019\/06\/01112517\/cropped-omnium_logo-1.png","width":1213,"height":262,"caption":"\u00d2mnium Cultural"},"image":{"@id":"https:\/\/www.omnium.cat\/ca\/#\/schema\/logo\/image\/"},"sameAs":["https:\/\/www.facebook.com\/omniumcultural","https:\/\/x.com\/omnium","https:\/\/www.instagram.com\/omniumcultural\/","https:\/\/www.youtube.com\/user\/omniumcultural"]},{"@type":"Person","@id":"https:\/\/www.omnium.cat\/ca\/#\/schema\/person\/41dad69303ce61b3beb9d5c0b771de67","name":"Arnau Buxade","image":{"@type":"ImageObject","inLanguage":"ca","@id":"https:\/\/secure.gravatar.com\/avatar\/1abb5ddda8c18dd9219ea6397b3be6efa55ab1aba6d2b461057cbb2970673c64?s=96&d=mm&r=g","url":"https:\/\/secure.gravatar.com\/avatar\/1abb5ddda8c18dd9219ea6397b3be6efa55ab1aba6d2b461057cbb2970673c64?s=96&d=mm&r=g","contentUrl":"https:\/\/secure.gravatar.com\/avatar\/1abb5ddda8c18dd9219ea6397b3be6efa55ab1aba6d2b461057cbb2970673c64?s=96&d=mm&r=g","caption":"Arnau Buxade"}}]}},"_links":{"self":[{"href":"https:\/\/www.omnium.cat\/ca\/wp-json\/wp\/v2\/posts\/13633","targetHints":{"allow":["GET"]}}],"collection":[{"href":"https:\/\/www.omnium.cat\/ca\/wp-json\/wp\/v2\/posts"}],"about":[{"href":"https:\/\/www.omnium.cat\/ca\/wp-json\/wp\/v2\/types\/post"}],"author":[{"embeddable":true,"href":"https:\/\/www.omnium.cat\/ca\/wp-json\/wp\/v2\/users\/105"}],"replies":[{"embeddable":true,"href":"https:\/\/www.omnium.cat\/ca\/wp-json\/wp\/v2\/comments?post=13633"}],"version-history":[{"count":0,"href":"https:\/\/www.omnium.cat\/ca\/wp-json\/wp\/v2\/posts\/13633\/revisions"}],"wp:featuredmedia":[{"embeddable":true,"href":"https:\/\/www.omnium.cat\/ca\/wp-json\/wp\/v2\/media\/13634"}],"wp:attachment":[{"href":"https:\/\/www.omnium.cat\/ca\/wp-json\/wp\/v2\/media?parent=13633"}],"wp:term":[{"taxonomy":"category","embeddable":true,"href":"https:\/\/www.omnium.cat\/ca\/wp-json\/wp\/v2\/categories?post=13633"},{"taxonomy":"post_tag","embeddable":true,"href":"https:\/\/www.omnium.cat\/ca\/wp-json\/wp\/v2\/tags?post=13633"},{"taxonomy":"post_headquarter","embeddable":true,"href":"https:\/\/www.omnium.cat\/ca\/wp-json\/wp\/v2\/post_headquarter?post=13633"},{"taxonomy":"post_project","embeddable":true,"href":"https:\/\/www.omnium.cat\/ca\/wp-json\/wp\/v2\/post_project?post=13633"}],"curies":[{"name":"wp","href":"https:\/\/api.w.org\/{rel}","templated":true}]}}