{"id":14583,"date":"2017-04-25T14:02:38","date_gmt":"2017-04-25T12:02:38","guid":{"rendered":"http:\/\/omnium.whads.com\/la-tota-veu-sescolta-amb-forca-a-la-figueres\/"},"modified":"2018-06-21T16:21:05","modified_gmt":"2018-06-21T14:21:05","slug":"la-tota-veu-sescolta-amb-forca-a-la-figueres","status":"publish","type":"post","link":"https:\/\/www.omnium.cat\/ca\/la-tota-veu-sescolta-amb-forca-a-la-figueres\/","title":{"rendered":"L&#8217;A Tota Veu s\u2019escolta amb for\u00e7a a la Figueres"},"content":{"rendered":"<div class=\"omnium_formatted_content\">\n<div>\n\tL&#8217;A Tota Veu &eacute;s una activitat on diverses parelles de persones llegien poemes en la llengua original i en la seva traducci&oacute; al catal&agrave;.<\/p>\n<p>\tLa Placeta Baixa de la Rambla de Figueres, on es va situar l&rsquo;escenari de l&rsquo; A Tota Veu, es va omplir amb prop de 200 persones per poder gaudir de 14 parelles llegint diversos poemes en &agrave;rab, roman&egrave;s, angl&egrave;s d&rsquo;Am&egrave;rica, rus, alemany, castuo (idioma extremeny que s&rsquo;esta perdent) i castell&agrave; de Bol&iacute;via juntament amb la seva traducci&oacute; al catal&agrave;.&nbsp;<\/p>\n<p>\tUn any m&eacute;s volem agrair la participaci&oacute; a tothom qui hi va assistir i, sobretot, a totes les persones implicades a l&#8217;A Tota Veu la seva dedicaci&oacute;!<\/p>\n<p>\t<img decoding=\"async\" alt=\"\" src=\"https:\/\/web.omnium.cat\/wp-content\/uploads\/img-20170423-wa0071.jpg\" style=\"width: 500px; height: 375px;\"><\/p>\n<p>\n\t<img decoding=\"async\" alt=\"\" src=\"https:\/\/web.omnium.cat\/wp-content\/uploads\/img-20170423-wa0072.jpg\" style=\"width: 500px; height: 375px;\"><\/p>\n<p>\t<img decoding=\"async\" alt=\"\" src=\"https:\/\/web.omnium.cat\/wp-content\/uploads\/img-20170423-wa0073.jpg\" style=\"width: 500px; height: 375px;\"><\/div>\n<div>\n<p>\t<img decoding=\"async\" alt=\"\" src=\"https:\/\/web.omnium.cat\/wp-content\/uploads\/img-20170423-wa0088.jpg\" style=\"width: 500px; height: 281px;\"><img decoding=\"async\" alt=\"\" src=\"https:\/\/web.omnium.cat\/wp-content\/uploads\/img-20170423-wa0085-1.jpg\" style=\"width: 500px; height: 281px;\"><\/p>\n<p>\t<img decoding=\"async\" alt=\"\" src=\"https:\/\/web.omnium.cat\/wp-content\/uploads\/img-20170423-wa0087-1.jpg\" style=\"width: 500px; height: 281px;\"><img decoding=\"async\" alt=\"\" src=\"https:\/\/web.omnium.cat\/wp-content\/uploads\/img-20170423-wa0074.jpg\" style=\"height: 500px;\"><\/p>\n<p>\tAlgunes imatges de la preparaci&oacute; de l&#8217;A Tota Veu:<\/p>\n<p>\t<img decoding=\"async\" alt=\"\" src=\"https:\/\/web.omnium.cat\/wp-content\/uploads\/preparacio_atotaveu_figueres2017.jpg\" style=\"width: 500px; height: 281px;\"><img decoding=\"async\" alt=\"\" src=\"https:\/\/web.omnium.cat\/wp-content\/uploads\/preparacio_atotaveu_figueres2017_2.jpg\" style=\"width: 500px; height: 281px;\"><img decoding=\"async\" alt=\"\" src=\"https:\/\/web.omnium.cat\/wp-content\/uploads\/preparacio_atotaveu_figueres2017_3.jpg\" style=\"width: 500px; height: 281px;\"><\/div>\n<\/div>\n","protected":false},"excerpt":{"rendered":"<p>Per cinqu\u00e8 any consecutiu \u00d2mnium Alt Empord\u00e0 va organitzar la lectura p\u00fablica de poesia A Tota Veu per a celebrar la diada de Sant Jordi.  <\/p>\n","protected":false},"author":2,"featured_media":14584,"comment_status":"closed","ping_status":"open","sticky":false,"template":"","format":"standard","meta":{"_acf_changed":false,"footnotes":""},"categories":[1],"tags":[],"post_headquarter":[1753],"post_project":[1813],"class_list":["post-14583","post","type-post","status-publish","format-standard","has-post-thumbnail","hentry","category-uncategorized-ca","post_headquarter-alt-emporda","post_project-a-tota-veu"],"acf":[],"yoast_head":"<!-- This site is optimized with the Yoast SEO plugin v27.2 - https:\/\/yoast.com\/product\/yoast-seo-wordpress\/ -->\n<title>L&#039;A Tota Veu s\u2019escolta amb for\u00e7a a la Figueres - \u00d2mnium Cultural<\/title>\n<meta name=\"robots\" content=\"index, follow, max-snippet:-1, max-image-preview:large, max-video-preview:-1\" \/>\n<link rel=\"canonical\" href=\"https:\/\/www.omnium.cat\/ca\/la-tota-veu-sescolta-amb-forca-a-la-figueres\/\" \/>\n<meta name=\"twitter:label1\" content=\"Escrit per\" \/>\n\t<meta name=\"twitter:data1\" content=\"admin\" \/>\n\t<meta name=\"twitter:label2\" content=\"Temps estimat de lectura\" \/>\n\t<meta name=\"twitter:data2\" content=\"1 minut\" \/>\n<script type=\"application\/ld+json\" class=\"yoast-schema-graph\">{\"@context\":\"https:\/\/schema.org\",\"@graph\":[{\"@type\":\"Article\",\"@id\":\"https:\/\/www.omnium.cat\/ca\/la-tota-veu-sescolta-amb-forca-a-la-figueres\/#article\",\"isPartOf\":{\"@id\":\"https:\/\/www.omnium.cat\/ca\/la-tota-veu-sescolta-amb-forca-a-la-figueres\/\"},\"author\":{\"name\":\"admin\",\"@id\":\"https:\/\/www.omnium.cat\/ca\/#\/schema\/person\/560fd8a36c45a92767a115bcfa7b4b05\"},\"headline\":\"L&#8217;A Tota Veu s\u2019escolta amb for\u00e7a a la Figueres\",\"datePublished\":\"2017-04-25T12:02:38+00:00\",\"dateModified\":\"2018-06-21T14:21:05+00:00\",\"mainEntityOfPage\":{\"@id\":\"https:\/\/www.omnium.cat\/ca\/la-tota-veu-sescolta-amb-forca-a-la-figueres\/\"},\"wordCount\":160,\"publisher\":{\"@id\":\"https:\/\/www.omnium.cat\/ca\/#organization\"},\"image\":{\"@id\":\"https:\/\/www.omnium.cat\/ca\/la-tota-veu-sescolta-amb-forca-a-la-figueres\/#primaryimage\"},\"thumbnailUrl\":\"https:\/\/cdn.omnium.cat\/wp-content\/uploads\/2017\/04\/01102517\/img-20170423-wa0085.jpg\",\"articleSection\":[\"Uncategorized @oc\"],\"inLanguage\":\"ca\"},{\"@type\":\"WebPage\",\"@id\":\"https:\/\/www.omnium.cat\/ca\/la-tota-veu-sescolta-amb-forca-a-la-figueres\/\",\"url\":\"https:\/\/www.omnium.cat\/ca\/la-tota-veu-sescolta-amb-forca-a-la-figueres\/\",\"name\":\"L'A Tota Veu s\u2019escolta amb for\u00e7a a la Figueres - \u00d2mnium Cultural\",\"isPartOf\":{\"@id\":\"https:\/\/www.omnium.cat\/ca\/#website\"},\"primaryImageOfPage\":{\"@id\":\"https:\/\/www.omnium.cat\/ca\/la-tota-veu-sescolta-amb-forca-a-la-figueres\/#primaryimage\"},\"image\":{\"@id\":\"https:\/\/www.omnium.cat\/ca\/la-tota-veu-sescolta-amb-forca-a-la-figueres\/#primaryimage\"},\"thumbnailUrl\":\"https:\/\/cdn.omnium.cat\/wp-content\/uploads\/2017\/04\/01102517\/img-20170423-wa0085.jpg\",\"datePublished\":\"2017-04-25T12:02:38+00:00\",\"dateModified\":\"2018-06-21T14:21:05+00:00\",\"breadcrumb\":{\"@id\":\"https:\/\/www.omnium.cat\/ca\/la-tota-veu-sescolta-amb-forca-a-la-figueres\/#breadcrumb\"},\"inLanguage\":\"ca\",\"potentialAction\":[{\"@type\":\"ReadAction\",\"target\":[\"https:\/\/www.omnium.cat\/ca\/la-tota-veu-sescolta-amb-forca-a-la-figueres\/\"]}]},{\"@type\":\"ImageObject\",\"inLanguage\":\"ca\",\"@id\":\"https:\/\/www.omnium.cat\/ca\/la-tota-veu-sescolta-amb-forca-a-la-figueres\/#primaryimage\",\"url\":\"https:\/\/cdn.omnium.cat\/wp-content\/uploads\/2017\/04\/01102517\/img-20170423-wa0085.jpg\",\"contentUrl\":\"https:\/\/cdn.omnium.cat\/wp-content\/uploads\/2017\/04\/01102517\/img-20170423-wa0085.jpg\",\"width\":690,\"height\":388},{\"@type\":\"BreadcrumbList\",\"@id\":\"https:\/\/www.omnium.cat\/ca\/la-tota-veu-sescolta-amb-forca-a-la-figueres\/#breadcrumb\",\"itemListElement\":[{\"@type\":\"ListItem\",\"position\":1,\"name\":\"Inici\",\"item\":\"https:\/\/www.omnium.cat\/ca\/\"},{\"@type\":\"ListItem\",\"position\":2,\"name\":\"L&#8217;A Tota Veu s\u2019escolta amb for\u00e7a a la Figueres\"}]},{\"@type\":\"WebSite\",\"@id\":\"https:\/\/www.omnium.cat\/ca\/#website\",\"url\":\"https:\/\/www.omnium.cat\/ca\/\",\"name\":\"\u00d2mnium Cultural\",\"description\":\"Llengua Cultura Pa\u00eds\",\"publisher\":{\"@id\":\"https:\/\/www.omnium.cat\/ca\/#organization\"},\"potentialAction\":[{\"@type\":\"SearchAction\",\"target\":{\"@type\":\"EntryPoint\",\"urlTemplate\":\"https:\/\/www.omnium.cat\/ca\/?s={search_term_string}\"},\"query-input\":{\"@type\":\"PropertyValueSpecification\",\"valueRequired\":true,\"valueName\":\"search_term_string\"}}],\"inLanguage\":\"ca\"},{\"@type\":\"Organization\",\"@id\":\"https:\/\/www.omnium.cat\/ca\/#organization\",\"name\":\"\u00d2mnium Cultural\",\"url\":\"https:\/\/www.omnium.cat\/ca\/\",\"logo\":{\"@type\":\"ImageObject\",\"inLanguage\":\"ca\",\"@id\":\"https:\/\/www.omnium.cat\/ca\/#\/schema\/logo\/image\/\",\"url\":\"https:\/\/cdn.omnium.cat\/wp-content\/uploads\/2019\/06\/01112517\/cropped-omnium_logo-1.png\",\"contentUrl\":\"https:\/\/cdn.omnium.cat\/wp-content\/uploads\/2019\/06\/01112517\/cropped-omnium_logo-1.png\",\"width\":1213,\"height\":262,\"caption\":\"\u00d2mnium Cultural\"},\"image\":{\"@id\":\"https:\/\/www.omnium.cat\/ca\/#\/schema\/logo\/image\/\"},\"sameAs\":[\"https:\/\/www.facebook.com\/omniumcultural\",\"https:\/\/x.com\/omnium\",\"https:\/\/www.instagram.com\/omniumcultural\/\",\"https:\/\/www.youtube.com\/user\/omniumcultural\"]},{\"@type\":\"Person\",\"@id\":\"https:\/\/www.omnium.cat\/ca\/#\/schema\/person\/560fd8a36c45a92767a115bcfa7b4b05\",\"name\":\"admin\",\"image\":{\"@type\":\"ImageObject\",\"inLanguage\":\"ca\",\"@id\":\"https:\/\/secure.gravatar.com\/avatar\/0a04011d6cfe3707197cf2eebfea142dd3bf3972b74a19d934706cc1f840615b?s=96&d=mm&r=g\",\"url\":\"https:\/\/secure.gravatar.com\/avatar\/0a04011d6cfe3707197cf2eebfea142dd3bf3972b74a19d934706cc1f840615b?s=96&d=mm&r=g\",\"contentUrl\":\"https:\/\/secure.gravatar.com\/avatar\/0a04011d6cfe3707197cf2eebfea142dd3bf3972b74a19d934706cc1f840615b?s=96&d=mm&r=g\",\"caption\":\"admin\"}}]}<\/script>\n<!-- \/ Yoast SEO plugin. -->","yoast_head_json":{"title":"L'A Tota Veu s\u2019escolta amb for\u00e7a a la Figueres - \u00d2mnium Cultural","robots":{"index":"index","follow":"follow","max-snippet":"max-snippet:-1","max-image-preview":"max-image-preview:large","max-video-preview":"max-video-preview:-1"},"canonical":"https:\/\/www.omnium.cat\/ca\/la-tota-veu-sescolta-amb-forca-a-la-figueres\/","twitter_misc":{"Escrit per":"admin","Temps estimat de lectura":"1 minut"},"schema":{"@context":"https:\/\/schema.org","@graph":[{"@type":"Article","@id":"https:\/\/www.omnium.cat\/ca\/la-tota-veu-sescolta-amb-forca-a-la-figueres\/#article","isPartOf":{"@id":"https:\/\/www.omnium.cat\/ca\/la-tota-veu-sescolta-amb-forca-a-la-figueres\/"},"author":{"name":"admin","@id":"https:\/\/www.omnium.cat\/ca\/#\/schema\/person\/560fd8a36c45a92767a115bcfa7b4b05"},"headline":"L&#8217;A Tota Veu s\u2019escolta amb for\u00e7a a la Figueres","datePublished":"2017-04-25T12:02:38+00:00","dateModified":"2018-06-21T14:21:05+00:00","mainEntityOfPage":{"@id":"https:\/\/www.omnium.cat\/ca\/la-tota-veu-sescolta-amb-forca-a-la-figueres\/"},"wordCount":160,"publisher":{"@id":"https:\/\/www.omnium.cat\/ca\/#organization"},"image":{"@id":"https:\/\/www.omnium.cat\/ca\/la-tota-veu-sescolta-amb-forca-a-la-figueres\/#primaryimage"},"thumbnailUrl":"https:\/\/cdn.omnium.cat\/wp-content\/uploads\/2017\/04\/01102517\/img-20170423-wa0085.jpg","articleSection":["Uncategorized @oc"],"inLanguage":"ca"},{"@type":"WebPage","@id":"https:\/\/www.omnium.cat\/ca\/la-tota-veu-sescolta-amb-forca-a-la-figueres\/","url":"https:\/\/www.omnium.cat\/ca\/la-tota-veu-sescolta-amb-forca-a-la-figueres\/","name":"L'A Tota Veu s\u2019escolta amb for\u00e7a a la Figueres - \u00d2mnium Cultural","isPartOf":{"@id":"https:\/\/www.omnium.cat\/ca\/#website"},"primaryImageOfPage":{"@id":"https:\/\/www.omnium.cat\/ca\/la-tota-veu-sescolta-amb-forca-a-la-figueres\/#primaryimage"},"image":{"@id":"https:\/\/www.omnium.cat\/ca\/la-tota-veu-sescolta-amb-forca-a-la-figueres\/#primaryimage"},"thumbnailUrl":"https:\/\/cdn.omnium.cat\/wp-content\/uploads\/2017\/04\/01102517\/img-20170423-wa0085.jpg","datePublished":"2017-04-25T12:02:38+00:00","dateModified":"2018-06-21T14:21:05+00:00","breadcrumb":{"@id":"https:\/\/www.omnium.cat\/ca\/la-tota-veu-sescolta-amb-forca-a-la-figueres\/#breadcrumb"},"inLanguage":"ca","potentialAction":[{"@type":"ReadAction","target":["https:\/\/www.omnium.cat\/ca\/la-tota-veu-sescolta-amb-forca-a-la-figueres\/"]}]},{"@type":"ImageObject","inLanguage":"ca","@id":"https:\/\/www.omnium.cat\/ca\/la-tota-veu-sescolta-amb-forca-a-la-figueres\/#primaryimage","url":"https:\/\/cdn.omnium.cat\/wp-content\/uploads\/2017\/04\/01102517\/img-20170423-wa0085.jpg","contentUrl":"https:\/\/cdn.omnium.cat\/wp-content\/uploads\/2017\/04\/01102517\/img-20170423-wa0085.jpg","width":690,"height":388},{"@type":"BreadcrumbList","@id":"https:\/\/www.omnium.cat\/ca\/la-tota-veu-sescolta-amb-forca-a-la-figueres\/#breadcrumb","itemListElement":[{"@type":"ListItem","position":1,"name":"Inici","item":"https:\/\/www.omnium.cat\/ca\/"},{"@type":"ListItem","position":2,"name":"L&#8217;A Tota Veu s\u2019escolta amb for\u00e7a a la Figueres"}]},{"@type":"WebSite","@id":"https:\/\/www.omnium.cat\/ca\/#website","url":"https:\/\/www.omnium.cat\/ca\/","name":"\u00d2mnium Cultural","description":"Llengua Cultura Pa\u00eds","publisher":{"@id":"https:\/\/www.omnium.cat\/ca\/#organization"},"potentialAction":[{"@type":"SearchAction","target":{"@type":"EntryPoint","urlTemplate":"https:\/\/www.omnium.cat\/ca\/?s={search_term_string}"},"query-input":{"@type":"PropertyValueSpecification","valueRequired":true,"valueName":"search_term_string"}}],"inLanguage":"ca"},{"@type":"Organization","@id":"https:\/\/www.omnium.cat\/ca\/#organization","name":"\u00d2mnium Cultural","url":"https:\/\/www.omnium.cat\/ca\/","logo":{"@type":"ImageObject","inLanguage":"ca","@id":"https:\/\/www.omnium.cat\/ca\/#\/schema\/logo\/image\/","url":"https:\/\/cdn.omnium.cat\/wp-content\/uploads\/2019\/06\/01112517\/cropped-omnium_logo-1.png","contentUrl":"https:\/\/cdn.omnium.cat\/wp-content\/uploads\/2019\/06\/01112517\/cropped-omnium_logo-1.png","width":1213,"height":262,"caption":"\u00d2mnium Cultural"},"image":{"@id":"https:\/\/www.omnium.cat\/ca\/#\/schema\/logo\/image\/"},"sameAs":["https:\/\/www.facebook.com\/omniumcultural","https:\/\/x.com\/omnium","https:\/\/www.instagram.com\/omniumcultural\/","https:\/\/www.youtube.com\/user\/omniumcultural"]},{"@type":"Person","@id":"https:\/\/www.omnium.cat\/ca\/#\/schema\/person\/560fd8a36c45a92767a115bcfa7b4b05","name":"admin","image":{"@type":"ImageObject","inLanguage":"ca","@id":"https:\/\/secure.gravatar.com\/avatar\/0a04011d6cfe3707197cf2eebfea142dd3bf3972b74a19d934706cc1f840615b?s=96&d=mm&r=g","url":"https:\/\/secure.gravatar.com\/avatar\/0a04011d6cfe3707197cf2eebfea142dd3bf3972b74a19d934706cc1f840615b?s=96&d=mm&r=g","contentUrl":"https:\/\/secure.gravatar.com\/avatar\/0a04011d6cfe3707197cf2eebfea142dd3bf3972b74a19d934706cc1f840615b?s=96&d=mm&r=g","caption":"admin"}}]}},"_links":{"self":[{"href":"https:\/\/www.omnium.cat\/ca\/wp-json\/wp\/v2\/posts\/14583","targetHints":{"allow":["GET"]}}],"collection":[{"href":"https:\/\/www.omnium.cat\/ca\/wp-json\/wp\/v2\/posts"}],"about":[{"href":"https:\/\/www.omnium.cat\/ca\/wp-json\/wp\/v2\/types\/post"}],"author":[{"embeddable":true,"href":"https:\/\/www.omnium.cat\/ca\/wp-json\/wp\/v2\/users\/2"}],"replies":[{"embeddable":true,"href":"https:\/\/www.omnium.cat\/ca\/wp-json\/wp\/v2\/comments?post=14583"}],"version-history":[{"count":1,"href":"https:\/\/www.omnium.cat\/ca\/wp-json\/wp\/v2\/posts\/14583\/revisions"}],"predecessor-version":[{"id":47374,"href":"https:\/\/www.omnium.cat\/ca\/wp-json\/wp\/v2\/posts\/14583\/revisions\/47374"}],"wp:featuredmedia":[{"embeddable":true,"href":"https:\/\/www.omnium.cat\/ca\/wp-json\/wp\/v2\/media\/14584"}],"wp:attachment":[{"href":"https:\/\/www.omnium.cat\/ca\/wp-json\/wp\/v2\/media?parent=14583"}],"wp:term":[{"taxonomy":"category","embeddable":true,"href":"https:\/\/www.omnium.cat\/ca\/wp-json\/wp\/v2\/categories?post=14583"},{"taxonomy":"post_tag","embeddable":true,"href":"https:\/\/www.omnium.cat\/ca\/wp-json\/wp\/v2\/tags?post=14583"},{"taxonomy":"post_headquarter","embeddable":true,"href":"https:\/\/www.omnium.cat\/ca\/wp-json\/wp\/v2\/post_headquarter?post=14583"},{"taxonomy":"post_project","embeddable":true,"href":"https:\/\/www.omnium.cat\/ca\/wp-json\/wp\/v2\/post_project?post=14583"}],"curies":[{"name":"wp","href":"https:\/\/api.w.org\/{rel}","templated":true}]}}