{"id":15739,"date":"2017-10-19T13:35:02","date_gmt":"2017-10-19T11:35:02","guid":{"rendered":"http:\/\/omnium.whads.com\/el-portaveu-domnium-cultural-marcel-mauri-fa-una-crida-a-la-mobilitzacio-dissabte-per-exigir-la-llibertat-de-jordi-cuixart-i-jordi-sanchez\/"},"modified":"2018-09-19T17:06:33","modified_gmt":"2018-09-19T15:06:33","slug":"el-portaveu-domnium-cultural-marcel-mauri-fa-una-crida-a-la-mobilitzacio-dissabte-per-exigir-la-llibertat-de-jordi-cuixart-i-jordi-sanchez","status":"publish","type":"post","link":"https:\/\/www.omnium.cat\/ca\/el-portaveu-domnium-cultural-marcel-mauri-fa-una-crida-a-la-mobilitzacio-dissabte-per-exigir-la-llibertat-de-jordi-cuixart-i-jordi-sanchez\/","title":{"rendered":"El portaveu d\u2019\u00d2mnium Cultural, Marcel Mauri, fa una crida a la mobilitzaci\u00f3 dissabte per exigir la llibertat de Jordi Cuixart i Jordi S\u00e0nchez"},"content":{"rendered":"<p dir=\"ltr\" style=\"line-height:1.7999999999999998;margin-top:0pt;margin-bottom:0pt;text-align: justify;\"><span id=\"docs-internal-guid-4906ff4d-3468-4ff8-aa5c-4cd860104797\"><span style=\"font-size: 12pt; font-family: &quot;Helvetica Neue&quot;; color: rgb(0, 0, 0); background-color: transparent; vertical-align: baseline; white-space: pre-wrap;\">El portaveu d\u2019\u00d2mnium Cultural, <\/span><span style=\"font-size: 12pt; font-family: &quot;Helvetica Neue&quot;; color: rgb(0, 0, 0); background-color: transparent; font-weight: 700; vertical-align: baseline; white-space: pre-wrap;\">Marcel Mauri,<\/span><span style=\"font-size: 12pt; font-family: &quot;Helvetica Neue&quot;; color: rgb(0, 0, 0); background-color: transparent; vertical-align: baseline; white-space: pre-wrap;\"> ha assegurat que \u201cl\u2019aplicaci\u00f3 del 155 \u00e9s la constataci\u00f3 que l\u2019Estat, davant de cada intent de di\u00e0leg, respon amb m\u00e9s repressi\u00f3\u201d. En aquest sentit, ha afegit que \u201c l\u2019espiral de repressi\u00f3 i demof\u00f2bia de l\u2019Estat no s\u2019atura\u201d i demana solucions pol\u00edtiques damunt la taula. <\/span><\/span><\/p>\n<p><\/p>\n<p dir=\"ltr\" style=\"line-height:1.7999999999999998;margin-top:0pt;margin-bottom:0pt;text-align: justify;\"><span id=\"docs-internal-guid-4906ff4d-3468-4ff8-aa5c-4cd860104797\"><span style=\"font-size: 12pt; font-family: &quot;Helvetica Neue&quot;; color: rgb(0, 0, 0); background-color: transparent; vertical-align: baseline; white-space: pre-wrap;\">\u201cSeguirem defensant amb la for\u00e7a de cadascun dels ciutadans els resultats de l\u20191-O, la democr\u00e0cia i la llibertat dels presidents de les entitats Jordi S\u00e0nchez i Jordi Cuixart\u201d, ha dit Mauri. \u201cSempre amb di\u00e0leg i de manera pac\u00edfica\u201d, ha concl\u00f2s. <\/span><\/span><\/p>\n<p><\/p>\n<p dir=\"ltr\" style=\"line-height:1.7999999999999998;margin-top:0pt;margin-bottom:0pt;text-align: justify;\"><span id=\"docs-internal-guid-4906ff4d-3468-4ff8-aa5c-4cd860104797\"><span style=\"font-size: 12pt; font-family: &quot;Helvetica Neue&quot;; color: rgb(0, 0, 0); background-color: transparent; vertical-align: baseline; white-space: pre-wrap;\">Mauri ha fet aquestes declaracions en l\u2019acte de presentaci\u00f3 de la manifestaci\u00f3 de dissabte de la Taula per la Democr\u00e0cia i ha demanat <\/span><span style=\"font-size: 12pt; font-family: &quot;Helvetica Neue&quot;; color: rgb(0, 0, 0); background-color: transparent; font-weight: 700; vertical-align: baseline; white-space: pre-wrap;\">als ciutadans que se sumin a la manifestaci\u00f3 per \u201cexigir la llibertat <\/span><span style=\"font-size: 12pt; font-family: &quot;Helvetica Neue&quot;; color: rgb(0, 0, 0); background-color: transparent; vertical-align: baseline; white-space: pre-wrap;\">de <\/span><span style=\"font-size: 12pt; font-family: &quot;Helvetica Neue&quot;; color: rgb(0, 0, 0); background-color: transparent; font-weight: 700; vertical-align: baseline; white-space: pre-wrap;\">S\u00e0nchez <\/span><span style=\"font-size: 12pt; font-family: &quot;Helvetica Neue&quot;; color: rgb(0, 0, 0); background-color: transparent; vertical-align: baseline; white-space: pre-wrap;\">i <\/span><span style=\"font-size: 12pt; font-family: &quot;Helvetica Neue&quot;; color: rgb(0, 0, 0); background-color: transparent; font-weight: 700; vertical-align: baseline; white-space: pre-wrap;\">Cuixart<\/span><span style=\"font-size: 12pt; font-family: &quot;Helvetica Neue&quot;; color: rgb(0, 0, 0); background-color: transparent; vertical-align: baseline; white-space: pre-wrap;\">\u201d. <\/span><span style=\"font-size: 12pt; font-family: &quot;Helvetica Neue&quot;; color: rgb(0, 0, 0); background-color: transparent; font-weight: 700; vertical-align: baseline; white-space: pre-wrap;\">\u201cDissabte tots aquells qui estimen la llibertat i la democr\u00e0cia ens &nbsp;sumarem a la manifestaci\u00f3\u201d<\/span><span style=\"font-size: 12pt; font-family: &quot;Helvetica Neue&quot;; color: rgb(0, 0, 0); background-color: transparent; vertical-align: baseline; white-space: pre-wrap;\">, ha dit.<\/span><span style=\"font-size: 12pt; font-family: &quot;Helvetica Neue&quot;; color: rgb(0, 0, 0); background-color: transparent; font-weight: 700; vertical-align: baseline; white-space: pre-wrap;\"> <\/span><\/span><\/p>\n<p><\/p>\n<p dir=\"ltr\" style=\"line-height:1.7999999999999998;margin-top:0pt;margin-bottom:0pt;text-align: justify;\"><span id=\"docs-internal-guid-4906ff4d-3468-4ff8-aa5c-4cd860104797\"><span style=\"font-size: 12pt; font-family: &quot;Helvetica Neue&quot;; color: rgb(0, 0, 0); background-color: transparent; vertical-align: baseline; white-space: pre-wrap;\">La manifestaci\u00f3 arrencar\u00e0 a les 17 h a Passeig de Gr\u00e0cia amb Arag\u00f3 sota el lema <\/span><span style=\"font-size: 12pt; font-family: &quot;Helvetica Neue&quot;; color: rgb(0, 0, 0); background-color: transparent; font-weight: 700; vertical-align: baseline; white-space: pre-wrap;\">\u201cLlibertat Jordi S\u00e0nchez, llibertat Jordi Cuixart. En defensa dels drets i llibertats #LlibertatJordis\u201d.<\/span><\/span><\/p>\n<div>\n\t&nbsp;<\/div>\n","protected":false},"excerpt":{"rendered":"<p>Mauri: \u201cL\u2019aplicaci\u00f3 del 155 \u00e9s la constataci\u00f3 que l\u2019Estat, davant de cada intent de di\u00e0leg, respon amb m\u00e9s repressi\u00f3\u201d<\/p>\n","protected":false},"author":112,"featured_media":15740,"comment_status":"closed","ping_status":"open","sticky":false,"template":"","format":"standard","meta":{"_acf_changed":false,"footnotes":""},"categories":[1],"tags":[],"post_headquarter":[1744],"post_project":[3424],"class_list":["post-15739","post","type-post","status-publish","format-standard","has-post-thumbnail","hentry","category-uncategorized-ca","post_headquarter-nacional","post_project-jordi-cuixart"],"acf":[],"yoast_head":"<!-- This site is optimized with the Yoast SEO plugin v27.2 - https:\/\/yoast.com\/product\/yoast-seo-wordpress\/ -->\n<title>El portaveu d\u2019\u00d2mnium Cultural, Marcel Mauri, fa una crida a la mobilitzaci\u00f3 dissabte per exigir la llibertat de Jordi Cuixart i Jordi S\u00e0nchez - \u00d2mnium Cultural<\/title>\n<meta name=\"robots\" content=\"index, follow, max-snippet:-1, max-image-preview:large, max-video-preview:-1\" \/>\n<link rel=\"canonical\" href=\"https:\/\/www.omnium.cat\/ca\/el-portaveu-domnium-cultural-marcel-mauri-fa-una-crida-a-la-mobilitzacio-dissabte-per-exigir-la-llibertat-de-jordi-cuixart-i-jordi-sanchez\/\" \/>\n<meta name=\"twitter:label1\" content=\"Escrit per\" \/>\n\t<meta name=\"twitter:data1\" content=\"Gemma Balsera\" \/>\n\t<meta name=\"twitter:label2\" content=\"Temps estimat de lectura\" \/>\n\t<meta name=\"twitter:data2\" content=\"1 minut\" \/>\n<script type=\"application\/ld+json\" class=\"yoast-schema-graph\">{\"@context\":\"https:\/\/schema.org\",\"@graph\":[{\"@type\":\"Article\",\"@id\":\"https:\/\/www.omnium.cat\/ca\/el-portaveu-domnium-cultural-marcel-mauri-fa-una-crida-a-la-mobilitzacio-dissabte-per-exigir-la-llibertat-de-jordi-cuixart-i-jordi-sanchez\/#article\",\"isPartOf\":{\"@id\":\"https:\/\/www.omnium.cat\/ca\/el-portaveu-domnium-cultural-marcel-mauri-fa-una-crida-a-la-mobilitzacio-dissabte-per-exigir-la-llibertat-de-jordi-cuixart-i-jordi-sanchez\/\"},\"author\":{\"name\":\"Gemma Balsera\",\"@id\":\"https:\/\/www.omnium.cat\/ca\/#\/schema\/person\/83e4af0ffaa4831cc9f0ccb490dfca74\"},\"headline\":\"El portaveu d\u2019\u00d2mnium Cultural, Marcel Mauri, fa una crida a la mobilitzaci\u00f3 dissabte per exigir la llibertat de Jordi Cuixart i Jordi S\u00e0nchez\",\"datePublished\":\"2017-10-19T11:35:02+00:00\",\"dateModified\":\"2018-09-19T15:06:33+00:00\",\"mainEntityOfPage\":{\"@id\":\"https:\/\/www.omnium.cat\/ca\/el-portaveu-domnium-cultural-marcel-mauri-fa-una-crida-a-la-mobilitzacio-dissabte-per-exigir-la-llibertat-de-jordi-cuixart-i-jordi-sanchez\/\"},\"wordCount\":222,\"publisher\":{\"@id\":\"https:\/\/www.omnium.cat\/ca\/#organization\"},\"image\":{\"@id\":\"https:\/\/www.omnium.cat\/ca\/el-portaveu-domnium-cultural-marcel-mauri-fa-una-crida-a-la-mobilitzacio-dissabte-per-exigir-la-llibertat-de-jordi-cuixart-i-jordi-sanchez\/#primaryimage\"},\"thumbnailUrl\":\"https:\/\/cdn.omnium.cat\/wp-content\/uploads\/2017\/10\/01101705\/mauri_convo_mani_21_octubre.jpg\",\"articleSection\":[\"Uncategorized @oc\"],\"inLanguage\":\"ca\"},{\"@type\":\"WebPage\",\"@id\":\"https:\/\/www.omnium.cat\/ca\/el-portaveu-domnium-cultural-marcel-mauri-fa-una-crida-a-la-mobilitzacio-dissabte-per-exigir-la-llibertat-de-jordi-cuixart-i-jordi-sanchez\/\",\"url\":\"https:\/\/www.omnium.cat\/ca\/el-portaveu-domnium-cultural-marcel-mauri-fa-una-crida-a-la-mobilitzacio-dissabte-per-exigir-la-llibertat-de-jordi-cuixart-i-jordi-sanchez\/\",\"name\":\"El portaveu d\u2019\u00d2mnium Cultural, Marcel Mauri, fa una crida a la mobilitzaci\u00f3 dissabte per exigir la llibertat de Jordi Cuixart i Jordi S\u00e0nchez - \u00d2mnium Cultural\",\"isPartOf\":{\"@id\":\"https:\/\/www.omnium.cat\/ca\/#website\"},\"primaryImageOfPage\":{\"@id\":\"https:\/\/www.omnium.cat\/ca\/el-portaveu-domnium-cultural-marcel-mauri-fa-una-crida-a-la-mobilitzacio-dissabte-per-exigir-la-llibertat-de-jordi-cuixart-i-jordi-sanchez\/#primaryimage\"},\"image\":{\"@id\":\"https:\/\/www.omnium.cat\/ca\/el-portaveu-domnium-cultural-marcel-mauri-fa-una-crida-a-la-mobilitzacio-dissabte-per-exigir-la-llibertat-de-jordi-cuixart-i-jordi-sanchez\/#primaryimage\"},\"thumbnailUrl\":\"https:\/\/cdn.omnium.cat\/wp-content\/uploads\/2017\/10\/01101705\/mauri_convo_mani_21_octubre.jpg\",\"datePublished\":\"2017-10-19T11:35:02+00:00\",\"dateModified\":\"2018-09-19T15:06:33+00:00\",\"breadcrumb\":{\"@id\":\"https:\/\/www.omnium.cat\/ca\/el-portaveu-domnium-cultural-marcel-mauri-fa-una-crida-a-la-mobilitzacio-dissabte-per-exigir-la-llibertat-de-jordi-cuixart-i-jordi-sanchez\/#breadcrumb\"},\"inLanguage\":\"ca\",\"potentialAction\":[{\"@type\":\"ReadAction\",\"target\":[\"https:\/\/www.omnium.cat\/ca\/el-portaveu-domnium-cultural-marcel-mauri-fa-una-crida-a-la-mobilitzacio-dissabte-per-exigir-la-llibertat-de-jordi-cuixart-i-jordi-sanchez\/\"]}]},{\"@type\":\"ImageObject\",\"inLanguage\":\"ca\",\"@id\":\"https:\/\/www.omnium.cat\/ca\/el-portaveu-domnium-cultural-marcel-mauri-fa-una-crida-a-la-mobilitzacio-dissabte-per-exigir-la-llibertat-de-jordi-cuixart-i-jordi-sanchez\/#primaryimage\",\"url\":\"https:\/\/cdn.omnium.cat\/wp-content\/uploads\/2017\/10\/01101705\/mauri_convo_mani_21_octubre.jpg\",\"contentUrl\":\"https:\/\/cdn.omnium.cat\/wp-content\/uploads\/2017\/10\/01101705\/mauri_convo_mani_21_octubre.jpg\",\"width\":690,\"height\":458},{\"@type\":\"BreadcrumbList\",\"@id\":\"https:\/\/www.omnium.cat\/ca\/el-portaveu-domnium-cultural-marcel-mauri-fa-una-crida-a-la-mobilitzacio-dissabte-per-exigir-la-llibertat-de-jordi-cuixart-i-jordi-sanchez\/#breadcrumb\",\"itemListElement\":[{\"@type\":\"ListItem\",\"position\":1,\"name\":\"Inici\",\"item\":\"https:\/\/www.omnium.cat\/ca\/\"},{\"@type\":\"ListItem\",\"position\":2,\"name\":\"El portaveu d\u2019\u00d2mnium Cultural, Marcel Mauri, fa una crida a la mobilitzaci\u00f3 dissabte per exigir la llibertat de Jordi Cuixart i Jordi S\u00e0nchez\"}]},{\"@type\":\"WebSite\",\"@id\":\"https:\/\/www.omnium.cat\/ca\/#website\",\"url\":\"https:\/\/www.omnium.cat\/ca\/\",\"name\":\"\u00d2mnium Cultural\",\"description\":\"Llengua Cultura Pa\u00eds\",\"publisher\":{\"@id\":\"https:\/\/www.omnium.cat\/ca\/#organization\"},\"potentialAction\":[{\"@type\":\"SearchAction\",\"target\":{\"@type\":\"EntryPoint\",\"urlTemplate\":\"https:\/\/www.omnium.cat\/ca\/?s={search_term_string}\"},\"query-input\":{\"@type\":\"PropertyValueSpecification\",\"valueRequired\":true,\"valueName\":\"search_term_string\"}}],\"inLanguage\":\"ca\"},{\"@type\":\"Organization\",\"@id\":\"https:\/\/www.omnium.cat\/ca\/#organization\",\"name\":\"\u00d2mnium Cultural\",\"url\":\"https:\/\/www.omnium.cat\/ca\/\",\"logo\":{\"@type\":\"ImageObject\",\"inLanguage\":\"ca\",\"@id\":\"https:\/\/www.omnium.cat\/ca\/#\/schema\/logo\/image\/\",\"url\":\"https:\/\/cdn.omnium.cat\/wp-content\/uploads\/2019\/06\/01112517\/cropped-omnium_logo-1.png\",\"contentUrl\":\"https:\/\/cdn.omnium.cat\/wp-content\/uploads\/2019\/06\/01112517\/cropped-omnium_logo-1.png\",\"width\":1213,\"height\":262,\"caption\":\"\u00d2mnium Cultural\"},\"image\":{\"@id\":\"https:\/\/www.omnium.cat\/ca\/#\/schema\/logo\/image\/\"},\"sameAs\":[\"https:\/\/www.facebook.com\/omniumcultural\",\"https:\/\/x.com\/omnium\",\"https:\/\/www.instagram.com\/omniumcultural\/\",\"https:\/\/www.youtube.com\/user\/omniumcultural\"]},{\"@type\":\"Person\",\"@id\":\"https:\/\/www.omnium.cat\/ca\/#\/schema\/person\/83e4af0ffaa4831cc9f0ccb490dfca74\",\"name\":\"Gemma Balsera\",\"image\":{\"@type\":\"ImageObject\",\"inLanguage\":\"ca\",\"@id\":\"https:\/\/secure.gravatar.com\/avatar\/83283f4f3b1ae94262fc6591aa97559e13a55e9da0a21e00b3d108fe74ea1199?s=96&d=mm&r=g\",\"url\":\"https:\/\/secure.gravatar.com\/avatar\/83283f4f3b1ae94262fc6591aa97559e13a55e9da0a21e00b3d108fe74ea1199?s=96&d=mm&r=g\",\"contentUrl\":\"https:\/\/secure.gravatar.com\/avatar\/83283f4f3b1ae94262fc6591aa97559e13a55e9da0a21e00b3d108fe74ea1199?s=96&d=mm&r=g\",\"caption\":\"Gemma Balsera\"}}]}<\/script>\n<!-- \/ Yoast SEO plugin. -->","yoast_head_json":{"title":"El portaveu d\u2019\u00d2mnium Cultural, Marcel Mauri, fa una crida a la mobilitzaci\u00f3 dissabte per exigir la llibertat de Jordi Cuixart i Jordi S\u00e0nchez - \u00d2mnium Cultural","robots":{"index":"index","follow":"follow","max-snippet":"max-snippet:-1","max-image-preview":"max-image-preview:large","max-video-preview":"max-video-preview:-1"},"canonical":"https:\/\/www.omnium.cat\/ca\/el-portaveu-domnium-cultural-marcel-mauri-fa-una-crida-a-la-mobilitzacio-dissabte-per-exigir-la-llibertat-de-jordi-cuixart-i-jordi-sanchez\/","twitter_misc":{"Escrit per":"Gemma Balsera","Temps estimat de lectura":"1 minut"},"schema":{"@context":"https:\/\/schema.org","@graph":[{"@type":"Article","@id":"https:\/\/www.omnium.cat\/ca\/el-portaveu-domnium-cultural-marcel-mauri-fa-una-crida-a-la-mobilitzacio-dissabte-per-exigir-la-llibertat-de-jordi-cuixart-i-jordi-sanchez\/#article","isPartOf":{"@id":"https:\/\/www.omnium.cat\/ca\/el-portaveu-domnium-cultural-marcel-mauri-fa-una-crida-a-la-mobilitzacio-dissabte-per-exigir-la-llibertat-de-jordi-cuixart-i-jordi-sanchez\/"},"author":{"name":"Gemma Balsera","@id":"https:\/\/www.omnium.cat\/ca\/#\/schema\/person\/83e4af0ffaa4831cc9f0ccb490dfca74"},"headline":"El portaveu d\u2019\u00d2mnium Cultural, Marcel Mauri, fa una crida a la mobilitzaci\u00f3 dissabte per exigir la llibertat de Jordi Cuixart i Jordi S\u00e0nchez","datePublished":"2017-10-19T11:35:02+00:00","dateModified":"2018-09-19T15:06:33+00:00","mainEntityOfPage":{"@id":"https:\/\/www.omnium.cat\/ca\/el-portaveu-domnium-cultural-marcel-mauri-fa-una-crida-a-la-mobilitzacio-dissabte-per-exigir-la-llibertat-de-jordi-cuixart-i-jordi-sanchez\/"},"wordCount":222,"publisher":{"@id":"https:\/\/www.omnium.cat\/ca\/#organization"},"image":{"@id":"https:\/\/www.omnium.cat\/ca\/el-portaveu-domnium-cultural-marcel-mauri-fa-una-crida-a-la-mobilitzacio-dissabte-per-exigir-la-llibertat-de-jordi-cuixart-i-jordi-sanchez\/#primaryimage"},"thumbnailUrl":"https:\/\/cdn.omnium.cat\/wp-content\/uploads\/2017\/10\/01101705\/mauri_convo_mani_21_octubre.jpg","articleSection":["Uncategorized @oc"],"inLanguage":"ca"},{"@type":"WebPage","@id":"https:\/\/www.omnium.cat\/ca\/el-portaveu-domnium-cultural-marcel-mauri-fa-una-crida-a-la-mobilitzacio-dissabte-per-exigir-la-llibertat-de-jordi-cuixart-i-jordi-sanchez\/","url":"https:\/\/www.omnium.cat\/ca\/el-portaveu-domnium-cultural-marcel-mauri-fa-una-crida-a-la-mobilitzacio-dissabte-per-exigir-la-llibertat-de-jordi-cuixart-i-jordi-sanchez\/","name":"El portaveu d\u2019\u00d2mnium Cultural, Marcel Mauri, fa una crida a la mobilitzaci\u00f3 dissabte per exigir la llibertat de Jordi Cuixart i Jordi S\u00e0nchez - \u00d2mnium Cultural","isPartOf":{"@id":"https:\/\/www.omnium.cat\/ca\/#website"},"primaryImageOfPage":{"@id":"https:\/\/www.omnium.cat\/ca\/el-portaveu-domnium-cultural-marcel-mauri-fa-una-crida-a-la-mobilitzacio-dissabte-per-exigir-la-llibertat-de-jordi-cuixart-i-jordi-sanchez\/#primaryimage"},"image":{"@id":"https:\/\/www.omnium.cat\/ca\/el-portaveu-domnium-cultural-marcel-mauri-fa-una-crida-a-la-mobilitzacio-dissabte-per-exigir-la-llibertat-de-jordi-cuixart-i-jordi-sanchez\/#primaryimage"},"thumbnailUrl":"https:\/\/cdn.omnium.cat\/wp-content\/uploads\/2017\/10\/01101705\/mauri_convo_mani_21_octubre.jpg","datePublished":"2017-10-19T11:35:02+00:00","dateModified":"2018-09-19T15:06:33+00:00","breadcrumb":{"@id":"https:\/\/www.omnium.cat\/ca\/el-portaveu-domnium-cultural-marcel-mauri-fa-una-crida-a-la-mobilitzacio-dissabte-per-exigir-la-llibertat-de-jordi-cuixart-i-jordi-sanchez\/#breadcrumb"},"inLanguage":"ca","potentialAction":[{"@type":"ReadAction","target":["https:\/\/www.omnium.cat\/ca\/el-portaveu-domnium-cultural-marcel-mauri-fa-una-crida-a-la-mobilitzacio-dissabte-per-exigir-la-llibertat-de-jordi-cuixart-i-jordi-sanchez\/"]}]},{"@type":"ImageObject","inLanguage":"ca","@id":"https:\/\/www.omnium.cat\/ca\/el-portaveu-domnium-cultural-marcel-mauri-fa-una-crida-a-la-mobilitzacio-dissabte-per-exigir-la-llibertat-de-jordi-cuixart-i-jordi-sanchez\/#primaryimage","url":"https:\/\/cdn.omnium.cat\/wp-content\/uploads\/2017\/10\/01101705\/mauri_convo_mani_21_octubre.jpg","contentUrl":"https:\/\/cdn.omnium.cat\/wp-content\/uploads\/2017\/10\/01101705\/mauri_convo_mani_21_octubre.jpg","width":690,"height":458},{"@type":"BreadcrumbList","@id":"https:\/\/www.omnium.cat\/ca\/el-portaveu-domnium-cultural-marcel-mauri-fa-una-crida-a-la-mobilitzacio-dissabte-per-exigir-la-llibertat-de-jordi-cuixart-i-jordi-sanchez\/#breadcrumb","itemListElement":[{"@type":"ListItem","position":1,"name":"Inici","item":"https:\/\/www.omnium.cat\/ca\/"},{"@type":"ListItem","position":2,"name":"El portaveu d\u2019\u00d2mnium Cultural, Marcel Mauri, fa una crida a la mobilitzaci\u00f3 dissabte per exigir la llibertat de Jordi Cuixart i Jordi S\u00e0nchez"}]},{"@type":"WebSite","@id":"https:\/\/www.omnium.cat\/ca\/#website","url":"https:\/\/www.omnium.cat\/ca\/","name":"\u00d2mnium Cultural","description":"Llengua Cultura Pa\u00eds","publisher":{"@id":"https:\/\/www.omnium.cat\/ca\/#organization"},"potentialAction":[{"@type":"SearchAction","target":{"@type":"EntryPoint","urlTemplate":"https:\/\/www.omnium.cat\/ca\/?s={search_term_string}"},"query-input":{"@type":"PropertyValueSpecification","valueRequired":true,"valueName":"search_term_string"}}],"inLanguage":"ca"},{"@type":"Organization","@id":"https:\/\/www.omnium.cat\/ca\/#organization","name":"\u00d2mnium Cultural","url":"https:\/\/www.omnium.cat\/ca\/","logo":{"@type":"ImageObject","inLanguage":"ca","@id":"https:\/\/www.omnium.cat\/ca\/#\/schema\/logo\/image\/","url":"https:\/\/cdn.omnium.cat\/wp-content\/uploads\/2019\/06\/01112517\/cropped-omnium_logo-1.png","contentUrl":"https:\/\/cdn.omnium.cat\/wp-content\/uploads\/2019\/06\/01112517\/cropped-omnium_logo-1.png","width":1213,"height":262,"caption":"\u00d2mnium Cultural"},"image":{"@id":"https:\/\/www.omnium.cat\/ca\/#\/schema\/logo\/image\/"},"sameAs":["https:\/\/www.facebook.com\/omniumcultural","https:\/\/x.com\/omnium","https:\/\/www.instagram.com\/omniumcultural\/","https:\/\/www.youtube.com\/user\/omniumcultural"]},{"@type":"Person","@id":"https:\/\/www.omnium.cat\/ca\/#\/schema\/person\/83e4af0ffaa4831cc9f0ccb490dfca74","name":"Gemma Balsera","image":{"@type":"ImageObject","inLanguage":"ca","@id":"https:\/\/secure.gravatar.com\/avatar\/83283f4f3b1ae94262fc6591aa97559e13a55e9da0a21e00b3d108fe74ea1199?s=96&d=mm&r=g","url":"https:\/\/secure.gravatar.com\/avatar\/83283f4f3b1ae94262fc6591aa97559e13a55e9da0a21e00b3d108fe74ea1199?s=96&d=mm&r=g","contentUrl":"https:\/\/secure.gravatar.com\/avatar\/83283f4f3b1ae94262fc6591aa97559e13a55e9da0a21e00b3d108fe74ea1199?s=96&d=mm&r=g","caption":"Gemma Balsera"}}]}},"_links":{"self":[{"href":"https:\/\/www.omnium.cat\/ca\/wp-json\/wp\/v2\/posts\/15739","targetHints":{"allow":["GET"]}}],"collection":[{"href":"https:\/\/www.omnium.cat\/ca\/wp-json\/wp\/v2\/posts"}],"about":[{"href":"https:\/\/www.omnium.cat\/ca\/wp-json\/wp\/v2\/types\/post"}],"author":[{"embeddable":true,"href":"https:\/\/www.omnium.cat\/ca\/wp-json\/wp\/v2\/users\/112"}],"replies":[{"embeddable":true,"href":"https:\/\/www.omnium.cat\/ca\/wp-json\/wp\/v2\/comments?post=15739"}],"version-history":[{"count":1,"href":"https:\/\/www.omnium.cat\/ca\/wp-json\/wp\/v2\/posts\/15739\/revisions"}],"predecessor-version":[{"id":160490,"href":"https:\/\/www.omnium.cat\/ca\/wp-json\/wp\/v2\/posts\/15739\/revisions\/160490"}],"wp:featuredmedia":[{"embeddable":true,"href":"https:\/\/www.omnium.cat\/ca\/wp-json\/wp\/v2\/media\/15740"}],"wp:attachment":[{"href":"https:\/\/www.omnium.cat\/ca\/wp-json\/wp\/v2\/media?parent=15739"}],"wp:term":[{"taxonomy":"category","embeddable":true,"href":"https:\/\/www.omnium.cat\/ca\/wp-json\/wp\/v2\/categories?post=15739"},{"taxonomy":"post_tag","embeddable":true,"href":"https:\/\/www.omnium.cat\/ca\/wp-json\/wp\/v2\/tags?post=15739"},{"taxonomy":"post_headquarter","embeddable":true,"href":"https:\/\/www.omnium.cat\/ca\/wp-json\/wp\/v2\/post_headquarter?post=15739"},{"taxonomy":"post_project","embeddable":true,"href":"https:\/\/www.omnium.cat\/ca\/wp-json\/wp\/v2\/post_project?post=15739"}],"curies":[{"name":"wp","href":"https:\/\/api.w.org\/{rel}","templated":true}]}}