{"id":16295,"date":"2018-01-26T09:44:14","date_gmt":"2018-01-26T07:44:14","guid":{"rendered":"http:\/\/omnium.whads.com\/sopar-groc-solidari\/"},"modified":"2018-01-26T09:44:14","modified_gmt":"2018-01-26T07:44:14","slug":"sopar-groc-solidari","status":"publish","type":"post","link":"https:\/\/www.omnium.cat\/ca\/sopar-groc-solidari\/","title":{"rendered":"Sopar Groc Solidari"},"content":{"rendered":"<p align=\"left\" lang=\"ca-ES\" style=\"margin-bottom: 0cm; border: none; padding: 0cm; line-height: 100%;\"><font color=\"#000000\"><font face=\"Verdana, serif\"><font style=\"font-size: 10pt\"><b>\u00d2mnium Alt Urgell<\/b> organitza un <b>Sopar Groc Solidari<\/b>, divendres, 9 de febrer, a les 21:00 h.<\/font><\/font><\/font><\/p>\n<p align=\"left\" lang=\"ca-ES\" style=\"margin-bottom: 0cm; border: none; padding: 0cm; line-height: 100%;\"><font color=\"#000000\"><font face=\"Verdana, serif\"><font style=\"font-size: 10pt\">El sopar tindr\u00e0 lloc a la sala polivalent del <b>Centre C\u00edvic de la Seu d\u2019Urgell<\/b>, i consistir\u00e0 en un bufet a c\u00e0rrec dels xefs <b>Mireia Bosch<\/b> i<b> Josep <\/b><b>B<\/b><b>aeta<\/b>.<\/font><\/font><\/font><\/p>\n<p align=\"left\" lang=\"ca-ES\" style=\"margin-bottom: 0cm; border: none; padding: 0cm; line-height: 100%;\">\n\t<span style=\"font-size: 10pt; font-family: Verdana, serif; color: rgb(0, 0, 0);\">Despr\u00e9s del sopar, en <strong>Pep Lizandra<\/strong> ens animar\u00e0 amb una cantada reivindicativa.<\/span><\/p>\n<p align=\"left\" lang=\"ca-ES\" style=\"margin-bottom: 0cm; border: none; padding: 0cm; line-height: 100%;\">\n\t<span style=\"font-size: 10pt; font-family: Verdana, serif; color: rgb(0, 0, 0);\">El preu \u00e9s d<\/span><span style=\"font-size: 10pt; font-family: Verdana, serif; color: rgb(0, 0, 0); background-image: initial; background-position: initial; background-size: initial; background-repeat: initial; background-attachment: initial; background-origin: initial; background-clip: initial;\">e <\/span><b style=\"font-size: 10pt; font-family: Verdana, serif; color: rgb(0, 0, 0);\"><span style=\"background-image: initial; background-position: initial; background-size: initial; background-repeat: initial; background-attachment: initial; background-origin: initial; background-clip: initial;\">2<\/span><\/b><b style=\"font-size: 10pt; font-family: Verdana, serif; color: rgb(0, 0, 0);\"><span style=\"background-image: initial; background-position: initial; background-size: initial; background-repeat: initial; background-attachment: initial; background-origin: initial; background-clip: initial;\">5<\/span><\/b><b style=\"font-size: 10pt; font-family: Verdana, serif; color: rgb(0, 0, 0);\"><span style=\"background-image: initial; background-position: initial; background-size: initial; background-repeat: initial; background-attachment: initial; background-origin: initial; background-clip: initial;\">\u20ac<\/span><\/b><span style=\"font-size: 10pt; font-family: Verdana, serif; color: rgb(0, 0, 0); background-image: initial; background-position: initial; background-size: initial; background-repeat: initial; background-attachment: initial; background-origin: initial; background-clip: initial;\">, els q<\/span><span style=\"font-size: 10pt; font-family: Verdana, serif; color: rgb(0, 0, 0);\">uals es destinaran a la <\/span><b style=\"font-size: 10pt; font-family: Verdana, serif; color: rgb(0, 0, 0);\">Caixa de Solidaritat<\/b><span style=\"font-size: 10pt; font-family: Verdana, serif; color: rgb(0, 0, 0);\">.<\/span><\/p>\n<p align=\"left\" lang=\"ca-ES\" style=\"margin-bottom: 0cm; border: none; padding: 0cm; line-height: 100%;\"><font color=\"#000000\"><font face=\"Verdana, serif\"><font style=\"font-size: 10pt\">Les places s\u00f3n limitades.<\/font><\/font><\/font><br \/>\n\t&nbsp;<\/p>\n<p align=\"left\" lang=\"ca-ES\" style=\"margin-bottom: 0cm; border: none; padding: 0cm; line-height: 100%;\"><span style=\"font-size: 10pt; font-family: Verdana, serif; color: rgb(0, 0, 0);\">La <\/span><b style=\"font-size: 10pt; font-family: Verdana, serif; color: rgb(0, 0, 0);\">venda<\/b><b style=\"font-size: 10pt; font-family: Verdana, serif; color: rgb(0, 0, 0);\"> de tiquets<\/b><span style=\"font-size: 10pt; font-family: Verdana, serif; color: rgb(0, 0, 0);\"> \u00e9s anticipada <\/span><b style=\"font-size: 10pt; font-family: Verdana, serif; color: rgb(0, 0, 0);\">fins<\/b><b style=\"font-size: 10pt; font-family: Verdana, serif; color: rgb(0, 0, 0);\"> al <\/b><b style=\"font-size: 10pt; font-family: Verdana, serif; color: rgb(0, 0, 0);\">5<\/b><b style=\"font-size: 10pt; font-family: Verdana, serif; color: rgb(0, 0, 0);\"> de febrer<\/b><span style=\"font-size: 10pt; font-family: Verdana, serif; color: rgb(0, 0, 0);\"> a:<\/span><br \/>\n\t&nbsp;<\/p>\n<p align=\"left\" lang=\"ca-ES\" style=\"margin-bottom: 0cm; border: none; padding: 0cm; line-height: 100%;\"><b style=\"font-size: 10pt; font-family: &quot;HelveticaNeueLT Std&quot;, sans-serif;\">La Boh\u00e8me<\/b><span style=\"font-size: 10pt; font-family: &quot;HelveticaNeueLT Std&quot;, sans-serif;\">,<\/span><b style=\"font-size: 10pt; font-family: &quot;HelveticaNeueLT Std&quot;, sans-serif;\"> <\/b><span style=\"font-size: 10pt; font-family: &quot;HelveticaNeueLT Std&quot;, sans-serif;\">C. Sant Josep de Calassan\u00e7, 1, La Seu d\u2019Urgell<\/span><\/p>\n<p>\t<b style=\"font-size: 10pt; font-family: &quot;HelveticaNeueLT Std&quot;, sans-serif;\">Mal\u00e9, moda i complements<\/b><span style=\"font-size: 10pt; font-family: &quot;HelveticaNeueLT Std&quot;, sans-serif;\">,<\/span><b style=\"font-size: 10pt; font-family: &quot;HelveticaNeueLT Std&quot;, sans-serif;\"> <\/b><span style=\"font-size: 10pt; font-family: &quot;HelveticaNeueLT Std&quot;, sans-serif;\">C. Joaquim Viola Lafuerza, 11<\/span><span style=\"background: transparent; font-size: 10pt; font-family: &quot;HelveticaNeueLT Std&quot;, sans-serif;\">, <\/span><span style=\"background: transparent; font-size: 10pt; font-family: &quot;HelveticaNeueLT Std&quot;, sans-serif;\">La Seu d\u2019Urgell<\/span><\/p>\n<p>\t<b style=\"font-size: 10pt; font-family: &quot;HelveticaNeueLT Std&quot;, sans-serif;\">Cal\u00e7ats S\u00edlvia<\/b><span style=\"font-size: 10pt; font-family: &quot;HelveticaNeueLT Std&quot;, sans-serif;\">, <\/span><font color=\"#000000\" style=\"font-size: 10pt; font-family: &quot;HelveticaNeueLT Std&quot;, sans-serif;\"><span style=\"background: transparent\">C. dels Canonges, 44, <\/span><\/font><font color=\"#000000\" style=\"font-size: 10pt; font-family: &quot;HelveticaNeueLT Std&quot;, sans-serif;\"><span style=\"background: transparent\">La Seu d\u2019Urgell<\/span><\/font><\/p>\n<p>\t<b style=\"font-size: 10pt; font-family: &quot;HelveticaNeueLT Std&quot;, sans-serif;\"><font color=\"#000000\"><span style=\"background: transparent\">Art Teler<\/span><\/font><\/b><font color=\"#000000\" style=\"font-size: 10pt; font-family: &quot;HelveticaNeueLT Std&quot;, sans-serif;\"><span style=\"background: transparent\">, Ctra. Lleida, s\/n i C. Major, 26, Organy\u00e0<\/span><\/font><br \/>\n\t&nbsp;<\/p>\n<p align=\"left\" lang=\"ca-ES\" style=\"margin-bottom: 0cm; border: none; padding: 0cm; line-height: 100%;\">&nbsp;<\/p>\n<p align=\"left\" lang=\"ca-ES\" style=\"margin-bottom: 0cm; border: none; padding: 0cm; line-height: 100%;\"><span style=\"font-size: 10pt; font-family: Verdana, serif; color: rgb(0, 0, 0);\">Si no pots venir al sopar per\u00f2 vols col\u00b7laborar, pots comprar el tiquet FILA O als mateixos punts de venda.<\/span><br \/>\n\t&nbsp;<\/p>\n<p align=\"left\" class=\"-resposta-western\" lang=\"ca-ES\" style=\"border: none; padding: 0cm; line-height: 100%;\"><span style=\"font-size: 10pt; font-family: Verdana, serif; color: rgb(0, 0, 0);\">Col\u00b7laboren ANC Alt Urgell, l\u2019Ajuntament de la Seu d\u2019Urgell, el Consell Comarcal de l\u2019Alt Urgell, Mal\u00e9 moda i complements, Cal\u00e7ats S\u00edlvia, La Boh\u00e8me moda i Art Teler.<\/span><\/p>\n<p align=\"left\" lang=\"ca-ES\" style=\"margin-bottom: 0cm; border: none; padding: 0cm; line-height: 100%;\">&nbsp;<\/p>\n","protected":false},"excerpt":{"rendered":"<p>Divendres, 9 de febrer \u00d2mnium Alt Urgell organitza un Sopar Groc Solidari a la sala polivalent del Centre C\u00edvic de la Seu d\u2019Urgell<\/p>\n","protected":false},"author":120,"featured_media":16296,"comment_status":"closed","ping_status":"open","sticky":false,"template":"","format":"standard","meta":{"_acf_changed":false,"footnotes":""},"categories":[1],"tags":[],"post_headquarter":[1755],"post_project":[],"class_list":["post-16295","post","type-post","status-publish","format-standard","has-post-thumbnail","hentry","category-uncategorized-ca","post_headquarter-alt-urgell"],"acf":[],"yoast_head":"<!-- This site is optimized with the Yoast SEO plugin v27.2 - https:\/\/yoast.com\/product\/yoast-seo-wordpress\/ -->\n<title>Sopar Groc Solidari - \u00d2mnium Cultural<\/title>\n<meta name=\"robots\" content=\"index, follow, max-snippet:-1, max-image-preview:large, max-video-preview:-1\" \/>\n<link rel=\"canonical\" href=\"https:\/\/www.omnium.cat\/ca\/sopar-groc-solidari\/\" \/>\n<meta name=\"twitter:label1\" content=\"Escrit per\" \/>\n\t<meta name=\"twitter:data1\" content=\"Ester Farran\" \/>\n\t<meta name=\"twitter:label2\" content=\"Temps estimat de lectura\" \/>\n\t<meta name=\"twitter:data2\" content=\"1 minut\" \/>\n<script type=\"application\/ld+json\" class=\"yoast-schema-graph\">{\"@context\":\"https:\/\/schema.org\",\"@graph\":[{\"@type\":\"Article\",\"@id\":\"https:\/\/www.omnium.cat\/ca\/sopar-groc-solidari\/#article\",\"isPartOf\":{\"@id\":\"https:\/\/www.omnium.cat\/ca\/sopar-groc-solidari\/\"},\"author\":{\"name\":\"Ester Farran\",\"@id\":\"https:\/\/www.omnium.cat\/ca\/#\/schema\/person\/674595ad5425f18cd8d76ecb0c221b4b\"},\"headline\":\"Sopar Groc Solidari\",\"datePublished\":\"2018-01-26T07:44:14+00:00\",\"mainEntityOfPage\":{\"@id\":\"https:\/\/www.omnium.cat\/ca\/sopar-groc-solidari\/\"},\"wordCount\":200,\"publisher\":{\"@id\":\"https:\/\/www.omnium.cat\/ca\/#organization\"},\"image\":{\"@id\":\"https:\/\/www.omnium.cat\/ca\/sopar-groc-solidari\/#primaryimage\"},\"thumbnailUrl\":\"https:\/\/cdn.omnium.cat\/wp-content\/uploads\/2018\/01\/01101311\/img-20180125-wa0013.jpg\",\"articleSection\":[\"Uncategorized @oc\"],\"inLanguage\":\"ca\"},{\"@type\":\"WebPage\",\"@id\":\"https:\/\/www.omnium.cat\/ca\/sopar-groc-solidari\/\",\"url\":\"https:\/\/www.omnium.cat\/ca\/sopar-groc-solidari\/\",\"name\":\"Sopar Groc Solidari - \u00d2mnium Cultural\",\"isPartOf\":{\"@id\":\"https:\/\/www.omnium.cat\/ca\/#website\"},\"primaryImageOfPage\":{\"@id\":\"https:\/\/www.omnium.cat\/ca\/sopar-groc-solidari\/#primaryimage\"},\"image\":{\"@id\":\"https:\/\/www.omnium.cat\/ca\/sopar-groc-solidari\/#primaryimage\"},\"thumbnailUrl\":\"https:\/\/cdn.omnium.cat\/wp-content\/uploads\/2018\/01\/01101311\/img-20180125-wa0013.jpg\",\"datePublished\":\"2018-01-26T07:44:14+00:00\",\"breadcrumb\":{\"@id\":\"https:\/\/www.omnium.cat\/ca\/sopar-groc-solidari\/#breadcrumb\"},\"inLanguage\":\"ca\",\"potentialAction\":[{\"@type\":\"ReadAction\",\"target\":[\"https:\/\/www.omnium.cat\/ca\/sopar-groc-solidari\/\"]}]},{\"@type\":\"ImageObject\",\"inLanguage\":\"ca\",\"@id\":\"https:\/\/www.omnium.cat\/ca\/sopar-groc-solidari\/#primaryimage\",\"url\":\"https:\/\/cdn.omnium.cat\/wp-content\/uploads\/2018\/01\/01101311\/img-20180125-wa0013.jpg\",\"contentUrl\":\"https:\/\/cdn.omnium.cat\/wp-content\/uploads\/2018\/01\/01101311\/img-20180125-wa0013.jpg\",\"width\":690,\"height\":345},{\"@type\":\"BreadcrumbList\",\"@id\":\"https:\/\/www.omnium.cat\/ca\/sopar-groc-solidari\/#breadcrumb\",\"itemListElement\":[{\"@type\":\"ListItem\",\"position\":1,\"name\":\"Inici\",\"item\":\"https:\/\/www.omnium.cat\/ca\/\"},{\"@type\":\"ListItem\",\"position\":2,\"name\":\"Sopar Groc Solidari\"}]},{\"@type\":\"WebSite\",\"@id\":\"https:\/\/www.omnium.cat\/ca\/#website\",\"url\":\"https:\/\/www.omnium.cat\/ca\/\",\"name\":\"\u00d2mnium Cultural\",\"description\":\"Llengua Cultura Pa\u00eds\",\"publisher\":{\"@id\":\"https:\/\/www.omnium.cat\/ca\/#organization\"},\"potentialAction\":[{\"@type\":\"SearchAction\",\"target\":{\"@type\":\"EntryPoint\",\"urlTemplate\":\"https:\/\/www.omnium.cat\/ca\/?s={search_term_string}\"},\"query-input\":{\"@type\":\"PropertyValueSpecification\",\"valueRequired\":true,\"valueName\":\"search_term_string\"}}],\"inLanguage\":\"ca\"},{\"@type\":\"Organization\",\"@id\":\"https:\/\/www.omnium.cat\/ca\/#organization\",\"name\":\"\u00d2mnium Cultural\",\"url\":\"https:\/\/www.omnium.cat\/ca\/\",\"logo\":{\"@type\":\"ImageObject\",\"inLanguage\":\"ca\",\"@id\":\"https:\/\/www.omnium.cat\/ca\/#\/schema\/logo\/image\/\",\"url\":\"https:\/\/cdn.omnium.cat\/wp-content\/uploads\/2019\/06\/01112517\/cropped-omnium_logo-1.png\",\"contentUrl\":\"https:\/\/cdn.omnium.cat\/wp-content\/uploads\/2019\/06\/01112517\/cropped-omnium_logo-1.png\",\"width\":1213,\"height\":262,\"caption\":\"\u00d2mnium Cultural\"},\"image\":{\"@id\":\"https:\/\/www.omnium.cat\/ca\/#\/schema\/logo\/image\/\"},\"sameAs\":[\"https:\/\/www.facebook.com\/omniumcultural\",\"https:\/\/x.com\/omnium\",\"https:\/\/www.instagram.com\/omniumcultural\/\",\"https:\/\/www.youtube.com\/user\/omniumcultural\"]},{\"@type\":\"Person\",\"@id\":\"https:\/\/www.omnium.cat\/ca\/#\/schema\/person\/674595ad5425f18cd8d76ecb0c221b4b\",\"name\":\"Ester Farran\",\"image\":{\"@type\":\"ImageObject\",\"inLanguage\":\"ca\",\"@id\":\"https:\/\/secure.gravatar.com\/avatar\/2ba386de72582248d451bdcfad197ad74fbc2d20d3014092a082fddc24bb403c?s=96&d=mm&r=g\",\"url\":\"https:\/\/secure.gravatar.com\/avatar\/2ba386de72582248d451bdcfad197ad74fbc2d20d3014092a082fddc24bb403c?s=96&d=mm&r=g\",\"contentUrl\":\"https:\/\/secure.gravatar.com\/avatar\/2ba386de72582248d451bdcfad197ad74fbc2d20d3014092a082fddc24bb403c?s=96&d=mm&r=g\",\"caption\":\"Ester Farran\"}}]}<\/script>\n<!-- \/ Yoast SEO plugin. -->","yoast_head_json":{"title":"Sopar Groc Solidari - \u00d2mnium Cultural","robots":{"index":"index","follow":"follow","max-snippet":"max-snippet:-1","max-image-preview":"max-image-preview:large","max-video-preview":"max-video-preview:-1"},"canonical":"https:\/\/www.omnium.cat\/ca\/sopar-groc-solidari\/","twitter_misc":{"Escrit per":"Ester Farran","Temps estimat de lectura":"1 minut"},"schema":{"@context":"https:\/\/schema.org","@graph":[{"@type":"Article","@id":"https:\/\/www.omnium.cat\/ca\/sopar-groc-solidari\/#article","isPartOf":{"@id":"https:\/\/www.omnium.cat\/ca\/sopar-groc-solidari\/"},"author":{"name":"Ester Farran","@id":"https:\/\/www.omnium.cat\/ca\/#\/schema\/person\/674595ad5425f18cd8d76ecb0c221b4b"},"headline":"Sopar Groc Solidari","datePublished":"2018-01-26T07:44:14+00:00","mainEntityOfPage":{"@id":"https:\/\/www.omnium.cat\/ca\/sopar-groc-solidari\/"},"wordCount":200,"publisher":{"@id":"https:\/\/www.omnium.cat\/ca\/#organization"},"image":{"@id":"https:\/\/www.omnium.cat\/ca\/sopar-groc-solidari\/#primaryimage"},"thumbnailUrl":"https:\/\/cdn.omnium.cat\/wp-content\/uploads\/2018\/01\/01101311\/img-20180125-wa0013.jpg","articleSection":["Uncategorized @oc"],"inLanguage":"ca"},{"@type":"WebPage","@id":"https:\/\/www.omnium.cat\/ca\/sopar-groc-solidari\/","url":"https:\/\/www.omnium.cat\/ca\/sopar-groc-solidari\/","name":"Sopar Groc Solidari - \u00d2mnium Cultural","isPartOf":{"@id":"https:\/\/www.omnium.cat\/ca\/#website"},"primaryImageOfPage":{"@id":"https:\/\/www.omnium.cat\/ca\/sopar-groc-solidari\/#primaryimage"},"image":{"@id":"https:\/\/www.omnium.cat\/ca\/sopar-groc-solidari\/#primaryimage"},"thumbnailUrl":"https:\/\/cdn.omnium.cat\/wp-content\/uploads\/2018\/01\/01101311\/img-20180125-wa0013.jpg","datePublished":"2018-01-26T07:44:14+00:00","breadcrumb":{"@id":"https:\/\/www.omnium.cat\/ca\/sopar-groc-solidari\/#breadcrumb"},"inLanguage":"ca","potentialAction":[{"@type":"ReadAction","target":["https:\/\/www.omnium.cat\/ca\/sopar-groc-solidari\/"]}]},{"@type":"ImageObject","inLanguage":"ca","@id":"https:\/\/www.omnium.cat\/ca\/sopar-groc-solidari\/#primaryimage","url":"https:\/\/cdn.omnium.cat\/wp-content\/uploads\/2018\/01\/01101311\/img-20180125-wa0013.jpg","contentUrl":"https:\/\/cdn.omnium.cat\/wp-content\/uploads\/2018\/01\/01101311\/img-20180125-wa0013.jpg","width":690,"height":345},{"@type":"BreadcrumbList","@id":"https:\/\/www.omnium.cat\/ca\/sopar-groc-solidari\/#breadcrumb","itemListElement":[{"@type":"ListItem","position":1,"name":"Inici","item":"https:\/\/www.omnium.cat\/ca\/"},{"@type":"ListItem","position":2,"name":"Sopar Groc Solidari"}]},{"@type":"WebSite","@id":"https:\/\/www.omnium.cat\/ca\/#website","url":"https:\/\/www.omnium.cat\/ca\/","name":"\u00d2mnium Cultural","description":"Llengua Cultura Pa\u00eds","publisher":{"@id":"https:\/\/www.omnium.cat\/ca\/#organization"},"potentialAction":[{"@type":"SearchAction","target":{"@type":"EntryPoint","urlTemplate":"https:\/\/www.omnium.cat\/ca\/?s={search_term_string}"},"query-input":{"@type":"PropertyValueSpecification","valueRequired":true,"valueName":"search_term_string"}}],"inLanguage":"ca"},{"@type":"Organization","@id":"https:\/\/www.omnium.cat\/ca\/#organization","name":"\u00d2mnium Cultural","url":"https:\/\/www.omnium.cat\/ca\/","logo":{"@type":"ImageObject","inLanguage":"ca","@id":"https:\/\/www.omnium.cat\/ca\/#\/schema\/logo\/image\/","url":"https:\/\/cdn.omnium.cat\/wp-content\/uploads\/2019\/06\/01112517\/cropped-omnium_logo-1.png","contentUrl":"https:\/\/cdn.omnium.cat\/wp-content\/uploads\/2019\/06\/01112517\/cropped-omnium_logo-1.png","width":1213,"height":262,"caption":"\u00d2mnium Cultural"},"image":{"@id":"https:\/\/www.omnium.cat\/ca\/#\/schema\/logo\/image\/"},"sameAs":["https:\/\/www.facebook.com\/omniumcultural","https:\/\/x.com\/omnium","https:\/\/www.instagram.com\/omniumcultural\/","https:\/\/www.youtube.com\/user\/omniumcultural"]},{"@type":"Person","@id":"https:\/\/www.omnium.cat\/ca\/#\/schema\/person\/674595ad5425f18cd8d76ecb0c221b4b","name":"Ester Farran","image":{"@type":"ImageObject","inLanguage":"ca","@id":"https:\/\/secure.gravatar.com\/avatar\/2ba386de72582248d451bdcfad197ad74fbc2d20d3014092a082fddc24bb403c?s=96&d=mm&r=g","url":"https:\/\/secure.gravatar.com\/avatar\/2ba386de72582248d451bdcfad197ad74fbc2d20d3014092a082fddc24bb403c?s=96&d=mm&r=g","contentUrl":"https:\/\/secure.gravatar.com\/avatar\/2ba386de72582248d451bdcfad197ad74fbc2d20d3014092a082fddc24bb403c?s=96&d=mm&r=g","caption":"Ester Farran"}}]}},"_links":{"self":[{"href":"https:\/\/www.omnium.cat\/ca\/wp-json\/wp\/v2\/posts\/16295","targetHints":{"allow":["GET"]}}],"collection":[{"href":"https:\/\/www.omnium.cat\/ca\/wp-json\/wp\/v2\/posts"}],"about":[{"href":"https:\/\/www.omnium.cat\/ca\/wp-json\/wp\/v2\/types\/post"}],"author":[{"embeddable":true,"href":"https:\/\/www.omnium.cat\/ca\/wp-json\/wp\/v2\/users\/120"}],"replies":[{"embeddable":true,"href":"https:\/\/www.omnium.cat\/ca\/wp-json\/wp\/v2\/comments?post=16295"}],"version-history":[{"count":0,"href":"https:\/\/www.omnium.cat\/ca\/wp-json\/wp\/v2\/posts\/16295\/revisions"}],"wp:featuredmedia":[{"embeddable":true,"href":"https:\/\/www.omnium.cat\/ca\/wp-json\/wp\/v2\/media\/16296"}],"wp:attachment":[{"href":"https:\/\/www.omnium.cat\/ca\/wp-json\/wp\/v2\/media?parent=16295"}],"wp:term":[{"taxonomy":"category","embeddable":true,"href":"https:\/\/www.omnium.cat\/ca\/wp-json\/wp\/v2\/categories?post=16295"},{"taxonomy":"post_tag","embeddable":true,"href":"https:\/\/www.omnium.cat\/ca\/wp-json\/wp\/v2\/tags?post=16295"},{"taxonomy":"post_headquarter","embeddable":true,"href":"https:\/\/www.omnium.cat\/ca\/wp-json\/wp\/v2\/post_headquarter?post=16295"},{"taxonomy":"post_project","embeddable":true,"href":"https:\/\/www.omnium.cat\/ca\/wp-json\/wp\/v2\/post_project?post=16295"}],"curies":[{"name":"wp","href":"https:\/\/api.w.org\/{rel}","templated":true}]}}