{"id":16615,"date":"2018-03-12T17:13:38","date_gmt":"2018-03-12T15:13:38","guid":{"rendered":"http:\/\/omnium.whads.com\/quedem-saps-que-es-lart-electronic\/"},"modified":"2018-03-12T17:13:38","modified_gmt":"2018-03-12T15:13:38","slug":"quedem-saps-que-es-lart-electronic","status":"publish","type":"post","link":"https:\/\/www.omnium.cat\/ca\/quedem-saps-que-es-lart-electronic\/","title":{"rendered":"Quedem? Saps qu\u00e8 \u00e9s l&#8217;art electr\u00f2nic?"},"content":{"rendered":"<div dir=\"auto\">\n\t&nbsp;<\/div>\n<div dir=\"auto\">\n\tLa col.lecci\u00f3 Beep d&#8217;Art Electr\u00f2nic va ser una explosi\u00f3 de sensacions que revolucionaren els nostres sentits i que ens captivaren a tots, petits i grans, tot escoltant la guia de C\u00f2dol, que, no sols molt did\u00e0cticament ens explicava les obres de l&#8217;exposici\u00f3, fent un recorregut cronol\u00f2gic (dels anys 70 fins a 2016), sin\u00f3 que feia que tots hi particip\u00e9ssim activament i que en gaud\u00edssim.<br \/>\n\t&nbsp;<\/div>\n<div dir=\"auto\">\n\tObres impactants i sorprenents, d&#8217;artistes reconeguts d&#8217;arreu del m\u00f3n, d&#8217;art sonor, visual,&nbsp; de rob\u00f2tica, de bio-art, un ventall immens d&#8217;obres d&#8217;un m\u00f3n aparentment fred i est\u00e0tic i que aqu\u00ed es descobreix com un m\u00f3n ple d&#8217;infinites possibilitats creatives que no deixaven de sorprendre&#8217;ns i que ens feia reflexionar sobre altres maneres de veure l&#8217;art.<br \/>\n\t&nbsp;<\/div>\n<div dir=\"auto\">\n\tObres com l&#8217;artista que s&#8217;injecta un xip;la v\u00eddeodansa d&#8217; ombres de ballarines;la instal\u00b7laci\u00f3 que ens retrata des de diferents perspectives; v\u00eddeos de bra\u00e7os que gesticulen expressats en codis; tecles desmanegades reciclades que cobren vida; llums que creen formes; retrats fotogr\u00e0fics des de nous punts de vista; un aparell que plasma dibuixos extrets d&#8217;Internet; v\u00eddeos de milers de mosques que es mouen i en apropar-nos esdevenen el nostre reflex; un pilar de fusta, com un tronc que exprea les nostres emocions al abra\u00e7ar-lo&#8230;i un munt d&#8217;obres m\u00e9s.<br \/>\n\t&nbsp;<\/div>\n<div dir=\"auto\">\n\tObres, les m\u00e9s &#8220;antigues&#8221;,que van ser immovadores i revolucion\u00e0ries en el seu temps i que, amb les m\u00e9s actuals, mantenen encara la seva m\u00e0gia, all\u00f2 especial que ens mant\u00e9 &#8220;enganxats a la pantalla&#8221;, en aquest cas, a l&#8217;exposici\u00f3, molt recomanable i que va fer que vei\u00e9ssim les noves tecnologies d&#8217;una altra manera, sobretot interactuant amb les obres.<br \/>\n\t&nbsp;<\/div>\n<div dir=\"auto\">\n\tUna proposta exitosa del Quedem.<\/div>\n<div dir=\"auto\">\n\t&nbsp;<\/div>\n<div dir=\"auto\">\n\tCarolina Escoda<\/p>\n<p>\tSeguiu aqu\u00ed la <a href=\"https:\/\/www.facebook.com\/media\/set\/?set=a.1578652325503824.1073741893.103544566347948&amp;type=1&amp;l=930bddb2ed\">galeria de fotos<\/a> de la trobada.<\/p>\n<p>\t&nbsp;<\/p><\/div>\n","protected":false},"excerpt":{"rendered":"<p>Petita cr\u00f2nica de la darrera sortida del Quedem? al Baix Camp (febrer 2018) a c\u00e0rrec de la Carolina Escoda.<\/p>\n","protected":false},"author":61,"featured_media":16616,"comment_status":"closed","ping_status":"open","sticky":false,"template":"","format":"standard","meta":{"_acf_changed":false,"footnotes":""},"categories":[1],"tags":[],"post_headquarter":[1761],"post_project":[1799,1828],"class_list":["post-16615","post","type-post","status-publish","format-standard","has-post-thumbnail","hentry","category-uncategorized-ca","post_headquarter-baix-camp","post_project-quedem","post_project-som-cohesio"],"acf":[],"yoast_head":"<!-- This site is optimized with the Yoast SEO plugin v27.2 - https:\/\/yoast.com\/product\/yoast-seo-wordpress\/ -->\n<title>Quedem? Saps qu\u00e8 \u00e9s l&#039;art electr\u00f2nic? - \u00d2mnium Cultural<\/title>\n<meta name=\"robots\" content=\"index, follow, max-snippet:-1, max-image-preview:large, max-video-preview:-1\" \/>\n<link rel=\"canonical\" href=\"https:\/\/www.omnium.cat\/ca\/quedem-saps-que-es-lart-electronic\/\" \/>\n<meta name=\"twitter:label1\" content=\"Escrit per\" \/>\n\t<meta name=\"twitter:data1\" content=\"Ursula Subira\" \/>\n\t<meta name=\"twitter:label2\" content=\"Temps estimat de lectura\" \/>\n\t<meta name=\"twitter:data2\" content=\"2 minuts\" \/>\n<script type=\"application\/ld+json\" class=\"yoast-schema-graph\">{\"@context\":\"https:\/\/schema.org\",\"@graph\":[{\"@type\":\"Article\",\"@id\":\"https:\/\/www.omnium.cat\/ca\/quedem-saps-que-es-lart-electronic\/#article\",\"isPartOf\":{\"@id\":\"https:\/\/www.omnium.cat\/ca\/quedem-saps-que-es-lart-electronic\/\"},\"author\":{\"name\":\"Ursula Subira\",\"@id\":\"https:\/\/www.omnium.cat\/ca\/#\/schema\/person\/3a6b644a21da97dee608c323b0d8a881\"},\"headline\":\"Quedem? Saps qu\u00e8 \u00e9s l&#8217;art electr\u00f2nic?\",\"datePublished\":\"2018-03-12T15:13:38+00:00\",\"mainEntityOfPage\":{\"@id\":\"https:\/\/www.omnium.cat\/ca\/quedem-saps-que-es-lart-electronic\/\"},\"wordCount\":336,\"publisher\":{\"@id\":\"https:\/\/www.omnium.cat\/ca\/#organization\"},\"image\":{\"@id\":\"https:\/\/www.omnium.cat\/ca\/quedem-saps-que-es-lart-electronic\/#primaryimage\"},\"thumbnailUrl\":\"https:\/\/cdn.omnium.cat\/wp-content\/uploads\/2018\/03\/01101108\/img-20180312-wa0010.jpg\",\"articleSection\":[\"Uncategorized @oc\"],\"inLanguage\":\"ca\"},{\"@type\":\"WebPage\",\"@id\":\"https:\/\/www.omnium.cat\/ca\/quedem-saps-que-es-lart-electronic\/\",\"url\":\"https:\/\/www.omnium.cat\/ca\/quedem-saps-que-es-lart-electronic\/\",\"name\":\"Quedem? Saps qu\u00e8 \u00e9s l'art electr\u00f2nic? - \u00d2mnium Cultural\",\"isPartOf\":{\"@id\":\"https:\/\/www.omnium.cat\/ca\/#website\"},\"primaryImageOfPage\":{\"@id\":\"https:\/\/www.omnium.cat\/ca\/quedem-saps-que-es-lart-electronic\/#primaryimage\"},\"image\":{\"@id\":\"https:\/\/www.omnium.cat\/ca\/quedem-saps-que-es-lart-electronic\/#primaryimage\"},\"thumbnailUrl\":\"https:\/\/cdn.omnium.cat\/wp-content\/uploads\/2018\/03\/01101108\/img-20180312-wa0010.jpg\",\"datePublished\":\"2018-03-12T15:13:38+00:00\",\"breadcrumb\":{\"@id\":\"https:\/\/www.omnium.cat\/ca\/quedem-saps-que-es-lart-electronic\/#breadcrumb\"},\"inLanguage\":\"ca\",\"potentialAction\":[{\"@type\":\"ReadAction\",\"target\":[\"https:\/\/www.omnium.cat\/ca\/quedem-saps-que-es-lart-electronic\/\"]}]},{\"@type\":\"ImageObject\",\"inLanguage\":\"ca\",\"@id\":\"https:\/\/www.omnium.cat\/ca\/quedem-saps-que-es-lart-electronic\/#primaryimage\",\"url\":\"https:\/\/cdn.omnium.cat\/wp-content\/uploads\/2018\/03\/01101108\/img-20180312-wa0010.jpg\",\"contentUrl\":\"https:\/\/cdn.omnium.cat\/wp-content\/uploads\/2018\/03\/01101108\/img-20180312-wa0010.jpg\",\"width\":690,\"height\":518},{\"@type\":\"BreadcrumbList\",\"@id\":\"https:\/\/www.omnium.cat\/ca\/quedem-saps-que-es-lart-electronic\/#breadcrumb\",\"itemListElement\":[{\"@type\":\"ListItem\",\"position\":1,\"name\":\"Inici\",\"item\":\"https:\/\/www.omnium.cat\/ca\/\"},{\"@type\":\"ListItem\",\"position\":2,\"name\":\"Quedem? Saps qu\u00e8 \u00e9s l&#8217;art electr\u00f2nic?\"}]},{\"@type\":\"WebSite\",\"@id\":\"https:\/\/www.omnium.cat\/ca\/#website\",\"url\":\"https:\/\/www.omnium.cat\/ca\/\",\"name\":\"\u00d2mnium Cultural\",\"description\":\"Llengua Cultura Pa\u00eds\",\"publisher\":{\"@id\":\"https:\/\/www.omnium.cat\/ca\/#organization\"},\"potentialAction\":[{\"@type\":\"SearchAction\",\"target\":{\"@type\":\"EntryPoint\",\"urlTemplate\":\"https:\/\/www.omnium.cat\/ca\/?s={search_term_string}\"},\"query-input\":{\"@type\":\"PropertyValueSpecification\",\"valueRequired\":true,\"valueName\":\"search_term_string\"}}],\"inLanguage\":\"ca\"},{\"@type\":\"Organization\",\"@id\":\"https:\/\/www.omnium.cat\/ca\/#organization\",\"name\":\"\u00d2mnium Cultural\",\"url\":\"https:\/\/www.omnium.cat\/ca\/\",\"logo\":{\"@type\":\"ImageObject\",\"inLanguage\":\"ca\",\"@id\":\"https:\/\/www.omnium.cat\/ca\/#\/schema\/logo\/image\/\",\"url\":\"https:\/\/cdn.omnium.cat\/wp-content\/uploads\/2019\/06\/01112517\/cropped-omnium_logo-1.png\",\"contentUrl\":\"https:\/\/cdn.omnium.cat\/wp-content\/uploads\/2019\/06\/01112517\/cropped-omnium_logo-1.png\",\"width\":1213,\"height\":262,\"caption\":\"\u00d2mnium Cultural\"},\"image\":{\"@id\":\"https:\/\/www.omnium.cat\/ca\/#\/schema\/logo\/image\/\"},\"sameAs\":[\"https:\/\/www.facebook.com\/omniumcultural\",\"https:\/\/x.com\/omnium\",\"https:\/\/www.instagram.com\/omniumcultural\/\",\"https:\/\/www.youtube.com\/user\/omniumcultural\"]},{\"@type\":\"Person\",\"@id\":\"https:\/\/www.omnium.cat\/ca\/#\/schema\/person\/3a6b644a21da97dee608c323b0d8a881\",\"name\":\"Ursula Subira\",\"image\":{\"@type\":\"ImageObject\",\"inLanguage\":\"ca\",\"@id\":\"https:\/\/secure.gravatar.com\/avatar\/f4a7dc5b08c980a454739fee568fd64f3d366a2f2602dff5fad47496400f85a4?s=96&d=mm&r=g\",\"url\":\"https:\/\/secure.gravatar.com\/avatar\/f4a7dc5b08c980a454739fee568fd64f3d366a2f2602dff5fad47496400f85a4?s=96&d=mm&r=g\",\"contentUrl\":\"https:\/\/secure.gravatar.com\/avatar\/f4a7dc5b08c980a454739fee568fd64f3d366a2f2602dff5fad47496400f85a4?s=96&d=mm&r=g\",\"caption\":\"Ursula Subira\"}}]}<\/script>\n<!-- \/ Yoast SEO plugin. -->","yoast_head_json":{"title":"Quedem? Saps qu\u00e8 \u00e9s l'art electr\u00f2nic? - \u00d2mnium Cultural","robots":{"index":"index","follow":"follow","max-snippet":"max-snippet:-1","max-image-preview":"max-image-preview:large","max-video-preview":"max-video-preview:-1"},"canonical":"https:\/\/www.omnium.cat\/ca\/quedem-saps-que-es-lart-electronic\/","twitter_misc":{"Escrit per":"Ursula Subira","Temps estimat de lectura":"2 minuts"},"schema":{"@context":"https:\/\/schema.org","@graph":[{"@type":"Article","@id":"https:\/\/www.omnium.cat\/ca\/quedem-saps-que-es-lart-electronic\/#article","isPartOf":{"@id":"https:\/\/www.omnium.cat\/ca\/quedem-saps-que-es-lart-electronic\/"},"author":{"name":"Ursula Subira","@id":"https:\/\/www.omnium.cat\/ca\/#\/schema\/person\/3a6b644a21da97dee608c323b0d8a881"},"headline":"Quedem? Saps qu\u00e8 \u00e9s l&#8217;art electr\u00f2nic?","datePublished":"2018-03-12T15:13:38+00:00","mainEntityOfPage":{"@id":"https:\/\/www.omnium.cat\/ca\/quedem-saps-que-es-lart-electronic\/"},"wordCount":336,"publisher":{"@id":"https:\/\/www.omnium.cat\/ca\/#organization"},"image":{"@id":"https:\/\/www.omnium.cat\/ca\/quedem-saps-que-es-lart-electronic\/#primaryimage"},"thumbnailUrl":"https:\/\/cdn.omnium.cat\/wp-content\/uploads\/2018\/03\/01101108\/img-20180312-wa0010.jpg","articleSection":["Uncategorized @oc"],"inLanguage":"ca"},{"@type":"WebPage","@id":"https:\/\/www.omnium.cat\/ca\/quedem-saps-que-es-lart-electronic\/","url":"https:\/\/www.omnium.cat\/ca\/quedem-saps-que-es-lart-electronic\/","name":"Quedem? Saps qu\u00e8 \u00e9s l'art electr\u00f2nic? - \u00d2mnium Cultural","isPartOf":{"@id":"https:\/\/www.omnium.cat\/ca\/#website"},"primaryImageOfPage":{"@id":"https:\/\/www.omnium.cat\/ca\/quedem-saps-que-es-lart-electronic\/#primaryimage"},"image":{"@id":"https:\/\/www.omnium.cat\/ca\/quedem-saps-que-es-lart-electronic\/#primaryimage"},"thumbnailUrl":"https:\/\/cdn.omnium.cat\/wp-content\/uploads\/2018\/03\/01101108\/img-20180312-wa0010.jpg","datePublished":"2018-03-12T15:13:38+00:00","breadcrumb":{"@id":"https:\/\/www.omnium.cat\/ca\/quedem-saps-que-es-lart-electronic\/#breadcrumb"},"inLanguage":"ca","potentialAction":[{"@type":"ReadAction","target":["https:\/\/www.omnium.cat\/ca\/quedem-saps-que-es-lart-electronic\/"]}]},{"@type":"ImageObject","inLanguage":"ca","@id":"https:\/\/www.omnium.cat\/ca\/quedem-saps-que-es-lart-electronic\/#primaryimage","url":"https:\/\/cdn.omnium.cat\/wp-content\/uploads\/2018\/03\/01101108\/img-20180312-wa0010.jpg","contentUrl":"https:\/\/cdn.omnium.cat\/wp-content\/uploads\/2018\/03\/01101108\/img-20180312-wa0010.jpg","width":690,"height":518},{"@type":"BreadcrumbList","@id":"https:\/\/www.omnium.cat\/ca\/quedem-saps-que-es-lart-electronic\/#breadcrumb","itemListElement":[{"@type":"ListItem","position":1,"name":"Inici","item":"https:\/\/www.omnium.cat\/ca\/"},{"@type":"ListItem","position":2,"name":"Quedem? Saps qu\u00e8 \u00e9s l&#8217;art electr\u00f2nic?"}]},{"@type":"WebSite","@id":"https:\/\/www.omnium.cat\/ca\/#website","url":"https:\/\/www.omnium.cat\/ca\/","name":"\u00d2mnium Cultural","description":"Llengua Cultura Pa\u00eds","publisher":{"@id":"https:\/\/www.omnium.cat\/ca\/#organization"},"potentialAction":[{"@type":"SearchAction","target":{"@type":"EntryPoint","urlTemplate":"https:\/\/www.omnium.cat\/ca\/?s={search_term_string}"},"query-input":{"@type":"PropertyValueSpecification","valueRequired":true,"valueName":"search_term_string"}}],"inLanguage":"ca"},{"@type":"Organization","@id":"https:\/\/www.omnium.cat\/ca\/#organization","name":"\u00d2mnium Cultural","url":"https:\/\/www.omnium.cat\/ca\/","logo":{"@type":"ImageObject","inLanguage":"ca","@id":"https:\/\/www.omnium.cat\/ca\/#\/schema\/logo\/image\/","url":"https:\/\/cdn.omnium.cat\/wp-content\/uploads\/2019\/06\/01112517\/cropped-omnium_logo-1.png","contentUrl":"https:\/\/cdn.omnium.cat\/wp-content\/uploads\/2019\/06\/01112517\/cropped-omnium_logo-1.png","width":1213,"height":262,"caption":"\u00d2mnium Cultural"},"image":{"@id":"https:\/\/www.omnium.cat\/ca\/#\/schema\/logo\/image\/"},"sameAs":["https:\/\/www.facebook.com\/omniumcultural","https:\/\/x.com\/omnium","https:\/\/www.instagram.com\/omniumcultural\/","https:\/\/www.youtube.com\/user\/omniumcultural"]},{"@type":"Person","@id":"https:\/\/www.omnium.cat\/ca\/#\/schema\/person\/3a6b644a21da97dee608c323b0d8a881","name":"Ursula Subira","image":{"@type":"ImageObject","inLanguage":"ca","@id":"https:\/\/secure.gravatar.com\/avatar\/f4a7dc5b08c980a454739fee568fd64f3d366a2f2602dff5fad47496400f85a4?s=96&d=mm&r=g","url":"https:\/\/secure.gravatar.com\/avatar\/f4a7dc5b08c980a454739fee568fd64f3d366a2f2602dff5fad47496400f85a4?s=96&d=mm&r=g","contentUrl":"https:\/\/secure.gravatar.com\/avatar\/f4a7dc5b08c980a454739fee568fd64f3d366a2f2602dff5fad47496400f85a4?s=96&d=mm&r=g","caption":"Ursula Subira"}}]}},"_links":{"self":[{"href":"https:\/\/www.omnium.cat\/ca\/wp-json\/wp\/v2\/posts\/16615","targetHints":{"allow":["GET"]}}],"collection":[{"href":"https:\/\/www.omnium.cat\/ca\/wp-json\/wp\/v2\/posts"}],"about":[{"href":"https:\/\/www.omnium.cat\/ca\/wp-json\/wp\/v2\/types\/post"}],"author":[{"embeddable":true,"href":"https:\/\/www.omnium.cat\/ca\/wp-json\/wp\/v2\/users\/61"}],"replies":[{"embeddable":true,"href":"https:\/\/www.omnium.cat\/ca\/wp-json\/wp\/v2\/comments?post=16615"}],"version-history":[{"count":0,"href":"https:\/\/www.omnium.cat\/ca\/wp-json\/wp\/v2\/posts\/16615\/revisions"}],"wp:featuredmedia":[{"embeddable":true,"href":"https:\/\/www.omnium.cat\/ca\/wp-json\/wp\/v2\/media\/16616"}],"wp:attachment":[{"href":"https:\/\/www.omnium.cat\/ca\/wp-json\/wp\/v2\/media?parent=16615"}],"wp:term":[{"taxonomy":"category","embeddable":true,"href":"https:\/\/www.omnium.cat\/ca\/wp-json\/wp\/v2\/categories?post=16615"},{"taxonomy":"post_tag","embeddable":true,"href":"https:\/\/www.omnium.cat\/ca\/wp-json\/wp\/v2\/tags?post=16615"},{"taxonomy":"post_headquarter","embeddable":true,"href":"https:\/\/www.omnium.cat\/ca\/wp-json\/wp\/v2\/post_headquarter?post=16615"},{"taxonomy":"post_project","embeddable":true,"href":"https:\/\/www.omnium.cat\/ca\/wp-json\/wp\/v2\/post_project?post=16615"}],"curies":[{"name":"wp","href":"https:\/\/api.w.org\/{rel}","templated":true}]}}