{"id":173238,"date":"2018-12-04T18:00:33","date_gmt":"2018-12-04T17:00:33","guid":{"rendered":"https:\/\/www2.omnium.cat\/?p=173238"},"modified":"2018-12-04T18:05:21","modified_gmt":"2018-12-04T17:05:21","slug":"miquel-fananas-presenta-susqueda","status":"publish","type":"post","link":"https:\/\/www.omnium.cat\/ca\/miquel-fananas-presenta-susqueda\/","title":{"rendered":"Miquel Fa\u00f1an\u00e0s presenta &#8220;Susqueda&#8221;"},"content":{"rendered":"<p>Qu\u00e8 passaria si un dia, aig\u00fces amunt del riu Ter, la presa de Susqueda\u00a0comenc\u00e9s a esquerdar-se? Fins a on arribaria el nivell de l\u2019aigua si els\u00a0milions de metres c\u00fabics del pant\u00e0, esberlessin el formig\u00f3? Hi hauria\u00a0temps per evacuar la gent de les poblacions afectades? L\u2019Oriol Rovira,\u00a0un periodista mig retirat i en crisi, consignar\u00e0 en un blog tot aquest\u00a0desgavell i contraposar\u00e0 la veritat del perill imminent a la tranquil\u00b7litat\u00a0que intenta oferir la versi\u00f3 oficial sobre el que est\u00e0 passant. A trav\u00e9s\u00a0d\u2019una ficci\u00f3 intensa i apassionant, viurem les conseq\u00fc\u00e8ncies d\u2019un\u00a0terratr\u00e8mol localitzat prop d\u2019Amer que provocar\u00e0 esquerdes en la presa.<\/p>\n<p>Dijous <strong>13 de desembre<\/strong> a\u00a0les <strong>19h<\/strong> a la <strong>Biblioteca de Besal\u00fa<\/strong>, Miquel Fa\u00f1an\u00e0s presenta &#8220;Susqueda&#8221;. Conduir\u00e0 l&#8217;acte Salvador Garcia-Arb\u00f3s<\/p>\n","protected":false},"excerpt":{"rendered":"<p>Qu\u00e8 passaria si un dia, aig\u00fces amunt del riu Ter, la presa de Susqueda\u00a0comenc\u00e9s a esquerdar-se? Fins a on arribaria el nivell de l\u2019aigua si els\u00a0milions de metres c\u00fabics del [&hellip;]<\/p>\n","protected":false},"author":105,"featured_media":173239,"comment_status":"closed","ping_status":"open","sticky":false,"template":"","format":"standard","meta":{"_acf_changed":false,"footnotes":""},"categories":[1],"tags":[],"post_headquarter":[1764],"post_project":[],"class_list":["post-173238","post","type-post","status-publish","format-standard","has-post-thumbnail","hentry","category-uncategorized-ca","post_headquarter-garrotxa"],"acf":[],"yoast_head":"<!-- This site is optimized with the Yoast SEO plugin v27.2 - https:\/\/yoast.com\/product\/yoast-seo-wordpress\/ -->\n<title>Miquel Fa\u00f1an\u00e0s presenta &quot;Susqueda&quot; - \u00d2mnium Cultural<\/title>\n<meta name=\"robots\" content=\"index, follow, max-snippet:-1, max-image-preview:large, max-video-preview:-1\" \/>\n<link rel=\"canonical\" href=\"https:\/\/www.omnium.cat\/ca\/miquel-fananas-presenta-susqueda\/\" \/>\n<meta name=\"twitter:label1\" content=\"Escrit per\" \/>\n\t<meta name=\"twitter:data1\" content=\"Arnau Buxade\" \/>\n\t<meta name=\"twitter:label2\" content=\"Temps estimat de lectura\" \/>\n\t<meta name=\"twitter:data2\" content=\"1 minut\" \/>\n<script type=\"application\/ld+json\" class=\"yoast-schema-graph\">{\"@context\":\"https:\/\/schema.org\",\"@graph\":[{\"@type\":\"Article\",\"@id\":\"https:\/\/www.omnium.cat\/ca\/miquel-fananas-presenta-susqueda\/#article\",\"isPartOf\":{\"@id\":\"https:\/\/www.omnium.cat\/ca\/miquel-fananas-presenta-susqueda\/\"},\"author\":{\"name\":\"Arnau Buxade\",\"@id\":\"https:\/\/www.omnium.cat\/ca\/#\/schema\/person\/41dad69303ce61b3beb9d5c0b771de67\"},\"headline\":\"Miquel Fa\u00f1an\u00e0s presenta &#8220;Susqueda&#8221;\",\"datePublished\":\"2018-12-04T17:00:33+00:00\",\"dateModified\":\"2018-12-04T17:05:21+00:00\",\"mainEntityOfPage\":{\"@id\":\"https:\/\/www.omnium.cat\/ca\/miquel-fananas-presenta-susqueda\/\"},\"wordCount\":146,\"publisher\":{\"@id\":\"https:\/\/www.omnium.cat\/ca\/#organization\"},\"image\":{\"@id\":\"https:\/\/www.omnium.cat\/ca\/miquel-fananas-presenta-susqueda\/#primaryimage\"},\"thumbnailUrl\":\"https:\/\/cdn.omnium.cat\/wp-content\/uploads\/2018\/12\/01021456\/A3-Dijous-%C3%92C-Susqueda.png\",\"articleSection\":[\"Uncategorized @oc\"],\"inLanguage\":\"ca\"},{\"@type\":\"WebPage\",\"@id\":\"https:\/\/www.omnium.cat\/ca\/miquel-fananas-presenta-susqueda\/\",\"url\":\"https:\/\/www.omnium.cat\/ca\/miquel-fananas-presenta-susqueda\/\",\"name\":\"Miquel Fa\u00f1an\u00e0s presenta \\\"Susqueda\\\" - \u00d2mnium Cultural\",\"isPartOf\":{\"@id\":\"https:\/\/www.omnium.cat\/ca\/#website\"},\"primaryImageOfPage\":{\"@id\":\"https:\/\/www.omnium.cat\/ca\/miquel-fananas-presenta-susqueda\/#primaryimage\"},\"image\":{\"@id\":\"https:\/\/www.omnium.cat\/ca\/miquel-fananas-presenta-susqueda\/#primaryimage\"},\"thumbnailUrl\":\"https:\/\/cdn.omnium.cat\/wp-content\/uploads\/2018\/12\/01021456\/A3-Dijous-%C3%92C-Susqueda.png\",\"datePublished\":\"2018-12-04T17:00:33+00:00\",\"dateModified\":\"2018-12-04T17:05:21+00:00\",\"breadcrumb\":{\"@id\":\"https:\/\/www.omnium.cat\/ca\/miquel-fananas-presenta-susqueda\/#breadcrumb\"},\"inLanguage\":\"ca\",\"potentialAction\":[{\"@type\":\"ReadAction\",\"target\":[\"https:\/\/www.omnium.cat\/ca\/miquel-fananas-presenta-susqueda\/\"]}]},{\"@type\":\"ImageObject\",\"inLanguage\":\"ca\",\"@id\":\"https:\/\/www.omnium.cat\/ca\/miquel-fananas-presenta-susqueda\/#primaryimage\",\"url\":\"https:\/\/cdn.omnium.cat\/wp-content\/uploads\/2018\/12\/01021456\/A3-Dijous-%C3%92C-Susqueda.png\",\"contentUrl\":\"https:\/\/cdn.omnium.cat\/wp-content\/uploads\/2018\/12\/01021456\/A3-Dijous-%C3%92C-Susqueda.png\",\"width\":1123,\"height\":1587},{\"@type\":\"BreadcrumbList\",\"@id\":\"https:\/\/www.omnium.cat\/ca\/miquel-fananas-presenta-susqueda\/#breadcrumb\",\"itemListElement\":[{\"@type\":\"ListItem\",\"position\":1,\"name\":\"Inici\",\"item\":\"https:\/\/www.omnium.cat\/ca\/\"},{\"@type\":\"ListItem\",\"position\":2,\"name\":\"Miquel Fa\u00f1an\u00e0s presenta &#8220;Susqueda&#8221;\"}]},{\"@type\":\"WebSite\",\"@id\":\"https:\/\/www.omnium.cat\/ca\/#website\",\"url\":\"https:\/\/www.omnium.cat\/ca\/\",\"name\":\"\u00d2mnium Cultural\",\"description\":\"Llengua Cultura Pa\u00eds\",\"publisher\":{\"@id\":\"https:\/\/www.omnium.cat\/ca\/#organization\"},\"potentialAction\":[{\"@type\":\"SearchAction\",\"target\":{\"@type\":\"EntryPoint\",\"urlTemplate\":\"https:\/\/www.omnium.cat\/ca\/?s={search_term_string}\"},\"query-input\":{\"@type\":\"PropertyValueSpecification\",\"valueRequired\":true,\"valueName\":\"search_term_string\"}}],\"inLanguage\":\"ca\"},{\"@type\":\"Organization\",\"@id\":\"https:\/\/www.omnium.cat\/ca\/#organization\",\"name\":\"\u00d2mnium Cultural\",\"url\":\"https:\/\/www.omnium.cat\/ca\/\",\"logo\":{\"@type\":\"ImageObject\",\"inLanguage\":\"ca\",\"@id\":\"https:\/\/www.omnium.cat\/ca\/#\/schema\/logo\/image\/\",\"url\":\"https:\/\/cdn.omnium.cat\/wp-content\/uploads\/2019\/06\/01112517\/cropped-omnium_logo-1.png\",\"contentUrl\":\"https:\/\/cdn.omnium.cat\/wp-content\/uploads\/2019\/06\/01112517\/cropped-omnium_logo-1.png\",\"width\":1213,\"height\":262,\"caption\":\"\u00d2mnium Cultural\"},\"image\":{\"@id\":\"https:\/\/www.omnium.cat\/ca\/#\/schema\/logo\/image\/\"},\"sameAs\":[\"https:\/\/www.facebook.com\/omniumcultural\",\"https:\/\/x.com\/omnium\",\"https:\/\/www.instagram.com\/omniumcultural\/\",\"https:\/\/www.youtube.com\/user\/omniumcultural\"]},{\"@type\":\"Person\",\"@id\":\"https:\/\/www.omnium.cat\/ca\/#\/schema\/person\/41dad69303ce61b3beb9d5c0b771de67\",\"name\":\"Arnau Buxade\",\"image\":{\"@type\":\"ImageObject\",\"inLanguage\":\"ca\",\"@id\":\"https:\/\/secure.gravatar.com\/avatar\/1abb5ddda8c18dd9219ea6397b3be6efa55ab1aba6d2b461057cbb2970673c64?s=96&d=mm&r=g\",\"url\":\"https:\/\/secure.gravatar.com\/avatar\/1abb5ddda8c18dd9219ea6397b3be6efa55ab1aba6d2b461057cbb2970673c64?s=96&d=mm&r=g\",\"contentUrl\":\"https:\/\/secure.gravatar.com\/avatar\/1abb5ddda8c18dd9219ea6397b3be6efa55ab1aba6d2b461057cbb2970673c64?s=96&d=mm&r=g\",\"caption\":\"Arnau Buxade\"}}]}<\/script>\n<!-- \/ Yoast SEO plugin. -->","yoast_head_json":{"title":"Miquel Fa\u00f1an\u00e0s presenta \"Susqueda\" - \u00d2mnium Cultural","robots":{"index":"index","follow":"follow","max-snippet":"max-snippet:-1","max-image-preview":"max-image-preview:large","max-video-preview":"max-video-preview:-1"},"canonical":"https:\/\/www.omnium.cat\/ca\/miquel-fananas-presenta-susqueda\/","twitter_misc":{"Escrit per":"Arnau Buxade","Temps estimat de lectura":"1 minut"},"schema":{"@context":"https:\/\/schema.org","@graph":[{"@type":"Article","@id":"https:\/\/www.omnium.cat\/ca\/miquel-fananas-presenta-susqueda\/#article","isPartOf":{"@id":"https:\/\/www.omnium.cat\/ca\/miquel-fananas-presenta-susqueda\/"},"author":{"name":"Arnau Buxade","@id":"https:\/\/www.omnium.cat\/ca\/#\/schema\/person\/41dad69303ce61b3beb9d5c0b771de67"},"headline":"Miquel Fa\u00f1an\u00e0s presenta &#8220;Susqueda&#8221;","datePublished":"2018-12-04T17:00:33+00:00","dateModified":"2018-12-04T17:05:21+00:00","mainEntityOfPage":{"@id":"https:\/\/www.omnium.cat\/ca\/miquel-fananas-presenta-susqueda\/"},"wordCount":146,"publisher":{"@id":"https:\/\/www.omnium.cat\/ca\/#organization"},"image":{"@id":"https:\/\/www.omnium.cat\/ca\/miquel-fananas-presenta-susqueda\/#primaryimage"},"thumbnailUrl":"https:\/\/cdn.omnium.cat\/wp-content\/uploads\/2018\/12\/01021456\/A3-Dijous-%C3%92C-Susqueda.png","articleSection":["Uncategorized @oc"],"inLanguage":"ca"},{"@type":"WebPage","@id":"https:\/\/www.omnium.cat\/ca\/miquel-fananas-presenta-susqueda\/","url":"https:\/\/www.omnium.cat\/ca\/miquel-fananas-presenta-susqueda\/","name":"Miquel Fa\u00f1an\u00e0s presenta \"Susqueda\" - \u00d2mnium Cultural","isPartOf":{"@id":"https:\/\/www.omnium.cat\/ca\/#website"},"primaryImageOfPage":{"@id":"https:\/\/www.omnium.cat\/ca\/miquel-fananas-presenta-susqueda\/#primaryimage"},"image":{"@id":"https:\/\/www.omnium.cat\/ca\/miquel-fananas-presenta-susqueda\/#primaryimage"},"thumbnailUrl":"https:\/\/cdn.omnium.cat\/wp-content\/uploads\/2018\/12\/01021456\/A3-Dijous-%C3%92C-Susqueda.png","datePublished":"2018-12-04T17:00:33+00:00","dateModified":"2018-12-04T17:05:21+00:00","breadcrumb":{"@id":"https:\/\/www.omnium.cat\/ca\/miquel-fananas-presenta-susqueda\/#breadcrumb"},"inLanguage":"ca","potentialAction":[{"@type":"ReadAction","target":["https:\/\/www.omnium.cat\/ca\/miquel-fananas-presenta-susqueda\/"]}]},{"@type":"ImageObject","inLanguage":"ca","@id":"https:\/\/www.omnium.cat\/ca\/miquel-fananas-presenta-susqueda\/#primaryimage","url":"https:\/\/cdn.omnium.cat\/wp-content\/uploads\/2018\/12\/01021456\/A3-Dijous-%C3%92C-Susqueda.png","contentUrl":"https:\/\/cdn.omnium.cat\/wp-content\/uploads\/2018\/12\/01021456\/A3-Dijous-%C3%92C-Susqueda.png","width":1123,"height":1587},{"@type":"BreadcrumbList","@id":"https:\/\/www.omnium.cat\/ca\/miquel-fananas-presenta-susqueda\/#breadcrumb","itemListElement":[{"@type":"ListItem","position":1,"name":"Inici","item":"https:\/\/www.omnium.cat\/ca\/"},{"@type":"ListItem","position":2,"name":"Miquel Fa\u00f1an\u00e0s presenta &#8220;Susqueda&#8221;"}]},{"@type":"WebSite","@id":"https:\/\/www.omnium.cat\/ca\/#website","url":"https:\/\/www.omnium.cat\/ca\/","name":"\u00d2mnium Cultural","description":"Llengua Cultura Pa\u00eds","publisher":{"@id":"https:\/\/www.omnium.cat\/ca\/#organization"},"potentialAction":[{"@type":"SearchAction","target":{"@type":"EntryPoint","urlTemplate":"https:\/\/www.omnium.cat\/ca\/?s={search_term_string}"},"query-input":{"@type":"PropertyValueSpecification","valueRequired":true,"valueName":"search_term_string"}}],"inLanguage":"ca"},{"@type":"Organization","@id":"https:\/\/www.omnium.cat\/ca\/#organization","name":"\u00d2mnium Cultural","url":"https:\/\/www.omnium.cat\/ca\/","logo":{"@type":"ImageObject","inLanguage":"ca","@id":"https:\/\/www.omnium.cat\/ca\/#\/schema\/logo\/image\/","url":"https:\/\/cdn.omnium.cat\/wp-content\/uploads\/2019\/06\/01112517\/cropped-omnium_logo-1.png","contentUrl":"https:\/\/cdn.omnium.cat\/wp-content\/uploads\/2019\/06\/01112517\/cropped-omnium_logo-1.png","width":1213,"height":262,"caption":"\u00d2mnium Cultural"},"image":{"@id":"https:\/\/www.omnium.cat\/ca\/#\/schema\/logo\/image\/"},"sameAs":["https:\/\/www.facebook.com\/omniumcultural","https:\/\/x.com\/omnium","https:\/\/www.instagram.com\/omniumcultural\/","https:\/\/www.youtube.com\/user\/omniumcultural"]},{"@type":"Person","@id":"https:\/\/www.omnium.cat\/ca\/#\/schema\/person\/41dad69303ce61b3beb9d5c0b771de67","name":"Arnau Buxade","image":{"@type":"ImageObject","inLanguage":"ca","@id":"https:\/\/secure.gravatar.com\/avatar\/1abb5ddda8c18dd9219ea6397b3be6efa55ab1aba6d2b461057cbb2970673c64?s=96&d=mm&r=g","url":"https:\/\/secure.gravatar.com\/avatar\/1abb5ddda8c18dd9219ea6397b3be6efa55ab1aba6d2b461057cbb2970673c64?s=96&d=mm&r=g","contentUrl":"https:\/\/secure.gravatar.com\/avatar\/1abb5ddda8c18dd9219ea6397b3be6efa55ab1aba6d2b461057cbb2970673c64?s=96&d=mm&r=g","caption":"Arnau Buxade"}}]}},"_links":{"self":[{"href":"https:\/\/www.omnium.cat\/ca\/wp-json\/wp\/v2\/posts\/173238","targetHints":{"allow":["GET"]}}],"collection":[{"href":"https:\/\/www.omnium.cat\/ca\/wp-json\/wp\/v2\/posts"}],"about":[{"href":"https:\/\/www.omnium.cat\/ca\/wp-json\/wp\/v2\/types\/post"}],"author":[{"embeddable":true,"href":"https:\/\/www.omnium.cat\/ca\/wp-json\/wp\/v2\/users\/105"}],"replies":[{"embeddable":true,"href":"https:\/\/www.omnium.cat\/ca\/wp-json\/wp\/v2\/comments?post=173238"}],"version-history":[{"count":2,"href":"https:\/\/www.omnium.cat\/ca\/wp-json\/wp\/v2\/posts\/173238\/revisions"}],"predecessor-version":[{"id":173247,"href":"https:\/\/www.omnium.cat\/ca\/wp-json\/wp\/v2\/posts\/173238\/revisions\/173247"}],"wp:featuredmedia":[{"embeddable":true,"href":"https:\/\/www.omnium.cat\/ca\/wp-json\/wp\/v2\/media\/173239"}],"wp:attachment":[{"href":"https:\/\/www.omnium.cat\/ca\/wp-json\/wp\/v2\/media?parent=173238"}],"wp:term":[{"taxonomy":"category","embeddable":true,"href":"https:\/\/www.omnium.cat\/ca\/wp-json\/wp\/v2\/categories?post=173238"},{"taxonomy":"post_tag","embeddable":true,"href":"https:\/\/www.omnium.cat\/ca\/wp-json\/wp\/v2\/tags?post=173238"},{"taxonomy":"post_headquarter","embeddable":true,"href":"https:\/\/www.omnium.cat\/ca\/wp-json\/wp\/v2\/post_headquarter?post=173238"},{"taxonomy":"post_project","embeddable":true,"href":"https:\/\/www.omnium.cat\/ca\/wp-json\/wp\/v2\/post_project?post=173238"}],"curies":[{"name":"wp","href":"https:\/\/api.w.org\/{rel}","templated":true}]}}