{"id":1743,"date":"2005-10-16T02:00:00","date_gmt":"2005-10-16T00:00:00","guid":{"rendered":"http:\/\/omnium.whads.com\/una-veu-a-escoltar\/"},"modified":"2005-10-16T02:00:00","modified_gmt":"2005-10-16T00:00:00","slug":"una-veu-a-escoltar","status":"publish","type":"post","link":"https:\/\/www.omnium.cat\/ca\/una-veu-a-escoltar\/","title":{"rendered":"Una veu a escoltar"},"content":{"rendered":"<p> Presentaci\u00f3 de Veu Pr\u00f2pia, el col\u00b7lectiu de nouvinguts que reivindica el catal\u00e0, a Badalona. A c\u00e0rrec de Carmen P\u00e9rez, secretaria del col\u00b7lectiu. La xerrada ser\u00e0 al local de la FAVB, al carrer Torrent d&#8217;en Valls, n\u00ba 6 baixos. Dijous, 20 d&#8217;Octubre a les 20:00 hores.<\/p>\n<p>Veu Pr\u00f2pia \u00e9s una organitzaci\u00f3 de nous parlants afavor de la llengua. La formen persones de tota mena &#8216;homes i dones,joves i grans&#8217; amb un tret com\u00fa: no tenen el catal\u00e0 com aprimera llengua, per\u00f2 l&#8217;han adoptat com a llengua habitual. Treballenper la pres\u00e8ncia p\u00fablica dels nous parlants, per ajudar les personesque estan adoptant el catal\u00e0, i per aconseguir el benestar dela nostra llengua comuna. <strong style=\"font-weight: normal;\">Veu Pr\u00f2pia<\/strong> \u00e9s independent dels partits pol\u00edtics, i no sol\u00b7licita ni accepta subvencions de les administracions p\u00fabliques.<\/p>\n<p>L&#8217;objectiu d&#8217;<a href=\"http:\/\/www.veupropia.org\/adopta\" target=\"_blank\">\u00abAdopta el catal\u00e0\u00bb<\/a>\u00e9s encoratjar els nous habitants del nostre pa\u00eds i les persones queconeixen el catal\u00e0\/valenci\u00e0 per\u00f2 no l&#8217;usen, a adoptar-lo com a llenguahabitual. Veu Pr\u00f2pia vol proporcionar informaci\u00f3 clara i directa, sense ambig\u00fcitats ni tab\u00fas,  sobre els problemes i els avantatges d&#8217;adoptar la llengua del pa\u00eds, i  proposant estrat\u00e8gies per facilitar el proc\u00e9s d&#8217;adopci\u00f3 ling\u00fc\u00edstica a  les persones que el vulguin fer.<\/p>\n<p><\/p>\n","protected":false},"excerpt":{"rendered":"<p>(18\/10\/05) Redacci\u00f3 \u00d2C  En el marc del cicle Poetes del Carles Riba, Laura Borr\u00e0s va analitzar, el passat 17 d`octubre, l`obra   C\u00e0lcul d`estructures de Joan Margarit. Borr\u00e0s va afirmar que no havia llegit pr\u00e0cticament res del poeta de Sana\u00fcja abans que li proposessin de fer la confer\u00e8ncia i va afirmar que havia accedit a fer la xerrada &#8220;per pura temeritat&#8221;, la qual cosa la feia parlar &#8220;des de la passi\u00f3 per la lectura&#8221;. La fil\u00f2loga va afirmar que Margarit \u00e9s &#8220;un poeta gens habitual&#8221; i que, encara que es guany\u00e9s la vida fent d`arquitecte, &#8220;abans que res \u00e9s poeta&#8221;. Borr\u00e0s tamb\u00e9 va afirmar que, tot i que l`autor inici\u00e9s les seves experi\u00e8ncies liter\u00e0ries en llengua castellana, &#8220;el catal\u00e0 \u00e9s molt important dins la seva obra, perqu\u00e8 Margarit combat amb la llengua a cada moment per fer-li dir precisament all\u00f2 que vol dir&#8221;.    La propera sessi\u00f3 comptar\u00e0 amb la pres\u00e8ncia de l`autor i de la fil\u00f2loga Laura Borr\u00e0s, el dilluns 24 d`octubre. Per a m\u00e9s informaci\u00f3 del cicle de Poetes del Carles Riba, cliqueu   aqu\u00ed.<\/p>\n","protected":false},"author":1,"featured_media":0,"comment_status":"closed","ping_status":"open","sticky":false,"template":"","format":"standard","meta":{"_acf_changed":false,"footnotes":""},"categories":[1],"tags":[],"post_headquarter":[1746],"post_project":[],"class_list":["post-1743","post","type-post","status-publish","format-standard","hentry","category-uncategorized-ca","post_headquarter-badalona-barcelones-nord"],"acf":[],"yoast_head":"<!-- This site is optimized with the Yoast SEO plugin v27.2 - https:\/\/yoast.com\/product\/yoast-seo-wordpress\/ -->\n<title>Una veu a escoltar - \u00d2mnium Cultural<\/title>\n<meta name=\"robots\" content=\"index, follow, max-snippet:-1, max-image-preview:large, max-video-preview:-1\" \/>\n<link rel=\"canonical\" href=\"https:\/\/www.omnium.cat\/ca\/una-veu-a-escoltar\/\" \/>\n<meta name=\"twitter:label1\" content=\"Escrit per\" \/>\n\t<meta name=\"twitter:data1\" content=\"eduard.nadal@whads.com\" \/>\n\t<meta name=\"twitter:label2\" content=\"Temps estimat de lectura\" \/>\n\t<meta name=\"twitter:data2\" content=\"1 minut\" \/>\n<script type=\"application\/ld+json\" class=\"yoast-schema-graph\">{\"@context\":\"https:\/\/schema.org\",\"@graph\":[{\"@type\":\"Article\",\"@id\":\"https:\/\/www.omnium.cat\/ca\/una-veu-a-escoltar\/#article\",\"isPartOf\":{\"@id\":\"https:\/\/www.omnium.cat\/ca\/una-veu-a-escoltar\/\"},\"author\":{\"name\":\"eduard.nadal@whads.com\",\"@id\":\"https:\/\/www.omnium.cat\/ca\/#\/schema\/person\/92dc7c4963acfbe484fb60f5bf2e924c\"},\"headline\":\"Una veu a escoltar\",\"datePublished\":\"2005-10-16T00:00:00+00:00\",\"mainEntityOfPage\":{\"@id\":\"https:\/\/www.omnium.cat\/ca\/una-veu-a-escoltar\/\"},\"wordCount\":223,\"publisher\":{\"@id\":\"https:\/\/www.omnium.cat\/ca\/#organization\"},\"articleSection\":[\"Uncategorized @oc\"],\"inLanguage\":\"ca\"},{\"@type\":\"WebPage\",\"@id\":\"https:\/\/www.omnium.cat\/ca\/una-veu-a-escoltar\/\",\"url\":\"https:\/\/www.omnium.cat\/ca\/una-veu-a-escoltar\/\",\"name\":\"Una veu a escoltar - \u00d2mnium Cultural\",\"isPartOf\":{\"@id\":\"https:\/\/www.omnium.cat\/ca\/#website\"},\"datePublished\":\"2005-10-16T00:00:00+00:00\",\"breadcrumb\":{\"@id\":\"https:\/\/www.omnium.cat\/ca\/una-veu-a-escoltar\/#breadcrumb\"},\"inLanguage\":\"ca\",\"potentialAction\":[{\"@type\":\"ReadAction\",\"target\":[\"https:\/\/www.omnium.cat\/ca\/una-veu-a-escoltar\/\"]}]},{\"@type\":\"BreadcrumbList\",\"@id\":\"https:\/\/www.omnium.cat\/ca\/una-veu-a-escoltar\/#breadcrumb\",\"itemListElement\":[{\"@type\":\"ListItem\",\"position\":1,\"name\":\"Inici\",\"item\":\"https:\/\/www.omnium.cat\/ca\/\"},{\"@type\":\"ListItem\",\"position\":2,\"name\":\"Una veu a escoltar\"}]},{\"@type\":\"WebSite\",\"@id\":\"https:\/\/www.omnium.cat\/ca\/#website\",\"url\":\"https:\/\/www.omnium.cat\/ca\/\",\"name\":\"\u00d2mnium Cultural\",\"description\":\"Llengua Cultura Pa\u00eds\",\"publisher\":{\"@id\":\"https:\/\/www.omnium.cat\/ca\/#organization\"},\"potentialAction\":[{\"@type\":\"SearchAction\",\"target\":{\"@type\":\"EntryPoint\",\"urlTemplate\":\"https:\/\/www.omnium.cat\/ca\/?s={search_term_string}\"},\"query-input\":{\"@type\":\"PropertyValueSpecification\",\"valueRequired\":true,\"valueName\":\"search_term_string\"}}],\"inLanguage\":\"ca\"},{\"@type\":\"Organization\",\"@id\":\"https:\/\/www.omnium.cat\/ca\/#organization\",\"name\":\"\u00d2mnium Cultural\",\"url\":\"https:\/\/www.omnium.cat\/ca\/\",\"logo\":{\"@type\":\"ImageObject\",\"inLanguage\":\"ca\",\"@id\":\"https:\/\/www.omnium.cat\/ca\/#\/schema\/logo\/image\/\",\"url\":\"https:\/\/cdn.omnium.cat\/wp-content\/uploads\/2019\/06\/01112517\/cropped-omnium_logo-1.png\",\"contentUrl\":\"https:\/\/cdn.omnium.cat\/wp-content\/uploads\/2019\/06\/01112517\/cropped-omnium_logo-1.png\",\"width\":1213,\"height\":262,\"caption\":\"\u00d2mnium Cultural\"},\"image\":{\"@id\":\"https:\/\/www.omnium.cat\/ca\/#\/schema\/logo\/image\/\"},\"sameAs\":[\"https:\/\/www.facebook.com\/omniumcultural\",\"https:\/\/x.com\/omnium\",\"https:\/\/www.instagram.com\/omniumcultural\/\",\"https:\/\/www.youtube.com\/user\/omniumcultural\"]},{\"@type\":\"Person\",\"@id\":\"https:\/\/www.omnium.cat\/ca\/#\/schema\/person\/92dc7c4963acfbe484fb60f5bf2e924c\",\"name\":\"eduard.nadal@whads.com\",\"image\":{\"@type\":\"ImageObject\",\"inLanguage\":\"ca\",\"@id\":\"https:\/\/secure.gravatar.com\/avatar\/c683b4f4d46c786c30fc67faa017bf0582bba4180ebb607c7cdc9659cf4980a8?s=96&d=mm&r=g\",\"url\":\"https:\/\/secure.gravatar.com\/avatar\/c683b4f4d46c786c30fc67faa017bf0582bba4180ebb607c7cdc9659cf4980a8?s=96&d=mm&r=g\",\"contentUrl\":\"https:\/\/secure.gravatar.com\/avatar\/c683b4f4d46c786c30fc67faa017bf0582bba4180ebb607c7cdc9659cf4980a8?s=96&d=mm&r=g\",\"caption\":\"eduard.nadal@whads.com\"},\"sameAs\":[\"http:\/\/www.whads.com\"]}]}<\/script>\n<!-- \/ Yoast SEO plugin. -->","yoast_head_json":{"title":"Una veu a escoltar - \u00d2mnium Cultural","robots":{"index":"index","follow":"follow","max-snippet":"max-snippet:-1","max-image-preview":"max-image-preview:large","max-video-preview":"max-video-preview:-1"},"canonical":"https:\/\/www.omnium.cat\/ca\/una-veu-a-escoltar\/","twitter_misc":{"Escrit per":"eduard.nadal@whads.com","Temps estimat de lectura":"1 minut"},"schema":{"@context":"https:\/\/schema.org","@graph":[{"@type":"Article","@id":"https:\/\/www.omnium.cat\/ca\/una-veu-a-escoltar\/#article","isPartOf":{"@id":"https:\/\/www.omnium.cat\/ca\/una-veu-a-escoltar\/"},"author":{"name":"eduard.nadal@whads.com","@id":"https:\/\/www.omnium.cat\/ca\/#\/schema\/person\/92dc7c4963acfbe484fb60f5bf2e924c"},"headline":"Una veu a escoltar","datePublished":"2005-10-16T00:00:00+00:00","mainEntityOfPage":{"@id":"https:\/\/www.omnium.cat\/ca\/una-veu-a-escoltar\/"},"wordCount":223,"publisher":{"@id":"https:\/\/www.omnium.cat\/ca\/#organization"},"articleSection":["Uncategorized @oc"],"inLanguage":"ca"},{"@type":"WebPage","@id":"https:\/\/www.omnium.cat\/ca\/una-veu-a-escoltar\/","url":"https:\/\/www.omnium.cat\/ca\/una-veu-a-escoltar\/","name":"Una veu a escoltar - \u00d2mnium Cultural","isPartOf":{"@id":"https:\/\/www.omnium.cat\/ca\/#website"},"datePublished":"2005-10-16T00:00:00+00:00","breadcrumb":{"@id":"https:\/\/www.omnium.cat\/ca\/una-veu-a-escoltar\/#breadcrumb"},"inLanguage":"ca","potentialAction":[{"@type":"ReadAction","target":["https:\/\/www.omnium.cat\/ca\/una-veu-a-escoltar\/"]}]},{"@type":"BreadcrumbList","@id":"https:\/\/www.omnium.cat\/ca\/una-veu-a-escoltar\/#breadcrumb","itemListElement":[{"@type":"ListItem","position":1,"name":"Inici","item":"https:\/\/www.omnium.cat\/ca\/"},{"@type":"ListItem","position":2,"name":"Una veu a escoltar"}]},{"@type":"WebSite","@id":"https:\/\/www.omnium.cat\/ca\/#website","url":"https:\/\/www.omnium.cat\/ca\/","name":"\u00d2mnium Cultural","description":"Llengua Cultura Pa\u00eds","publisher":{"@id":"https:\/\/www.omnium.cat\/ca\/#organization"},"potentialAction":[{"@type":"SearchAction","target":{"@type":"EntryPoint","urlTemplate":"https:\/\/www.omnium.cat\/ca\/?s={search_term_string}"},"query-input":{"@type":"PropertyValueSpecification","valueRequired":true,"valueName":"search_term_string"}}],"inLanguage":"ca"},{"@type":"Organization","@id":"https:\/\/www.omnium.cat\/ca\/#organization","name":"\u00d2mnium Cultural","url":"https:\/\/www.omnium.cat\/ca\/","logo":{"@type":"ImageObject","inLanguage":"ca","@id":"https:\/\/www.omnium.cat\/ca\/#\/schema\/logo\/image\/","url":"https:\/\/cdn.omnium.cat\/wp-content\/uploads\/2019\/06\/01112517\/cropped-omnium_logo-1.png","contentUrl":"https:\/\/cdn.omnium.cat\/wp-content\/uploads\/2019\/06\/01112517\/cropped-omnium_logo-1.png","width":1213,"height":262,"caption":"\u00d2mnium Cultural"},"image":{"@id":"https:\/\/www.omnium.cat\/ca\/#\/schema\/logo\/image\/"},"sameAs":["https:\/\/www.facebook.com\/omniumcultural","https:\/\/x.com\/omnium","https:\/\/www.instagram.com\/omniumcultural\/","https:\/\/www.youtube.com\/user\/omniumcultural"]},{"@type":"Person","@id":"https:\/\/www.omnium.cat\/ca\/#\/schema\/person\/92dc7c4963acfbe484fb60f5bf2e924c","name":"eduard.nadal@whads.com","image":{"@type":"ImageObject","inLanguage":"ca","@id":"https:\/\/secure.gravatar.com\/avatar\/c683b4f4d46c786c30fc67faa017bf0582bba4180ebb607c7cdc9659cf4980a8?s=96&d=mm&r=g","url":"https:\/\/secure.gravatar.com\/avatar\/c683b4f4d46c786c30fc67faa017bf0582bba4180ebb607c7cdc9659cf4980a8?s=96&d=mm&r=g","contentUrl":"https:\/\/secure.gravatar.com\/avatar\/c683b4f4d46c786c30fc67faa017bf0582bba4180ebb607c7cdc9659cf4980a8?s=96&d=mm&r=g","caption":"eduard.nadal@whads.com"},"sameAs":["http:\/\/www.whads.com"]}]}},"_links":{"self":[{"href":"https:\/\/www.omnium.cat\/ca\/wp-json\/wp\/v2\/posts\/1743","targetHints":{"allow":["GET"]}}],"collection":[{"href":"https:\/\/www.omnium.cat\/ca\/wp-json\/wp\/v2\/posts"}],"about":[{"href":"https:\/\/www.omnium.cat\/ca\/wp-json\/wp\/v2\/types\/post"}],"author":[{"embeddable":true,"href":"https:\/\/www.omnium.cat\/ca\/wp-json\/wp\/v2\/users\/1"}],"replies":[{"embeddable":true,"href":"https:\/\/www.omnium.cat\/ca\/wp-json\/wp\/v2\/comments?post=1743"}],"version-history":[{"count":0,"href":"https:\/\/www.omnium.cat\/ca\/wp-json\/wp\/v2\/posts\/1743\/revisions"}],"wp:attachment":[{"href":"https:\/\/www.omnium.cat\/ca\/wp-json\/wp\/v2\/media?parent=1743"}],"wp:term":[{"taxonomy":"category","embeddable":true,"href":"https:\/\/www.omnium.cat\/ca\/wp-json\/wp\/v2\/categories?post=1743"},{"taxonomy":"post_tag","embeddable":true,"href":"https:\/\/www.omnium.cat\/ca\/wp-json\/wp\/v2\/tags?post=1743"},{"taxonomy":"post_headquarter","embeddable":true,"href":"https:\/\/www.omnium.cat\/ca\/wp-json\/wp\/v2\/post_headquarter?post=1743"},{"taxonomy":"post_project","embeddable":true,"href":"https:\/\/www.omnium.cat\/ca\/wp-json\/wp\/v2\/post_project?post=1743"}],"curies":[{"name":"wp","href":"https:\/\/api.w.org\/{rel}","templated":true}]}}