{"id":1744,"date":"2005-10-18T02:00:00","date_gmt":"2005-10-18T00:00:00","guid":{"rendered":"http:\/\/omnium.whads.com\/laura-borras-analitza-lobra-de-joan-margarit\/"},"modified":"2005-10-18T02:00:00","modified_gmt":"2005-10-18T00:00:00","slug":"laura-borras-analitza-lobra-de-joan-margarit","status":"publish","type":"post","link":"https:\/\/www.omnium.cat\/ca\/laura-borras-analitza-lobra-de-joan-margarit\/","title":{"rendered":"Laura Borr\u00e0s analitza l&#8217;obra de Joan Margarit"},"content":{"rendered":"\n<div style=\"text-align: justify;\">(18\/10\/05) Redacci\u00f3 \u00d2C<br \/>En el marc del cicle Poetes del Carles Riba, Laura Borr\u00e0s va analitzar, el passat 17 d&#8217;octubre, l&#8217;obra <span style=\"font-style: italic;\">C\u00e0lcul d&#8217;estructures<\/span> de Joan Margarit. Borr\u00e0s va afirmar que no havia llegit pr\u00e0cticament res del poeta de Sana\u00fcja abans que li proposessin de fer la confer\u00e8ncia i va afirmar que havia accedit a fer la xerrada &#8216;per pura temeritat&#8217;, la qual cosa la feia parlar &#8216;des de la passi\u00f3 per la lectura&#8217;. La fil\u00f2loga va afirmar que Margarit \u00e9s &#8216;un poeta gens habitual&#8217; i que, encara que es guany\u00e9s la vida fent d&#8217;arquitecte, &#8216;abans que res \u00e9s poeta&#8217;. Borr\u00e0s tamb\u00e9 va afirmar que, tot i que l&#8217;autor inici\u00e9s les seves experi\u00e8ncies liter\u00e0ries en llengua castellana, &#8216;el catal\u00e0 \u00e9s molt important dins la seva obra, perqu\u00e8 Margarit combat amb la llengua a cada moment per fer-li dir precisament all\u00f2 que vol dir&#8217;.<\/p>\n<p>La propera sessi\u00f3 comptar\u00e0 amb la pres\u00e8ncia de l&#8217;autor i de la fil\u00f2loga Laura Borr\u00e0s, el dilluns 24 d&#8217;octubre. Per a m\u00e9s informaci\u00f3 del cicle de Poetes del Carles Riba, cliqueu <a href=\"http:\/\/www.omniumcultural.org\/specialViewPage.php?spe_ID=43\">aqu\u00ed.<\/a><\/div>\n","protected":false},"excerpt":{"rendered":"<p>(19\/10\/05) Redacci\u00f3 \u00d2C  La quarta sessi\u00f3 del cicle que \u00d2mnium Cultural i la Fundaci\u00f3 Josep Pla dediquen a l`escriptor de Palafrugell, va anar a c\u00e0rrec de Joan Ferrer, patr\u00f3 de la Fundaci\u00f3 Joan Coromines i professor de la UdG. Ferrer va dedicar la confer\u00e8ncia a indagar en la relaci\u00f3 entre &#8220;el meu mestre&#8221;, Joan Coromines i &#8220;l`insigne escriptor&#8221; Josep Pla, segons les seves pr\u00f2pies paraules. El professor va afirmar no haver tingut &#8220;la sort de con\u00e8ixer Pla en vida&#8221; per\u00f2 que se sentia admirat per la seva obra. Ferrer va comentar tamb\u00e9 que Coromines, en assebentar-se per la premsa de les suposades col\u00b7laboracions de Pla amb el b\u00e0ndol franquista, va negar tota possibilitat d`aquest fet. &#8220;&#8221;Per ell&#8221;, segons afirm\u00e0 Ferrer,&#8221;era impossible que una persona que escrivia com Pla fos capa\u00e7 de ser infidel a la p\u00e0tria catalana&#8221;.    Per a m\u00e9s informaci\u00f3 del cicle de Josep Pla, cliqueu   aqu\u00ed.<\/p>\n","protected":false},"author":1,"featured_media":0,"comment_status":"closed","ping_status":"open","sticky":false,"template":"","format":"standard","meta":{"_acf_changed":false,"footnotes":""},"categories":[1],"tags":[],"post_headquarter":[1744],"post_project":[],"class_list":["post-1744","post","type-post","status-publish","format-standard","hentry","category-uncategorized-ca","post_headquarter-nacional"],"acf":[],"yoast_head":"<!-- This site is optimized with the Yoast SEO plugin v27.2 - https:\/\/yoast.com\/product\/yoast-seo-wordpress\/ -->\n<title>Laura Borr\u00e0s analitza l&#039;obra de Joan Margarit - \u00d2mnium Cultural<\/title>\n<meta name=\"robots\" content=\"index, follow, max-snippet:-1, max-image-preview:large, max-video-preview:-1\" \/>\n<link rel=\"canonical\" href=\"https:\/\/www.omnium.cat\/ca\/laura-borras-analitza-lobra-de-joan-margarit\/\" \/>\n<meta name=\"twitter:label1\" content=\"Escrit per\" \/>\n\t<meta name=\"twitter:data1\" content=\"eduard.nadal@whads.com\" \/>\n\t<meta name=\"twitter:label2\" content=\"Temps estimat de lectura\" \/>\n\t<meta name=\"twitter:data2\" content=\"1 minut\" \/>\n<script type=\"application\/ld+json\" class=\"yoast-schema-graph\">{\"@context\":\"https:\/\/schema.org\",\"@graph\":[{\"@type\":\"Article\",\"@id\":\"https:\/\/www.omnium.cat\/ca\/laura-borras-analitza-lobra-de-joan-margarit\/#article\",\"isPartOf\":{\"@id\":\"https:\/\/www.omnium.cat\/ca\/laura-borras-analitza-lobra-de-joan-margarit\/\"},\"author\":{\"name\":\"eduard.nadal@whads.com\",\"@id\":\"https:\/\/www.omnium.cat\/ca\/#\/schema\/person\/92dc7c4963acfbe484fb60f5bf2e924c\"},\"headline\":\"Laura Borr\u00e0s analitza l&#8217;obra de Joan Margarit\",\"datePublished\":\"2005-10-18T00:00:00+00:00\",\"mainEntityOfPage\":{\"@id\":\"https:\/\/www.omnium.cat\/ca\/laura-borras-analitza-lobra-de-joan-margarit\/\"},\"wordCount\":202,\"publisher\":{\"@id\":\"https:\/\/www.omnium.cat\/ca\/#organization\"},\"articleSection\":[\"Uncategorized @oc\"],\"inLanguage\":\"ca\"},{\"@type\":\"WebPage\",\"@id\":\"https:\/\/www.omnium.cat\/ca\/laura-borras-analitza-lobra-de-joan-margarit\/\",\"url\":\"https:\/\/www.omnium.cat\/ca\/laura-borras-analitza-lobra-de-joan-margarit\/\",\"name\":\"Laura Borr\u00e0s analitza l'obra de Joan Margarit - \u00d2mnium Cultural\",\"isPartOf\":{\"@id\":\"https:\/\/www.omnium.cat\/ca\/#website\"},\"datePublished\":\"2005-10-18T00:00:00+00:00\",\"breadcrumb\":{\"@id\":\"https:\/\/www.omnium.cat\/ca\/laura-borras-analitza-lobra-de-joan-margarit\/#breadcrumb\"},\"inLanguage\":\"ca\",\"potentialAction\":[{\"@type\":\"ReadAction\",\"target\":[\"https:\/\/www.omnium.cat\/ca\/laura-borras-analitza-lobra-de-joan-margarit\/\"]}]},{\"@type\":\"BreadcrumbList\",\"@id\":\"https:\/\/www.omnium.cat\/ca\/laura-borras-analitza-lobra-de-joan-margarit\/#breadcrumb\",\"itemListElement\":[{\"@type\":\"ListItem\",\"position\":1,\"name\":\"Inici\",\"item\":\"https:\/\/www.omnium.cat\/ca\/\"},{\"@type\":\"ListItem\",\"position\":2,\"name\":\"Laura Borr\u00e0s analitza l&#8217;obra de Joan Margarit\"}]},{\"@type\":\"WebSite\",\"@id\":\"https:\/\/www.omnium.cat\/ca\/#website\",\"url\":\"https:\/\/www.omnium.cat\/ca\/\",\"name\":\"\u00d2mnium Cultural\",\"description\":\"Llengua Cultura Pa\u00eds\",\"publisher\":{\"@id\":\"https:\/\/www.omnium.cat\/ca\/#organization\"},\"potentialAction\":[{\"@type\":\"SearchAction\",\"target\":{\"@type\":\"EntryPoint\",\"urlTemplate\":\"https:\/\/www.omnium.cat\/ca\/?s={search_term_string}\"},\"query-input\":{\"@type\":\"PropertyValueSpecification\",\"valueRequired\":true,\"valueName\":\"search_term_string\"}}],\"inLanguage\":\"ca\"},{\"@type\":\"Organization\",\"@id\":\"https:\/\/www.omnium.cat\/ca\/#organization\",\"name\":\"\u00d2mnium Cultural\",\"url\":\"https:\/\/www.omnium.cat\/ca\/\",\"logo\":{\"@type\":\"ImageObject\",\"inLanguage\":\"ca\",\"@id\":\"https:\/\/www.omnium.cat\/ca\/#\/schema\/logo\/image\/\",\"url\":\"https:\/\/cdn.omnium.cat\/wp-content\/uploads\/2019\/06\/01112517\/cropped-omnium_logo-1.png\",\"contentUrl\":\"https:\/\/cdn.omnium.cat\/wp-content\/uploads\/2019\/06\/01112517\/cropped-omnium_logo-1.png\",\"width\":1213,\"height\":262,\"caption\":\"\u00d2mnium Cultural\"},\"image\":{\"@id\":\"https:\/\/www.omnium.cat\/ca\/#\/schema\/logo\/image\/\"},\"sameAs\":[\"https:\/\/www.facebook.com\/omniumcultural\",\"https:\/\/x.com\/omnium\",\"https:\/\/www.instagram.com\/omniumcultural\/\",\"https:\/\/www.youtube.com\/user\/omniumcultural\"]},{\"@type\":\"Person\",\"@id\":\"https:\/\/www.omnium.cat\/ca\/#\/schema\/person\/92dc7c4963acfbe484fb60f5bf2e924c\",\"name\":\"eduard.nadal@whads.com\",\"image\":{\"@type\":\"ImageObject\",\"inLanguage\":\"ca\",\"@id\":\"https:\/\/secure.gravatar.com\/avatar\/c683b4f4d46c786c30fc67faa017bf0582bba4180ebb607c7cdc9659cf4980a8?s=96&d=mm&r=g\",\"url\":\"https:\/\/secure.gravatar.com\/avatar\/c683b4f4d46c786c30fc67faa017bf0582bba4180ebb607c7cdc9659cf4980a8?s=96&d=mm&r=g\",\"contentUrl\":\"https:\/\/secure.gravatar.com\/avatar\/c683b4f4d46c786c30fc67faa017bf0582bba4180ebb607c7cdc9659cf4980a8?s=96&d=mm&r=g\",\"caption\":\"eduard.nadal@whads.com\"},\"sameAs\":[\"http:\/\/www.whads.com\"]}]}<\/script>\n<!-- \/ Yoast SEO plugin. -->","yoast_head_json":{"title":"Laura Borr\u00e0s analitza l'obra de Joan Margarit - \u00d2mnium Cultural","robots":{"index":"index","follow":"follow","max-snippet":"max-snippet:-1","max-image-preview":"max-image-preview:large","max-video-preview":"max-video-preview:-1"},"canonical":"https:\/\/www.omnium.cat\/ca\/laura-borras-analitza-lobra-de-joan-margarit\/","twitter_misc":{"Escrit per":"eduard.nadal@whads.com","Temps estimat de lectura":"1 minut"},"schema":{"@context":"https:\/\/schema.org","@graph":[{"@type":"Article","@id":"https:\/\/www.omnium.cat\/ca\/laura-borras-analitza-lobra-de-joan-margarit\/#article","isPartOf":{"@id":"https:\/\/www.omnium.cat\/ca\/laura-borras-analitza-lobra-de-joan-margarit\/"},"author":{"name":"eduard.nadal@whads.com","@id":"https:\/\/www.omnium.cat\/ca\/#\/schema\/person\/92dc7c4963acfbe484fb60f5bf2e924c"},"headline":"Laura Borr\u00e0s analitza l&#8217;obra de Joan Margarit","datePublished":"2005-10-18T00:00:00+00:00","mainEntityOfPage":{"@id":"https:\/\/www.omnium.cat\/ca\/laura-borras-analitza-lobra-de-joan-margarit\/"},"wordCount":202,"publisher":{"@id":"https:\/\/www.omnium.cat\/ca\/#organization"},"articleSection":["Uncategorized @oc"],"inLanguage":"ca"},{"@type":"WebPage","@id":"https:\/\/www.omnium.cat\/ca\/laura-borras-analitza-lobra-de-joan-margarit\/","url":"https:\/\/www.omnium.cat\/ca\/laura-borras-analitza-lobra-de-joan-margarit\/","name":"Laura Borr\u00e0s analitza l'obra de Joan Margarit - \u00d2mnium Cultural","isPartOf":{"@id":"https:\/\/www.omnium.cat\/ca\/#website"},"datePublished":"2005-10-18T00:00:00+00:00","breadcrumb":{"@id":"https:\/\/www.omnium.cat\/ca\/laura-borras-analitza-lobra-de-joan-margarit\/#breadcrumb"},"inLanguage":"ca","potentialAction":[{"@type":"ReadAction","target":["https:\/\/www.omnium.cat\/ca\/laura-borras-analitza-lobra-de-joan-margarit\/"]}]},{"@type":"BreadcrumbList","@id":"https:\/\/www.omnium.cat\/ca\/laura-borras-analitza-lobra-de-joan-margarit\/#breadcrumb","itemListElement":[{"@type":"ListItem","position":1,"name":"Inici","item":"https:\/\/www.omnium.cat\/ca\/"},{"@type":"ListItem","position":2,"name":"Laura Borr\u00e0s analitza l&#8217;obra de Joan Margarit"}]},{"@type":"WebSite","@id":"https:\/\/www.omnium.cat\/ca\/#website","url":"https:\/\/www.omnium.cat\/ca\/","name":"\u00d2mnium Cultural","description":"Llengua Cultura Pa\u00eds","publisher":{"@id":"https:\/\/www.omnium.cat\/ca\/#organization"},"potentialAction":[{"@type":"SearchAction","target":{"@type":"EntryPoint","urlTemplate":"https:\/\/www.omnium.cat\/ca\/?s={search_term_string}"},"query-input":{"@type":"PropertyValueSpecification","valueRequired":true,"valueName":"search_term_string"}}],"inLanguage":"ca"},{"@type":"Organization","@id":"https:\/\/www.omnium.cat\/ca\/#organization","name":"\u00d2mnium Cultural","url":"https:\/\/www.omnium.cat\/ca\/","logo":{"@type":"ImageObject","inLanguage":"ca","@id":"https:\/\/www.omnium.cat\/ca\/#\/schema\/logo\/image\/","url":"https:\/\/cdn.omnium.cat\/wp-content\/uploads\/2019\/06\/01112517\/cropped-omnium_logo-1.png","contentUrl":"https:\/\/cdn.omnium.cat\/wp-content\/uploads\/2019\/06\/01112517\/cropped-omnium_logo-1.png","width":1213,"height":262,"caption":"\u00d2mnium Cultural"},"image":{"@id":"https:\/\/www.omnium.cat\/ca\/#\/schema\/logo\/image\/"},"sameAs":["https:\/\/www.facebook.com\/omniumcultural","https:\/\/x.com\/omnium","https:\/\/www.instagram.com\/omniumcultural\/","https:\/\/www.youtube.com\/user\/omniumcultural"]},{"@type":"Person","@id":"https:\/\/www.omnium.cat\/ca\/#\/schema\/person\/92dc7c4963acfbe484fb60f5bf2e924c","name":"eduard.nadal@whads.com","image":{"@type":"ImageObject","inLanguage":"ca","@id":"https:\/\/secure.gravatar.com\/avatar\/c683b4f4d46c786c30fc67faa017bf0582bba4180ebb607c7cdc9659cf4980a8?s=96&d=mm&r=g","url":"https:\/\/secure.gravatar.com\/avatar\/c683b4f4d46c786c30fc67faa017bf0582bba4180ebb607c7cdc9659cf4980a8?s=96&d=mm&r=g","contentUrl":"https:\/\/secure.gravatar.com\/avatar\/c683b4f4d46c786c30fc67faa017bf0582bba4180ebb607c7cdc9659cf4980a8?s=96&d=mm&r=g","caption":"eduard.nadal@whads.com"},"sameAs":["http:\/\/www.whads.com"]}]}},"_links":{"self":[{"href":"https:\/\/www.omnium.cat\/ca\/wp-json\/wp\/v2\/posts\/1744","targetHints":{"allow":["GET"]}}],"collection":[{"href":"https:\/\/www.omnium.cat\/ca\/wp-json\/wp\/v2\/posts"}],"about":[{"href":"https:\/\/www.omnium.cat\/ca\/wp-json\/wp\/v2\/types\/post"}],"author":[{"embeddable":true,"href":"https:\/\/www.omnium.cat\/ca\/wp-json\/wp\/v2\/users\/1"}],"replies":[{"embeddable":true,"href":"https:\/\/www.omnium.cat\/ca\/wp-json\/wp\/v2\/comments?post=1744"}],"version-history":[{"count":0,"href":"https:\/\/www.omnium.cat\/ca\/wp-json\/wp\/v2\/posts\/1744\/revisions"}],"wp:attachment":[{"href":"https:\/\/www.omnium.cat\/ca\/wp-json\/wp\/v2\/media?parent=1744"}],"wp:term":[{"taxonomy":"category","embeddable":true,"href":"https:\/\/www.omnium.cat\/ca\/wp-json\/wp\/v2\/categories?post=1744"},{"taxonomy":"post_tag","embeddable":true,"href":"https:\/\/www.omnium.cat\/ca\/wp-json\/wp\/v2\/tags?post=1744"},{"taxonomy":"post_headquarter","embeddable":true,"href":"https:\/\/www.omnium.cat\/ca\/wp-json\/wp\/v2\/post_headquarter?post=1744"},{"taxonomy":"post_project","embeddable":true,"href":"https:\/\/www.omnium.cat\/ca\/wp-json\/wp\/v2\/post_project?post=1744"}],"curies":[{"name":"wp","href":"https:\/\/api.w.org\/{rel}","templated":true}]}}