{"id":1747,"date":"2005-10-20T02:00:00","date_gmt":"2005-10-20T00:00:00","guid":{"rendered":"http:\/\/omnium.whads.com\/la-institucio-de-la-franja-de-ponent-al-parlament-europeu\/"},"modified":"2005-10-20T02:00:00","modified_gmt":"2005-10-20T00:00:00","slug":"la-institucio-de-la-franja-de-ponent-al-parlament-europeu","status":"publish","type":"post","link":"https:\/\/www.omnium.cat\/ca\/la-institucio-de-la-franja-de-ponent-al-parlament-europeu\/","title":{"rendered":"La Instituci\u00f3 de la Franja de Ponent al Parlament Europeu"},"content":{"rendered":"\n<p><em><font size=\"4\">\u00d2mnium Cultural Baix Camp felicita a l&#8217;entitat catalana de la Franja de Ponent!<\/font><\/em><\/p>\n<p><\/p>\n<p>Despr\u00e8s que una delegaci\u00f3 de la Franja de Ponent an\u00e9s el passat 26 de maig de 2005 <a href=\"http:\/\/www.franjadeponent.net\/madrid.htm\" target=\"_blank\">a Madrid<\/a> a fer reunions al Congr\u00e9s, al Senat i a denunciar al Govern d&#8217;Arag\u00f3 davant del<em> Defensor del Pueblo<\/em> aquest \u00abcomit\u00e8 en defensa de la Franja de Ponent\u00bb ha anat al Parlament Europeu per a lliurar un informe sobre la situaci\u00f3 del catal\u00e0 a la Franja de Ponent i oferir una roda de premsa en la que es va exigir la cooficialitat del catal\u00e0 a la Franja de Ponent i es va denunciar la discriminaci\u00f3 ling\u00fc\u00edstica que es pateix en aquest territori. <\/p>\n<p>+ info <a href=\"http:\/\/www.franjadeponent.net\/pe.htm\">aqu\u00ed<\/a><\/p>\n","protected":false},"excerpt":{"rendered":"<p>[02\/10\/2006] Tornenaquest curs els Tallers de conversa en catal\u00c3\u00a0 que es realitzaran quinzenalmenta les biblioteques de Sant Roc i Llefi\u00c3\u00a0 Xavier Soto, amb laincorporaci\u00c3\u00b3 aquesta edici\u00c3\u00b3 de la biblioteca de Lloreda. Els tallers comencenaquest dimecres, 4 d&#8217;octubre, a Lloreda i el divendres, 6 d&#8217;octubre, a Llefi\u00c3\u00a0 ia Sant Roc.Aquesta activitat t\u00c3\u00a9 lloc amb l&#8217;ajut dels voluntaris ling\u00c3\u00bc\u00c3\u00adstics que actuencom a moderadors de grup i \u00c3\u00a9s una activitat adre\u00c3\u00a7ada fonamentalment a personesque no tenen l&#8217;h\u00c3\u00a0bit de llegir en catal\u00c3\u00a0, per aix\u00c3\u00b2 s&#8217;utilitza una col\u00c2\u00b7lecci\u00c3\u00b3d&#8217;obres adaptades especialment per a aquest prop\u00c3\u00b2sit per l&#8217;Associaci\u00c3\u00b3 LecturaF\u00c3\u00a0cil. Es pot participar com a aprenent\/a, assistint a les sessions, o com avolunt\u00c3\u00a0ria\/\u00c3\u00a0ria, col\u00c2\u00b7laborant a portar un grup de lectura. Qui tingui inter\u00c3\u00a8s acol\u00c2\u00b7laborar-hi pot trucar a les biblioteques de Sant Roc (93 460 12 57) iLlefi\u00c3\u00a0 Xavier Soto (93 383 29 70). Aquest projecte de comprensi\u00c3\u00b3 lectora \u00c3\u00a9s el resultat de la col\u00c2\u00b7laboraci\u00c3\u00b3 entrediverses entitats i institucions: \u00c3\u0092mnium Cultural, Voluntaris per la llengua,la Xarxa Municipal de Biblioteques de l&#8217;Ajuntament de Badalona, el CNL de Badalonai Sant Adri\u00c3\u00a0.En l&#8217;edici\u00c3\u00b3 2005 van participar-hi una trentenad&#8217;alumnes.<\/p>\n","protected":false},"author":1,"featured_media":0,"comment_status":"closed","ping_status":"open","sticky":false,"template":"","format":"standard","meta":{"_acf_changed":false,"footnotes":""},"categories":[1],"tags":[],"post_headquarter":[1761],"post_project":[],"class_list":["post-1747","post","type-post","status-publish","format-standard","hentry","category-uncategorized-ca","post_headquarter-baix-camp"],"acf":[],"yoast_head":"<!-- This site is optimized with the Yoast SEO plugin v27.2 - https:\/\/yoast.com\/product\/yoast-seo-wordpress\/ -->\n<title>La Instituci\u00f3 de la Franja de Ponent al Parlament Europeu - \u00d2mnium Cultural<\/title>\n<meta name=\"robots\" content=\"index, follow, max-snippet:-1, max-image-preview:large, max-video-preview:-1\" \/>\n<link rel=\"canonical\" href=\"https:\/\/www.omnium.cat\/ca\/la-institucio-de-la-franja-de-ponent-al-parlament-europeu\/\" \/>\n<meta name=\"twitter:label1\" content=\"Escrit per\" \/>\n\t<meta name=\"twitter:data1\" content=\"eduard.nadal@whads.com\" \/>\n\t<meta name=\"twitter:label2\" content=\"Temps estimat de lectura\" \/>\n\t<meta name=\"twitter:data2\" content=\"1 minut\" \/>\n<script type=\"application\/ld+json\" class=\"yoast-schema-graph\">{\"@context\":\"https:\/\/schema.org\",\"@graph\":[{\"@type\":\"Article\",\"@id\":\"https:\/\/www.omnium.cat\/ca\/la-institucio-de-la-franja-de-ponent-al-parlament-europeu\/#article\",\"isPartOf\":{\"@id\":\"https:\/\/www.omnium.cat\/ca\/la-institucio-de-la-franja-de-ponent-al-parlament-europeu\/\"},\"author\":{\"name\":\"eduard.nadal@whads.com\",\"@id\":\"https:\/\/www.omnium.cat\/ca\/#\/schema\/person\/92dc7c4963acfbe484fb60f5bf2e924c\"},\"headline\":\"La Instituci\u00f3 de la Franja de Ponent al Parlament Europeu\",\"datePublished\":\"2005-10-20T00:00:00+00:00\",\"mainEntityOfPage\":{\"@id\":\"https:\/\/www.omnium.cat\/ca\/la-institucio-de-la-franja-de-ponent-al-parlament-europeu\/\"},\"wordCount\":129,\"publisher\":{\"@id\":\"https:\/\/www.omnium.cat\/ca\/#organization\"},\"articleSection\":[\"Uncategorized @oc\"],\"inLanguage\":\"ca\"},{\"@type\":\"WebPage\",\"@id\":\"https:\/\/www.omnium.cat\/ca\/la-institucio-de-la-franja-de-ponent-al-parlament-europeu\/\",\"url\":\"https:\/\/www.omnium.cat\/ca\/la-institucio-de-la-franja-de-ponent-al-parlament-europeu\/\",\"name\":\"La Instituci\u00f3 de la Franja de Ponent al Parlament Europeu - \u00d2mnium Cultural\",\"isPartOf\":{\"@id\":\"https:\/\/www.omnium.cat\/ca\/#website\"},\"datePublished\":\"2005-10-20T00:00:00+00:00\",\"breadcrumb\":{\"@id\":\"https:\/\/www.omnium.cat\/ca\/la-institucio-de-la-franja-de-ponent-al-parlament-europeu\/#breadcrumb\"},\"inLanguage\":\"ca\",\"potentialAction\":[{\"@type\":\"ReadAction\",\"target\":[\"https:\/\/www.omnium.cat\/ca\/la-institucio-de-la-franja-de-ponent-al-parlament-europeu\/\"]}]},{\"@type\":\"BreadcrumbList\",\"@id\":\"https:\/\/www.omnium.cat\/ca\/la-institucio-de-la-franja-de-ponent-al-parlament-europeu\/#breadcrumb\",\"itemListElement\":[{\"@type\":\"ListItem\",\"position\":1,\"name\":\"Inici\",\"item\":\"https:\/\/www.omnium.cat\/ca\/\"},{\"@type\":\"ListItem\",\"position\":2,\"name\":\"La Instituci\u00f3 de la Franja de Ponent al Parlament Europeu\"}]},{\"@type\":\"WebSite\",\"@id\":\"https:\/\/www.omnium.cat\/ca\/#website\",\"url\":\"https:\/\/www.omnium.cat\/ca\/\",\"name\":\"\u00d2mnium Cultural\",\"description\":\"Llengua Cultura Pa\u00eds\",\"publisher\":{\"@id\":\"https:\/\/www.omnium.cat\/ca\/#organization\"},\"potentialAction\":[{\"@type\":\"SearchAction\",\"target\":{\"@type\":\"EntryPoint\",\"urlTemplate\":\"https:\/\/www.omnium.cat\/ca\/?s={search_term_string}\"},\"query-input\":{\"@type\":\"PropertyValueSpecification\",\"valueRequired\":true,\"valueName\":\"search_term_string\"}}],\"inLanguage\":\"ca\"},{\"@type\":\"Organization\",\"@id\":\"https:\/\/www.omnium.cat\/ca\/#organization\",\"name\":\"\u00d2mnium Cultural\",\"url\":\"https:\/\/www.omnium.cat\/ca\/\",\"logo\":{\"@type\":\"ImageObject\",\"inLanguage\":\"ca\",\"@id\":\"https:\/\/www.omnium.cat\/ca\/#\/schema\/logo\/image\/\",\"url\":\"https:\/\/cdn.omnium.cat\/wp-content\/uploads\/2019\/06\/01112517\/cropped-omnium_logo-1.png\",\"contentUrl\":\"https:\/\/cdn.omnium.cat\/wp-content\/uploads\/2019\/06\/01112517\/cropped-omnium_logo-1.png\",\"width\":1213,\"height\":262,\"caption\":\"\u00d2mnium Cultural\"},\"image\":{\"@id\":\"https:\/\/www.omnium.cat\/ca\/#\/schema\/logo\/image\/\"},\"sameAs\":[\"https:\/\/www.facebook.com\/omniumcultural\",\"https:\/\/x.com\/omnium\",\"https:\/\/www.instagram.com\/omniumcultural\/\",\"https:\/\/www.youtube.com\/user\/omniumcultural\"]},{\"@type\":\"Person\",\"@id\":\"https:\/\/www.omnium.cat\/ca\/#\/schema\/person\/92dc7c4963acfbe484fb60f5bf2e924c\",\"name\":\"eduard.nadal@whads.com\",\"image\":{\"@type\":\"ImageObject\",\"inLanguage\":\"ca\",\"@id\":\"https:\/\/secure.gravatar.com\/avatar\/c683b4f4d46c786c30fc67faa017bf0582bba4180ebb607c7cdc9659cf4980a8?s=96&d=mm&r=g\",\"url\":\"https:\/\/secure.gravatar.com\/avatar\/c683b4f4d46c786c30fc67faa017bf0582bba4180ebb607c7cdc9659cf4980a8?s=96&d=mm&r=g\",\"contentUrl\":\"https:\/\/secure.gravatar.com\/avatar\/c683b4f4d46c786c30fc67faa017bf0582bba4180ebb607c7cdc9659cf4980a8?s=96&d=mm&r=g\",\"caption\":\"eduard.nadal@whads.com\"},\"sameAs\":[\"http:\/\/www.whads.com\"]}]}<\/script>\n<!-- \/ Yoast SEO plugin. -->","yoast_head_json":{"title":"La Instituci\u00f3 de la Franja de Ponent al Parlament Europeu - \u00d2mnium Cultural","robots":{"index":"index","follow":"follow","max-snippet":"max-snippet:-1","max-image-preview":"max-image-preview:large","max-video-preview":"max-video-preview:-1"},"canonical":"https:\/\/www.omnium.cat\/ca\/la-institucio-de-la-franja-de-ponent-al-parlament-europeu\/","twitter_misc":{"Escrit per":"eduard.nadal@whads.com","Temps estimat de lectura":"1 minut"},"schema":{"@context":"https:\/\/schema.org","@graph":[{"@type":"Article","@id":"https:\/\/www.omnium.cat\/ca\/la-institucio-de-la-franja-de-ponent-al-parlament-europeu\/#article","isPartOf":{"@id":"https:\/\/www.omnium.cat\/ca\/la-institucio-de-la-franja-de-ponent-al-parlament-europeu\/"},"author":{"name":"eduard.nadal@whads.com","@id":"https:\/\/www.omnium.cat\/ca\/#\/schema\/person\/92dc7c4963acfbe484fb60f5bf2e924c"},"headline":"La Instituci\u00f3 de la Franja de Ponent al Parlament Europeu","datePublished":"2005-10-20T00:00:00+00:00","mainEntityOfPage":{"@id":"https:\/\/www.omnium.cat\/ca\/la-institucio-de-la-franja-de-ponent-al-parlament-europeu\/"},"wordCount":129,"publisher":{"@id":"https:\/\/www.omnium.cat\/ca\/#organization"},"articleSection":["Uncategorized @oc"],"inLanguage":"ca"},{"@type":"WebPage","@id":"https:\/\/www.omnium.cat\/ca\/la-institucio-de-la-franja-de-ponent-al-parlament-europeu\/","url":"https:\/\/www.omnium.cat\/ca\/la-institucio-de-la-franja-de-ponent-al-parlament-europeu\/","name":"La Instituci\u00f3 de la Franja de Ponent al Parlament Europeu - \u00d2mnium Cultural","isPartOf":{"@id":"https:\/\/www.omnium.cat\/ca\/#website"},"datePublished":"2005-10-20T00:00:00+00:00","breadcrumb":{"@id":"https:\/\/www.omnium.cat\/ca\/la-institucio-de-la-franja-de-ponent-al-parlament-europeu\/#breadcrumb"},"inLanguage":"ca","potentialAction":[{"@type":"ReadAction","target":["https:\/\/www.omnium.cat\/ca\/la-institucio-de-la-franja-de-ponent-al-parlament-europeu\/"]}]},{"@type":"BreadcrumbList","@id":"https:\/\/www.omnium.cat\/ca\/la-institucio-de-la-franja-de-ponent-al-parlament-europeu\/#breadcrumb","itemListElement":[{"@type":"ListItem","position":1,"name":"Inici","item":"https:\/\/www.omnium.cat\/ca\/"},{"@type":"ListItem","position":2,"name":"La Instituci\u00f3 de la Franja de Ponent al Parlament Europeu"}]},{"@type":"WebSite","@id":"https:\/\/www.omnium.cat\/ca\/#website","url":"https:\/\/www.omnium.cat\/ca\/","name":"\u00d2mnium Cultural","description":"Llengua Cultura Pa\u00eds","publisher":{"@id":"https:\/\/www.omnium.cat\/ca\/#organization"},"potentialAction":[{"@type":"SearchAction","target":{"@type":"EntryPoint","urlTemplate":"https:\/\/www.omnium.cat\/ca\/?s={search_term_string}"},"query-input":{"@type":"PropertyValueSpecification","valueRequired":true,"valueName":"search_term_string"}}],"inLanguage":"ca"},{"@type":"Organization","@id":"https:\/\/www.omnium.cat\/ca\/#organization","name":"\u00d2mnium Cultural","url":"https:\/\/www.omnium.cat\/ca\/","logo":{"@type":"ImageObject","inLanguage":"ca","@id":"https:\/\/www.omnium.cat\/ca\/#\/schema\/logo\/image\/","url":"https:\/\/cdn.omnium.cat\/wp-content\/uploads\/2019\/06\/01112517\/cropped-omnium_logo-1.png","contentUrl":"https:\/\/cdn.omnium.cat\/wp-content\/uploads\/2019\/06\/01112517\/cropped-omnium_logo-1.png","width":1213,"height":262,"caption":"\u00d2mnium Cultural"},"image":{"@id":"https:\/\/www.omnium.cat\/ca\/#\/schema\/logo\/image\/"},"sameAs":["https:\/\/www.facebook.com\/omniumcultural","https:\/\/x.com\/omnium","https:\/\/www.instagram.com\/omniumcultural\/","https:\/\/www.youtube.com\/user\/omniumcultural"]},{"@type":"Person","@id":"https:\/\/www.omnium.cat\/ca\/#\/schema\/person\/92dc7c4963acfbe484fb60f5bf2e924c","name":"eduard.nadal@whads.com","image":{"@type":"ImageObject","inLanguage":"ca","@id":"https:\/\/secure.gravatar.com\/avatar\/c683b4f4d46c786c30fc67faa017bf0582bba4180ebb607c7cdc9659cf4980a8?s=96&d=mm&r=g","url":"https:\/\/secure.gravatar.com\/avatar\/c683b4f4d46c786c30fc67faa017bf0582bba4180ebb607c7cdc9659cf4980a8?s=96&d=mm&r=g","contentUrl":"https:\/\/secure.gravatar.com\/avatar\/c683b4f4d46c786c30fc67faa017bf0582bba4180ebb607c7cdc9659cf4980a8?s=96&d=mm&r=g","caption":"eduard.nadal@whads.com"},"sameAs":["http:\/\/www.whads.com"]}]}},"_links":{"self":[{"href":"https:\/\/www.omnium.cat\/ca\/wp-json\/wp\/v2\/posts\/1747","targetHints":{"allow":["GET"]}}],"collection":[{"href":"https:\/\/www.omnium.cat\/ca\/wp-json\/wp\/v2\/posts"}],"about":[{"href":"https:\/\/www.omnium.cat\/ca\/wp-json\/wp\/v2\/types\/post"}],"author":[{"embeddable":true,"href":"https:\/\/www.omnium.cat\/ca\/wp-json\/wp\/v2\/users\/1"}],"replies":[{"embeddable":true,"href":"https:\/\/www.omnium.cat\/ca\/wp-json\/wp\/v2\/comments?post=1747"}],"version-history":[{"count":0,"href":"https:\/\/www.omnium.cat\/ca\/wp-json\/wp\/v2\/posts\/1747\/revisions"}],"wp:attachment":[{"href":"https:\/\/www.omnium.cat\/ca\/wp-json\/wp\/v2\/media?parent=1747"}],"wp:term":[{"taxonomy":"category","embeddable":true,"href":"https:\/\/www.omnium.cat\/ca\/wp-json\/wp\/v2\/categories?post=1747"},{"taxonomy":"post_tag","embeddable":true,"href":"https:\/\/www.omnium.cat\/ca\/wp-json\/wp\/v2\/tags?post=1747"},{"taxonomy":"post_headquarter","embeddable":true,"href":"https:\/\/www.omnium.cat\/ca\/wp-json\/wp\/v2\/post_headquarter?post=1747"},{"taxonomy":"post_project","embeddable":true,"href":"https:\/\/www.omnium.cat\/ca\/wp-json\/wp\/v2\/post_project?post=1747"}],"curies":[{"name":"wp","href":"https:\/\/api.w.org\/{rel}","templated":true}]}}