{"id":179913,"date":"2018-01-27T09:00:33","date_gmt":"2018-01-27T08:00:33","guid":{"rendered":"https:\/\/www2.omnium.cat\/?p=179913"},"modified":"2019-01-29T16:43:14","modified_gmt":"2019-01-29T15:43:14","slug":"som-un-sol-poble-resposta-de-j-cuixart-a-jordi-evole-27-01-18","status":"publish","type":"post","link":"https:\/\/www.omnium.cat\/ca\/som-un-sol-poble-resposta-de-j-cuixart-a-jordi-evole-27-01-18\/","title":{"rendered":"\u201cSom un sol poble\u201d, resposta de J. Cuixart a Jordi \u00c9vole (27.01.18)"},"content":{"rendered":"<p>Estimat Jordi,<\/p>\n<p>Jo tamb\u00e9 recordo l\u2019esmorzar al bar de la Diagonal, conversar amb persones amb qui saps que discrepes per\u00f2 amb qui tamb\u00e9 t\u2019uneixen un munt de complicitats \u00e9s doblement estimulant. El dia que vaig trucar a [Javier] <a href=\"http:\/\/www.elperiodico.com\/es\/autor\/javier-perez-andujar\/\" target=\"_blank\" rel=\"noopener\"><strong>P\u00e9rez And\u00fajar<\/strong><\/a> per felicitar-lo pel <a href=\"http:\/\/www.elperiodico.com\/es\/barcelona\/20160922\/texto-integro-del-pregon-de-javier-perez-andujar-5402985\" target=\"_blank\" rel=\"noopener\">preg\u00f3 de la <strong>Merc\u00e8<\/strong><\/a> va passar el mateix.<\/p>\n<p>\u00d2mnium vol dir <em>de tots<\/em>, aquest \u00e9s un dels mantres que v\u00e0rem aprendre de la Muriel [Casals], la mateixa que et volia seduir el 2013. L\u2019any 2016 v\u00e0rem impulsar la campanya <em>Lluites compartides<\/em>, amb l\u2019objectiu de posar en valor les lluites col\u00b7lectives que en els darrers 50 anys ens havien anat configurant com a societat. L\u2019acte d\u2019homenatge als pares i mares de l\u2019Escola Rossell\u00f3-P\u00f2rcel de <strong>Santa Coloma de Gramenet<\/strong>, majorit\u00e0riament castellanoparlants (com els nostres) que l\u2019any 1983 impulsaren el primer programa d\u2019immersi\u00f3 ling\u00fc\u00edstica, fou un dels m\u00e9s emotius, ens hi acompanyava la N\u00faria Parlon. Aquell mateix any celebr\u00e0vem la Nit de Santa Ll\u00facia a l\u2019Hospitalet de Llobregat. Per primer cop, despr\u00e9s de 65 anys, el principal esdeveniment literari del pa\u00eds tindria lloc a la segona ciutat m\u00e9s gran de Catalunya. No hi falt\u00e0 la N\u00faria Mar\u00edn. Confesso que mai m\u2019ha sedu\u00eft una idea relativament estesa en el sobiranisme que defensa el concepte d\u2019eixamplar. Jo sempre he sigut m\u00e9s partidari de compartir, que demana con\u00e8ixer-nos i recon\u00e8ixer-nos m\u00e9s i millor, els uns als altres, amb tota la diversitat i matisos, defugint de la uniformitzaci\u00f3 d\u2019idees, que a part de nociu trobo sumament avorrit.<\/p>\n<p>Catalunya \u00e9s un pa\u00eds on el fet migratori \u00e9s estructural, i aquest ha d\u2019esdevenir un dels principals orgulls i motiu d\u2019autoestima col\u00b7lectiva. La idea d\u2019en [Josep] <strong>Benet<\/strong> [un dels pol\u00edtics m\u00e9s actius de la democr\u00e0cia i el catalanisme durant la dictadura franquista], tan valentament defensada per en [Paco] <strong>Candel<\/strong> [autor d\u2019<em>Els altres catalans<\/em>], crec que avui pren el m\u00e9s gran dels seus sentits, tamb\u00e9 amb els refugiats que volem acollir. La defensa d\u2019un sol poble plural i divers \u00e9s el millor ant\u00eddot contra qualsevol ruptura.<\/p>\n<p>Felicitats i gr\u00e0cies pels 10 anys de <em>Salvados<\/em> i desitjo ben fort que puguem en breu esmorzar junts de nou. I si alg\u00fa ens dilata la cita, espero rebre carta teva ben aviat.<\/p>\n<p>(1) Abra\u00e7ada plena de tendresa, Jordi.<\/p>\n<p>(2) Nosaltres que podem, i sobretot volem, parlem.<\/p>\n<p>&nbsp;<\/p>\n<blockquote><p><a href=\"http:\/\/www.elperiodico.cat\/ca\/politica\/20180127\/cuixart-respon-carta-evole-6582069\" target=\"_blank\" rel=\"noopener\">Carta publicada al Peri\u00f3dico, dissabte 27 de gener de 2018<\/a><\/p><\/blockquote>\n","protected":false},"excerpt":{"rendered":"<p>Carta de resposta a Jordi \u00c9vole<\/p>\n","protected":false},"author":1,"featured_media":179914,"comment_status":"closed","ping_status":"open","sticky":false,"template":"","format":"standard","meta":{"_acf_changed":false,"footnotes":""},"categories":[1],"tags":[],"post_headquarter":[],"post_project":[3810],"class_list":["post-179913","post","type-post","status-publish","format-standard","has-post-thumbnail","hentry","category-uncategorized-ca","post_project-cartes-per-la-llibertat"],"acf":[],"yoast_head":"<!-- This site is optimized with the Yoast SEO plugin v27.2 - https:\/\/yoast.com\/product\/yoast-seo-wordpress\/ -->\n<title>\u201cSom un sol poble\u201d, resposta de J. Cuixart a Jordi \u00c9vole (27.01.18) - \u00d2mnium Cultural<\/title>\n<meta name=\"robots\" content=\"index, follow, max-snippet:-1, max-image-preview:large, max-video-preview:-1\" \/>\n<link rel=\"canonical\" href=\"https:\/\/www.omnium.cat\/ca\/som-un-sol-poble-resposta-de-j-cuixart-a-jordi-evole-27-01-18\/\" \/>\n<meta name=\"twitter:label1\" content=\"Escrit per\" \/>\n\t<meta name=\"twitter:data1\" content=\"eduard.nadal@whads.com\" \/>\n\t<meta name=\"twitter:label2\" content=\"Temps estimat de lectura\" \/>\n\t<meta name=\"twitter:data2\" content=\"2 minuts\" \/>\n<script type=\"application\/ld+json\" class=\"yoast-schema-graph\">{\"@context\":\"https:\/\/schema.org\",\"@graph\":[{\"@type\":\"Article\",\"@id\":\"https:\/\/www.omnium.cat\/ca\/som-un-sol-poble-resposta-de-j-cuixart-a-jordi-evole-27-01-18\/#article\",\"isPartOf\":{\"@id\":\"https:\/\/www.omnium.cat\/ca\/som-un-sol-poble-resposta-de-j-cuixart-a-jordi-evole-27-01-18\/\"},\"author\":{\"name\":\"eduard.nadal@whads.com\",\"@id\":\"https:\/\/www.omnium.cat\/ca\/#\/schema\/person\/92dc7c4963acfbe484fb60f5bf2e924c\"},\"headline\":\"\u201cSom un sol poble\u201d, resposta de J. Cuixart a Jordi \u00c9vole (27.01.18)\",\"datePublished\":\"2018-01-27T08:00:33+00:00\",\"dateModified\":\"2019-01-29T15:43:14+00:00\",\"mainEntityOfPage\":{\"@id\":\"https:\/\/www.omnium.cat\/ca\/som-un-sol-poble-resposta-de-j-cuixart-a-jordi-evole-27-01-18\/\"},\"wordCount\":438,\"publisher\":{\"@id\":\"https:\/\/www.omnium.cat\/ca\/#organization\"},\"image\":{\"@id\":\"https:\/\/www.omnium.cat\/ca\/som-un-sol-poble-resposta-de-j-cuixart-a-jordi-evole-27-01-18\/#primaryimage\"},\"thumbnailUrl\":\"https:\/\/cdn.omnium.cat\/wp-content\/uploads\/2018\/01\/01014937\/jordi-cuixart-resposta-evole.jpg\",\"articleSection\":[\"Uncategorized @oc\"],\"inLanguage\":\"ca\"},{\"@type\":\"WebPage\",\"@id\":\"https:\/\/www.omnium.cat\/ca\/som-un-sol-poble-resposta-de-j-cuixart-a-jordi-evole-27-01-18\/\",\"url\":\"https:\/\/www.omnium.cat\/ca\/som-un-sol-poble-resposta-de-j-cuixart-a-jordi-evole-27-01-18\/\",\"name\":\"\u201cSom un sol poble\u201d, resposta de J. Cuixart a Jordi \u00c9vole (27.01.18) - \u00d2mnium Cultural\",\"isPartOf\":{\"@id\":\"https:\/\/www.omnium.cat\/ca\/#website\"},\"primaryImageOfPage\":{\"@id\":\"https:\/\/www.omnium.cat\/ca\/som-un-sol-poble-resposta-de-j-cuixart-a-jordi-evole-27-01-18\/#primaryimage\"},\"image\":{\"@id\":\"https:\/\/www.omnium.cat\/ca\/som-un-sol-poble-resposta-de-j-cuixart-a-jordi-evole-27-01-18\/#primaryimage\"},\"thumbnailUrl\":\"https:\/\/cdn.omnium.cat\/wp-content\/uploads\/2018\/01\/01014937\/jordi-cuixart-resposta-evole.jpg\",\"datePublished\":\"2018-01-27T08:00:33+00:00\",\"dateModified\":\"2019-01-29T15:43:14+00:00\",\"breadcrumb\":{\"@id\":\"https:\/\/www.omnium.cat\/ca\/som-un-sol-poble-resposta-de-j-cuixart-a-jordi-evole-27-01-18\/#breadcrumb\"},\"inLanguage\":\"ca\",\"potentialAction\":[{\"@type\":\"ReadAction\",\"target\":[\"https:\/\/www.omnium.cat\/ca\/som-un-sol-poble-resposta-de-j-cuixart-a-jordi-evole-27-01-18\/\"]}]},{\"@type\":\"ImageObject\",\"inLanguage\":\"ca\",\"@id\":\"https:\/\/www.omnium.cat\/ca\/som-un-sol-poble-resposta-de-j-cuixart-a-jordi-evole-27-01-18\/#primaryimage\",\"url\":\"https:\/\/cdn.omnium.cat\/wp-content\/uploads\/2018\/01\/01014937\/jordi-cuixart-resposta-evole.jpg\",\"contentUrl\":\"https:\/\/cdn.omnium.cat\/wp-content\/uploads\/2018\/01\/01014937\/jordi-cuixart-resposta-evole.jpg\",\"width\":394,\"height\":222},{\"@type\":\"BreadcrumbList\",\"@id\":\"https:\/\/www.omnium.cat\/ca\/som-un-sol-poble-resposta-de-j-cuixart-a-jordi-evole-27-01-18\/#breadcrumb\",\"itemListElement\":[{\"@type\":\"ListItem\",\"position\":1,\"name\":\"Inici\",\"item\":\"https:\/\/www.omnium.cat\/ca\/\"},{\"@type\":\"ListItem\",\"position\":2,\"name\":\"\u201cSom un sol poble\u201d, resposta de J. Cuixart a Jordi \u00c9vole (27.01.18)\"}]},{\"@type\":\"WebSite\",\"@id\":\"https:\/\/www.omnium.cat\/ca\/#website\",\"url\":\"https:\/\/www.omnium.cat\/ca\/\",\"name\":\"\u00d2mnium Cultural\",\"description\":\"Llengua Cultura Pa\u00eds\",\"publisher\":{\"@id\":\"https:\/\/www.omnium.cat\/ca\/#organization\"},\"potentialAction\":[{\"@type\":\"SearchAction\",\"target\":{\"@type\":\"EntryPoint\",\"urlTemplate\":\"https:\/\/www.omnium.cat\/ca\/?s={search_term_string}\"},\"query-input\":{\"@type\":\"PropertyValueSpecification\",\"valueRequired\":true,\"valueName\":\"search_term_string\"}}],\"inLanguage\":\"ca\"},{\"@type\":\"Organization\",\"@id\":\"https:\/\/www.omnium.cat\/ca\/#organization\",\"name\":\"\u00d2mnium Cultural\",\"url\":\"https:\/\/www.omnium.cat\/ca\/\",\"logo\":{\"@type\":\"ImageObject\",\"inLanguage\":\"ca\",\"@id\":\"https:\/\/www.omnium.cat\/ca\/#\/schema\/logo\/image\/\",\"url\":\"https:\/\/cdn.omnium.cat\/wp-content\/uploads\/2019\/06\/01112517\/cropped-omnium_logo-1.png\",\"contentUrl\":\"https:\/\/cdn.omnium.cat\/wp-content\/uploads\/2019\/06\/01112517\/cropped-omnium_logo-1.png\",\"width\":1213,\"height\":262,\"caption\":\"\u00d2mnium Cultural\"},\"image\":{\"@id\":\"https:\/\/www.omnium.cat\/ca\/#\/schema\/logo\/image\/\"},\"sameAs\":[\"https:\/\/www.facebook.com\/omniumcultural\",\"https:\/\/x.com\/omnium\",\"https:\/\/www.instagram.com\/omniumcultural\/\",\"https:\/\/www.youtube.com\/user\/omniumcultural\"]},{\"@type\":\"Person\",\"@id\":\"https:\/\/www.omnium.cat\/ca\/#\/schema\/person\/92dc7c4963acfbe484fb60f5bf2e924c\",\"name\":\"eduard.nadal@whads.com\",\"image\":{\"@type\":\"ImageObject\",\"inLanguage\":\"ca\",\"@id\":\"https:\/\/secure.gravatar.com\/avatar\/c683b4f4d46c786c30fc67faa017bf0582bba4180ebb607c7cdc9659cf4980a8?s=96&d=mm&r=g\",\"url\":\"https:\/\/secure.gravatar.com\/avatar\/c683b4f4d46c786c30fc67faa017bf0582bba4180ebb607c7cdc9659cf4980a8?s=96&d=mm&r=g\",\"contentUrl\":\"https:\/\/secure.gravatar.com\/avatar\/c683b4f4d46c786c30fc67faa017bf0582bba4180ebb607c7cdc9659cf4980a8?s=96&d=mm&r=g\",\"caption\":\"eduard.nadal@whads.com\"},\"sameAs\":[\"http:\/\/www.whads.com\"]}]}<\/script>\n<!-- \/ Yoast SEO plugin. -->","yoast_head_json":{"title":"\u201cSom un sol poble\u201d, resposta de J. Cuixart a Jordi \u00c9vole (27.01.18) - \u00d2mnium Cultural","robots":{"index":"index","follow":"follow","max-snippet":"max-snippet:-1","max-image-preview":"max-image-preview:large","max-video-preview":"max-video-preview:-1"},"canonical":"https:\/\/www.omnium.cat\/ca\/som-un-sol-poble-resposta-de-j-cuixart-a-jordi-evole-27-01-18\/","twitter_misc":{"Escrit per":"eduard.nadal@whads.com","Temps estimat de lectura":"2 minuts"},"schema":{"@context":"https:\/\/schema.org","@graph":[{"@type":"Article","@id":"https:\/\/www.omnium.cat\/ca\/som-un-sol-poble-resposta-de-j-cuixart-a-jordi-evole-27-01-18\/#article","isPartOf":{"@id":"https:\/\/www.omnium.cat\/ca\/som-un-sol-poble-resposta-de-j-cuixart-a-jordi-evole-27-01-18\/"},"author":{"name":"eduard.nadal@whads.com","@id":"https:\/\/www.omnium.cat\/ca\/#\/schema\/person\/92dc7c4963acfbe484fb60f5bf2e924c"},"headline":"\u201cSom un sol poble\u201d, resposta de J. Cuixart a Jordi \u00c9vole (27.01.18)","datePublished":"2018-01-27T08:00:33+00:00","dateModified":"2019-01-29T15:43:14+00:00","mainEntityOfPage":{"@id":"https:\/\/www.omnium.cat\/ca\/som-un-sol-poble-resposta-de-j-cuixart-a-jordi-evole-27-01-18\/"},"wordCount":438,"publisher":{"@id":"https:\/\/www.omnium.cat\/ca\/#organization"},"image":{"@id":"https:\/\/www.omnium.cat\/ca\/som-un-sol-poble-resposta-de-j-cuixart-a-jordi-evole-27-01-18\/#primaryimage"},"thumbnailUrl":"https:\/\/cdn.omnium.cat\/wp-content\/uploads\/2018\/01\/01014937\/jordi-cuixart-resposta-evole.jpg","articleSection":["Uncategorized @oc"],"inLanguage":"ca"},{"@type":"WebPage","@id":"https:\/\/www.omnium.cat\/ca\/som-un-sol-poble-resposta-de-j-cuixart-a-jordi-evole-27-01-18\/","url":"https:\/\/www.omnium.cat\/ca\/som-un-sol-poble-resposta-de-j-cuixart-a-jordi-evole-27-01-18\/","name":"\u201cSom un sol poble\u201d, resposta de J. Cuixart a Jordi \u00c9vole (27.01.18) - \u00d2mnium Cultural","isPartOf":{"@id":"https:\/\/www.omnium.cat\/ca\/#website"},"primaryImageOfPage":{"@id":"https:\/\/www.omnium.cat\/ca\/som-un-sol-poble-resposta-de-j-cuixart-a-jordi-evole-27-01-18\/#primaryimage"},"image":{"@id":"https:\/\/www.omnium.cat\/ca\/som-un-sol-poble-resposta-de-j-cuixart-a-jordi-evole-27-01-18\/#primaryimage"},"thumbnailUrl":"https:\/\/cdn.omnium.cat\/wp-content\/uploads\/2018\/01\/01014937\/jordi-cuixart-resposta-evole.jpg","datePublished":"2018-01-27T08:00:33+00:00","dateModified":"2019-01-29T15:43:14+00:00","breadcrumb":{"@id":"https:\/\/www.omnium.cat\/ca\/som-un-sol-poble-resposta-de-j-cuixart-a-jordi-evole-27-01-18\/#breadcrumb"},"inLanguage":"ca","potentialAction":[{"@type":"ReadAction","target":["https:\/\/www.omnium.cat\/ca\/som-un-sol-poble-resposta-de-j-cuixart-a-jordi-evole-27-01-18\/"]}]},{"@type":"ImageObject","inLanguage":"ca","@id":"https:\/\/www.omnium.cat\/ca\/som-un-sol-poble-resposta-de-j-cuixart-a-jordi-evole-27-01-18\/#primaryimage","url":"https:\/\/cdn.omnium.cat\/wp-content\/uploads\/2018\/01\/01014937\/jordi-cuixart-resposta-evole.jpg","contentUrl":"https:\/\/cdn.omnium.cat\/wp-content\/uploads\/2018\/01\/01014937\/jordi-cuixart-resposta-evole.jpg","width":394,"height":222},{"@type":"BreadcrumbList","@id":"https:\/\/www.omnium.cat\/ca\/som-un-sol-poble-resposta-de-j-cuixart-a-jordi-evole-27-01-18\/#breadcrumb","itemListElement":[{"@type":"ListItem","position":1,"name":"Inici","item":"https:\/\/www.omnium.cat\/ca\/"},{"@type":"ListItem","position":2,"name":"\u201cSom un sol poble\u201d, resposta de J. Cuixart a Jordi \u00c9vole (27.01.18)"}]},{"@type":"WebSite","@id":"https:\/\/www.omnium.cat\/ca\/#website","url":"https:\/\/www.omnium.cat\/ca\/","name":"\u00d2mnium Cultural","description":"Llengua Cultura Pa\u00eds","publisher":{"@id":"https:\/\/www.omnium.cat\/ca\/#organization"},"potentialAction":[{"@type":"SearchAction","target":{"@type":"EntryPoint","urlTemplate":"https:\/\/www.omnium.cat\/ca\/?s={search_term_string}"},"query-input":{"@type":"PropertyValueSpecification","valueRequired":true,"valueName":"search_term_string"}}],"inLanguage":"ca"},{"@type":"Organization","@id":"https:\/\/www.omnium.cat\/ca\/#organization","name":"\u00d2mnium Cultural","url":"https:\/\/www.omnium.cat\/ca\/","logo":{"@type":"ImageObject","inLanguage":"ca","@id":"https:\/\/www.omnium.cat\/ca\/#\/schema\/logo\/image\/","url":"https:\/\/cdn.omnium.cat\/wp-content\/uploads\/2019\/06\/01112517\/cropped-omnium_logo-1.png","contentUrl":"https:\/\/cdn.omnium.cat\/wp-content\/uploads\/2019\/06\/01112517\/cropped-omnium_logo-1.png","width":1213,"height":262,"caption":"\u00d2mnium Cultural"},"image":{"@id":"https:\/\/www.omnium.cat\/ca\/#\/schema\/logo\/image\/"},"sameAs":["https:\/\/www.facebook.com\/omniumcultural","https:\/\/x.com\/omnium","https:\/\/www.instagram.com\/omniumcultural\/","https:\/\/www.youtube.com\/user\/omniumcultural"]},{"@type":"Person","@id":"https:\/\/www.omnium.cat\/ca\/#\/schema\/person\/92dc7c4963acfbe484fb60f5bf2e924c","name":"eduard.nadal@whads.com","image":{"@type":"ImageObject","inLanguage":"ca","@id":"https:\/\/secure.gravatar.com\/avatar\/c683b4f4d46c786c30fc67faa017bf0582bba4180ebb607c7cdc9659cf4980a8?s=96&d=mm&r=g","url":"https:\/\/secure.gravatar.com\/avatar\/c683b4f4d46c786c30fc67faa017bf0582bba4180ebb607c7cdc9659cf4980a8?s=96&d=mm&r=g","contentUrl":"https:\/\/secure.gravatar.com\/avatar\/c683b4f4d46c786c30fc67faa017bf0582bba4180ebb607c7cdc9659cf4980a8?s=96&d=mm&r=g","caption":"eduard.nadal@whads.com"},"sameAs":["http:\/\/www.whads.com"]}]}},"_links":{"self":[{"href":"https:\/\/www.omnium.cat\/ca\/wp-json\/wp\/v2\/posts\/179913","targetHints":{"allow":["GET"]}}],"collection":[{"href":"https:\/\/www.omnium.cat\/ca\/wp-json\/wp\/v2\/posts"}],"about":[{"href":"https:\/\/www.omnium.cat\/ca\/wp-json\/wp\/v2\/types\/post"}],"author":[{"embeddable":true,"href":"https:\/\/www.omnium.cat\/ca\/wp-json\/wp\/v2\/users\/1"}],"replies":[{"embeddable":true,"href":"https:\/\/www.omnium.cat\/ca\/wp-json\/wp\/v2\/comments?post=179913"}],"version-history":[{"count":2,"href":"https:\/\/www.omnium.cat\/ca\/wp-json\/wp\/v2\/posts\/179913\/revisions"}],"predecessor-version":[{"id":180222,"href":"https:\/\/www.omnium.cat\/ca\/wp-json\/wp\/v2\/posts\/179913\/revisions\/180222"}],"wp:featuredmedia":[{"embeddable":true,"href":"https:\/\/www.omnium.cat\/ca\/wp-json\/wp\/v2\/media\/179914"}],"wp:attachment":[{"href":"https:\/\/www.omnium.cat\/ca\/wp-json\/wp\/v2\/media?parent=179913"}],"wp:term":[{"taxonomy":"category","embeddable":true,"href":"https:\/\/www.omnium.cat\/ca\/wp-json\/wp\/v2\/categories?post=179913"},{"taxonomy":"post_tag","embeddable":true,"href":"https:\/\/www.omnium.cat\/ca\/wp-json\/wp\/v2\/tags?post=179913"},{"taxonomy":"post_headquarter","embeddable":true,"href":"https:\/\/www.omnium.cat\/ca\/wp-json\/wp\/v2\/post_headquarter?post=179913"},{"taxonomy":"post_project","embeddable":true,"href":"https:\/\/www.omnium.cat\/ca\/wp-json\/wp\/v2\/post_project?post=179913"}],"curies":[{"name":"wp","href":"https:\/\/api.w.org\/{rel}","templated":true}]}}