{"id":1917,"date":"2006-04-03T02:00:00","date_gmt":"2006-04-03T00:00:00","guid":{"rendered":"http:\/\/omnium.whads.com\/festa-de-lliurament-dels-premis-enderrock-2006\/"},"modified":"2006-04-03T02:00:00","modified_gmt":"2006-04-03T00:00:00","slug":"festa-de-lliurament-dels-premis-enderrock-2006","status":"publish","type":"post","link":"https:\/\/www.omnium.cat\/ca\/festa-de-lliurament-dels-premis-enderrock-2006\/","title":{"rendered":"Festa de lliurament dels premis Enderrock 2006"},"content":{"rendered":"\n<div style=\"text-align: justify;\">A comen\u00e7ament dels noranta es va llan\u00e7ar ENDERROCK, la primera revista de rock en catal\u00e0; actualment, \u00e9s una publicaci\u00f3 de refer\u00e8ncia i ha estat guardonada amb el Premi Nacional de Cultura per la seva aposta en l&#8217;\u00e0mbit musical i juvenil en catal\u00e0. Cada any, la revista ENDERROCK fa una tria dels millors discos, grups i can\u00e7ons catalanes, seleccionats tant per la cr\u00edtica musical com per votaci\u00f3 popular. Els premis Enderrock es lliuren en una festa que reuneix a m\u00fasics, ind\u00fastria musical i p\u00fablic. Aquesta vegada vosaltres tamb\u00e9 hi esteu convidats.<br \/>Alguns dels artistes guardonats aquest any amb els Premis Enderrock de la cr\u00edtica han estat: Roger Mas, Refree i L&#8217;Ham de Foc. Pel que fa a la votaci\u00f3 popular, reben premis: Obrint Pas, Llu\u00eds Llach amb Feliu Ventura i Dijous Paella.<br \/>La gala comptar\u00e0 amb actuacions musicals de Roger Mas amb Refree, Whiskyn&#8217;s, Dijous Paella, Pascal Comelade amb Enric Casasses i La Troba Kung-F\u00fa; i ser\u00e0 presentada per l&#8217;actor Xavier Bertran &#8216;Lo Cartany\u00e0&#8217;. Aquesta \u00e9s una excel\u00b7lent oportunitat per apropar-se l&#8217;escena musical catalana contempor\u00e0nia. <\/p>\n<p><\/div>\n<p><span style=\"font-weight: bold;\">Dimarts 11 d&#8217;abril<\/span><\/p>\n<p>La festa ser\u00e0 l&#8217;11 d&#8217;abril a les 21.00 h, i les portes estaran obertes des de les 20.30 h. \u00c9s important arribar amb puntualitat per poder garantir la pla\u00e7a.<br \/><br style=\"font-weight: bold;\" \/><span style=\"font-weight: bold;\">Durada aproximada<\/span>: 2 h 30min.<\/p>\n<p>La festa ser\u00e0 a la Sala Bikini de Barcelona, c\/ Deu i Mata, 105. <a href=\"http:\/\/www.bcn.es\/cgi-guia\/guiamap4\/cgi-guia\/?actives=&#038;plant=capes4c&#038;idioma=0&#038;calle=deu+i+mata&#038;numero=105&#038;calle2=\"><span style=\"font-weight: bold;\">-veure mapa-<\/span><\/a><\/p>\n<p>Per recollir la vostra invitaci\u00f3, heu d&#8217;identificar-vos, dient el vostre nom i cognom, a la finestreta on tindran la llista de les persones inscrites a aquesta activitat del programa Quedem?<\/p>\n<p>Com arribar? Bus: 15, 30, 43, 59, 66, 78 i Nit BUS N0<\/p>\n<p>\t\t\t\t\t\t\t\t\t<span style=\"font-weight: bold;\">Periode d&#8217;inscripcions <\/span><br \/>Del 03\/04 a 10\/04       <\/p>\n<p><\/p>\n","protected":false},"excerpt":{"rendered":"<p>24\/05\/06 (Redacci\u00f3 \u00d2C)  El director del grup de teatre The Chanclettes, Josep Maria Portavella, va presentar el 23 de maig el seu llibre   Tirant Lo F\u00facsia a la seu nacional d`\u00d2mnium. L`acte va comptar amb una presentaci\u00f3 teatral en qu\u00e8 l`artista mostrava, amb un   playback de diversos personatges populars, el proc\u00e9s de producci\u00f3 del llibre. En el llibre, Portavella relata en clau de dietari les seves experi\u00e8ncies durant mig any a Austr\u00e0lia. Segons l`autor, li va colpir la similitud entre l`illa i Catalunya, per les minories \u00e8tniques de totes dues realitats. Aquest fet, segons va afirmar, el va emp\u00e8nyer a escriure el llibre, del qual se n`est\u00e0 preparant una segona edici\u00f3.<\/p>\n","protected":false},"author":1,"featured_media":0,"comment_status":"closed","ping_status":"open","sticky":false,"template":"","format":"standard","meta":{"_acf_changed":false,"footnotes":""},"categories":[1],"tags":[],"post_headquarter":[1744],"post_project":[],"class_list":["post-1917","post","type-post","status-publish","format-standard","hentry","category-uncategorized-ca","post_headquarter-nacional"],"acf":[],"yoast_head":"<!-- This site is optimized with the Yoast SEO plugin v27.2 - https:\/\/yoast.com\/product\/yoast-seo-wordpress\/ -->\n<title>Festa de lliurament dels premis Enderrock 2006 - \u00d2mnium Cultural<\/title>\n<meta name=\"robots\" content=\"index, follow, max-snippet:-1, max-image-preview:large, max-video-preview:-1\" \/>\n<link rel=\"canonical\" href=\"https:\/\/www.omnium.cat\/ca\/festa-de-lliurament-dels-premis-enderrock-2006\/\" \/>\n<meta name=\"twitter:label1\" content=\"Escrit per\" \/>\n\t<meta name=\"twitter:data1\" content=\"eduard.nadal@whads.com\" \/>\n\t<meta name=\"twitter:label2\" content=\"Temps estimat de lectura\" \/>\n\t<meta name=\"twitter:data2\" content=\"1 minut\" \/>\n<script type=\"application\/ld+json\" class=\"yoast-schema-graph\">{\"@context\":\"https:\/\/schema.org\",\"@graph\":[{\"@type\":\"Article\",\"@id\":\"https:\/\/www.omnium.cat\/ca\/festa-de-lliurament-dels-premis-enderrock-2006\/#article\",\"isPartOf\":{\"@id\":\"https:\/\/www.omnium.cat\/ca\/festa-de-lliurament-dels-premis-enderrock-2006\/\"},\"author\":{\"name\":\"eduard.nadal@whads.com\",\"@id\":\"https:\/\/www.omnium.cat\/ca\/#\/schema\/person\/92dc7c4963acfbe484fb60f5bf2e924c\"},\"headline\":\"Festa de lliurament dels premis Enderrock 2006\",\"datePublished\":\"2006-04-03T00:00:00+00:00\",\"mainEntityOfPage\":{\"@id\":\"https:\/\/www.omnium.cat\/ca\/festa-de-lliurament-dels-premis-enderrock-2006\/\"},\"wordCount\":291,\"publisher\":{\"@id\":\"https:\/\/www.omnium.cat\/ca\/#organization\"},\"articleSection\":[\"Uncategorized @oc\"],\"inLanguage\":\"ca\"},{\"@type\":\"WebPage\",\"@id\":\"https:\/\/www.omnium.cat\/ca\/festa-de-lliurament-dels-premis-enderrock-2006\/\",\"url\":\"https:\/\/www.omnium.cat\/ca\/festa-de-lliurament-dels-premis-enderrock-2006\/\",\"name\":\"Festa de lliurament dels premis Enderrock 2006 - \u00d2mnium Cultural\",\"isPartOf\":{\"@id\":\"https:\/\/www.omnium.cat\/ca\/#website\"},\"datePublished\":\"2006-04-03T00:00:00+00:00\",\"breadcrumb\":{\"@id\":\"https:\/\/www.omnium.cat\/ca\/festa-de-lliurament-dels-premis-enderrock-2006\/#breadcrumb\"},\"inLanguage\":\"ca\",\"potentialAction\":[{\"@type\":\"ReadAction\",\"target\":[\"https:\/\/www.omnium.cat\/ca\/festa-de-lliurament-dels-premis-enderrock-2006\/\"]}]},{\"@type\":\"BreadcrumbList\",\"@id\":\"https:\/\/www.omnium.cat\/ca\/festa-de-lliurament-dels-premis-enderrock-2006\/#breadcrumb\",\"itemListElement\":[{\"@type\":\"ListItem\",\"position\":1,\"name\":\"Inici\",\"item\":\"https:\/\/www.omnium.cat\/ca\/\"},{\"@type\":\"ListItem\",\"position\":2,\"name\":\"Festa de lliurament dels premis Enderrock 2006\"}]},{\"@type\":\"WebSite\",\"@id\":\"https:\/\/www.omnium.cat\/ca\/#website\",\"url\":\"https:\/\/www.omnium.cat\/ca\/\",\"name\":\"\u00d2mnium Cultural\",\"description\":\"Llengua Cultura Pa\u00eds\",\"publisher\":{\"@id\":\"https:\/\/www.omnium.cat\/ca\/#organization\"},\"potentialAction\":[{\"@type\":\"SearchAction\",\"target\":{\"@type\":\"EntryPoint\",\"urlTemplate\":\"https:\/\/www.omnium.cat\/ca\/?s={search_term_string}\"},\"query-input\":{\"@type\":\"PropertyValueSpecification\",\"valueRequired\":true,\"valueName\":\"search_term_string\"}}],\"inLanguage\":\"ca\"},{\"@type\":\"Organization\",\"@id\":\"https:\/\/www.omnium.cat\/ca\/#organization\",\"name\":\"\u00d2mnium Cultural\",\"url\":\"https:\/\/www.omnium.cat\/ca\/\",\"logo\":{\"@type\":\"ImageObject\",\"inLanguage\":\"ca\",\"@id\":\"https:\/\/www.omnium.cat\/ca\/#\/schema\/logo\/image\/\",\"url\":\"https:\/\/cdn.omnium.cat\/wp-content\/uploads\/2019\/06\/01112517\/cropped-omnium_logo-1.png\",\"contentUrl\":\"https:\/\/cdn.omnium.cat\/wp-content\/uploads\/2019\/06\/01112517\/cropped-omnium_logo-1.png\",\"width\":1213,\"height\":262,\"caption\":\"\u00d2mnium Cultural\"},\"image\":{\"@id\":\"https:\/\/www.omnium.cat\/ca\/#\/schema\/logo\/image\/\"},\"sameAs\":[\"https:\/\/www.facebook.com\/omniumcultural\",\"https:\/\/x.com\/omnium\",\"https:\/\/www.instagram.com\/omniumcultural\/\",\"https:\/\/www.youtube.com\/user\/omniumcultural\"]},{\"@type\":\"Person\",\"@id\":\"https:\/\/www.omnium.cat\/ca\/#\/schema\/person\/92dc7c4963acfbe484fb60f5bf2e924c\",\"name\":\"eduard.nadal@whads.com\",\"image\":{\"@type\":\"ImageObject\",\"inLanguage\":\"ca\",\"@id\":\"https:\/\/secure.gravatar.com\/avatar\/c683b4f4d46c786c30fc67faa017bf0582bba4180ebb607c7cdc9659cf4980a8?s=96&d=mm&r=g\",\"url\":\"https:\/\/secure.gravatar.com\/avatar\/c683b4f4d46c786c30fc67faa017bf0582bba4180ebb607c7cdc9659cf4980a8?s=96&d=mm&r=g\",\"contentUrl\":\"https:\/\/secure.gravatar.com\/avatar\/c683b4f4d46c786c30fc67faa017bf0582bba4180ebb607c7cdc9659cf4980a8?s=96&d=mm&r=g\",\"caption\":\"eduard.nadal@whads.com\"},\"sameAs\":[\"http:\/\/www.whads.com\"]}]}<\/script>\n<!-- \/ Yoast SEO plugin. -->","yoast_head_json":{"title":"Festa de lliurament dels premis Enderrock 2006 - \u00d2mnium Cultural","robots":{"index":"index","follow":"follow","max-snippet":"max-snippet:-1","max-image-preview":"max-image-preview:large","max-video-preview":"max-video-preview:-1"},"canonical":"https:\/\/www.omnium.cat\/ca\/festa-de-lliurament-dels-premis-enderrock-2006\/","twitter_misc":{"Escrit per":"eduard.nadal@whads.com","Temps estimat de lectura":"1 minut"},"schema":{"@context":"https:\/\/schema.org","@graph":[{"@type":"Article","@id":"https:\/\/www.omnium.cat\/ca\/festa-de-lliurament-dels-premis-enderrock-2006\/#article","isPartOf":{"@id":"https:\/\/www.omnium.cat\/ca\/festa-de-lliurament-dels-premis-enderrock-2006\/"},"author":{"name":"eduard.nadal@whads.com","@id":"https:\/\/www.omnium.cat\/ca\/#\/schema\/person\/92dc7c4963acfbe484fb60f5bf2e924c"},"headline":"Festa de lliurament dels premis Enderrock 2006","datePublished":"2006-04-03T00:00:00+00:00","mainEntityOfPage":{"@id":"https:\/\/www.omnium.cat\/ca\/festa-de-lliurament-dels-premis-enderrock-2006\/"},"wordCount":291,"publisher":{"@id":"https:\/\/www.omnium.cat\/ca\/#organization"},"articleSection":["Uncategorized @oc"],"inLanguage":"ca"},{"@type":"WebPage","@id":"https:\/\/www.omnium.cat\/ca\/festa-de-lliurament-dels-premis-enderrock-2006\/","url":"https:\/\/www.omnium.cat\/ca\/festa-de-lliurament-dels-premis-enderrock-2006\/","name":"Festa de lliurament dels premis Enderrock 2006 - \u00d2mnium Cultural","isPartOf":{"@id":"https:\/\/www.omnium.cat\/ca\/#website"},"datePublished":"2006-04-03T00:00:00+00:00","breadcrumb":{"@id":"https:\/\/www.omnium.cat\/ca\/festa-de-lliurament-dels-premis-enderrock-2006\/#breadcrumb"},"inLanguage":"ca","potentialAction":[{"@type":"ReadAction","target":["https:\/\/www.omnium.cat\/ca\/festa-de-lliurament-dels-premis-enderrock-2006\/"]}]},{"@type":"BreadcrumbList","@id":"https:\/\/www.omnium.cat\/ca\/festa-de-lliurament-dels-premis-enderrock-2006\/#breadcrumb","itemListElement":[{"@type":"ListItem","position":1,"name":"Inici","item":"https:\/\/www.omnium.cat\/ca\/"},{"@type":"ListItem","position":2,"name":"Festa de lliurament dels premis Enderrock 2006"}]},{"@type":"WebSite","@id":"https:\/\/www.omnium.cat\/ca\/#website","url":"https:\/\/www.omnium.cat\/ca\/","name":"\u00d2mnium Cultural","description":"Llengua Cultura Pa\u00eds","publisher":{"@id":"https:\/\/www.omnium.cat\/ca\/#organization"},"potentialAction":[{"@type":"SearchAction","target":{"@type":"EntryPoint","urlTemplate":"https:\/\/www.omnium.cat\/ca\/?s={search_term_string}"},"query-input":{"@type":"PropertyValueSpecification","valueRequired":true,"valueName":"search_term_string"}}],"inLanguage":"ca"},{"@type":"Organization","@id":"https:\/\/www.omnium.cat\/ca\/#organization","name":"\u00d2mnium Cultural","url":"https:\/\/www.omnium.cat\/ca\/","logo":{"@type":"ImageObject","inLanguage":"ca","@id":"https:\/\/www.omnium.cat\/ca\/#\/schema\/logo\/image\/","url":"https:\/\/cdn.omnium.cat\/wp-content\/uploads\/2019\/06\/01112517\/cropped-omnium_logo-1.png","contentUrl":"https:\/\/cdn.omnium.cat\/wp-content\/uploads\/2019\/06\/01112517\/cropped-omnium_logo-1.png","width":1213,"height":262,"caption":"\u00d2mnium Cultural"},"image":{"@id":"https:\/\/www.omnium.cat\/ca\/#\/schema\/logo\/image\/"},"sameAs":["https:\/\/www.facebook.com\/omniumcultural","https:\/\/x.com\/omnium","https:\/\/www.instagram.com\/omniumcultural\/","https:\/\/www.youtube.com\/user\/omniumcultural"]},{"@type":"Person","@id":"https:\/\/www.omnium.cat\/ca\/#\/schema\/person\/92dc7c4963acfbe484fb60f5bf2e924c","name":"eduard.nadal@whads.com","image":{"@type":"ImageObject","inLanguage":"ca","@id":"https:\/\/secure.gravatar.com\/avatar\/c683b4f4d46c786c30fc67faa017bf0582bba4180ebb607c7cdc9659cf4980a8?s=96&d=mm&r=g","url":"https:\/\/secure.gravatar.com\/avatar\/c683b4f4d46c786c30fc67faa017bf0582bba4180ebb607c7cdc9659cf4980a8?s=96&d=mm&r=g","contentUrl":"https:\/\/secure.gravatar.com\/avatar\/c683b4f4d46c786c30fc67faa017bf0582bba4180ebb607c7cdc9659cf4980a8?s=96&d=mm&r=g","caption":"eduard.nadal@whads.com"},"sameAs":["http:\/\/www.whads.com"]}]}},"_links":{"self":[{"href":"https:\/\/www.omnium.cat\/ca\/wp-json\/wp\/v2\/posts\/1917","targetHints":{"allow":["GET"]}}],"collection":[{"href":"https:\/\/www.omnium.cat\/ca\/wp-json\/wp\/v2\/posts"}],"about":[{"href":"https:\/\/www.omnium.cat\/ca\/wp-json\/wp\/v2\/types\/post"}],"author":[{"embeddable":true,"href":"https:\/\/www.omnium.cat\/ca\/wp-json\/wp\/v2\/users\/1"}],"replies":[{"embeddable":true,"href":"https:\/\/www.omnium.cat\/ca\/wp-json\/wp\/v2\/comments?post=1917"}],"version-history":[{"count":0,"href":"https:\/\/www.omnium.cat\/ca\/wp-json\/wp\/v2\/posts\/1917\/revisions"}],"wp:attachment":[{"href":"https:\/\/www.omnium.cat\/ca\/wp-json\/wp\/v2\/media?parent=1917"}],"wp:term":[{"taxonomy":"category","embeddable":true,"href":"https:\/\/www.omnium.cat\/ca\/wp-json\/wp\/v2\/categories?post=1917"},{"taxonomy":"post_tag","embeddable":true,"href":"https:\/\/www.omnium.cat\/ca\/wp-json\/wp\/v2\/tags?post=1917"},{"taxonomy":"post_headquarter","embeddable":true,"href":"https:\/\/www.omnium.cat\/ca\/wp-json\/wp\/v2\/post_headquarter?post=1917"},{"taxonomy":"post_project","embeddable":true,"href":"https:\/\/www.omnium.cat\/ca\/wp-json\/wp\/v2\/post_project?post=1917"}],"curies":[{"name":"wp","href":"https:\/\/api.w.org\/{rel}","templated":true}]}}