{"id":1920,"date":"2006-04-07T02:00:00","date_gmt":"2006-04-07T00:00:00","guid":{"rendered":"http:\/\/omnium.whads.com\/full-informatiu-87-abril-de-2006\/"},"modified":"2006-04-07T02:00:00","modified_gmt":"2006-04-07T00:00:00","slug":"full-informatiu-87-abril-de-2006","status":"publish","type":"post","link":"https:\/\/www.omnium.cat\/ca\/full-informatiu-87-abril-de-2006\/","title":{"rendered":"Full informatiu  87 &#8211; abril de 2006"},"content":{"rendered":"\n<p><strong>editorial &#8211; <\/strong><strong>El catal\u00e0 i les tecnologies de la informaci\u00f3 i de la comunicaci\u00f3<\/strong> <\/p>\n<p>Una llengua com el catal\u00e0 t\u00e9 molt dif\u00edcil la seva pres\u00e8ncia internacional, com es pot comprovar en els intents reiterats que alguns representants nostres estan fent perqu\u00e8 la nostra pugui esdevenir llengua reconeguda a la Uni\u00f3 Europea. (Val a dir, per\u00f2, que els principals detractors d&#8217;aquest reconeixement s\u00f3n, precisament, dos catalans: Josep Borrell i Aleix Vidal-Quadras: fins aqu\u00ed pot arribar l&#8217;autoodi d&#8217;alguns catalans!). Malgrat aquesta dificultat per ser presents en els f\u00f2rums internacionals, el catal\u00e0 s&#8217;ha obert un cert cam\u00ed de futur en el camp de les tecnologies de la informaci\u00f3 i de la comunicaci\u00f3 &#8211;de les TIC, com se solen anomenar. Ha estat un cam\u00ed ben dur i complicat, per\u00f2 en qu\u00e8 podem dir que tenim possibilitats de reeixir. <\/p>\n<p>Que la nostra pres\u00e8ncia a Internet -la xarxa de comunicaci\u00f3 m\u00e9s gran- sigui relativament important (en relaci\u00f3 al nombre de parlants), que h\u00e0gim estat la primera comunitat ling\u00fc\u00edstica a tenir un domini propi identificable, el .cat, i que molts productes d&#8217;Internet (com els cercadors) ens incloguin com a llengua s\u00f3n \u00e8xits que diuen molt dels esfor\u00e7os de moltes persones (particulars, col\u00b7lectius i administracions, que tot hi ajuda!) i que demostren que, conjuntament, ens en podem sortir. Hi ha altres petits \u00e8xits: Vilaweb, un dels diaris electr\u00f2nics m\u00e9s llegits i m\u00e9s visitats; la xarxa de l&#8217;administraci\u00f3 educativa (l&#8217;XTEC), una de les m\u00e9s consultades di\u00e0riament; la versi\u00f3 digital del diari Avui, una de les m\u00e9s ben fetes; la multitud de butlletins electr\u00f2nics de les entitats catalanes; etc. No pas per petits s\u00f3n menys meritoris i ajuden molt\u00edssim a avan\u00e7ar tots col\u00b7lectivament. <\/p>\n<p>En aquest sentit, val la pena de con\u00e8ixer un altre \u00e8xit -modest encara&#8211;, que \u00e9s degut gr\u00e0cies a l&#8217;impuls d&#8217;\u00d2mnium Cultural, i espec\u00edficament de la revista Escola Catalana: la xarxa d&#8217;escoles que, sota el nom d&#8217;Escoles en Xarxa, aplega 56 centres d&#8217;arreu dels Pa\u00efsos Catalans: del Principat, de la Franja, d&#8217;Andorra, de Val\u00e8ncia, de les Illes i de la Catalunya Nord. Es tracta d&#8217;una iniciativa que posa en contacte estudiants de diferents centres de secund\u00e0ria (hi predominen els p\u00fablics), els quals redacten not\u00edcies sobre els seus centres o sobre la vida quotidiana del seu entorn i les donen a con\u00e8ixer als altres, mitjan\u00e7ant cr\u00f2niques acompanyades sovint de fotografies. Tot un exemple d&#8217;imaginaci\u00f3 i de bon treball tant comunicatiu com pedag\u00f2gic! Val a dir que cal felicitar l&#8217;equip que ho empeny, per la feina, per la iniciativa i pels bons resultats que segurament que se n&#8217;obtindran. D&#8217;altra banda, la iniciativa \u00e9s un bon exemple de cooperaci\u00f3 entre una entitat com \u00d2mnium, un diari digital com Vilaweb i l&#8217;administraci\u00f3 educativa. <\/p>\n<p>Segurament que assegurar i consolidar la vitalitat de la llengua passa avui per iniciatives a la xarxa, iniciatives TIC, que posin el catal\u00e0 en una posici\u00f3 ferma de cara al m\u00f3n globalitzat que ens toca viure. Per\u00f2 una vegada m\u00e9s caldr\u00e0 que ens recordem que tots els vents ens s\u00f3n contraris i que no podem esperar que ens donin res fet. Caldr\u00e0 ser exigents i demanar que ens venguin productes en catal\u00e0, consultar p\u00e0gines web en catal\u00e0 i introduir la nostra demanda arreu. Per\u00f2 ens en sortirem!<\/p>\n<p><strong>Domini .cat<\/strong><\/p>\n<p>Us informem que l&#8217;espai web d&#8217;\u00d2mnium Cultural ja \u00e9s accessible des del domini omnium.cat des del dia 19 de febrer. D&#8217;aquesta manera \u00d2mnium s&#8217;adhereix al gran nombre d&#8217;entitats, mitjans i col\u00b7lectius diversos dels Pa\u00efsos Catalans que ja han afegit la terminaci\u00f3 .cat als seus dominis. Aquest acc\u00e9s \u00e9s possible despr\u00e9s que\u00a0 l&#8217;Associaci\u00f3 puntCAT assol\u00eds el seu objectiu el passat mes de setembre i aquest es fes efectiu fa unes setmanes. A partir d&#8217;ara ja podreu accedir al web d&#8217;\u00d2mnium Cultural del Bages a <a href=\"http:\/\/www.bages.omnium.cat\/\">www.bages.omnium.cat<\/a>\u00a0i enviar-nos els vostres correus a <a href=\"mailto:bages@omnium.cat\">bages@omnium.cat<\/a>.<\/p>\n<p><strong>Renovaci\u00f3 parcial de la junta de la delegaci\u00f3<\/strong><\/p>\n<p>El dia 13 de mar\u00e7, en l&#8217;Assemblea Reglament\u00e0ria Anual de la delegaci\u00f3, es va renovar parcialment la Junta de l&#8217;entitat. <\/p>\n<p>Aquest any han deixat el c\u00e0rrec la vicepresidenta, Eul\u00e0lia Ribas i Xuriach; el secretari, Jaume Puig i Ib\u00e1\u00f1ez -que ha passat a ser vicepresident- i els vocals Ramon Salisi i Bonastre, Sabina Salisi i Casajoana i M. Carme Vilalta i Valent\u00ed, alhora que s&#8217;hi han incorporat els nous membres: Jaume Bonveh\u00ed i Arum\u00ed, com a secretari, i Jaume Buscart i Plana, Josep Camprub\u00ed i Casas i Toni Llobet i Mercad\u00e9, com a vocals. <\/p>\n<p>La totalitat de la junta queda formada per Delfina Corzan i Melgosa, presidenta; Jaume Puig i Iba\u00f1ez, vicepresident; Jaume Bonveh\u00ed i Arum\u00ed, secretari; Roser Comas i Closas, tresorera, i els vocals Joan Badia i Pujol, Jaume Buscart i Plana, Josep Camprub\u00ed i Casas, Lloren\u00e7 Capdevila i Roure, Jordi Estrada i Carbonell, Toni Llobet i Mercad\u00e9, M. Teresa Masats i Carbonell, Pere Puig i Riera, Anna Sensat i Borr\u00e0s, Josep Torra i Ferrer, Marta Torra i Oliveres i Joan Vilamala i Terricabras.<\/p>\n<p><\/p>\n<p><a href=\"http:\/\/www.omnium.cat\/media\/4805.pdf\"><strong>Full informatiu 87, abril 2006<\/strong><\/a><font color=\"#000000\"><\/p>\n<p><strong>Activitats previstes:<\/strong><\/p>\n<p><img decoding=\"async\" alt=\"Serrallonga, l'\u00faltim bandoler\" src=\"http:\/\/www.omnium.cat\/media\/4698.gif\" align=\"baseline\" \/><strong>El llibre del mes<\/strong><\/p>\n<p><strong><a href=\"http:\/\/www.omnium.cat\/agendaViewPage.php?art_ID=1469\">Serrallonga, l&#8217;\u00faltim bandoler de Lloren\u00e7 Capdevila (Edicions Proa)<\/a><\/strong><\/font><\/p>\n<p><font color=\"#000000\">dimecres, 19 d&#8217;abril <br \/>a les vuit del vespre<br \/>al caf\u00e8-restaurant <a href=\"http:\/\/www.viafora.com\/\">Via fora!<\/a> (C\/ Sobrerroca, 38, de Manresa)<\/font><\/p>\n<p><font color=\"#000000\">\u00d2mnium Cultural del Bages es complau a convidar-vos a la presentaci\u00f3 de l&#8217;\u00faltima novel\u00b7la de Lloren\u00e7 Capdevila. Serrallonga, l&#8217;\u00faltim bandoler \u00e9s una intriga sobre la manipulaci\u00f3 de la veritat des del poder. I \u00e9s tamb\u00e9 la biografia novel\u00b7lada del m\u00e9s conegut lladre de pas que ha existit mai a Catalunya. L&#8217;acte, organitzat conjuntament amb Via Fora!, comptar\u00e0 amb la pres\u00e8ncia de l&#8217;autor, i anir\u00e0 a c\u00e0rrec de Jordi Estrada i Joan Vilamala.<\/font><\/p>\n<p><font color=\"#000000\"><strong>Rock en catal\u00e0<\/strong><br \/><strong><a href=\"http:\/\/www.omnium.cat\/agendaViewPage.php?art_ID=1458\">Estrena de la pel\u00b7l\u00edcula Rock&amp;Cat<\/a><\/strong><\/font><\/p>\n<p><font color=\"#000000\">El dia 21 d&#8217;abril s&#8217;estrena a moltes ciutats de Catalunya, entre les quals Manresa, la pel\u00b7l\u00edcula Rock&amp;Cat. Dirigida per Jordi Roig\u00e9, est\u00e0 interpretada per Gerard Quintana, Llu\u00eds Gavald\u00e0, Pep Sala, Josep Thi\u00f3, Cris Juanico, Gossos, Els Pets, Adri\u00e0 Punt\u00ed, Quim Mandado, Montse Llar\u00e0s i Duble Buble, es tracta d&#8217;una pel\u00b7l\u00edcula sobre el m\u00f3n del rock catal\u00e0, feta amb gravacions noves i material in\u00e8dit (\u00e9s a dir no es tracta d&#8217;una gravaci\u00f3 d&#8217;un o diversos concerts, sin\u00f3 feta expressament per al cinema). Des d&#8217;\u00d2mnium Cultural del Bages us la volem recomanar especialment.\u00a0<br \/>\u00a0<br \/><strong>S&#8217;acaba el termini per als<\/strong> <br \/><strong><a href=\"http:\/\/www.omnium.cat\/articleViewPage.php?art_ID=1420\">Premis Bages Juvenils de Literatura<\/a><\/strong> <\/font><\/p>\n<p><font color=\"#000000\">Per tal d&#8217;estimular la creativitat liter\u00e0ria, la delegaci\u00f3 del Bages d&#8217;\u00d2mnium Cultural, amb el suport de la Fundaci\u00f3 Caixa Manresa, convoca per vint-i-tresena vegada els Premis Bages Juvenils de Literatura, i per tercera vegada el Premi Vila de Cardona de Narrativa Historicollegend\u00e0ria, dotat per l&#8217;Ajuntament de Cardona. Aix\u00ed, doncs, a les modalitats de poesia i narraci\u00f3 curta s&#8217;hi afegeix la de narrativa historicollegend\u00e0ria, tamb\u00e9 en tres categories: per a autors de fins a tretze anys, de catorze a setze anys i per als compresos entre els disset i els vint anys. El termini de presentaci\u00f3 d&#8217;originals es tanca el dia 7 d&#8217;abril. Les obres es poden presentar en m\u00e0 a la secretaria de la delegaci\u00f3 o b\u00e9 trametre-les per correu, a l&#8217;apartat de correus 255, de Manresa.<\/font><\/p>\n<p><font color=\"#000000\"><br \/><img decoding=\"async\" alt=\"Catalunya Acci\u00f3 Sonora\" src=\"http:\/\/www.vilaweb.cat\/webs\/cas06\/img\/cas06_468.gif\" align=\"baseline\" \/><\/p>\n<p><strong><a href=\"http:\/\/www.omnium.cat\/agendaViewPage.php?art_ID=1507\">Autocar per al concert de Sant Jordi<\/a><\/strong><\/font><\/p>\n<p><font color=\"#000000\">dissabte, 22 d&#8217;abril<br \/>La nostra delegaci\u00f3 organitza un autocar per assistir, al Palau Sant Jordi, al macroconcert Catalunya Acci\u00f3 Sonora 2006. Dos escenaris, set hores de m\u00fasica sense interrupci\u00f3 i una oferta musical que comptar\u00e0 amb la pres\u00e8ncia de la Companyia El\u00e8ctrica Dharma, Lax&#8217; n&#8217; Busto, Gossos, Cris Joanico, Dr.Calypso, Aramateix, La Gossa Sorda, Rauxa, Glissando, i Gerard Quintana amb Joel Joan, una \u00e0mplia mostra dels diferents estils produ\u00efts als Pa\u00efsos Catalans (rumba catalana, rock, pop, can\u00e7\u00f3 d&#8217;autor, can\u00e7\u00f3 popular, etc.). L&#8217;import \u00e9s de 25 euros (22 per als socis) i inclou el despla\u00e7ament i l&#8217;entrada al concert. La sortida es far\u00e0 del davant de l&#8217;institut Llu\u00eds de Peguera, a les set de la tarda. Per a informaci\u00f3 i inscripcions, cal adre\u00e7ar-se a la secretaria de la delegaci\u00f3, de dilluns a divendres, de vuit a nou del vespre, fins al dia 18 d&#8217;abril (l&#8217;entitat no es responsabilitza dels assistents menors d&#8217;edat, els quals hauran d&#8217;anar acompanyats o b\u00e9 portar l&#8217;autoritzaci\u00f3 corresponent dels pares o tutors).<\/font><\/p>\n<p><font color=\"#000000\"><strong>Anada a teatre<\/strong><br \/><strong><a href=\"http:\/\/www.omnium.cat\/agendaViewPage.php?art_ID=1437\">La fam de Joan Oliver\u00a0(direcci\u00f3 de Pep Planas)<\/a><\/strong><\/font><\/p>\n<p><font color=\"#000000\">Teatre Nacional de Catalunya (Sala Petita)<br \/>divendres, 12 de maig<\/font><\/p>\n<p><font color=\"#000000\">Una producci\u00f3 del TNC i el Centre d&#8217;Arts Esc\u00e8niques de Reus, amb Dafnis Balduz, Marta Domingo, Bel\u00e9n Fabra, Pere Eugeni Font, Joan Gibert, Marc Mart\u00ednez, Xavier Mestres, Nora Navas, Albert P\u00e9rez, Pep Planas, Francesc Pujol i Manel Sans. L&#8217;import \u00e9s de 27 euros (24 per als socis) i la sortida es far\u00e0 del davant de l&#8217;institut Llu\u00eds de Peguera, a les set de la tarda. Per a informaci\u00f3 i inscripcions, cal adre\u00e7ar-se a la secretaria de la delegaci\u00f3, de dilluns a divendres, de vuit a nou del vespre. <\/font><\/p>\n<p><font color=\"#000000\"><strong>Cursos 2006<br \/><\/strong><a href=\"http:\/\/www.omnium.cat\/agendaViewPage.php?art_ID=1540\"><strong>Curs de coneixement de la flora\u00a0i la vegetaci\u00f3 del Bages (IV)<\/strong><\/a><\/font><\/p>\n<p><font color=\"#000000\">a c\u00e0rrec de Jordi Badia, bi\u00f2leg, de la delegaci\u00f3 del Bages de la Instituci\u00f3 Catalana d&#8217;Hist\u00f2ria Natural, i Efrem Batriu, bi\u00f2leg del departament de Bot\u00e0nica de la UB <\/font><\/p>\n<p><font color=\"#000000\">del 5 al 21 de maig <\/font><\/p>\n<p><font color=\"#000000\">(sessions te\u00f2riques els divendres de set a nou del vespre al local d&#8217;\u00d2mnium Cultural i sortides matinals els diumenges)<\/font><\/p>\n<p><font color=\"#000000\">\u00d2mnium Cultural proposa una altra vegada el curs de bot\u00e0nica, aplicat al Bages, amb sortides a espais de natura diferents. Les classes te\u00f2riques es centraran en la cultura tradicional catalana fonamentada en coneixements de bot\u00e0nica. Una sessi\u00f3 te\u00f2rica repassar\u00e0 els usos (agr\u00edcoles, ornamentals, objectes,&#8230;) i les propietats (medicinals, t\u00f2xiques, arom\u00e0tiques, condiments&#8230;) de les plantes,\u00a0ordenades\u00a0i agrupades segons criteris\u00a0bot\u00e0nics. Una altra es dedicar\u00e0 a la llengua, a analitzar el llenguatge catal\u00e0 a la recerca d&#8217;arrels en la bot\u00e0nica, a rescatar nomenclatura popular\u00a0en vies d&#8217;extinci\u00f3\u00a0i a mostrar literatura i autors catalans que han servit o s&#8217;han servit del m\u00f3n vegetal. I la tercera sessi\u00f3 repassar\u00e0 la hist\u00f2ria del paisatge i dels usos del s\u00f2l, o a un altre aspecte que us sembli interessant. Els objectius de les tres sortides matinals de diumenge seran els d&#8217;aprendre a observar i identificar la flora i la vegetaci\u00f3 de la comarca, com en les edicions passades. Per a informaci\u00f3 i inscripcions, cal adre\u00e7ar-se a la secretaria de la delegaci\u00f3, de dilluns a divendres, de vuit a nou del vespre. L&#8217;import \u00e9s de 25 euros (22 per als socis).<br \/><\/font><\/p>\n","protected":false},"excerpt":{"rendered":"<p>07\/04\/06 (Redacci\u00f3 \u00d2C)  En l`\u00faltima sessi\u00f3 d`Els dijous de l`\u00d2mnium, \u00c8ric Bertran, el jove de Blanes acusat fa un any de terrorisme per l`Estat espanyol, va presentar el llibre en qu\u00e8 narra els fets succe\u00efts arran d`uns correus que havia enviat en qu\u00e8 demanava l`etiquetatge en catal\u00e0. L`acte va comptar amb la pres\u00e8ncia del mateix \u00c8ric, dels advocats que han dut el seu cas, de V\u00edctor Alexandre, escriptor i periodista que ha ajudat el jove a escriure el llibre, i d`Isidor C\u00f2nsul, editor de Proa, que ha publicat la hist\u00f2ria.  Ja se n`han venut m\u00e9s de 10.000 exemplars, cosa que mostra l`inter\u00e8s que el cas ha suscitat entre la societat catalana. Tots els presents van lamentar els fets ocorreguts i van expressar la seva sorpresa per la dimensi\u00f3 que han pres. &#8220;Alguns dels passatges del llibre s\u00f3n un viatge a trav\u00e9s del t\u00fanel del temps&#8221;, va expressar V\u00edctor Alexandre. Els advocats van manifestar que actualment estan treballant en una den\u00fancia de l`\u00c8ric contra l`Estat espanyol per la &#8220;irregularitat i poca seriositat de tot el proc\u00e9s&#8221;, ja que la den\u00fancia contra el jove havia quedat arxivada.  Alexandre, molt cr\u00edtic en el seu discurs, va dir que &#8220;el problema de la llengua catalana no se solucionar\u00e0 fins que no se solucioni el problema dels agents pol\u00edtics&#8221;, i va lamentar la guerra interna del nacionalisme: &#8220;Ens estem equivocant d`enemics&#8221;, va afegir. Per la seva banda, Bertran va expressar la seva alegria per l`\u00e8xit del llibre i va manifestar que &#8220;la gent t\u00e9 dret a saber tot el que va passar&#8221;. El jove escriptor va fer una crida al boicot contra empreses com Dia, que el va denunciar, i que menyspreen el catal\u00e0: &#8220;Si un sol correu electr\u00f2nic els va fer tant de mal, cal que en rebin molts m\u00e9s.&#8221; \u00c8ric Bertran tamb\u00e9 va expressar que vol escriure molts m\u00e9s llibres per\u00f2 que espera &#8220;no haver de basar-se en fets tan reals&#8221;.<\/p>\n","protected":false},"author":1,"featured_media":0,"comment_status":"closed","ping_status":"open","sticky":false,"template":"","format":"standard","meta":{"_acf_changed":false,"footnotes":""},"categories":[1],"tags":[],"post_headquarter":[1760],"post_project":[],"class_list":["post-1920","post","type-post","status-publish","format-standard","hentry","category-uncategorized-ca","post_headquarter-bages-moianes"],"acf":[],"yoast_head":"<!-- This site is optimized with the Yoast SEO plugin v27.2 - https:\/\/yoast.com\/product\/yoast-seo-wordpress\/ -->\n<title>Full informatiu 87 - abril de 2006 - \u00d2mnium Cultural<\/title>\n<meta name=\"robots\" content=\"index, follow, max-snippet:-1, max-image-preview:large, max-video-preview:-1\" \/>\n<link rel=\"canonical\" href=\"https:\/\/www.omnium.cat\/ca\/full-informatiu-87-abril-de-2006\/\" \/>\n<meta name=\"twitter:label1\" content=\"Escrit per\" \/>\n\t<meta name=\"twitter:data1\" content=\"eduard.nadal@whads.com\" \/>\n\t<meta name=\"twitter:label2\" content=\"Temps estimat de lectura\" \/>\n\t<meta name=\"twitter:data2\" content=\"9 minuts\" \/>\n<script type=\"application\/ld+json\" class=\"yoast-schema-graph\">{\"@context\":\"https:\/\/schema.org\",\"@graph\":[{\"@type\":\"Article\",\"@id\":\"https:\/\/www.omnium.cat\/ca\/full-informatiu-87-abril-de-2006\/#article\",\"isPartOf\":{\"@id\":\"https:\/\/www.omnium.cat\/ca\/full-informatiu-87-abril-de-2006\/\"},\"author\":{\"name\":\"eduard.nadal@whads.com\",\"@id\":\"https:\/\/www.omnium.cat\/ca\/#\/schema\/person\/92dc7c4963acfbe484fb60f5bf2e924c\"},\"headline\":\"Full informatiu 87 &#8211; abril de 2006\",\"datePublished\":\"2006-04-07T00:00:00+00:00\",\"mainEntityOfPage\":{\"@id\":\"https:\/\/www.omnium.cat\/ca\/full-informatiu-87-abril-de-2006\/\"},\"wordCount\":1844,\"publisher\":{\"@id\":\"https:\/\/www.omnium.cat\/ca\/#organization\"},\"image\":{\"@id\":\"https:\/\/www.omnium.cat\/ca\/full-informatiu-87-abril-de-2006\/#primaryimage\"},\"thumbnailUrl\":\"http:\/\/www.omnium.cat\/media\/4698.gif\",\"articleSection\":[\"Uncategorized @oc\"],\"inLanguage\":\"ca\"},{\"@type\":\"WebPage\",\"@id\":\"https:\/\/www.omnium.cat\/ca\/full-informatiu-87-abril-de-2006\/\",\"url\":\"https:\/\/www.omnium.cat\/ca\/full-informatiu-87-abril-de-2006\/\",\"name\":\"Full informatiu 87 - abril de 2006 - \u00d2mnium Cultural\",\"isPartOf\":{\"@id\":\"https:\/\/www.omnium.cat\/ca\/#website\"},\"primaryImageOfPage\":{\"@id\":\"https:\/\/www.omnium.cat\/ca\/full-informatiu-87-abril-de-2006\/#primaryimage\"},\"image\":{\"@id\":\"https:\/\/www.omnium.cat\/ca\/full-informatiu-87-abril-de-2006\/#primaryimage\"},\"thumbnailUrl\":\"http:\/\/www.omnium.cat\/media\/4698.gif\",\"datePublished\":\"2006-04-07T00:00:00+00:00\",\"breadcrumb\":{\"@id\":\"https:\/\/www.omnium.cat\/ca\/full-informatiu-87-abril-de-2006\/#breadcrumb\"},\"inLanguage\":\"ca\",\"potentialAction\":[{\"@type\":\"ReadAction\",\"target\":[\"https:\/\/www.omnium.cat\/ca\/full-informatiu-87-abril-de-2006\/\"]}]},{\"@type\":\"ImageObject\",\"inLanguage\":\"ca\",\"@id\":\"https:\/\/www.omnium.cat\/ca\/full-informatiu-87-abril-de-2006\/#primaryimage\",\"url\":\"http:\/\/www.omnium.cat\/media\/4698.gif\",\"contentUrl\":\"http:\/\/www.omnium.cat\/media\/4698.gif\"},{\"@type\":\"BreadcrumbList\",\"@id\":\"https:\/\/www.omnium.cat\/ca\/full-informatiu-87-abril-de-2006\/#breadcrumb\",\"itemListElement\":[{\"@type\":\"ListItem\",\"position\":1,\"name\":\"Inici\",\"item\":\"https:\/\/www.omnium.cat\/ca\/\"},{\"@type\":\"ListItem\",\"position\":2,\"name\":\"Full informatiu 87 &#8211; abril de 2006\"}]},{\"@type\":\"WebSite\",\"@id\":\"https:\/\/www.omnium.cat\/ca\/#website\",\"url\":\"https:\/\/www.omnium.cat\/ca\/\",\"name\":\"\u00d2mnium Cultural\",\"description\":\"Llengua Cultura Pa\u00eds\",\"publisher\":{\"@id\":\"https:\/\/www.omnium.cat\/ca\/#organization\"},\"potentialAction\":[{\"@type\":\"SearchAction\",\"target\":{\"@type\":\"EntryPoint\",\"urlTemplate\":\"https:\/\/www.omnium.cat\/ca\/?s={search_term_string}\"},\"query-input\":{\"@type\":\"PropertyValueSpecification\",\"valueRequired\":true,\"valueName\":\"search_term_string\"}}],\"inLanguage\":\"ca\"},{\"@type\":\"Organization\",\"@id\":\"https:\/\/www.omnium.cat\/ca\/#organization\",\"name\":\"\u00d2mnium Cultural\",\"url\":\"https:\/\/www.omnium.cat\/ca\/\",\"logo\":{\"@type\":\"ImageObject\",\"inLanguage\":\"ca\",\"@id\":\"https:\/\/www.omnium.cat\/ca\/#\/schema\/logo\/image\/\",\"url\":\"https:\/\/cdn.omnium.cat\/wp-content\/uploads\/2019\/06\/01112517\/cropped-omnium_logo-1.png\",\"contentUrl\":\"https:\/\/cdn.omnium.cat\/wp-content\/uploads\/2019\/06\/01112517\/cropped-omnium_logo-1.png\",\"width\":1213,\"height\":262,\"caption\":\"\u00d2mnium Cultural\"},\"image\":{\"@id\":\"https:\/\/www.omnium.cat\/ca\/#\/schema\/logo\/image\/\"},\"sameAs\":[\"https:\/\/www.facebook.com\/omniumcultural\",\"https:\/\/x.com\/omnium\",\"https:\/\/www.instagram.com\/omniumcultural\/\",\"https:\/\/www.youtube.com\/user\/omniumcultural\"]},{\"@type\":\"Person\",\"@id\":\"https:\/\/www.omnium.cat\/ca\/#\/schema\/person\/92dc7c4963acfbe484fb60f5bf2e924c\",\"name\":\"eduard.nadal@whads.com\",\"image\":{\"@type\":\"ImageObject\",\"inLanguage\":\"ca\",\"@id\":\"https:\/\/secure.gravatar.com\/avatar\/c683b4f4d46c786c30fc67faa017bf0582bba4180ebb607c7cdc9659cf4980a8?s=96&d=mm&r=g\",\"url\":\"https:\/\/secure.gravatar.com\/avatar\/c683b4f4d46c786c30fc67faa017bf0582bba4180ebb607c7cdc9659cf4980a8?s=96&d=mm&r=g\",\"contentUrl\":\"https:\/\/secure.gravatar.com\/avatar\/c683b4f4d46c786c30fc67faa017bf0582bba4180ebb607c7cdc9659cf4980a8?s=96&d=mm&r=g\",\"caption\":\"eduard.nadal@whads.com\"},\"sameAs\":[\"http:\/\/www.whads.com\"]}]}<\/script>\n<!-- \/ Yoast SEO plugin. -->","yoast_head_json":{"title":"Full informatiu 87 - abril de 2006 - \u00d2mnium Cultural","robots":{"index":"index","follow":"follow","max-snippet":"max-snippet:-1","max-image-preview":"max-image-preview:large","max-video-preview":"max-video-preview:-1"},"canonical":"https:\/\/www.omnium.cat\/ca\/full-informatiu-87-abril-de-2006\/","twitter_misc":{"Escrit per":"eduard.nadal@whads.com","Temps estimat de lectura":"9 minuts"},"schema":{"@context":"https:\/\/schema.org","@graph":[{"@type":"Article","@id":"https:\/\/www.omnium.cat\/ca\/full-informatiu-87-abril-de-2006\/#article","isPartOf":{"@id":"https:\/\/www.omnium.cat\/ca\/full-informatiu-87-abril-de-2006\/"},"author":{"name":"eduard.nadal@whads.com","@id":"https:\/\/www.omnium.cat\/ca\/#\/schema\/person\/92dc7c4963acfbe484fb60f5bf2e924c"},"headline":"Full informatiu 87 &#8211; abril de 2006","datePublished":"2006-04-07T00:00:00+00:00","mainEntityOfPage":{"@id":"https:\/\/www.omnium.cat\/ca\/full-informatiu-87-abril-de-2006\/"},"wordCount":1844,"publisher":{"@id":"https:\/\/www.omnium.cat\/ca\/#organization"},"image":{"@id":"https:\/\/www.omnium.cat\/ca\/full-informatiu-87-abril-de-2006\/#primaryimage"},"thumbnailUrl":"http:\/\/www.omnium.cat\/media\/4698.gif","articleSection":["Uncategorized @oc"],"inLanguage":"ca"},{"@type":"WebPage","@id":"https:\/\/www.omnium.cat\/ca\/full-informatiu-87-abril-de-2006\/","url":"https:\/\/www.omnium.cat\/ca\/full-informatiu-87-abril-de-2006\/","name":"Full informatiu 87 - abril de 2006 - \u00d2mnium Cultural","isPartOf":{"@id":"https:\/\/www.omnium.cat\/ca\/#website"},"primaryImageOfPage":{"@id":"https:\/\/www.omnium.cat\/ca\/full-informatiu-87-abril-de-2006\/#primaryimage"},"image":{"@id":"https:\/\/www.omnium.cat\/ca\/full-informatiu-87-abril-de-2006\/#primaryimage"},"thumbnailUrl":"http:\/\/www.omnium.cat\/media\/4698.gif","datePublished":"2006-04-07T00:00:00+00:00","breadcrumb":{"@id":"https:\/\/www.omnium.cat\/ca\/full-informatiu-87-abril-de-2006\/#breadcrumb"},"inLanguage":"ca","potentialAction":[{"@type":"ReadAction","target":["https:\/\/www.omnium.cat\/ca\/full-informatiu-87-abril-de-2006\/"]}]},{"@type":"ImageObject","inLanguage":"ca","@id":"https:\/\/www.omnium.cat\/ca\/full-informatiu-87-abril-de-2006\/#primaryimage","url":"http:\/\/www.omnium.cat\/media\/4698.gif","contentUrl":"http:\/\/www.omnium.cat\/media\/4698.gif"},{"@type":"BreadcrumbList","@id":"https:\/\/www.omnium.cat\/ca\/full-informatiu-87-abril-de-2006\/#breadcrumb","itemListElement":[{"@type":"ListItem","position":1,"name":"Inici","item":"https:\/\/www.omnium.cat\/ca\/"},{"@type":"ListItem","position":2,"name":"Full informatiu 87 &#8211; abril de 2006"}]},{"@type":"WebSite","@id":"https:\/\/www.omnium.cat\/ca\/#website","url":"https:\/\/www.omnium.cat\/ca\/","name":"\u00d2mnium Cultural","description":"Llengua Cultura Pa\u00eds","publisher":{"@id":"https:\/\/www.omnium.cat\/ca\/#organization"},"potentialAction":[{"@type":"SearchAction","target":{"@type":"EntryPoint","urlTemplate":"https:\/\/www.omnium.cat\/ca\/?s={search_term_string}"},"query-input":{"@type":"PropertyValueSpecification","valueRequired":true,"valueName":"search_term_string"}}],"inLanguage":"ca"},{"@type":"Organization","@id":"https:\/\/www.omnium.cat\/ca\/#organization","name":"\u00d2mnium Cultural","url":"https:\/\/www.omnium.cat\/ca\/","logo":{"@type":"ImageObject","inLanguage":"ca","@id":"https:\/\/www.omnium.cat\/ca\/#\/schema\/logo\/image\/","url":"https:\/\/cdn.omnium.cat\/wp-content\/uploads\/2019\/06\/01112517\/cropped-omnium_logo-1.png","contentUrl":"https:\/\/cdn.omnium.cat\/wp-content\/uploads\/2019\/06\/01112517\/cropped-omnium_logo-1.png","width":1213,"height":262,"caption":"\u00d2mnium Cultural"},"image":{"@id":"https:\/\/www.omnium.cat\/ca\/#\/schema\/logo\/image\/"},"sameAs":["https:\/\/www.facebook.com\/omniumcultural","https:\/\/x.com\/omnium","https:\/\/www.instagram.com\/omniumcultural\/","https:\/\/www.youtube.com\/user\/omniumcultural"]},{"@type":"Person","@id":"https:\/\/www.omnium.cat\/ca\/#\/schema\/person\/92dc7c4963acfbe484fb60f5bf2e924c","name":"eduard.nadal@whads.com","image":{"@type":"ImageObject","inLanguage":"ca","@id":"https:\/\/secure.gravatar.com\/avatar\/c683b4f4d46c786c30fc67faa017bf0582bba4180ebb607c7cdc9659cf4980a8?s=96&d=mm&r=g","url":"https:\/\/secure.gravatar.com\/avatar\/c683b4f4d46c786c30fc67faa017bf0582bba4180ebb607c7cdc9659cf4980a8?s=96&d=mm&r=g","contentUrl":"https:\/\/secure.gravatar.com\/avatar\/c683b4f4d46c786c30fc67faa017bf0582bba4180ebb607c7cdc9659cf4980a8?s=96&d=mm&r=g","caption":"eduard.nadal@whads.com"},"sameAs":["http:\/\/www.whads.com"]}]}},"_links":{"self":[{"href":"https:\/\/www.omnium.cat\/ca\/wp-json\/wp\/v2\/posts\/1920","targetHints":{"allow":["GET"]}}],"collection":[{"href":"https:\/\/www.omnium.cat\/ca\/wp-json\/wp\/v2\/posts"}],"about":[{"href":"https:\/\/www.omnium.cat\/ca\/wp-json\/wp\/v2\/types\/post"}],"author":[{"embeddable":true,"href":"https:\/\/www.omnium.cat\/ca\/wp-json\/wp\/v2\/users\/1"}],"replies":[{"embeddable":true,"href":"https:\/\/www.omnium.cat\/ca\/wp-json\/wp\/v2\/comments?post=1920"}],"version-history":[{"count":0,"href":"https:\/\/www.omnium.cat\/ca\/wp-json\/wp\/v2\/posts\/1920\/revisions"}],"wp:attachment":[{"href":"https:\/\/www.omnium.cat\/ca\/wp-json\/wp\/v2\/media?parent=1920"}],"wp:term":[{"taxonomy":"category","embeddable":true,"href":"https:\/\/www.omnium.cat\/ca\/wp-json\/wp\/v2\/categories?post=1920"},{"taxonomy":"post_tag","embeddable":true,"href":"https:\/\/www.omnium.cat\/ca\/wp-json\/wp\/v2\/tags?post=1920"},{"taxonomy":"post_headquarter","embeddable":true,"href":"https:\/\/www.omnium.cat\/ca\/wp-json\/wp\/v2\/post_headquarter?post=1920"},{"taxonomy":"post_project","embeddable":true,"href":"https:\/\/www.omnium.cat\/ca\/wp-json\/wp\/v2\/post_project?post=1920"}],"curies":[{"name":"wp","href":"https:\/\/api.w.org\/{rel}","templated":true}]}}