{"id":1977,"date":"2007-01-30T01:00:00","date_gmt":"2007-01-29T23:00:00","guid":{"rendered":"http:\/\/omnium.whads.com\/jordania\/"},"modified":"2007-01-30T01:00:00","modified_gmt":"2007-01-29T23:00:00","slug":"jordania","status":"publish","type":"post","link":"https:\/\/www.omnium.cat\/ca\/jordania\/","title":{"rendered":"Jord\u00e0nia"},"content":{"rendered":"\n<p class=\"MsoNormal\" style=\"font-weight: bold; color: rgb(231, 99, 32);\"><span lang=\"CA\" style=\"font-size: 14pt; font-family: Verdana;\"><br \/><\/span><\/p>\n<p><span style=\"font-weight: bold; color: rgb(231, 99, 32);\">Del 4 al 15 de mar\u00e7<\/span><\/p>\n<p><span style=\"font-weight: bold;\">Itinerari:<\/span><br \/><b style=\"\"><span lang=\"CA\" style=\"font-size: 11pt; font-family: Verdana;\"><!--[if !supportEmptyParas]--> <!--[endif]--><o:p \/><\/span><\/b><\/p>\n<p class=\"MsoNormal\" style=\"text-align: justify;\"><!--[if gte vml 1]><v:shapetype id=\"_x0000_t75\" coordsize=\"21600,21600\" o:spt=\"75\" o:preferrelative=\"t\" path=\"m@4@5l@4@11@9@11@9@5xe\" filled=\"f\" stroked=\"f\"> <v:stroke joinstyle=\"miter\"\/> <v:formulas>  <v:f eqn=\"if lineDrawn pixelLineWidth 0\"\/>  <v:f eqn=\"sum @0 1 0\"\/>  <v:f eqn=\"sum 0 0 @1\"\/>  <v:f eqn=\"prod @2 1 2\"\/>  <v:f eqn=\"prod @3 21600 pixelWidth\"\/>  <v:f eqn=\"prod @3 21600 pixelHeight\"\/>  <v:f eqn=\"sum @0 0 1\"\/>  <v:f eqn=\"prod @6 1 2\"\/>  <v:f eqn=\"prod @7 21600 pixelWidth\"\/>  <v:f eqn=\"sum @8 21600 0\"\/>  <v:f eqn=\"prod @7 21600 pixelHeight\"\/>  <v:f eqn=\"sum @10 21600 0\"\/> <\/v:formulas> <v:path o:extrusionok=\"f\" gradientshapeok=\"t\" o:connecttype=\"rect\"\/> <o:lock v:ext=\"edit\" aspectratio=\"t\"\/><\/v:shapetype><v:shape id=\"_x0000_s1031\" type=\"#_x0000_t75\" style='position:absolute; left:0;text-align:left;margin-left:4.2pt;margin-top:3.65pt;width:99pt; height:94.9pt;z-index:6;mso-position-horizontal-relative:text; mso-position-vertical-relative:text' o:allowincell=\"f\"> <v:imagedata src=\"file:\/\/\/C:\/DOCUME~1\/RSEBAS~1\/CONFIG~1\/Temp\/msoclip1\/01\/clip_image001.jpg\"  o:title=\"al_deir2\" cropleft=\".0625\" cropright=\"2048f\" gain=\"69719f\"\/> <w:wrap type=\"square\"\/><\/v:shape><![endif]--><!--[if !vml]--><!--[endif]--><b style=\"\"><u><span lang=\"CA\" style=\"font-size: 11pt; font-family: Verdana;\"><span style=\"color: rgb(231, 99, 32);\">04 de Mar\u00e7: BARCELONA &#8211; AMMAN<\/span><o:p \/><\/span><\/u><\/b><br \/><span lang=\"CA\" style=\"font-family: Verdana;\">Sortida amb avi\u00f3 a Amman, capital de Jord\u00e0nia. Arribada trasllat al&#8217;hotel, sopar i allotjament.<o:p \/><\/span><\/p>\n<p class=\"MsoNormal\" style=\"text-align: justify;\"><span lang=\"CA\" style=\"font-size: 11pt; font-family: Verdana;\"><!--[if !supportEmptyParas]--> <!--[endif]--><o:p \/><\/span><\/p>\n<p class=\"MsoNormal\" style=\"text-align: justify;\"><b style=\"\"><u><span lang=\"CA\" style=\"font-size: 11pt; font-family: Verdana;\"><span style=\"color: rgb(231, 99, 32);\">05 de Mar\u00e7:  AMMAN- JERASH &#8211; AJLUN &#8211; AMMAN<\/span><o:p \/><\/span><\/u><\/b><br \/><span lang=\"CA\" style=\"font-family: Verdana;\">Esmorzar i sortida cap a Jerash, una de les ciutats de la Decap\u00f3lis,es troba al nord de Amman, aprox. a 45 kms. i a una hora de dist\u00e0ncia percarretera. Durant l&#8217;excursi\u00f3, visitarem l&#8217;Arc del Triomf, la Pla\u00e7a Ovalada, elCard, la Columnata, el Temple d&#8217;Afrodita, finalitzant en el Teatre Rom\u00e0, ambuna meravellosa ac\u00fastica. Dinar en restaurant local.<span style=\"\">  <\/span>Seguidament ens dirigim cap al Castell de Ajlun, fortalesaconstru\u00efda en 1185 i reconstru\u00efda m\u00e9s tard en el s. XIII pels mamelucs, despr\u00e9sde la seva destrucci\u00f3 pels mongols. \u00c9s un castell de l&#8217;\u00e8poca de les Croades,situat a la part alta de la muntanya i des del qual es contempla una bellapanor\u00e0mica. Retorn a Amman. Sopar en l&#8217;hotel.<\/span><u><span lang=\"CA\" style=\"font-size: 11pt; font-family: Verdana;\"><o:p \/><\/span><\/u><\/p>\n<p class=\"MsoNormal\" style=\"text-align: justify;\"><b style=\"\"><u><span lang=\"CA\" style=\"font-size: 11pt; font-family: Verdana;\"><span style=\"color: rgb(231, 99, 32);\">06 deMar\u00e7:  AMMAN &#8211; CASTELLS DEL DESERT -ZOCO &#8211; AMMAN<\/span><o:p \/><\/span><\/u><\/b><br \/><span lang=\"CA\" style=\"font-family: Verdana;\">Esmorzar i sortida cap a la zona des\u00e8rtica a l&#8217;est de Amman pervisitar els Castells-Palaus constru\u00efts pels Califas Omeyas entre els segles VIIi VIII.<span style=\"\">  <\/span>Cal destacar: <b style=\"\">Qsar Amra<\/b> , antics banys romans queconserven frescos en molt bon estat: <b style=\"\">QsarAzrak<\/b>, constru\u00eft en pedra volc\u00e0nica amb barreja d&#8217;estils isl\u00e0mic-rom\u00e0,situat en un oasi.<span style=\"\">  <\/span>Retorn cap a Ammanper dinar.<span style=\"\">  <\/span>A la tarda anirem al zocoper veure l&#8217;ambient, el seu colorit i les seves botigues. Retorn a l&#8217;hotel,sopar i allotjament.<o:p \/><\/span><\/p>\n<p class=\"MsoNormal\" style=\"text-align: justify;\"><b style=\"\"><u><span lang=\"CA\" style=\"font-size: 11pt; font-family: Verdana;\"><span style=\"color: rgb(231, 99, 32);\">07 deMar\u00e7:  AMMAN &#8211; MADABA &#8211; NEBO &#8211; PETRA<\/span><o:p \/><\/span><\/u><\/b><br \/><span lang=\"CA\" style=\"font-family: Verdana;\">Esmorzar i sortida cap a Madaba per a visitar l&#8217;Esgl\u00e9sia Ortodoxa deSant Jordi, on es troba el primer mapa-mosaic de Palestina. Continuaci\u00f3 cap ala Montanya Nebo per a admirar la vista panor\u00e0mica de la Vall del Jord\u00e1n i delMar Mort.<span style=\"\">  <\/span>Aquest lloc va ser l&#8217;\u00faltimvisitat per Mois\u00e9s i des d&#8217;on el profeta va poder veure la terra promesa, a laqual mai arribaria. Dinar en restaurant local.<span style=\"\"> <\/span>Continuaci\u00f3 a Petra.<span style=\"\">  <\/span>Arribada al&#8217;hotel, sopar i allotjament.<\/span><span lang=\"CA\" ;=\"\" ms=\"\" trebuchet=\"\" style=\"font-size: 11pt;\"><o:p \/><\/span><\/p>\n<p class=\"MsoNormal\" style=\"text-align: justify;\"><!--[if gte vml 1]><v:shape id=\"_x0000_s1028\" type=\"#_x0000_t75\" style='position:absolute;margin-left:-4.95pt;margin-top:27.55pt;width:99pt; height:75.5pt;z-index:3;mso-position-horizontal-relative:text; mso-position-vertical-relative:text' o:allowincell=\"f\"> <v:imagedata src=\"file:\/\/\/C:\/DOCUME~1\/RSEBAS~1\/CONFIG~1\/Temp\/msoclip1\/01\/clip_image005.jpg\"  o:title=\"al_deir\" cropright=\".0625\" gain=\"69719f\"\/> <w:wrap type=\"square\"\/><\/v:shape><![endif]--><!--[if !vml]--><!--[endif]--><b style=\"\"><u><span lang=\"CA\" style=\"font-size: 11pt; font-family: Verdana;\"><span style=\"color: rgb(231, 99, 32);\">08 de Mar\u00e7:  PETRA<\/span><o:p \/><\/span><\/u><\/b><br \/><span lang=\"CA\" style=\"font-family: Verdana;\">Esmorzar i sortida per fer la visita de dia complet a Petra, la&quot;Ciutat Rosa&quot;, capital dels Nabateos. Durant la visita, coneixeremels m\u00e9s importants i representatius monuments esculpits en la roca pelsNabateos. El tresor, fam\u00f3s i internacionalment conegut monument dut al cinemaen una de les pel\u00b7l\u00edcules d&#8217;Indiana Jones, les Tombes de colors, les Tombesdels Reis, etc. Dinar en un restaurant situat a Petra.<span style=\"\">  <\/span>Acabada la visita, retorn a l&#8217;hotel, sopar iallotjament.<o:p \/><\/span><\/p>\n<p class=\"MsoNormal\" style=\"text-align: justify;\"><!--[if gte vml 1]><v:shape id=\"_x0000_s1030\" type=\"#_x0000_t75\" style='position:absolute;margin-left:382.2pt;margin-top:8.8pt;width:99pt; height:76.9pt;z-index:5;mso-position-horizontal-relative:text; mso-position-vertical-relative:text' o:allowincell=\"f\"> <v:imagedata src=\"file:\/\/\/C:\/DOCUME~1\/RSEBAS~1\/CONFIG~1\/Temp\/msoclip1\/01\/clip_image007.jpg\"  o:title=\"wadi%20rum%20013\" cropright=\"1328f\" gain=\"69719f\"\/> <w:wrap type=\"square\"\/><\/v:shape><![endif]--><!--[if !vml]--><!--[endif]--><b style=\"\"><u><span lang=\"CA\" style=\"font-size: 11pt; font-family: Verdana;\"><span style=\"color: rgb(231, 99, 32);\">09 de Mar\u00e7:  PETRA- WADI RUM &#8211; AQABA<\/span><o:p \/><\/span><\/u><\/b><br \/><span lang=\"CA\" style=\"font-family: Verdana;\">Esmorzar i sortida cap a Wadi Rum (aprox. 2 hores), arribarem aldesert de Lawrence d&#8217;Ar\u00e0bia. La visita, que es realitza en peculiars vehicles 4x 4, condu\u00efts per beduins, consisteix en una petita incursi\u00f3 en el paisatgelunar d&#8217;aquest desert. En el nostre passeig observarem les meravelles que hafet la naturalesa, amb les roques i la sorra; la font de Lawrence, el Siq, elPont de pedra. Dinar sota tendes beduines.<span style=\"\"> <\/span>Sortida cap a Aqaba, per fer la seva visita. Trasllat a l&#8217;hotel, sopar iallotjament.<\/span><span lang=\"CA\" ;=\"\" ms=\"\" trebuchet=\"\" style=\"font-size: 11pt;\"><o:p \/><\/span><\/p>\n<p class=\"MsoNormal\" style=\"text-align: justify;\"><b style=\"\"><u><span lang=\"CA\" style=\"font-size: 11pt; font-family: Verdana;\"><span style=\"color: rgb(231, 99, 32);\">10 deMar\u00e7:  AQABA<\/span><o:p \/><\/span><\/u><\/b><br \/><span lang=\"CA\" style=\"font-family: Verdana;\">Esmorzar i sortida per visitar el Museu Aquari i el castell de Salahed-Din, enemic de Ricard Cor de Lle\u00f3 i Reinaldo de Chatillon.<span style=\"\">  <\/span>Despr\u00e9s sortida en el vaixell de cristallper a gaudir del mar i arribar prop de la frontera d&#8217;Ar\u00e0bia Saudi.<span style=\"\">  <\/span>Aqaba \u00e9s c\u00e0lid, assolellat i atractiu, vorejatde palmeres i envoltat per netes aig\u00fces del golf de Aqaba;<span style=\"\">  <\/span>hi ha una constant brisa del nord querefresca i est\u00e0 envoltat de muntanyes que canvien de color al pas de les hores.Dinar en el vaixell.<span style=\"\">  <\/span>Per la tardaretorn a l&#8217;hotel, sopar i allotjament.<o:p \/><\/span><\/p>\n<p class=\"MsoNormal\" style=\"text-align: justify;\"><!--[if gte vml 1]><v:shape id=\"_x0000_s1027\" type=\"#_x0000_t75\" style='position:absolute;margin-left:382.2pt;margin-top:1.4pt;width:108pt; height:86.4pt;z-index:2;mso-position-horizontal-relative:text; mso-position-vertical-relative:text' o:allowincell=\"f\"> <v:imagedata src=\"file:\/\/\/C:\/DOCUME~1\/RSEBAS~1\/CONFIG~1\/Temp\/msoclip1\/01\/clip_image009.jpg\"  o:title=\"Floating 2\" cropright=\"2250f\"\/> <w:wrap type=\"square\"\/><\/v:shape><![endif]--><!--[if !vml]--><!--[endif]--><u><span lang=\"CA\" style=\"font-size: 11pt; font-family: Verdana;\"><b style=\"\"><span style=\"color: rgb(231, 99, 32);\">11 de Mar\u00e7:  AQABA &#8211; BETANIA &#8211; MAR MORT<\/span><o:p \/><\/b><\/span><\/u><br \/><span lang=\"CA\" style=\"font-family: Verdana;\">Esmorzar i sortida cap a la vall del Jord\u00e1n per a visitar Betania, ellloc on Juan el Bautista va viure i va batejar a Jes\u00fas.<span style=\"\">  <\/span>Despr\u00e9s anirem cap al Mar Mort, el punt m\u00e9sbaix de la terra, situat a 400 m. sota el nivell del mar. La seva salinitat iels seus minerals, tenen propietats curatives per a diferents malalties, aix\u00edcom per a la fabricaci\u00f3 de productes cosm\u00e8tics i de bellesa. Trasllat al&#8217;hotel, sopar i allotjament.<\/span><span lang=\"CA\" ;=\"\" ms=\"\" trebuchet=\"\" style=\"font-size: 11pt;\"><o:p \/><\/span><\/p>\n<p class=\"MsoNormal\" style=\"text-align: justify;\"><b style=\"\"><u><span lang=\"CA\" style=\"font-size: 11pt; font-family: Verdana;\"><span style=\"color: rgb(231, 99, 32);\">12 deMar\u00e7:  MAR MORT<\/span><o:p \/><\/span><\/u><\/b><br \/><span lang=\"CA\" style=\"font-family: Verdana;\">Pensi\u00f3 completa. Dia lliure en el Mar Mort per a poder gaudir de lesinstal\u00b7lacions de l&#8217;hotel, considerat el millor del Mar Mort. Passarem el diarelaxant-nos amb un massatge i provarem els fangs curatius extrets del s\u00f2l delmar.<\/span><span lang=\"CA\" style=\"font-size: 11pt; font-family: Verdana;\"><o:p \/><\/span><\/p>\n<p class=\"MsoNormal\" style=\"text-align: justify;\"><b style=\"\"><u><span lang=\"CA\" style=\"font-size: 11pt; font-family: Verdana;\"><span style=\"color: rgb(231, 99, 32);\">13 deMar\u00e7:  MAR MORT &#8211; UMM QAYS &#8211; PELLA &#8211; MARMORT<\/span><o:p \/><\/span><\/u><\/b><br \/><span lang=\"CA\" style=\"font-family: Verdana;\">Esmorzar i sortida cap al nord per a visitar UmmQais (Gadara), lloc del fam\u00f3s miracle dels endimoniats i els credos. Gadara vaser centre de la cultura en els seus temps, bressol de diversos poetes ifil\u00f2sofs cl\u00e0ssics, entre ells Teodoro fundador de l&#8217;escola ret\u00f2rica a Roma.Dinar. Seguidament sortida cap a Pella (Tabaqat Fahl), un lloc excepcional perals arque\u00f2legs &#8211; ric en assentaments de diferents \u00e8poques. Les ru\u00efnes excavadesprocedeixen del per\u00edode greco-rom\u00e0, entre ells un Od\u00f3n.<span style=\"\">   <\/span>Retorn a l&#8217;hotel, Sopar i allotjament.<\/span><span lang=\"CA\" ;=\"\" ms=\"\" trebuchet=\"\" style=\"font-size: 11pt;\"><o:p \/><\/span><\/p>\n<p class=\"MsoNormal\"><span lang=\"CA\" ;=\"\" ms=\"\" trebuchet=\"\" style=\"font-size: 11pt;\"><!--[if !supportEmptyParas]--> <o:p \/><\/span><\/p>\n<p class=\"MsoNormal\" style=\"text-align: justify;\"><b style=\"\"><u><span lang=\"CA\" style=\"font-size: 11pt; font-family: Verdana;\"><span style=\"color: rgb(231, 99, 32);\">14 deMar\u00e7: MAR MORT- AMMAN &#8211; KAN ZAMAN &#8211; MAR MORT<\/span><o:p \/><\/span><\/u><\/b><br \/><span lang=\"CA\" style=\"font-family: Verdana;\">Esmorzar i sortida cap a la capital, Amman.<span style=\"\">  <\/span>Farem la visita de la Ciutat amb les sevesavingudes, la seva Ciutadella i el seu Teatre Rom\u00e0.<span style=\"\">  <\/span>Dinar en Kan Zaman. Retorn al Mart Mort.<span style=\"\">   <\/span>Tarda lliure per fer les \u00faltimescompres.<span style=\"\">  <\/span>Sopar i allotjament enl&#8217;hotel.<\/span><span lang=\"CA\" ;=\"\" ms=\"\" trebuchet=\"\" style=\"font-size: 11pt;\"><o:p \/><\/span><\/p>\n<p class=\"MsoNormal\" style=\"text-align: justify;\"><b style=\"\"><u><span lang=\"CA\" style=\"font-size: 11pt; font-family: Verdana;\"><span style=\"color: rgb(231, 99, 32);\">15 de Mar\u00e7:  MARMORT-AMMAN &#8211; BARCELONA<\/span><o:p \/><\/span><\/u><\/b><br \/><span lang=\"CA\" style=\"font-family: Verdana;\">Esmorzar i trasllat a l&#8217;aeroport per sorti en volde retorn a Barcelona. Arribada i fi dels nostres serveis.<o:p \/><\/span><\/p>\n<div style=\"text-align: center;\"><span lang=\"CA\" style=\"font-family: Verdana; font-weight: bold;\"><!--[if !supportEmptyParas]-->PREU PER PERSONA:  2.500 \u20ac- + taxes<\/span><br style=\"font-weight: bold;\" \/><span lang=\"CA\" style=\"font-family: Verdana; font-weight: bold;\"><\/span><br style=\"font-weight: bold;\" \/><span lang=\"CA\" style=\"font-family: Verdana; font-weight: bold;\">PREU ESPECIAL  \u00d2mnium: 2.200 \u20ac- + taxes<\/span><br style=\"font-weight: bold;\" \/><span lang=\"CA\" style=\"font-family: Verdana; font-weight: bold;\"><\/span><br style=\"font-weight: bold;\" \/><span lang=\"CA\" style=\"font-family: Verdana; font-weight: bold;\">Suplement Hab. Individual:  375.- \u20ac<\/span><br \/><span lang=\"CA\" style=\"font-family: Verdana;\"><\/span><\/div>\n<p class=\"MsoNormal\" style=\"text-align: justify;\"><span lang=\"CA\" style=\"font-family: Verdana;\"><!--[endif]--><o:p \/><\/span><\/p>\n<p style=\"text-align: center;\" class=\"MsoNormal\"><b style=\"\"><span lang=\"CA\" style=\"font-size: 12pt; font-family: Verdana; color: rgb(0, 0, 0);\"><\/span><u><span lang=\"CA\" style=\"font-size: 12pt; font-family: Verdana; color: blue;\"><o:p \/><\/span><\/u><\/b><\/p>\n","protected":false},"excerpt":{"rendered":"<p><\/p>\n","protected":false},"author":1,"featured_media":0,"comment_status":"closed","ping_status":"open","sticky":false,"template":"","format":"standard","meta":{"_acf_changed":false,"footnotes":""},"categories":[1],"tags":[],"post_headquarter":[1744],"post_project":[],"class_list":["post-1977","post","type-post","status-publish","format-standard","hentry","category-uncategorized-ca","post_headquarter-nacional"],"acf":[],"yoast_head":"<!-- This site is optimized with the Yoast SEO plugin v27.2 - https:\/\/yoast.com\/product\/yoast-seo-wordpress\/ -->\n<title>Jord\u00e0nia - \u00d2mnium Cultural<\/title>\n<meta name=\"robots\" content=\"index, follow, max-snippet:-1, max-image-preview:large, max-video-preview:-1\" \/>\n<link rel=\"canonical\" href=\"https:\/\/www.omnium.cat\/ca\/jordania\/\" \/>\n<meta name=\"twitter:label1\" content=\"Escrit per\" \/>\n\t<meta name=\"twitter:data1\" content=\"eduard.nadal@whads.com\" \/>\n\t<meta name=\"twitter:label2\" content=\"Temps estimat de lectura\" \/>\n\t<meta name=\"twitter:data2\" content=\"5 minuts\" \/>\n<script type=\"application\/ld+json\" class=\"yoast-schema-graph\">{\"@context\":\"https:\/\/schema.org\",\"@graph\":[{\"@type\":\"Article\",\"@id\":\"https:\/\/www.omnium.cat\/ca\/jordania\/#article\",\"isPartOf\":{\"@id\":\"https:\/\/www.omnium.cat\/ca\/jordania\/\"},\"author\":{\"name\":\"eduard.nadal@whads.com\",\"@id\":\"https:\/\/www.omnium.cat\/ca\/#\/schema\/person\/92dc7c4963acfbe484fb60f5bf2e924c\"},\"headline\":\"Jord\u00e0nia\",\"datePublished\":\"2007-01-29T23:00:00+00:00\",\"mainEntityOfPage\":{\"@id\":\"https:\/\/www.omnium.cat\/ca\/jordania\/\"},\"wordCount\":946,\"publisher\":{\"@id\":\"https:\/\/www.omnium.cat\/ca\/#organization\"},\"articleSection\":[\"Uncategorized @oc\"],\"inLanguage\":\"ca\"},{\"@type\":\"WebPage\",\"@id\":\"https:\/\/www.omnium.cat\/ca\/jordania\/\",\"url\":\"https:\/\/www.omnium.cat\/ca\/jordania\/\",\"name\":\"Jord\u00e0nia - \u00d2mnium Cultural\",\"isPartOf\":{\"@id\":\"https:\/\/www.omnium.cat\/ca\/#website\"},\"datePublished\":\"2007-01-29T23:00:00+00:00\",\"breadcrumb\":{\"@id\":\"https:\/\/www.omnium.cat\/ca\/jordania\/#breadcrumb\"},\"inLanguage\":\"ca\",\"potentialAction\":[{\"@type\":\"ReadAction\",\"target\":[\"https:\/\/www.omnium.cat\/ca\/jordania\/\"]}]},{\"@type\":\"BreadcrumbList\",\"@id\":\"https:\/\/www.omnium.cat\/ca\/jordania\/#breadcrumb\",\"itemListElement\":[{\"@type\":\"ListItem\",\"position\":1,\"name\":\"Inici\",\"item\":\"https:\/\/www.omnium.cat\/ca\/\"},{\"@type\":\"ListItem\",\"position\":2,\"name\":\"Jord\u00e0nia\"}]},{\"@type\":\"WebSite\",\"@id\":\"https:\/\/www.omnium.cat\/ca\/#website\",\"url\":\"https:\/\/www.omnium.cat\/ca\/\",\"name\":\"\u00d2mnium Cultural\",\"description\":\"Llengua Cultura Pa\u00eds\",\"publisher\":{\"@id\":\"https:\/\/www.omnium.cat\/ca\/#organization\"},\"potentialAction\":[{\"@type\":\"SearchAction\",\"target\":{\"@type\":\"EntryPoint\",\"urlTemplate\":\"https:\/\/www.omnium.cat\/ca\/?s={search_term_string}\"},\"query-input\":{\"@type\":\"PropertyValueSpecification\",\"valueRequired\":true,\"valueName\":\"search_term_string\"}}],\"inLanguage\":\"ca\"},{\"@type\":\"Organization\",\"@id\":\"https:\/\/www.omnium.cat\/ca\/#organization\",\"name\":\"\u00d2mnium Cultural\",\"url\":\"https:\/\/www.omnium.cat\/ca\/\",\"logo\":{\"@type\":\"ImageObject\",\"inLanguage\":\"ca\",\"@id\":\"https:\/\/www.omnium.cat\/ca\/#\/schema\/logo\/image\/\",\"url\":\"https:\/\/cdn.omnium.cat\/wp-content\/uploads\/2019\/06\/01112517\/cropped-omnium_logo-1.png\",\"contentUrl\":\"https:\/\/cdn.omnium.cat\/wp-content\/uploads\/2019\/06\/01112517\/cropped-omnium_logo-1.png\",\"width\":1213,\"height\":262,\"caption\":\"\u00d2mnium Cultural\"},\"image\":{\"@id\":\"https:\/\/www.omnium.cat\/ca\/#\/schema\/logo\/image\/\"},\"sameAs\":[\"https:\/\/www.facebook.com\/omniumcultural\",\"https:\/\/x.com\/omnium\",\"https:\/\/www.instagram.com\/omniumcultural\/\",\"https:\/\/www.youtube.com\/user\/omniumcultural\"]},{\"@type\":\"Person\",\"@id\":\"https:\/\/www.omnium.cat\/ca\/#\/schema\/person\/92dc7c4963acfbe484fb60f5bf2e924c\",\"name\":\"eduard.nadal@whads.com\",\"image\":{\"@type\":\"ImageObject\",\"inLanguage\":\"ca\",\"@id\":\"https:\/\/secure.gravatar.com\/avatar\/c683b4f4d46c786c30fc67faa017bf0582bba4180ebb607c7cdc9659cf4980a8?s=96&d=mm&r=g\",\"url\":\"https:\/\/secure.gravatar.com\/avatar\/c683b4f4d46c786c30fc67faa017bf0582bba4180ebb607c7cdc9659cf4980a8?s=96&d=mm&r=g\",\"contentUrl\":\"https:\/\/secure.gravatar.com\/avatar\/c683b4f4d46c786c30fc67faa017bf0582bba4180ebb607c7cdc9659cf4980a8?s=96&d=mm&r=g\",\"caption\":\"eduard.nadal@whads.com\"},\"sameAs\":[\"http:\/\/www.whads.com\"]}]}<\/script>\n<!-- \/ Yoast SEO plugin. -->","yoast_head_json":{"title":"Jord\u00e0nia - \u00d2mnium Cultural","robots":{"index":"index","follow":"follow","max-snippet":"max-snippet:-1","max-image-preview":"max-image-preview:large","max-video-preview":"max-video-preview:-1"},"canonical":"https:\/\/www.omnium.cat\/ca\/jordania\/","twitter_misc":{"Escrit per":"eduard.nadal@whads.com","Temps estimat de lectura":"5 minuts"},"schema":{"@context":"https:\/\/schema.org","@graph":[{"@type":"Article","@id":"https:\/\/www.omnium.cat\/ca\/jordania\/#article","isPartOf":{"@id":"https:\/\/www.omnium.cat\/ca\/jordania\/"},"author":{"name":"eduard.nadal@whads.com","@id":"https:\/\/www.omnium.cat\/ca\/#\/schema\/person\/92dc7c4963acfbe484fb60f5bf2e924c"},"headline":"Jord\u00e0nia","datePublished":"2007-01-29T23:00:00+00:00","mainEntityOfPage":{"@id":"https:\/\/www.omnium.cat\/ca\/jordania\/"},"wordCount":946,"publisher":{"@id":"https:\/\/www.omnium.cat\/ca\/#organization"},"articleSection":["Uncategorized @oc"],"inLanguage":"ca"},{"@type":"WebPage","@id":"https:\/\/www.omnium.cat\/ca\/jordania\/","url":"https:\/\/www.omnium.cat\/ca\/jordania\/","name":"Jord\u00e0nia - \u00d2mnium Cultural","isPartOf":{"@id":"https:\/\/www.omnium.cat\/ca\/#website"},"datePublished":"2007-01-29T23:00:00+00:00","breadcrumb":{"@id":"https:\/\/www.omnium.cat\/ca\/jordania\/#breadcrumb"},"inLanguage":"ca","potentialAction":[{"@type":"ReadAction","target":["https:\/\/www.omnium.cat\/ca\/jordania\/"]}]},{"@type":"BreadcrumbList","@id":"https:\/\/www.omnium.cat\/ca\/jordania\/#breadcrumb","itemListElement":[{"@type":"ListItem","position":1,"name":"Inici","item":"https:\/\/www.omnium.cat\/ca\/"},{"@type":"ListItem","position":2,"name":"Jord\u00e0nia"}]},{"@type":"WebSite","@id":"https:\/\/www.omnium.cat\/ca\/#website","url":"https:\/\/www.omnium.cat\/ca\/","name":"\u00d2mnium Cultural","description":"Llengua Cultura Pa\u00eds","publisher":{"@id":"https:\/\/www.omnium.cat\/ca\/#organization"},"potentialAction":[{"@type":"SearchAction","target":{"@type":"EntryPoint","urlTemplate":"https:\/\/www.omnium.cat\/ca\/?s={search_term_string}"},"query-input":{"@type":"PropertyValueSpecification","valueRequired":true,"valueName":"search_term_string"}}],"inLanguage":"ca"},{"@type":"Organization","@id":"https:\/\/www.omnium.cat\/ca\/#organization","name":"\u00d2mnium Cultural","url":"https:\/\/www.omnium.cat\/ca\/","logo":{"@type":"ImageObject","inLanguage":"ca","@id":"https:\/\/www.omnium.cat\/ca\/#\/schema\/logo\/image\/","url":"https:\/\/cdn.omnium.cat\/wp-content\/uploads\/2019\/06\/01112517\/cropped-omnium_logo-1.png","contentUrl":"https:\/\/cdn.omnium.cat\/wp-content\/uploads\/2019\/06\/01112517\/cropped-omnium_logo-1.png","width":1213,"height":262,"caption":"\u00d2mnium Cultural"},"image":{"@id":"https:\/\/www.omnium.cat\/ca\/#\/schema\/logo\/image\/"},"sameAs":["https:\/\/www.facebook.com\/omniumcultural","https:\/\/x.com\/omnium","https:\/\/www.instagram.com\/omniumcultural\/","https:\/\/www.youtube.com\/user\/omniumcultural"]},{"@type":"Person","@id":"https:\/\/www.omnium.cat\/ca\/#\/schema\/person\/92dc7c4963acfbe484fb60f5bf2e924c","name":"eduard.nadal@whads.com","image":{"@type":"ImageObject","inLanguage":"ca","@id":"https:\/\/secure.gravatar.com\/avatar\/c683b4f4d46c786c30fc67faa017bf0582bba4180ebb607c7cdc9659cf4980a8?s=96&d=mm&r=g","url":"https:\/\/secure.gravatar.com\/avatar\/c683b4f4d46c786c30fc67faa017bf0582bba4180ebb607c7cdc9659cf4980a8?s=96&d=mm&r=g","contentUrl":"https:\/\/secure.gravatar.com\/avatar\/c683b4f4d46c786c30fc67faa017bf0582bba4180ebb607c7cdc9659cf4980a8?s=96&d=mm&r=g","caption":"eduard.nadal@whads.com"},"sameAs":["http:\/\/www.whads.com"]}]}},"_links":{"self":[{"href":"https:\/\/www.omnium.cat\/ca\/wp-json\/wp\/v2\/posts\/1977","targetHints":{"allow":["GET"]}}],"collection":[{"href":"https:\/\/www.omnium.cat\/ca\/wp-json\/wp\/v2\/posts"}],"about":[{"href":"https:\/\/www.omnium.cat\/ca\/wp-json\/wp\/v2\/types\/post"}],"author":[{"embeddable":true,"href":"https:\/\/www.omnium.cat\/ca\/wp-json\/wp\/v2\/users\/1"}],"replies":[{"embeddable":true,"href":"https:\/\/www.omnium.cat\/ca\/wp-json\/wp\/v2\/comments?post=1977"}],"version-history":[{"count":0,"href":"https:\/\/www.omnium.cat\/ca\/wp-json\/wp\/v2\/posts\/1977\/revisions"}],"wp:attachment":[{"href":"https:\/\/www.omnium.cat\/ca\/wp-json\/wp\/v2\/media?parent=1977"}],"wp:term":[{"taxonomy":"category","embeddable":true,"href":"https:\/\/www.omnium.cat\/ca\/wp-json\/wp\/v2\/categories?post=1977"},{"taxonomy":"post_tag","embeddable":true,"href":"https:\/\/www.omnium.cat\/ca\/wp-json\/wp\/v2\/tags?post=1977"},{"taxonomy":"post_headquarter","embeddable":true,"href":"https:\/\/www.omnium.cat\/ca\/wp-json\/wp\/v2\/post_headquarter?post=1977"},{"taxonomy":"post_project","embeddable":true,"href":"https:\/\/www.omnium.cat\/ca\/wp-json\/wp\/v2\/post_project?post=1977"}],"curies":[{"name":"wp","href":"https:\/\/api.w.org\/{rel}","templated":true}]}}