{"id":1978,"date":"2007-01-30T01:00:00","date_gmt":"2007-01-29T23:00:00","guid":{"rendered":"http:\/\/omnium.whads.com\/setmana-santa-la-provenca-medieval\/"},"modified":"2007-01-30T01:00:00","modified_gmt":"2007-01-29T23:00:00","slug":"setmana-santa-la-provenca-medieval","status":"publish","type":"post","link":"https:\/\/www.omnium.cat\/ca\/setmana-santa-la-provenca-medieval\/","title":{"rendered":"Setmana Santa &#8211; La Proven\u00e7a medieval"},"content":{"rendered":"\n<div style=\"text-align: justify;\">\n<p><br style=\"font-weight: bold; color: rgb(231, 99, 32);\" \/><span style=\"font-weight: bold; color: rgb(231, 99, 32);\">Del 6 al 9 D&#8217;ABRIL <\/span><br \/><br style=\"color: rgb(231, 99, 32); text-decoration: underline;\" \/><span style=\"color: rgb(231, 99, 32); text-decoration: underline; font-weight: bold;\">6 D&#8217;ABRIL &#8211; DIVENDRES: BARCELONA &#8211; NIMES &#8211; MONTPELLER<\/span><br \/>Sortida de Passeig de Gr\u00e0cia \/ Diagonal (Palau Robert) a\u00a0 les set del mat\u00ed cap a la Catalunya Nord. Esmorzar en ruta (no incl\u00f2s).<br \/>Per l&#8217;antiga ruta Domitia, pujarem fins a la ciutat de Nimes on dinarem. A la tarda farem la visita panor\u00e0mica de NIMES, tamb\u00e9 coneguda com la Roma Francesa, donada la import\u00e0ncia que va tenir en l&#8217;antiga cal\u00e7ada romana coneguda\u00a0 com la VIA DOMITIA. Del ric patrimoni de la capital romana del Llenguadoc destacarem\u00a0 la &#8216; Maison Carr\u00e9e&#8217; , Els Jardins de la Fontaine, Les Arenes.\u00a0 Despr\u00e9s d&#8217;aquesta visita\u00a0 anirem cap a Montpeller. Sopar i Allotjament<\/p>\n<p><span style=\"color: rgb(231, 99, 32); text-decoration: underline; font-weight: bold;\">7 D&#8217;ABRIL &#8211; DISSABTE: LA CAMARGA &#8211;\u00a0 AIG\u00dcES MORTES<\/span><br \/>Esmorzar a l&#8217;hotel. Dedicarem tota la jornada a con\u00e8ixer i gaudir d&#8217;un dels grans espais d&#8217;Europa: La Camarga. La nostra proximitat al Parc Natural, ens donar\u00e0 l&#8217;oportunitat d&#8217;aprofitar el dia i alhora con\u00e8ixer els diversos paisatges naturals (Flora\/Fauna), culturals i econ\u00f2mics que conformen i donen vida a l&#8217;imperi del sol. Doncs d&#8217;aquesta manera tant categ\u00f2rica el va definir el gran escriptor occit\u00e0 i guanyador del Nobel de Literatura; Frederic Mistral. Durant la jornada visitarem les ciutats: d&#8217;Aig\u00fces Mortes (un prodigi de conservaci\u00f3 medieval\u00a0 i porta d&#8217;entrada a les Salines del Rei) i Les Santes Maries del Mar (t\u00edpica poblaci\u00f3 de la Camarga meridional). Tamb\u00e9 farem una passejada en barca pel petit Rhone. Dinarem a la Monumental Aig\u00fces Mortes. A una hora prudencial tornarem a l&#8217;hotel de Montpeller per tal de sopar i dormir.<\/p>\n<p><span style=\"font-weight: bold; color: rgb(231, 99, 32); text-decoration: underline;\">8 D&#8217;ABRIL\u00a0 &#8211; DIUMENGE: MONTPELLER &#8211; SAINT GUILHEM LES DESERT<\/span><br \/>Esmorzar a l&#8217;hotel. Dedicarem tot el mat\u00ed per apreciar el fant\u00e0stic patrimoni urban\u00edstic de la capital hist\u00f2rica del Llenguadoc, i una de les ciutats l\u00edders de la biotecnologia francesa: Montpeller. Aix\u00ed, ens traslladarem al cor de Montpeller antic, per tal de fer-hi una passejada pels seus carrers m\u00e9s caracter\u00edstics (Barri de Saint Anne) on destacarem els palauets privats. Tamb\u00e9 visitarem la Catedral de Saint Pierre. Tornarem a l&#8217;hotel per dinar.<br \/>A la\u00a0 tarda visitarem la\u00a0 poblaci\u00f3 ve\u00efna de Saint Guilhem Le Desert, pe\u00e7a clau del cam\u00ed de Sant Jaume franc\u00e8s i, amb tot reconeixement, una de les ciutats amb m\u00e9s encant de tota Fran\u00e7a (est\u00e0 considerada Patrimoni de la Humanitat). Retorn a l&#8217;hotel de Montpeller<\/p>\n<p><span style=\"color: rgb(231, 99, 32); text-decoration: underline; font-weight: bold;\">9 D&#8217;ABRIL\u00a0 &#8211; DILLUNS: MONTPELLER &#8211; PEZENAS &#8211; BARCELONA<\/span><br \/>Esmorzar a l&#8217;hotel. Avui iniciarem el nostre retorn cap a Barcelona, per\u00f2 encara gaudirem d&#8217;una \u00faltima ciutat plena d&#8217;art: Pezenas. Ens sorprendr\u00e0 el seu urbanisme dels segles XIV al XVIII. Dita ciutat encara guarda l&#8217;atmosfera dels temps de Moli\u00e8re, doncs aquest genial artista hi va viure\u00a0\u00a0 una pila d&#8217;anys.<br \/>Sortida en direcci\u00f3 Perpiny\u00e0. Dinarem a Boulou. A primera hora de la tarda iniciarem el viatge de tornada cap a Barcelona.<\/p>\n<p><span style=\"font-weight: bold;\">PREUS PROVISIONALS PENDENTS DE CONFIRMACI\u00d3:<\/span><\/p>\n<p>(Grup m\u00ednim de 30\u00a0 persones)<\/p>\n<p>PREU PER PERSONA: 615 \u20ac<\/p>\n<p><span style=\"font-weight: bold;\">PREU ESPECIAL \u00d2mnium: 578 \u20ac<\/span><\/p>\n<p><span style=\"font-weight: bold;\">Suplement Hab. Individual: 115 \u20ac socis d&#8217;\u00d2mnium<\/span> \/ 121\u20ac la resta<\/p>\n<p>Els socis d&#8217;\u00d2mnium <span style=\"font-weight: bold;\">poden portar un acompanyant<\/span> al mateix preu que el subscriptor<\/div>\n","protected":false},"excerpt":{"rendered":"<p><\/p>\n","protected":false},"author":1,"featured_media":0,"comment_status":"closed","ping_status":"open","sticky":false,"template":"","format":"standard","meta":{"_acf_changed":false,"footnotes":""},"categories":[1],"tags":[],"post_headquarter":[1744],"post_project":[],"class_list":["post-1978","post","type-post","status-publish","format-standard","hentry","category-uncategorized-ca","post_headquarter-nacional"],"acf":[],"yoast_head":"<!-- This site is optimized with the Yoast SEO plugin v27.2 - https:\/\/yoast.com\/product\/yoast-seo-wordpress\/ -->\n<title>Setmana Santa - La Proven\u00e7a medieval - \u00d2mnium Cultural<\/title>\n<meta name=\"robots\" content=\"index, follow, max-snippet:-1, max-image-preview:large, max-video-preview:-1\" \/>\n<link rel=\"canonical\" href=\"https:\/\/www.omnium.cat\/ca\/setmana-santa-la-provenca-medieval\/\" \/>\n<meta name=\"twitter:label1\" content=\"Escrit per\" \/>\n\t<meta name=\"twitter:data1\" content=\"eduard.nadal@whads.com\" \/>\n\t<meta name=\"twitter:label2\" content=\"Temps estimat de lectura\" \/>\n\t<meta name=\"twitter:data2\" content=\"3 minuts\" \/>\n<script type=\"application\/ld+json\" class=\"yoast-schema-graph\">{\"@context\":\"https:\/\/schema.org\",\"@graph\":[{\"@type\":\"Article\",\"@id\":\"https:\/\/www.omnium.cat\/ca\/setmana-santa-la-provenca-medieval\/#article\",\"isPartOf\":{\"@id\":\"https:\/\/www.omnium.cat\/ca\/setmana-santa-la-provenca-medieval\/\"},\"author\":{\"name\":\"eduard.nadal@whads.com\",\"@id\":\"https:\/\/www.omnium.cat\/ca\/#\/schema\/person\/92dc7c4963acfbe484fb60f5bf2e924c\"},\"headline\":\"Setmana Santa &#8211; La Proven\u00e7a medieval\",\"datePublished\":\"2007-01-29T23:00:00+00:00\",\"mainEntityOfPage\":{\"@id\":\"https:\/\/www.omnium.cat\/ca\/setmana-santa-la-provenca-medieval\/\"},\"wordCount\":549,\"publisher\":{\"@id\":\"https:\/\/www.omnium.cat\/ca\/#organization\"},\"articleSection\":[\"Uncategorized @oc\"],\"inLanguage\":\"ca\"},{\"@type\":\"WebPage\",\"@id\":\"https:\/\/www.omnium.cat\/ca\/setmana-santa-la-provenca-medieval\/\",\"url\":\"https:\/\/www.omnium.cat\/ca\/setmana-santa-la-provenca-medieval\/\",\"name\":\"Setmana Santa - La Proven\u00e7a medieval - \u00d2mnium Cultural\",\"isPartOf\":{\"@id\":\"https:\/\/www.omnium.cat\/ca\/#website\"},\"datePublished\":\"2007-01-29T23:00:00+00:00\",\"breadcrumb\":{\"@id\":\"https:\/\/www.omnium.cat\/ca\/setmana-santa-la-provenca-medieval\/#breadcrumb\"},\"inLanguage\":\"ca\",\"potentialAction\":[{\"@type\":\"ReadAction\",\"target\":[\"https:\/\/www.omnium.cat\/ca\/setmana-santa-la-provenca-medieval\/\"]}]},{\"@type\":\"BreadcrumbList\",\"@id\":\"https:\/\/www.omnium.cat\/ca\/setmana-santa-la-provenca-medieval\/#breadcrumb\",\"itemListElement\":[{\"@type\":\"ListItem\",\"position\":1,\"name\":\"Inici\",\"item\":\"https:\/\/www.omnium.cat\/ca\/\"},{\"@type\":\"ListItem\",\"position\":2,\"name\":\"Setmana Santa &#8211; La Proven\u00e7a medieval\"}]},{\"@type\":\"WebSite\",\"@id\":\"https:\/\/www.omnium.cat\/ca\/#website\",\"url\":\"https:\/\/www.omnium.cat\/ca\/\",\"name\":\"\u00d2mnium Cultural\",\"description\":\"Llengua Cultura Pa\u00eds\",\"publisher\":{\"@id\":\"https:\/\/www.omnium.cat\/ca\/#organization\"},\"potentialAction\":[{\"@type\":\"SearchAction\",\"target\":{\"@type\":\"EntryPoint\",\"urlTemplate\":\"https:\/\/www.omnium.cat\/ca\/?s={search_term_string}\"},\"query-input\":{\"@type\":\"PropertyValueSpecification\",\"valueRequired\":true,\"valueName\":\"search_term_string\"}}],\"inLanguage\":\"ca\"},{\"@type\":\"Organization\",\"@id\":\"https:\/\/www.omnium.cat\/ca\/#organization\",\"name\":\"\u00d2mnium Cultural\",\"url\":\"https:\/\/www.omnium.cat\/ca\/\",\"logo\":{\"@type\":\"ImageObject\",\"inLanguage\":\"ca\",\"@id\":\"https:\/\/www.omnium.cat\/ca\/#\/schema\/logo\/image\/\",\"url\":\"https:\/\/cdn.omnium.cat\/wp-content\/uploads\/2019\/06\/01112517\/cropped-omnium_logo-1.png\",\"contentUrl\":\"https:\/\/cdn.omnium.cat\/wp-content\/uploads\/2019\/06\/01112517\/cropped-omnium_logo-1.png\",\"width\":1213,\"height\":262,\"caption\":\"\u00d2mnium Cultural\"},\"image\":{\"@id\":\"https:\/\/www.omnium.cat\/ca\/#\/schema\/logo\/image\/\"},\"sameAs\":[\"https:\/\/www.facebook.com\/omniumcultural\",\"https:\/\/x.com\/omnium\",\"https:\/\/www.instagram.com\/omniumcultural\/\",\"https:\/\/www.youtube.com\/user\/omniumcultural\"]},{\"@type\":\"Person\",\"@id\":\"https:\/\/www.omnium.cat\/ca\/#\/schema\/person\/92dc7c4963acfbe484fb60f5bf2e924c\",\"name\":\"eduard.nadal@whads.com\",\"image\":{\"@type\":\"ImageObject\",\"inLanguage\":\"ca\",\"@id\":\"https:\/\/secure.gravatar.com\/avatar\/c683b4f4d46c786c30fc67faa017bf0582bba4180ebb607c7cdc9659cf4980a8?s=96&d=mm&r=g\",\"url\":\"https:\/\/secure.gravatar.com\/avatar\/c683b4f4d46c786c30fc67faa017bf0582bba4180ebb607c7cdc9659cf4980a8?s=96&d=mm&r=g\",\"contentUrl\":\"https:\/\/secure.gravatar.com\/avatar\/c683b4f4d46c786c30fc67faa017bf0582bba4180ebb607c7cdc9659cf4980a8?s=96&d=mm&r=g\",\"caption\":\"eduard.nadal@whads.com\"},\"sameAs\":[\"http:\/\/www.whads.com\"]}]}<\/script>\n<!-- \/ Yoast SEO plugin. -->","yoast_head_json":{"title":"Setmana Santa - La Proven\u00e7a medieval - \u00d2mnium Cultural","robots":{"index":"index","follow":"follow","max-snippet":"max-snippet:-1","max-image-preview":"max-image-preview:large","max-video-preview":"max-video-preview:-1"},"canonical":"https:\/\/www.omnium.cat\/ca\/setmana-santa-la-provenca-medieval\/","twitter_misc":{"Escrit per":"eduard.nadal@whads.com","Temps estimat de lectura":"3 minuts"},"schema":{"@context":"https:\/\/schema.org","@graph":[{"@type":"Article","@id":"https:\/\/www.omnium.cat\/ca\/setmana-santa-la-provenca-medieval\/#article","isPartOf":{"@id":"https:\/\/www.omnium.cat\/ca\/setmana-santa-la-provenca-medieval\/"},"author":{"name":"eduard.nadal@whads.com","@id":"https:\/\/www.omnium.cat\/ca\/#\/schema\/person\/92dc7c4963acfbe484fb60f5bf2e924c"},"headline":"Setmana Santa &#8211; La Proven\u00e7a medieval","datePublished":"2007-01-29T23:00:00+00:00","mainEntityOfPage":{"@id":"https:\/\/www.omnium.cat\/ca\/setmana-santa-la-provenca-medieval\/"},"wordCount":549,"publisher":{"@id":"https:\/\/www.omnium.cat\/ca\/#organization"},"articleSection":["Uncategorized @oc"],"inLanguage":"ca"},{"@type":"WebPage","@id":"https:\/\/www.omnium.cat\/ca\/setmana-santa-la-provenca-medieval\/","url":"https:\/\/www.omnium.cat\/ca\/setmana-santa-la-provenca-medieval\/","name":"Setmana Santa - La Proven\u00e7a medieval - \u00d2mnium Cultural","isPartOf":{"@id":"https:\/\/www.omnium.cat\/ca\/#website"},"datePublished":"2007-01-29T23:00:00+00:00","breadcrumb":{"@id":"https:\/\/www.omnium.cat\/ca\/setmana-santa-la-provenca-medieval\/#breadcrumb"},"inLanguage":"ca","potentialAction":[{"@type":"ReadAction","target":["https:\/\/www.omnium.cat\/ca\/setmana-santa-la-provenca-medieval\/"]}]},{"@type":"BreadcrumbList","@id":"https:\/\/www.omnium.cat\/ca\/setmana-santa-la-provenca-medieval\/#breadcrumb","itemListElement":[{"@type":"ListItem","position":1,"name":"Inici","item":"https:\/\/www.omnium.cat\/ca\/"},{"@type":"ListItem","position":2,"name":"Setmana Santa &#8211; La Proven\u00e7a medieval"}]},{"@type":"WebSite","@id":"https:\/\/www.omnium.cat\/ca\/#website","url":"https:\/\/www.omnium.cat\/ca\/","name":"\u00d2mnium Cultural","description":"Llengua Cultura Pa\u00eds","publisher":{"@id":"https:\/\/www.omnium.cat\/ca\/#organization"},"potentialAction":[{"@type":"SearchAction","target":{"@type":"EntryPoint","urlTemplate":"https:\/\/www.omnium.cat\/ca\/?s={search_term_string}"},"query-input":{"@type":"PropertyValueSpecification","valueRequired":true,"valueName":"search_term_string"}}],"inLanguage":"ca"},{"@type":"Organization","@id":"https:\/\/www.omnium.cat\/ca\/#organization","name":"\u00d2mnium Cultural","url":"https:\/\/www.omnium.cat\/ca\/","logo":{"@type":"ImageObject","inLanguage":"ca","@id":"https:\/\/www.omnium.cat\/ca\/#\/schema\/logo\/image\/","url":"https:\/\/cdn.omnium.cat\/wp-content\/uploads\/2019\/06\/01112517\/cropped-omnium_logo-1.png","contentUrl":"https:\/\/cdn.omnium.cat\/wp-content\/uploads\/2019\/06\/01112517\/cropped-omnium_logo-1.png","width":1213,"height":262,"caption":"\u00d2mnium Cultural"},"image":{"@id":"https:\/\/www.omnium.cat\/ca\/#\/schema\/logo\/image\/"},"sameAs":["https:\/\/www.facebook.com\/omniumcultural","https:\/\/x.com\/omnium","https:\/\/www.instagram.com\/omniumcultural\/","https:\/\/www.youtube.com\/user\/omniumcultural"]},{"@type":"Person","@id":"https:\/\/www.omnium.cat\/ca\/#\/schema\/person\/92dc7c4963acfbe484fb60f5bf2e924c","name":"eduard.nadal@whads.com","image":{"@type":"ImageObject","inLanguage":"ca","@id":"https:\/\/secure.gravatar.com\/avatar\/c683b4f4d46c786c30fc67faa017bf0582bba4180ebb607c7cdc9659cf4980a8?s=96&d=mm&r=g","url":"https:\/\/secure.gravatar.com\/avatar\/c683b4f4d46c786c30fc67faa017bf0582bba4180ebb607c7cdc9659cf4980a8?s=96&d=mm&r=g","contentUrl":"https:\/\/secure.gravatar.com\/avatar\/c683b4f4d46c786c30fc67faa017bf0582bba4180ebb607c7cdc9659cf4980a8?s=96&d=mm&r=g","caption":"eduard.nadal@whads.com"},"sameAs":["http:\/\/www.whads.com"]}]}},"_links":{"self":[{"href":"https:\/\/www.omnium.cat\/ca\/wp-json\/wp\/v2\/posts\/1978","targetHints":{"allow":["GET"]}}],"collection":[{"href":"https:\/\/www.omnium.cat\/ca\/wp-json\/wp\/v2\/posts"}],"about":[{"href":"https:\/\/www.omnium.cat\/ca\/wp-json\/wp\/v2\/types\/post"}],"author":[{"embeddable":true,"href":"https:\/\/www.omnium.cat\/ca\/wp-json\/wp\/v2\/users\/1"}],"replies":[{"embeddable":true,"href":"https:\/\/www.omnium.cat\/ca\/wp-json\/wp\/v2\/comments?post=1978"}],"version-history":[{"count":0,"href":"https:\/\/www.omnium.cat\/ca\/wp-json\/wp\/v2\/posts\/1978\/revisions"}],"wp:attachment":[{"href":"https:\/\/www.omnium.cat\/ca\/wp-json\/wp\/v2\/media?parent=1978"}],"wp:term":[{"taxonomy":"category","embeddable":true,"href":"https:\/\/www.omnium.cat\/ca\/wp-json\/wp\/v2\/categories?post=1978"},{"taxonomy":"post_tag","embeddable":true,"href":"https:\/\/www.omnium.cat\/ca\/wp-json\/wp\/v2\/tags?post=1978"},{"taxonomy":"post_headquarter","embeddable":true,"href":"https:\/\/www.omnium.cat\/ca\/wp-json\/wp\/v2\/post_headquarter?post=1978"},{"taxonomy":"post_project","embeddable":true,"href":"https:\/\/www.omnium.cat\/ca\/wp-json\/wp\/v2\/post_project?post=1978"}],"curies":[{"name":"wp","href":"https:\/\/api.w.org\/{rel}","templated":true}]}}