{"id":2054,"date":"2006-09-06T02:00:00","date_gmt":"2006-09-06T00:00:00","guid":{"rendered":"http:\/\/omnium.whads.com\/diada06-a-la-plana-i-a-la-placa-constitucio-i-xerrada-amb-en-rosas\/"},"modified":"2006-09-06T02:00:00","modified_gmt":"2006-09-06T00:00:00","slug":"diada06-a-la-plana-i-a-la-placa-constitucio-i-xerrada-amb-en-rosas","status":"publish","type":"post","link":"https:\/\/www.omnium.cat\/ca\/diada06-a-la-plana-i-a-la-placa-constitucio-i-xerrada-amb-en-rosas\/","title":{"rendered":"Diada&#8217;06: a la Plana i a la pla\u00e7a Constituci\u00f3 i xerrada amb en Ros\u00e0s"},"content":{"rendered":"<p> [06\/09\/2006] El nou curs comen\u00e7a amb el setembre i est\u00e0 marcat, l\u00f2gicament, per la nostra Diada nacional. A m\u00e9s de la tradicional ofrena a la Plana, institu\u00efda, per cert, per la delegaci\u00f3 de Badalona; aquest any afegim tamb\u00e9 una altra justificada ofrena de record a la Pla\u00e7a de la Constituci\u00f3, a Dalt de la Vila. Uns dies despr\u00e9s, us proposem la segona edici\u00f3 de la xerrada &#8216;la Diada d&#8217;en Ros\u00e0s&#8217;, amb l&#8217;historiador Joan Ros\u00e0s. <\/p>\n<p>Dilluns, 11 de setembre <br \/>10:45 h, a la <span style=\"font-weight: bold;\">pla\u00e7a de la Plana<\/span> farem l&#8217;ofrena com a entitat al mon\u00f2lit que va promoure \u00d2mnium Cultural de Badalona, i que ara \u00e9s testimoni dels actes institucionals de celebraci\u00f3 de la Diada a Badalona. Si voleu fer l&#8217;ofrena amb nosaltres, sigueu puntuals. Estarem al capdavant de la cua d&#8217;entitats. <\/p>\n<p>12:00 h, a la <span style=\"font-weight: bold;\">pla\u00e7a de la Constituci\u00f3<\/span>. Tornarem a fer una ofrena floral, en aquesta ocasi\u00f3 en la pla\u00e7a que acollia el nostre govern municipal el 1714, any de la p\u00e8rdua dels nostres drets nacionals. Esteu convidats igualment a fer l&#8217;ofrena amb la junta. <\/p>\n<p>Durant tot el dia, a Barcelona, tindr\u00e0 lloc la <span style=\"font-weight: bold;\">Festa per la Llibertat<\/span>, a la qual \u00d2mnium Cultural contribueix a l&#8217;organitzaci\u00f3. La Comissi\u00f3 11 de Setembre organitza per set\u00e9 any consecutiu la Festa per la Llibertat que tindr\u00e0 lloc l&#8217;Onze de Setembre al Passeig Llu\u00eds Companys de Barcelona. A partir de les 10 del mat\u00ed se celebrar\u00e0 al llarg de tot el passeig la Mostra d&#8217;Entitats dels Pa\u00efsos Catalans, una \u00e0mplia exposici\u00f3 de projectes i treballs sobre la naci\u00f3 catalana, la seva societat i la recerca de les seves llibertats individuals i col\u00b7lectives. Com a novetat d&#8217;aquesta edici\u00f3, hi trobem una oferta l\u00fadica i festiva m\u00e9s variada per tal d&#8217;arribar a totes les edats. Aix\u00ed, a les 11 del mat\u00ed s&#8217;oferir\u00e0 als m\u00e9s menuts una festa infantil sota el lema &#8216;Viu l&#8217;11 en fam\u00edlia&#8217; que acabar\u00e0 amb un concert del grup Maced\u00f2nia._Finalment, un any m\u00e9s, l&#8217;Arc de Triomf acollir\u00e0 a dos quarts de vuit del vespre les actuacions que posaran punt i final a la celebraci\u00f3 de la Diada Nacional de Catalunya. Kumbes del Mambo, Mouss &amp; Hakim i Obrint Pas seran els encarregats d&#8217;amenitzar la vetllada damunt de l&#8217;escenari. <\/p>\n<p><span style=\"font-weight: bold;\">DIMECRES, 13 DE SETEMBRE<\/p>\n<p><\/span>19.30 h, presentaci\u00f3 de l&#8217;<span style=\"font-weight: bold;\">espai web<\/span>, accessible a http:\/\/badalona.omnium.cat, que aplega recursos i consells pr\u00e0ctics per a treballar per a la nostra llengua i la seva normalitzaci\u00f3. <\/p>\n<p>19.45 h, la <span style=\"font-weight: bold;\">diada d&#8217;en Ros\u00e0s<\/span> (II edici\u00f3). L&#8217;historiador badalon\u00ed Joan Ros\u00e0s s&#8217;encarregar\u00e0, com l&#8217;any passat, de la confer\u00e8ncia que acompanya els actes de celebraci\u00f3 de la Diada a Barcelona. El nostre historiador m\u00e9s am\u00e8 ens torna a proposar una divertida i interessant passejada per la hist\u00f2ria, de nou amb els fets de la Diada com a tel\u00f3 de fons. Ser\u00e0 el dimecres, 13 de setembre, a la sala d&#8217;assaig del Teatre Zorrilla, (amb entrada pel carrer Sant Miquel), a les 19.45 h. <\/p>\n","protected":false},"excerpt":{"rendered":"<p>Els actes de la Marxa dels Vigatans, el 10 de setembre a Vic, estan formats per diferents ingredients, uns elements clau dels quals se&#8217;n pot desprendre una rica simbologia.<\/p>\n","protected":false},"author":1,"featured_media":0,"comment_status":"closed","ping_status":"open","sticky":false,"template":"","format":"standard","meta":{"_acf_changed":false,"footnotes":""},"categories":[1],"tags":[],"post_headquarter":[1746],"post_project":[],"class_list":["post-2054","post","type-post","status-publish","format-standard","hentry","category-uncategorized-ca","post_headquarter-badalona-barcelones-nord"],"acf":[],"yoast_head":"<!-- This site is optimized with the Yoast SEO plugin v27.2 - https:\/\/yoast.com\/product\/yoast-seo-wordpress\/ -->\n<title>Diada&#039;06: a la Plana i a la pla\u00e7a Constituci\u00f3 i xerrada amb en Ros\u00e0s - \u00d2mnium Cultural<\/title>\n<meta name=\"robots\" content=\"index, follow, max-snippet:-1, max-image-preview:large, max-video-preview:-1\" \/>\n<link rel=\"canonical\" href=\"https:\/\/www.omnium.cat\/ca\/diada06-a-la-plana-i-a-la-placa-constitucio-i-xerrada-amb-en-rosas\/\" \/>\n<meta name=\"twitter:label1\" content=\"Escrit per\" \/>\n\t<meta name=\"twitter:data1\" content=\"eduard.nadal@whads.com\" \/>\n\t<meta name=\"twitter:label2\" content=\"Temps estimat de lectura\" \/>\n\t<meta name=\"twitter:data2\" content=\"2 minuts\" \/>\n<script type=\"application\/ld+json\" class=\"yoast-schema-graph\">{\"@context\":\"https:\/\/schema.org\",\"@graph\":[{\"@type\":\"Article\",\"@id\":\"https:\/\/www.omnium.cat\/ca\/diada06-a-la-plana-i-a-la-placa-constitucio-i-xerrada-amb-en-rosas\/#article\",\"isPartOf\":{\"@id\":\"https:\/\/www.omnium.cat\/ca\/diada06-a-la-plana-i-a-la-placa-constitucio-i-xerrada-amb-en-rosas\/\"},\"author\":{\"name\":\"eduard.nadal@whads.com\",\"@id\":\"https:\/\/www.omnium.cat\/ca\/#\/schema\/person\/92dc7c4963acfbe484fb60f5bf2e924c\"},\"headline\":\"Diada&#8217;06: a la Plana i a la pla\u00e7a Constituci\u00f3 i xerrada amb en Ros\u00e0s\",\"datePublished\":\"2006-09-06T00:00:00+00:00\",\"mainEntityOfPage\":{\"@id\":\"https:\/\/www.omnium.cat\/ca\/diada06-a-la-plana-i-a-la-placa-constitucio-i-xerrada-amb-en-rosas\/\"},\"wordCount\":535,\"publisher\":{\"@id\":\"https:\/\/www.omnium.cat\/ca\/#organization\"},\"articleSection\":[\"Uncategorized @oc\"],\"inLanguage\":\"ca\"},{\"@type\":\"WebPage\",\"@id\":\"https:\/\/www.omnium.cat\/ca\/diada06-a-la-plana-i-a-la-placa-constitucio-i-xerrada-amb-en-rosas\/\",\"url\":\"https:\/\/www.omnium.cat\/ca\/diada06-a-la-plana-i-a-la-placa-constitucio-i-xerrada-amb-en-rosas\/\",\"name\":\"Diada'06: a la Plana i a la pla\u00e7a Constituci\u00f3 i xerrada amb en Ros\u00e0s - \u00d2mnium Cultural\",\"isPartOf\":{\"@id\":\"https:\/\/www.omnium.cat\/ca\/#website\"},\"datePublished\":\"2006-09-06T00:00:00+00:00\",\"breadcrumb\":{\"@id\":\"https:\/\/www.omnium.cat\/ca\/diada06-a-la-plana-i-a-la-placa-constitucio-i-xerrada-amb-en-rosas\/#breadcrumb\"},\"inLanguage\":\"ca\",\"potentialAction\":[{\"@type\":\"ReadAction\",\"target\":[\"https:\/\/www.omnium.cat\/ca\/diada06-a-la-plana-i-a-la-placa-constitucio-i-xerrada-amb-en-rosas\/\"]}]},{\"@type\":\"BreadcrumbList\",\"@id\":\"https:\/\/www.omnium.cat\/ca\/diada06-a-la-plana-i-a-la-placa-constitucio-i-xerrada-amb-en-rosas\/#breadcrumb\",\"itemListElement\":[{\"@type\":\"ListItem\",\"position\":1,\"name\":\"Inici\",\"item\":\"https:\/\/www.omnium.cat\/ca\/\"},{\"@type\":\"ListItem\",\"position\":2,\"name\":\"Diada&#8217;06: a la Plana i a la pla\u00e7a Constituci\u00f3 i xerrada amb en Ros\u00e0s\"}]},{\"@type\":\"WebSite\",\"@id\":\"https:\/\/www.omnium.cat\/ca\/#website\",\"url\":\"https:\/\/www.omnium.cat\/ca\/\",\"name\":\"\u00d2mnium Cultural\",\"description\":\"Llengua Cultura Pa\u00eds\",\"publisher\":{\"@id\":\"https:\/\/www.omnium.cat\/ca\/#organization\"},\"potentialAction\":[{\"@type\":\"SearchAction\",\"target\":{\"@type\":\"EntryPoint\",\"urlTemplate\":\"https:\/\/www.omnium.cat\/ca\/?s={search_term_string}\"},\"query-input\":{\"@type\":\"PropertyValueSpecification\",\"valueRequired\":true,\"valueName\":\"search_term_string\"}}],\"inLanguage\":\"ca\"},{\"@type\":\"Organization\",\"@id\":\"https:\/\/www.omnium.cat\/ca\/#organization\",\"name\":\"\u00d2mnium Cultural\",\"url\":\"https:\/\/www.omnium.cat\/ca\/\",\"logo\":{\"@type\":\"ImageObject\",\"inLanguage\":\"ca\",\"@id\":\"https:\/\/www.omnium.cat\/ca\/#\/schema\/logo\/image\/\",\"url\":\"https:\/\/cdn.omnium.cat\/wp-content\/uploads\/2019\/06\/01112517\/cropped-omnium_logo-1.png\",\"contentUrl\":\"https:\/\/cdn.omnium.cat\/wp-content\/uploads\/2019\/06\/01112517\/cropped-omnium_logo-1.png\",\"width\":1213,\"height\":262,\"caption\":\"\u00d2mnium Cultural\"},\"image\":{\"@id\":\"https:\/\/www.omnium.cat\/ca\/#\/schema\/logo\/image\/\"},\"sameAs\":[\"https:\/\/www.facebook.com\/omniumcultural\",\"https:\/\/x.com\/omnium\",\"https:\/\/www.instagram.com\/omniumcultural\/\",\"https:\/\/www.youtube.com\/user\/omniumcultural\"]},{\"@type\":\"Person\",\"@id\":\"https:\/\/www.omnium.cat\/ca\/#\/schema\/person\/92dc7c4963acfbe484fb60f5bf2e924c\",\"name\":\"eduard.nadal@whads.com\",\"image\":{\"@type\":\"ImageObject\",\"inLanguage\":\"ca\",\"@id\":\"https:\/\/secure.gravatar.com\/avatar\/c683b4f4d46c786c30fc67faa017bf0582bba4180ebb607c7cdc9659cf4980a8?s=96&d=mm&r=g\",\"url\":\"https:\/\/secure.gravatar.com\/avatar\/c683b4f4d46c786c30fc67faa017bf0582bba4180ebb607c7cdc9659cf4980a8?s=96&d=mm&r=g\",\"contentUrl\":\"https:\/\/secure.gravatar.com\/avatar\/c683b4f4d46c786c30fc67faa017bf0582bba4180ebb607c7cdc9659cf4980a8?s=96&d=mm&r=g\",\"caption\":\"eduard.nadal@whads.com\"},\"sameAs\":[\"http:\/\/www.whads.com\"]}]}<\/script>\n<!-- \/ Yoast SEO plugin. -->","yoast_head_json":{"title":"Diada'06: a la Plana i a la pla\u00e7a Constituci\u00f3 i xerrada amb en Ros\u00e0s - \u00d2mnium Cultural","robots":{"index":"index","follow":"follow","max-snippet":"max-snippet:-1","max-image-preview":"max-image-preview:large","max-video-preview":"max-video-preview:-1"},"canonical":"https:\/\/www.omnium.cat\/ca\/diada06-a-la-plana-i-a-la-placa-constitucio-i-xerrada-amb-en-rosas\/","twitter_misc":{"Escrit per":"eduard.nadal@whads.com","Temps estimat de lectura":"2 minuts"},"schema":{"@context":"https:\/\/schema.org","@graph":[{"@type":"Article","@id":"https:\/\/www.omnium.cat\/ca\/diada06-a-la-plana-i-a-la-placa-constitucio-i-xerrada-amb-en-rosas\/#article","isPartOf":{"@id":"https:\/\/www.omnium.cat\/ca\/diada06-a-la-plana-i-a-la-placa-constitucio-i-xerrada-amb-en-rosas\/"},"author":{"name":"eduard.nadal@whads.com","@id":"https:\/\/www.omnium.cat\/ca\/#\/schema\/person\/92dc7c4963acfbe484fb60f5bf2e924c"},"headline":"Diada&#8217;06: a la Plana i a la pla\u00e7a Constituci\u00f3 i xerrada amb en Ros\u00e0s","datePublished":"2006-09-06T00:00:00+00:00","mainEntityOfPage":{"@id":"https:\/\/www.omnium.cat\/ca\/diada06-a-la-plana-i-a-la-placa-constitucio-i-xerrada-amb-en-rosas\/"},"wordCount":535,"publisher":{"@id":"https:\/\/www.omnium.cat\/ca\/#organization"},"articleSection":["Uncategorized @oc"],"inLanguage":"ca"},{"@type":"WebPage","@id":"https:\/\/www.omnium.cat\/ca\/diada06-a-la-plana-i-a-la-placa-constitucio-i-xerrada-amb-en-rosas\/","url":"https:\/\/www.omnium.cat\/ca\/diada06-a-la-plana-i-a-la-placa-constitucio-i-xerrada-amb-en-rosas\/","name":"Diada'06: a la Plana i a la pla\u00e7a Constituci\u00f3 i xerrada amb en Ros\u00e0s - \u00d2mnium Cultural","isPartOf":{"@id":"https:\/\/www.omnium.cat\/ca\/#website"},"datePublished":"2006-09-06T00:00:00+00:00","breadcrumb":{"@id":"https:\/\/www.omnium.cat\/ca\/diada06-a-la-plana-i-a-la-placa-constitucio-i-xerrada-amb-en-rosas\/#breadcrumb"},"inLanguage":"ca","potentialAction":[{"@type":"ReadAction","target":["https:\/\/www.omnium.cat\/ca\/diada06-a-la-plana-i-a-la-placa-constitucio-i-xerrada-amb-en-rosas\/"]}]},{"@type":"BreadcrumbList","@id":"https:\/\/www.omnium.cat\/ca\/diada06-a-la-plana-i-a-la-placa-constitucio-i-xerrada-amb-en-rosas\/#breadcrumb","itemListElement":[{"@type":"ListItem","position":1,"name":"Inici","item":"https:\/\/www.omnium.cat\/ca\/"},{"@type":"ListItem","position":2,"name":"Diada&#8217;06: a la Plana i a la pla\u00e7a Constituci\u00f3 i xerrada amb en Ros\u00e0s"}]},{"@type":"WebSite","@id":"https:\/\/www.omnium.cat\/ca\/#website","url":"https:\/\/www.omnium.cat\/ca\/","name":"\u00d2mnium Cultural","description":"Llengua Cultura Pa\u00eds","publisher":{"@id":"https:\/\/www.omnium.cat\/ca\/#organization"},"potentialAction":[{"@type":"SearchAction","target":{"@type":"EntryPoint","urlTemplate":"https:\/\/www.omnium.cat\/ca\/?s={search_term_string}"},"query-input":{"@type":"PropertyValueSpecification","valueRequired":true,"valueName":"search_term_string"}}],"inLanguage":"ca"},{"@type":"Organization","@id":"https:\/\/www.omnium.cat\/ca\/#organization","name":"\u00d2mnium Cultural","url":"https:\/\/www.omnium.cat\/ca\/","logo":{"@type":"ImageObject","inLanguage":"ca","@id":"https:\/\/www.omnium.cat\/ca\/#\/schema\/logo\/image\/","url":"https:\/\/cdn.omnium.cat\/wp-content\/uploads\/2019\/06\/01112517\/cropped-omnium_logo-1.png","contentUrl":"https:\/\/cdn.omnium.cat\/wp-content\/uploads\/2019\/06\/01112517\/cropped-omnium_logo-1.png","width":1213,"height":262,"caption":"\u00d2mnium Cultural"},"image":{"@id":"https:\/\/www.omnium.cat\/ca\/#\/schema\/logo\/image\/"},"sameAs":["https:\/\/www.facebook.com\/omniumcultural","https:\/\/x.com\/omnium","https:\/\/www.instagram.com\/omniumcultural\/","https:\/\/www.youtube.com\/user\/omniumcultural"]},{"@type":"Person","@id":"https:\/\/www.omnium.cat\/ca\/#\/schema\/person\/92dc7c4963acfbe484fb60f5bf2e924c","name":"eduard.nadal@whads.com","image":{"@type":"ImageObject","inLanguage":"ca","@id":"https:\/\/secure.gravatar.com\/avatar\/c683b4f4d46c786c30fc67faa017bf0582bba4180ebb607c7cdc9659cf4980a8?s=96&d=mm&r=g","url":"https:\/\/secure.gravatar.com\/avatar\/c683b4f4d46c786c30fc67faa017bf0582bba4180ebb607c7cdc9659cf4980a8?s=96&d=mm&r=g","contentUrl":"https:\/\/secure.gravatar.com\/avatar\/c683b4f4d46c786c30fc67faa017bf0582bba4180ebb607c7cdc9659cf4980a8?s=96&d=mm&r=g","caption":"eduard.nadal@whads.com"},"sameAs":["http:\/\/www.whads.com"]}]}},"_links":{"self":[{"href":"https:\/\/www.omnium.cat\/ca\/wp-json\/wp\/v2\/posts\/2054","targetHints":{"allow":["GET"]}}],"collection":[{"href":"https:\/\/www.omnium.cat\/ca\/wp-json\/wp\/v2\/posts"}],"about":[{"href":"https:\/\/www.omnium.cat\/ca\/wp-json\/wp\/v2\/types\/post"}],"author":[{"embeddable":true,"href":"https:\/\/www.omnium.cat\/ca\/wp-json\/wp\/v2\/users\/1"}],"replies":[{"embeddable":true,"href":"https:\/\/www.omnium.cat\/ca\/wp-json\/wp\/v2\/comments?post=2054"}],"version-history":[{"count":0,"href":"https:\/\/www.omnium.cat\/ca\/wp-json\/wp\/v2\/posts\/2054\/revisions"}],"wp:attachment":[{"href":"https:\/\/www.omnium.cat\/ca\/wp-json\/wp\/v2\/media?parent=2054"}],"wp:term":[{"taxonomy":"category","embeddable":true,"href":"https:\/\/www.omnium.cat\/ca\/wp-json\/wp\/v2\/categories?post=2054"},{"taxonomy":"post_tag","embeddable":true,"href":"https:\/\/www.omnium.cat\/ca\/wp-json\/wp\/v2\/tags?post=2054"},{"taxonomy":"post_headquarter","embeddable":true,"href":"https:\/\/www.omnium.cat\/ca\/wp-json\/wp\/v2\/post_headquarter?post=2054"},{"taxonomy":"post_project","embeddable":true,"href":"https:\/\/www.omnium.cat\/ca\/wp-json\/wp\/v2\/post_project?post=2054"}],"curies":[{"name":"wp","href":"https:\/\/api.w.org\/{rel}","templated":true}]}}