{"id":218395,"date":"2019-10-01T16:30:19","date_gmt":"2019-10-01T14:30:19","guid":{"rendered":"https:\/\/www.omnium.cat\/?p=218395"},"modified":"2019-10-01T16:30:19","modified_gmt":"2019-10-01T14:30:19","slug":"hem-de-ser-un-sol-poble-davant-la-sentencia","status":"publish","type":"post","link":"https:\/\/www.omnium.cat\/ca\/hem-de-ser-un-sol-poble-davant-la-sentencia\/","title":{"rendered":"\u201cHem de ser un sol poble davant la sent\u00e8ncia\u201d"},"content":{"rendered":"<h3>Mauri de los Rios reitera que l\u2019Estat hauria de demanar perd\u00f3 per la viol\u00e8ncia policial de l\u20191-O<\/h3>\n<p>Davant l\u2019intent de l\u2019Estat espanyol de dividir la societat catalana entre <strong>\u201cbons i mals catalans i bons i mals independentistes\u201d<\/strong>, el vicepresident d\u2019\u00d2mnium Cultural, <strong>Marcel Mauri de los R\u00edos<\/strong>, demana centrar els esfor\u00e7os en defensar plegats els drets i les llibertats inherents a un sistema democr\u00e0tic:<strong> \u201chem de ser un sol poble davant una sent\u00e8ncia que ser\u00e0 dura i sortir al carrer per dir que \u2018Ho tornarem a fer\u2019 i que tornarem a exercir els drets que siguin condemnats\u201d<\/strong>. Mauri de los R\u00edos ha fet aquestes declaracions aquest vespre al municipi del Bruc en motiu de l\u2019encesa de les 131 agulles de Montserrat com a homenatge als presidents de la Generalitat.<br \/>\nEn refer\u00e8ncia als fets de les darreres setmanes, Mauri de los R\u00edos ha reiterat que<strong> \u201cqui ha de demanar perd\u00f3 \u00e9s un Estat encara no s&#8217;ha disculpat per la viol\u00e8ncia policial de l&#8217;1 d&#8217;octubre\u201d.\u00a0<\/strong><\/p>\n<p>A poques hores que es commemori el segon aniversari del Refer\u00e8ndum, el vicepresident de l\u2019entitat ha recordat que es tracta de l\u2019exercici de desobedi\u00e8ncia civil m\u00e9s important d\u2019Europa i ha insistit que la democr\u00e0cia no pot tenir l\u00edmits.<\/p>\n","protected":false},"excerpt":{"rendered":"<p>Mauri de los Rios reitera que l\u2019Estat hauria de demanar perd\u00f3 per la viol\u00e8ncia policial de l\u20191-O Davant l\u2019intent de l\u2019Estat espanyol de dividir la societat catalana entre \u201cbons i [&hellip;]<\/p>\n","protected":false},"author":122,"featured_media":218396,"comment_status":"closed","ping_status":"open","sticky":false,"template":"","format":"standard","meta":{"_acf_changed":false,"footnotes":""},"categories":[1],"tags":[],"post_headquarter":[],"post_project":[],"class_list":["post-218395","post","type-post","status-publish","format-standard","has-post-thumbnail","hentry","category-uncategorized-ca"],"acf":[],"yoast_head":"<!-- This site is optimized with the Yoast SEO plugin v27.2 - https:\/\/yoast.com\/product\/yoast-seo-wordpress\/ -->\n<title>\u201cHem de ser un sol poble davant la sent\u00e8ncia\u201d - \u00d2mnium Cultural<\/title>\n<meta name=\"robots\" content=\"index, follow, max-snippet:-1, max-image-preview:large, max-video-preview:-1\" \/>\n<link rel=\"canonical\" href=\"https:\/\/www.omnium.cat\/ca\/hem-de-ser-un-sol-poble-davant-la-sentencia\/\" \/>\n<meta name=\"twitter:label1\" content=\"Escrit per\" \/>\n\t<meta name=\"twitter:data1\" content=\"Ainhoa Sorrosal\" \/>\n\t<meta name=\"twitter:label2\" content=\"Temps estimat de lectura\" \/>\n\t<meta name=\"twitter:data2\" content=\"1 minut\" \/>\n<script type=\"application\/ld+json\" class=\"yoast-schema-graph\">{\"@context\":\"https:\/\/schema.org\",\"@graph\":[{\"@type\":\"Article\",\"@id\":\"https:\/\/www.omnium.cat\/ca\/hem-de-ser-un-sol-poble-davant-la-sentencia\/#article\",\"isPartOf\":{\"@id\":\"https:\/\/www.omnium.cat\/ca\/hem-de-ser-un-sol-poble-davant-la-sentencia\/\"},\"author\":{\"name\":\"Ainhoa Sorrosal\",\"@id\":\"https:\/\/www.omnium.cat\/ca\/#\/schema\/person\/7ec7f33b75958d427af68e0be98129da\"},\"headline\":\"\u201cHem de ser un sol poble davant la sent\u00e8ncia\u201d\",\"datePublished\":\"2019-10-01T14:30:19+00:00\",\"mainEntityOfPage\":{\"@id\":\"https:\/\/www.omnium.cat\/ca\/hem-de-ser-un-sol-poble-davant-la-sentencia\/\"},\"wordCount\":234,\"publisher\":{\"@id\":\"https:\/\/www.omnium.cat\/ca\/#organization\"},\"image\":{\"@id\":\"https:\/\/www.omnium.cat\/ca\/hem-de-ser-un-sol-poble-davant-la-sentencia\/#primaryimage\"},\"thumbnailUrl\":\"https:\/\/cdn.omnium.cat\/wp-content\/uploads\/2019\/10\/01162957\/foto_3551965.jpg.jpg\",\"articleSection\":[\"Uncategorized @oc\"],\"inLanguage\":\"ca\"},{\"@type\":\"WebPage\",\"@id\":\"https:\/\/www.omnium.cat\/ca\/hem-de-ser-un-sol-poble-davant-la-sentencia\/\",\"url\":\"https:\/\/www.omnium.cat\/ca\/hem-de-ser-un-sol-poble-davant-la-sentencia\/\",\"name\":\"\u201cHem de ser un sol poble davant la sent\u00e8ncia\u201d - \u00d2mnium Cultural\",\"isPartOf\":{\"@id\":\"https:\/\/www.omnium.cat\/ca\/#website\"},\"primaryImageOfPage\":{\"@id\":\"https:\/\/www.omnium.cat\/ca\/hem-de-ser-un-sol-poble-davant-la-sentencia\/#primaryimage\"},\"image\":{\"@id\":\"https:\/\/www.omnium.cat\/ca\/hem-de-ser-un-sol-poble-davant-la-sentencia\/#primaryimage\"},\"thumbnailUrl\":\"https:\/\/cdn.omnium.cat\/wp-content\/uploads\/2019\/10\/01162957\/foto_3551965.jpg.jpg\",\"datePublished\":\"2019-10-01T14:30:19+00:00\",\"breadcrumb\":{\"@id\":\"https:\/\/www.omnium.cat\/ca\/hem-de-ser-un-sol-poble-davant-la-sentencia\/#breadcrumb\"},\"inLanguage\":\"ca\",\"potentialAction\":[{\"@type\":\"ReadAction\",\"target\":[\"https:\/\/www.omnium.cat\/ca\/hem-de-ser-un-sol-poble-davant-la-sentencia\/\"]}]},{\"@type\":\"ImageObject\",\"inLanguage\":\"ca\",\"@id\":\"https:\/\/www.omnium.cat\/ca\/hem-de-ser-un-sol-poble-davant-la-sentencia\/#primaryimage\",\"url\":\"https:\/\/cdn.omnium.cat\/wp-content\/uploads\/2019\/10\/01162957\/foto_3551965.jpg.jpg\",\"contentUrl\":\"https:\/\/cdn.omnium.cat\/wp-content\/uploads\/2019\/10\/01162957\/foto_3551965.jpg.jpg\",\"width\":4032,\"height\":3024,\"caption\":\"Les agulles de Montserrat il\u00b7luminades com a part de la iniciativa Llum i llibertat el 30 de setembre del 2019. Pla general. (Horitzontal)\"},{\"@type\":\"BreadcrumbList\",\"@id\":\"https:\/\/www.omnium.cat\/ca\/hem-de-ser-un-sol-poble-davant-la-sentencia\/#breadcrumb\",\"itemListElement\":[{\"@type\":\"ListItem\",\"position\":1,\"name\":\"Inici\",\"item\":\"https:\/\/www.omnium.cat\/ca\/\"},{\"@type\":\"ListItem\",\"position\":2,\"name\":\"\u201cHem de ser un sol poble davant la sent\u00e8ncia\u201d\"}]},{\"@type\":\"WebSite\",\"@id\":\"https:\/\/www.omnium.cat\/ca\/#website\",\"url\":\"https:\/\/www.omnium.cat\/ca\/\",\"name\":\"\u00d2mnium Cultural\",\"description\":\"Llengua Cultura Pa\u00eds\",\"publisher\":{\"@id\":\"https:\/\/www.omnium.cat\/ca\/#organization\"},\"potentialAction\":[{\"@type\":\"SearchAction\",\"target\":{\"@type\":\"EntryPoint\",\"urlTemplate\":\"https:\/\/www.omnium.cat\/ca\/?s={search_term_string}\"},\"query-input\":{\"@type\":\"PropertyValueSpecification\",\"valueRequired\":true,\"valueName\":\"search_term_string\"}}],\"inLanguage\":\"ca\"},{\"@type\":\"Organization\",\"@id\":\"https:\/\/www.omnium.cat\/ca\/#organization\",\"name\":\"\u00d2mnium Cultural\",\"url\":\"https:\/\/www.omnium.cat\/ca\/\",\"logo\":{\"@type\":\"ImageObject\",\"inLanguage\":\"ca\",\"@id\":\"https:\/\/www.omnium.cat\/ca\/#\/schema\/logo\/image\/\",\"url\":\"https:\/\/cdn.omnium.cat\/wp-content\/uploads\/2019\/06\/01112517\/cropped-omnium_logo-1.png\",\"contentUrl\":\"https:\/\/cdn.omnium.cat\/wp-content\/uploads\/2019\/06\/01112517\/cropped-omnium_logo-1.png\",\"width\":1213,\"height\":262,\"caption\":\"\u00d2mnium Cultural\"},\"image\":{\"@id\":\"https:\/\/www.omnium.cat\/ca\/#\/schema\/logo\/image\/\"},\"sameAs\":[\"https:\/\/www.facebook.com\/omniumcultural\",\"https:\/\/x.com\/omnium\",\"https:\/\/www.instagram.com\/omniumcultural\/\",\"https:\/\/www.youtube.com\/user\/omniumcultural\"]},{\"@type\":\"Person\",\"@id\":\"https:\/\/www.omnium.cat\/ca\/#\/schema\/person\/7ec7f33b75958d427af68e0be98129da\",\"name\":\"Ainhoa Sorrosal\",\"image\":{\"@type\":\"ImageObject\",\"inLanguage\":\"ca\",\"@id\":\"https:\/\/secure.gravatar.com\/avatar\/ffa84cedec741bac95500c8e3dc722072b61b6df5c5d341516e5babe4e9db444?s=96&d=mm&r=g\",\"url\":\"https:\/\/secure.gravatar.com\/avatar\/ffa84cedec741bac95500c8e3dc722072b61b6df5c5d341516e5babe4e9db444?s=96&d=mm&r=g\",\"contentUrl\":\"https:\/\/secure.gravatar.com\/avatar\/ffa84cedec741bac95500c8e3dc722072b61b6df5c5d341516e5babe4e9db444?s=96&d=mm&r=g\",\"caption\":\"Ainhoa Sorrosal\"}}]}<\/script>\n<!-- \/ Yoast SEO plugin. -->","yoast_head_json":{"title":"\u201cHem de ser un sol poble davant la sent\u00e8ncia\u201d - \u00d2mnium Cultural","robots":{"index":"index","follow":"follow","max-snippet":"max-snippet:-1","max-image-preview":"max-image-preview:large","max-video-preview":"max-video-preview:-1"},"canonical":"https:\/\/www.omnium.cat\/ca\/hem-de-ser-un-sol-poble-davant-la-sentencia\/","twitter_misc":{"Escrit per":"Ainhoa Sorrosal","Temps estimat de lectura":"1 minut"},"schema":{"@context":"https:\/\/schema.org","@graph":[{"@type":"Article","@id":"https:\/\/www.omnium.cat\/ca\/hem-de-ser-un-sol-poble-davant-la-sentencia\/#article","isPartOf":{"@id":"https:\/\/www.omnium.cat\/ca\/hem-de-ser-un-sol-poble-davant-la-sentencia\/"},"author":{"name":"Ainhoa Sorrosal","@id":"https:\/\/www.omnium.cat\/ca\/#\/schema\/person\/7ec7f33b75958d427af68e0be98129da"},"headline":"\u201cHem de ser un sol poble davant la sent\u00e8ncia\u201d","datePublished":"2019-10-01T14:30:19+00:00","mainEntityOfPage":{"@id":"https:\/\/www.omnium.cat\/ca\/hem-de-ser-un-sol-poble-davant-la-sentencia\/"},"wordCount":234,"publisher":{"@id":"https:\/\/www.omnium.cat\/ca\/#organization"},"image":{"@id":"https:\/\/www.omnium.cat\/ca\/hem-de-ser-un-sol-poble-davant-la-sentencia\/#primaryimage"},"thumbnailUrl":"https:\/\/cdn.omnium.cat\/wp-content\/uploads\/2019\/10\/01162957\/foto_3551965.jpg.jpg","articleSection":["Uncategorized @oc"],"inLanguage":"ca"},{"@type":"WebPage","@id":"https:\/\/www.omnium.cat\/ca\/hem-de-ser-un-sol-poble-davant-la-sentencia\/","url":"https:\/\/www.omnium.cat\/ca\/hem-de-ser-un-sol-poble-davant-la-sentencia\/","name":"\u201cHem de ser un sol poble davant la sent\u00e8ncia\u201d - \u00d2mnium Cultural","isPartOf":{"@id":"https:\/\/www.omnium.cat\/ca\/#website"},"primaryImageOfPage":{"@id":"https:\/\/www.omnium.cat\/ca\/hem-de-ser-un-sol-poble-davant-la-sentencia\/#primaryimage"},"image":{"@id":"https:\/\/www.omnium.cat\/ca\/hem-de-ser-un-sol-poble-davant-la-sentencia\/#primaryimage"},"thumbnailUrl":"https:\/\/cdn.omnium.cat\/wp-content\/uploads\/2019\/10\/01162957\/foto_3551965.jpg.jpg","datePublished":"2019-10-01T14:30:19+00:00","breadcrumb":{"@id":"https:\/\/www.omnium.cat\/ca\/hem-de-ser-un-sol-poble-davant-la-sentencia\/#breadcrumb"},"inLanguage":"ca","potentialAction":[{"@type":"ReadAction","target":["https:\/\/www.omnium.cat\/ca\/hem-de-ser-un-sol-poble-davant-la-sentencia\/"]}]},{"@type":"ImageObject","inLanguage":"ca","@id":"https:\/\/www.omnium.cat\/ca\/hem-de-ser-un-sol-poble-davant-la-sentencia\/#primaryimage","url":"https:\/\/cdn.omnium.cat\/wp-content\/uploads\/2019\/10\/01162957\/foto_3551965.jpg.jpg","contentUrl":"https:\/\/cdn.omnium.cat\/wp-content\/uploads\/2019\/10\/01162957\/foto_3551965.jpg.jpg","width":4032,"height":3024,"caption":"Les agulles de Montserrat il\u00b7luminades com a part de la iniciativa Llum i llibertat el 30 de setembre del 2019. Pla general. (Horitzontal)"},{"@type":"BreadcrumbList","@id":"https:\/\/www.omnium.cat\/ca\/hem-de-ser-un-sol-poble-davant-la-sentencia\/#breadcrumb","itemListElement":[{"@type":"ListItem","position":1,"name":"Inici","item":"https:\/\/www.omnium.cat\/ca\/"},{"@type":"ListItem","position":2,"name":"\u201cHem de ser un sol poble davant la sent\u00e8ncia\u201d"}]},{"@type":"WebSite","@id":"https:\/\/www.omnium.cat\/ca\/#website","url":"https:\/\/www.omnium.cat\/ca\/","name":"\u00d2mnium Cultural","description":"Llengua Cultura Pa\u00eds","publisher":{"@id":"https:\/\/www.omnium.cat\/ca\/#organization"},"potentialAction":[{"@type":"SearchAction","target":{"@type":"EntryPoint","urlTemplate":"https:\/\/www.omnium.cat\/ca\/?s={search_term_string}"},"query-input":{"@type":"PropertyValueSpecification","valueRequired":true,"valueName":"search_term_string"}}],"inLanguage":"ca"},{"@type":"Organization","@id":"https:\/\/www.omnium.cat\/ca\/#organization","name":"\u00d2mnium Cultural","url":"https:\/\/www.omnium.cat\/ca\/","logo":{"@type":"ImageObject","inLanguage":"ca","@id":"https:\/\/www.omnium.cat\/ca\/#\/schema\/logo\/image\/","url":"https:\/\/cdn.omnium.cat\/wp-content\/uploads\/2019\/06\/01112517\/cropped-omnium_logo-1.png","contentUrl":"https:\/\/cdn.omnium.cat\/wp-content\/uploads\/2019\/06\/01112517\/cropped-omnium_logo-1.png","width":1213,"height":262,"caption":"\u00d2mnium Cultural"},"image":{"@id":"https:\/\/www.omnium.cat\/ca\/#\/schema\/logo\/image\/"},"sameAs":["https:\/\/www.facebook.com\/omniumcultural","https:\/\/x.com\/omnium","https:\/\/www.instagram.com\/omniumcultural\/","https:\/\/www.youtube.com\/user\/omniumcultural"]},{"@type":"Person","@id":"https:\/\/www.omnium.cat\/ca\/#\/schema\/person\/7ec7f33b75958d427af68e0be98129da","name":"Ainhoa Sorrosal","image":{"@type":"ImageObject","inLanguage":"ca","@id":"https:\/\/secure.gravatar.com\/avatar\/ffa84cedec741bac95500c8e3dc722072b61b6df5c5d341516e5babe4e9db444?s=96&d=mm&r=g","url":"https:\/\/secure.gravatar.com\/avatar\/ffa84cedec741bac95500c8e3dc722072b61b6df5c5d341516e5babe4e9db444?s=96&d=mm&r=g","contentUrl":"https:\/\/secure.gravatar.com\/avatar\/ffa84cedec741bac95500c8e3dc722072b61b6df5c5d341516e5babe4e9db444?s=96&d=mm&r=g","caption":"Ainhoa Sorrosal"}}]}},"_links":{"self":[{"href":"https:\/\/www.omnium.cat\/ca\/wp-json\/wp\/v2\/posts\/218395","targetHints":{"allow":["GET"]}}],"collection":[{"href":"https:\/\/www.omnium.cat\/ca\/wp-json\/wp\/v2\/posts"}],"about":[{"href":"https:\/\/www.omnium.cat\/ca\/wp-json\/wp\/v2\/types\/post"}],"author":[{"embeddable":true,"href":"https:\/\/www.omnium.cat\/ca\/wp-json\/wp\/v2\/users\/122"}],"replies":[{"embeddable":true,"href":"https:\/\/www.omnium.cat\/ca\/wp-json\/wp\/v2\/comments?post=218395"}],"version-history":[{"count":1,"href":"https:\/\/www.omnium.cat\/ca\/wp-json\/wp\/v2\/posts\/218395\/revisions"}],"predecessor-version":[{"id":218401,"href":"https:\/\/www.omnium.cat\/ca\/wp-json\/wp\/v2\/posts\/218395\/revisions\/218401"}],"wp:featuredmedia":[{"embeddable":true,"href":"https:\/\/www.omnium.cat\/ca\/wp-json\/wp\/v2\/media\/218396"}],"wp:attachment":[{"href":"https:\/\/www.omnium.cat\/ca\/wp-json\/wp\/v2\/media?parent=218395"}],"wp:term":[{"taxonomy":"category","embeddable":true,"href":"https:\/\/www.omnium.cat\/ca\/wp-json\/wp\/v2\/categories?post=218395"},{"taxonomy":"post_tag","embeddable":true,"href":"https:\/\/www.omnium.cat\/ca\/wp-json\/wp\/v2\/tags?post=218395"},{"taxonomy":"post_headquarter","embeddable":true,"href":"https:\/\/www.omnium.cat\/ca\/wp-json\/wp\/v2\/post_headquarter?post=218395"},{"taxonomy":"post_project","embeddable":true,"href":"https:\/\/www.omnium.cat\/ca\/wp-json\/wp\/v2\/post_project?post=218395"}],"curies":[{"name":"wp","href":"https:\/\/api.w.org\/{rel}","templated":true}]}}