{"id":246423,"date":"2020-06-16T11:36:40","date_gmt":"2020-06-16T09:36:40","guid":{"rendered":"https:\/\/www.omnium.cat\/?p=246423"},"modified":"2020-06-17T15:36:08","modified_gmt":"2020-06-17T13:36:08","slug":"rebuda-de-la-flama-del-canigo-a-mataro","status":"publish","type":"post","link":"https:\/\/www.omnium.cat\/ca\/rebuda-de-la-flama-del-canigo-a-mataro\/","title":{"rendered":"Rebuda de la Flama del Canig\u00f3 a Matar\u00f3"},"content":{"rendered":"<p>\u00d2mnium Matar\u00f3 ha adaptat la rebuda de la Flama del Canig\u00f3 per mantenir la tradici\u00f3 adaptant-se a les mesures de prevenci\u00f3 i seguretat derivades de la pand\u00e8mia de Covid-19.<\/p>\n<p>La Flama arribar\u00e0 a l&#8217;esplanada que hi ha davant de l\u2019ermita de Sant Sim\u00f3 cap a quarts de set de la tarda portada pels corredors de la colla Maimakansu i ser\u00e0 rebuda per les autoritats municipals, juntament amb diverses entitats de la ciutat.<\/p>\n<p>La lectura del Missatge anir\u00e0 a c\u00e0rrec d\u2019Imma Codina amb representaci\u00f3 de Fundaci\u00f3 Grup Tercer M\u00f3n Matar\u00f3-Botiga Solid\u00e0ria.<\/p>\n<p>Per mesures de seguretat <strong>es demana que les entitats que vinguin a recollir la Flama no hi assisteixin amb m\u00e9s de dos representants<\/strong> <strong>i que ho facin amb mascareta i respectant la dist\u00e0ncia de seguretat. Tamb\u00e9 es demana als ve\u00efns i ve\u00efnes de Matar\u00f3 que no s\u2019acostin a rebre la Flama per evitar aglomeracions. <\/strong><\/p>\n<p><strong>Programa a Matar\u00f3 Audiovisual<\/strong><\/p>\n<p>El dimarts 23 de juny, a les 18.30 hores, Matar\u00f3 Audiovisual emetr\u00e0 un programa especial amb imatges d\u2019anys anteriors, la participaci\u00f3 de Carles Estap\u00e9 (\u00d2mnium Maresme) i d\u2019en Jaume Vellveh\u00ed (Club d\u2019Opini\u00f3 Jaume Llavina). Imma Codina, representant de Fundaci\u00f3 Grup Tercer M\u00f3n Matar\u00f3-Botiga Solid\u00e0ria, llegir\u00e0 el Missatge de la Flama 2020.<\/p>\n<p><strong>La Flama Confinada<\/strong><\/p>\n<p>Aquesta revetlla de Sant Joan volem recordar tamb\u00e9 totes les persones que han mort durant la pand\u00e8mia i tamb\u00e9 totes aquelles persones que des del seu lloc de feina o voluntariat estan lluitant per superar aquesta crisi sanit\u00e0ria.<\/p>\n<p>Per aquest motiu animem a tothom a encendre un fanalet o una espelma al seu balc\u00f3 i compartir-la a les xarxes amb l\u2019etiqueta <strong>#FlamaCanigo20. <\/strong><\/p>\n<div style=\"width: 640px;\" class=\"wp-video\"><video class=\"wp-video-shortcode\" id=\"video-246423-1\" width=\"640\" height=\"360\" preload=\"metadata\" controls=\"controls\"><source type=\"video\/mp4\" src=\"https:\/\/cdn.omnium.cat\/wp-content\/uploads\/2020\/06\/17102033\/y2mate.com-Presentaci%C3%B3-flama-confinada-2020_zkPo0ENofho_360p.mp4?_=1\" \/><a href=\"https:\/\/cdn.omnium.cat\/wp-content\/uploads\/2020\/06\/17102033\/y2mate.com-Presentaci%C3%B3-flama-confinada-2020_zkPo0ENofho_360p.mp4\">https:\/\/cdn.omnium.cat\/wp-content\/uploads\/2020\/06\/17102033\/y2mate.com-Presentaci%C3%B3-flama-confinada-2020_zkPo0ENofho_360p.mp4<\/a><\/video><\/div>\n","protected":false},"excerpt":{"rendered":"<p>\u00d2mnium Matar\u00f3 ha adaptat la rebuda de la Flama del Canig\u00f3 per mantenir la tradici\u00f3 adaptant-se a les mesures de prevenci\u00f3 i seguretat derivades de la pand\u00e8mia de Covid-19. La [&hellip;]<\/p>\n","protected":false},"author":54,"featured_media":246442,"comment_status":"closed","ping_status":"open","sticky":false,"template":"","format":"standard","meta":{"_acf_changed":false,"footnotes":""},"categories":[1],"tags":[4364,1411,3230,4463,4525,335,4526,4529,4524,1151,4528,4527],"post_headquarter":[1751],"post_project":[1797],"class_list":["post-246423","post","type-post","status-publish","format-standard","has-post-thumbnail","hentry","category-uncategorized-ca","tag-4364","tag-carles-estape","tag-club-dopinio-jaume-llavina","tag-covid-19","tag-ermita-de-sant-simo","tag-flama-del-canigo","tag-imma-codina","tag-jaume-vellvehi","tag-maimakansu","tag-mataro","tag-mataro-audiovisual","tag-mon3-botiga-solidaria","post_headquarter-maresme","post_project-flama-del-canigo"],"acf":[],"yoast_head":"<!-- This site is optimized with the Yoast SEO plugin v27.2 - https:\/\/yoast.com\/product\/yoast-seo-wordpress\/ -->\n<title>Rebuda de la Flama del Canig\u00f3 a Matar\u00f3 - \u00d2mnium Cultural<\/title>\n<meta name=\"robots\" content=\"index, follow, max-snippet:-1, max-image-preview:large, max-video-preview:-1\" \/>\n<link rel=\"canonical\" href=\"https:\/\/www.omnium.cat\/ca\/rebuda-de-la-flama-del-canigo-a-mataro\/\" \/>\n<meta name=\"twitter:label1\" content=\"Escrit per\" \/>\n\t<meta name=\"twitter:data1\" content=\"Enric Sivianes\" \/>\n\t<meta name=\"twitter:label2\" content=\"Temps estimat de lectura\" \/>\n\t<meta name=\"twitter:data2\" content=\"2 minuts\" \/>\n<script type=\"application\/ld+json\" class=\"yoast-schema-graph\">{\"@context\":\"https:\/\/schema.org\",\"@graph\":[{\"@type\":\"Article\",\"@id\":\"https:\/\/www.omnium.cat\/ca\/rebuda-de-la-flama-del-canigo-a-mataro\/#article\",\"isPartOf\":{\"@id\":\"https:\/\/www.omnium.cat\/ca\/rebuda-de-la-flama-del-canigo-a-mataro\/\"},\"author\":{\"name\":\"Enric Sivianes\",\"@id\":\"https:\/\/www.omnium.cat\/ca\/#\/schema\/person\/88e72afdfff0e1687ca8e78331baadf1\"},\"headline\":\"Rebuda de la Flama del Canig\u00f3 a Matar\u00f3\",\"datePublished\":\"2020-06-16T09:36:40+00:00\",\"dateModified\":\"2020-06-17T13:36:08+00:00\",\"mainEntityOfPage\":{\"@id\":\"https:\/\/www.omnium.cat\/ca\/rebuda-de-la-flama-del-canigo-a-mataro\/\"},\"wordCount\":310,\"publisher\":{\"@id\":\"https:\/\/www.omnium.cat\/ca\/#organization\"},\"image\":{\"@id\":\"https:\/\/www.omnium.cat\/ca\/rebuda-de-la-flama-del-canigo-a-mataro\/#primaryimage\"},\"thumbnailUrl\":\"https:\/\/cdn.omnium.cat\/wp-content\/uploads\/2020\/06\/16113628\/Postal-TW-FB_Flama-2020_MATAR%C3%93.png\",\"keywords\":[\"2020\",\"Carles Estap\u00e9\",\"Club d'Opini\u00f3 Jaume Llavina\",\"covid-19\",\"Ermita de Sant Sim\u00f3\",\"Flama del Canig\u00f3\",\"Imma Codina\",\"Jaume Vellveh\u00ed\",\"Maimakansu\",\"Matar\u00f3\",\"Matar\u00f3 Audiovisual\",\"M\u00f3n3-Botiga solid\u00e0ria\"],\"articleSection\":[\"Uncategorized @oc\"],\"inLanguage\":\"ca\"},{\"@type\":\"WebPage\",\"@id\":\"https:\/\/www.omnium.cat\/ca\/rebuda-de-la-flama-del-canigo-a-mataro\/\",\"url\":\"https:\/\/www.omnium.cat\/ca\/rebuda-de-la-flama-del-canigo-a-mataro\/\",\"name\":\"Rebuda de la Flama del Canig\u00f3 a Matar\u00f3 - \u00d2mnium Cultural\",\"isPartOf\":{\"@id\":\"https:\/\/www.omnium.cat\/ca\/#website\"},\"primaryImageOfPage\":{\"@id\":\"https:\/\/www.omnium.cat\/ca\/rebuda-de-la-flama-del-canigo-a-mataro\/#primaryimage\"},\"image\":{\"@id\":\"https:\/\/www.omnium.cat\/ca\/rebuda-de-la-flama-del-canigo-a-mataro\/#primaryimage\"},\"thumbnailUrl\":\"https:\/\/cdn.omnium.cat\/wp-content\/uploads\/2020\/06\/16113628\/Postal-TW-FB_Flama-2020_MATAR%C3%93.png\",\"datePublished\":\"2020-06-16T09:36:40+00:00\",\"dateModified\":\"2020-06-17T13:36:08+00:00\",\"breadcrumb\":{\"@id\":\"https:\/\/www.omnium.cat\/ca\/rebuda-de-la-flama-del-canigo-a-mataro\/#breadcrumb\"},\"inLanguage\":\"ca\",\"potentialAction\":[{\"@type\":\"ReadAction\",\"target\":[\"https:\/\/www.omnium.cat\/ca\/rebuda-de-la-flama-del-canigo-a-mataro\/\"]}]},{\"@type\":\"ImageObject\",\"inLanguage\":\"ca\",\"@id\":\"https:\/\/www.omnium.cat\/ca\/rebuda-de-la-flama-del-canigo-a-mataro\/#primaryimage\",\"url\":\"https:\/\/cdn.omnium.cat\/wp-content\/uploads\/2020\/06\/16113628\/Postal-TW-FB_Flama-2020_MATAR%C3%93.png\",\"contentUrl\":\"https:\/\/cdn.omnium.cat\/wp-content\/uploads\/2020\/06\/16113628\/Postal-TW-FB_Flama-2020_MATAR%C3%93.png\",\"width\":1024,\"height\":512},{\"@type\":\"BreadcrumbList\",\"@id\":\"https:\/\/www.omnium.cat\/ca\/rebuda-de-la-flama-del-canigo-a-mataro\/#breadcrumb\",\"itemListElement\":[{\"@type\":\"ListItem\",\"position\":1,\"name\":\"Inici\",\"item\":\"https:\/\/www.omnium.cat\/ca\/\"},{\"@type\":\"ListItem\",\"position\":2,\"name\":\"Rebuda de la Flama del Canig\u00f3 a Matar\u00f3\"}]},{\"@type\":\"WebSite\",\"@id\":\"https:\/\/www.omnium.cat\/ca\/#website\",\"url\":\"https:\/\/www.omnium.cat\/ca\/\",\"name\":\"\u00d2mnium Cultural\",\"description\":\"Llengua Cultura Pa\u00eds\",\"publisher\":{\"@id\":\"https:\/\/www.omnium.cat\/ca\/#organization\"},\"potentialAction\":[{\"@type\":\"SearchAction\",\"target\":{\"@type\":\"EntryPoint\",\"urlTemplate\":\"https:\/\/www.omnium.cat\/ca\/?s={search_term_string}\"},\"query-input\":{\"@type\":\"PropertyValueSpecification\",\"valueRequired\":true,\"valueName\":\"search_term_string\"}}],\"inLanguage\":\"ca\"},{\"@type\":\"Organization\",\"@id\":\"https:\/\/www.omnium.cat\/ca\/#organization\",\"name\":\"\u00d2mnium Cultural\",\"url\":\"https:\/\/www.omnium.cat\/ca\/\",\"logo\":{\"@type\":\"ImageObject\",\"inLanguage\":\"ca\",\"@id\":\"https:\/\/www.omnium.cat\/ca\/#\/schema\/logo\/image\/\",\"url\":\"https:\/\/cdn.omnium.cat\/wp-content\/uploads\/2019\/06\/01112517\/cropped-omnium_logo-1.png\",\"contentUrl\":\"https:\/\/cdn.omnium.cat\/wp-content\/uploads\/2019\/06\/01112517\/cropped-omnium_logo-1.png\",\"width\":1213,\"height\":262,\"caption\":\"\u00d2mnium Cultural\"},\"image\":{\"@id\":\"https:\/\/www.omnium.cat\/ca\/#\/schema\/logo\/image\/\"},\"sameAs\":[\"https:\/\/www.facebook.com\/omniumcultural\",\"https:\/\/x.com\/omnium\",\"https:\/\/www.instagram.com\/omniumcultural\/\",\"https:\/\/www.youtube.com\/user\/omniumcultural\"]},{\"@type\":\"Person\",\"@id\":\"https:\/\/www.omnium.cat\/ca\/#\/schema\/person\/88e72afdfff0e1687ca8e78331baadf1\",\"name\":\"Enric Sivianes\",\"image\":{\"@type\":\"ImageObject\",\"inLanguage\":\"ca\",\"@id\":\"https:\/\/secure.gravatar.com\/avatar\/c996542d11df51cca76ce42498c4e8a267c6e5c511190430d0da11f0ddde9851?s=96&d=mm&r=g\",\"url\":\"https:\/\/secure.gravatar.com\/avatar\/c996542d11df51cca76ce42498c4e8a267c6e5c511190430d0da11f0ddde9851?s=96&d=mm&r=g\",\"contentUrl\":\"https:\/\/secure.gravatar.com\/avatar\/c996542d11df51cca76ce42498c4e8a267c6e5c511190430d0da11f0ddde9851?s=96&d=mm&r=g\",\"caption\":\"Enric Sivianes\"}}]}<\/script>\n<!-- \/ Yoast SEO plugin. -->","yoast_head_json":{"title":"Rebuda de la Flama del Canig\u00f3 a Matar\u00f3 - \u00d2mnium Cultural","robots":{"index":"index","follow":"follow","max-snippet":"max-snippet:-1","max-image-preview":"max-image-preview:large","max-video-preview":"max-video-preview:-1"},"canonical":"https:\/\/www.omnium.cat\/ca\/rebuda-de-la-flama-del-canigo-a-mataro\/","twitter_misc":{"Escrit per":"Enric Sivianes","Temps estimat de lectura":"2 minuts"},"schema":{"@context":"https:\/\/schema.org","@graph":[{"@type":"Article","@id":"https:\/\/www.omnium.cat\/ca\/rebuda-de-la-flama-del-canigo-a-mataro\/#article","isPartOf":{"@id":"https:\/\/www.omnium.cat\/ca\/rebuda-de-la-flama-del-canigo-a-mataro\/"},"author":{"name":"Enric Sivianes","@id":"https:\/\/www.omnium.cat\/ca\/#\/schema\/person\/88e72afdfff0e1687ca8e78331baadf1"},"headline":"Rebuda de la Flama del Canig\u00f3 a Matar\u00f3","datePublished":"2020-06-16T09:36:40+00:00","dateModified":"2020-06-17T13:36:08+00:00","mainEntityOfPage":{"@id":"https:\/\/www.omnium.cat\/ca\/rebuda-de-la-flama-del-canigo-a-mataro\/"},"wordCount":310,"publisher":{"@id":"https:\/\/www.omnium.cat\/ca\/#organization"},"image":{"@id":"https:\/\/www.omnium.cat\/ca\/rebuda-de-la-flama-del-canigo-a-mataro\/#primaryimage"},"thumbnailUrl":"https:\/\/cdn.omnium.cat\/wp-content\/uploads\/2020\/06\/16113628\/Postal-TW-FB_Flama-2020_MATAR%C3%93.png","keywords":["2020","Carles Estap\u00e9","Club d'Opini\u00f3 Jaume Llavina","covid-19","Ermita de Sant Sim\u00f3","Flama del Canig\u00f3","Imma Codina","Jaume Vellveh\u00ed","Maimakansu","Matar\u00f3","Matar\u00f3 Audiovisual","M\u00f3n3-Botiga solid\u00e0ria"],"articleSection":["Uncategorized @oc"],"inLanguage":"ca"},{"@type":"WebPage","@id":"https:\/\/www.omnium.cat\/ca\/rebuda-de-la-flama-del-canigo-a-mataro\/","url":"https:\/\/www.omnium.cat\/ca\/rebuda-de-la-flama-del-canigo-a-mataro\/","name":"Rebuda de la Flama del Canig\u00f3 a Matar\u00f3 - \u00d2mnium Cultural","isPartOf":{"@id":"https:\/\/www.omnium.cat\/ca\/#website"},"primaryImageOfPage":{"@id":"https:\/\/www.omnium.cat\/ca\/rebuda-de-la-flama-del-canigo-a-mataro\/#primaryimage"},"image":{"@id":"https:\/\/www.omnium.cat\/ca\/rebuda-de-la-flama-del-canigo-a-mataro\/#primaryimage"},"thumbnailUrl":"https:\/\/cdn.omnium.cat\/wp-content\/uploads\/2020\/06\/16113628\/Postal-TW-FB_Flama-2020_MATAR%C3%93.png","datePublished":"2020-06-16T09:36:40+00:00","dateModified":"2020-06-17T13:36:08+00:00","breadcrumb":{"@id":"https:\/\/www.omnium.cat\/ca\/rebuda-de-la-flama-del-canigo-a-mataro\/#breadcrumb"},"inLanguage":"ca","potentialAction":[{"@type":"ReadAction","target":["https:\/\/www.omnium.cat\/ca\/rebuda-de-la-flama-del-canigo-a-mataro\/"]}]},{"@type":"ImageObject","inLanguage":"ca","@id":"https:\/\/www.omnium.cat\/ca\/rebuda-de-la-flama-del-canigo-a-mataro\/#primaryimage","url":"https:\/\/cdn.omnium.cat\/wp-content\/uploads\/2020\/06\/16113628\/Postal-TW-FB_Flama-2020_MATAR%C3%93.png","contentUrl":"https:\/\/cdn.omnium.cat\/wp-content\/uploads\/2020\/06\/16113628\/Postal-TW-FB_Flama-2020_MATAR%C3%93.png","width":1024,"height":512},{"@type":"BreadcrumbList","@id":"https:\/\/www.omnium.cat\/ca\/rebuda-de-la-flama-del-canigo-a-mataro\/#breadcrumb","itemListElement":[{"@type":"ListItem","position":1,"name":"Inici","item":"https:\/\/www.omnium.cat\/ca\/"},{"@type":"ListItem","position":2,"name":"Rebuda de la Flama del Canig\u00f3 a Matar\u00f3"}]},{"@type":"WebSite","@id":"https:\/\/www.omnium.cat\/ca\/#website","url":"https:\/\/www.omnium.cat\/ca\/","name":"\u00d2mnium Cultural","description":"Llengua Cultura Pa\u00eds","publisher":{"@id":"https:\/\/www.omnium.cat\/ca\/#organization"},"potentialAction":[{"@type":"SearchAction","target":{"@type":"EntryPoint","urlTemplate":"https:\/\/www.omnium.cat\/ca\/?s={search_term_string}"},"query-input":{"@type":"PropertyValueSpecification","valueRequired":true,"valueName":"search_term_string"}}],"inLanguage":"ca"},{"@type":"Organization","@id":"https:\/\/www.omnium.cat\/ca\/#organization","name":"\u00d2mnium Cultural","url":"https:\/\/www.omnium.cat\/ca\/","logo":{"@type":"ImageObject","inLanguage":"ca","@id":"https:\/\/www.omnium.cat\/ca\/#\/schema\/logo\/image\/","url":"https:\/\/cdn.omnium.cat\/wp-content\/uploads\/2019\/06\/01112517\/cropped-omnium_logo-1.png","contentUrl":"https:\/\/cdn.omnium.cat\/wp-content\/uploads\/2019\/06\/01112517\/cropped-omnium_logo-1.png","width":1213,"height":262,"caption":"\u00d2mnium Cultural"},"image":{"@id":"https:\/\/www.omnium.cat\/ca\/#\/schema\/logo\/image\/"},"sameAs":["https:\/\/www.facebook.com\/omniumcultural","https:\/\/x.com\/omnium","https:\/\/www.instagram.com\/omniumcultural\/","https:\/\/www.youtube.com\/user\/omniumcultural"]},{"@type":"Person","@id":"https:\/\/www.omnium.cat\/ca\/#\/schema\/person\/88e72afdfff0e1687ca8e78331baadf1","name":"Enric Sivianes","image":{"@type":"ImageObject","inLanguage":"ca","@id":"https:\/\/secure.gravatar.com\/avatar\/c996542d11df51cca76ce42498c4e8a267c6e5c511190430d0da11f0ddde9851?s=96&d=mm&r=g","url":"https:\/\/secure.gravatar.com\/avatar\/c996542d11df51cca76ce42498c4e8a267c6e5c511190430d0da11f0ddde9851?s=96&d=mm&r=g","contentUrl":"https:\/\/secure.gravatar.com\/avatar\/c996542d11df51cca76ce42498c4e8a267c6e5c511190430d0da11f0ddde9851?s=96&d=mm&r=g","caption":"Enric Sivianes"}}]}},"_links":{"self":[{"href":"https:\/\/www.omnium.cat\/ca\/wp-json\/wp\/v2\/posts\/246423","targetHints":{"allow":["GET"]}}],"collection":[{"href":"https:\/\/www.omnium.cat\/ca\/wp-json\/wp\/v2\/posts"}],"about":[{"href":"https:\/\/www.omnium.cat\/ca\/wp-json\/wp\/v2\/types\/post"}],"author":[{"embeddable":true,"href":"https:\/\/www.omnium.cat\/ca\/wp-json\/wp\/v2\/users\/54"}],"replies":[{"embeddable":true,"href":"https:\/\/www.omnium.cat\/ca\/wp-json\/wp\/v2\/comments?post=246423"}],"version-history":[{"count":5,"href":"https:\/\/www.omnium.cat\/ca\/wp-json\/wp\/v2\/posts\/246423\/revisions"}],"predecessor-version":[{"id":246880,"href":"https:\/\/www.omnium.cat\/ca\/wp-json\/wp\/v2\/posts\/246423\/revisions\/246880"}],"wp:featuredmedia":[{"embeddable":true,"href":"https:\/\/www.omnium.cat\/ca\/wp-json\/wp\/v2\/media\/246442"}],"wp:attachment":[{"href":"https:\/\/www.omnium.cat\/ca\/wp-json\/wp\/v2\/media?parent=246423"}],"wp:term":[{"taxonomy":"category","embeddable":true,"href":"https:\/\/www.omnium.cat\/ca\/wp-json\/wp\/v2\/categories?post=246423"},{"taxonomy":"post_tag","embeddable":true,"href":"https:\/\/www.omnium.cat\/ca\/wp-json\/wp\/v2\/tags?post=246423"},{"taxonomy":"post_headquarter","embeddable":true,"href":"https:\/\/www.omnium.cat\/ca\/wp-json\/wp\/v2\/post_headquarter?post=246423"},{"taxonomy":"post_project","embeddable":true,"href":"https:\/\/www.omnium.cat\/ca\/wp-json\/wp\/v2\/post_project?post=246423"}],"curies":[{"name":"wp","href":"https:\/\/api.w.org\/{rel}","templated":true}]}}