{"id":246454,"date":"2020-06-16T13:22:31","date_gmt":"2020-06-16T11:22:31","guid":{"rendered":"https:\/\/www.omnium.cat\/?p=246454"},"modified":"2020-06-17T17:22:16","modified_gmt":"2020-06-17T15:22:16","slug":"flamaaltpenedes2020","status":"publish","type":"post","link":"https:\/\/www.omnium.cat\/ca\/flamaaltpenedes2020\/","title":{"rendered":"La Flama del Canig\u00f3 arribar\u00e0 un any m\u00e9s a l\u2019Alt Pened\u00e8s adaptada al context actual"},"content":{"rendered":"<blockquote><p><em>Jordi Cuixart: La hist\u00f2ria de la Flama \u00e9s la d\u2019un poble unit en la diversitat per la llibertat que, en els moments m\u00e9s foscos, sap transformar la injust\u00edcia en esperan\u00e7a.<\/em><\/p><\/blockquote>\n<p>&nbsp;<\/p>\n<p>Amb el lema \u201cEnguany encenc la flama per tu\u201d, aquesta tradici\u00f3 vinculada al solstici d\u2019estiu esdevindr\u00e0 un homenatge a tota la societat civil mobilitzada per superar la crisi global provocada per la Covid-19. Aquest any, la Flama tamb\u00e9 continuar\u00e0 sent un record per als presos pol\u00edtics i exiliats, per reivindicar la defensa dels drets fonamentals, i no quedar\u00e0 al marge del moment d\u2019emerg\u00e8ncia social que viu el pa\u00eds. El 23 de juny a les 10 de la nit, \u00d2mnium insta la ciutadania a encendre una espelma al balc\u00f3 per retre homenatge a totes les v\u00edctimes del coronavirus, als serveis essencials, aix\u00ed com als presos i exiliats, i a totes les persones que treballen per mantenir vives les tradicions -com la mateixa Flama-, fins i tot en els moments m\u00e9s dif\u00edcils. El president d\u2019\u00d2mnium, <strong>Jordi Cuixart<\/strong>, condemnat a nou anys de pres\u00f3 per exercir drets fonamentals, ha recordat que \u201cla hist\u00f2ria de la Flama \u00e9s la d\u2019un poble unit en la diversitat per la llibertat, que en els moments m\u00e9s foscos sap transformar la injust\u00edcia en esperan\u00e7a, estenent una xarxa cultural i solid\u00e0ria arreu dels Pa\u00efsos Catalans, passant per Brussel\u00b7les i Ginebra, i arreu del m\u00f3n&#8221;.<\/p>\n<h3><strong>M\u00e9s de 3.000 punts a tot el Pa\u00eds.<\/strong><\/h3>\n<p>El foc que agermana els Pa\u00efsos Catalans la<strong> nit de Sant Joan<\/strong> es regenerar\u00e0, com cada any, al cim del Canig\u00f3 la matinada del 22 al 23 de juny. Enguany, per\u00f2, nom\u00e9s hi podran pujar 3 excursionistes autoritzats per tal de complir les mesures de seguretat. S\u00f3n tres persones del Casal del Conflent, que pujaran la flama que haur\u00e0 recollit pr\u00e8viament el Cercle de Joves de Perpiny\u00e0 del Castellet. Amb l\u2019ajuda dels Agents Rurals, la flama regenerada es distribuir\u00e0 des de Coll d\u2019Ares i arribar\u00e0 a m\u00e9s de 3.000 punts d\u2019arreu dels Pa\u00efsos Catalans la nit de Sant Joan, gr\u00e0cies als equips de foc. El dia 23 de juny, al punt del migdia, la Flama del Canig\u00f3 ser\u00e0 rebuda al Parlament de Catalunya, en un acte a porta tancada.<\/p>\n<p><strong>\u00d2mnium Alt Pened\u00e8s<\/strong> treballa aquests dies perqu\u00e8, un any m\u00e9s, la Flama del Canig\u00f3 arribi als municipis de la comarca. Aquest any, per\u00f2, la tradici\u00f3 estar\u00e0 marcada per l\u2019actual situaci\u00f3 sanit\u00e0ria. No hi haur\u00e0 revetlles populars, ni corredors ni ciclistes que portin la Flama d\u2019un poble a l\u2019altre i els actes de rebuda s\u2019hauran d\u2019adaptar a les mesures de seguretat imposades per les circumst\u00e0ncies.<\/p>\n<p>La celebraci\u00f3 s\u2019iniciar\u00e0, com cada any, al municipi de Torrelles de Foix, on la Flama arribar\u00e0 procedent del Parlament de Catalunya, que la rep directament del Canig\u00f3. A dos quarts de vuit del vespre, els representants de tots els municipis que hi participin es trobaran a la pla\u00e7a de l\u2019Ajuntament de Torrelles, on tindr\u00e0 lloc un breu acte simb\u00f2lic de rebuda. Es llegir\u00e0 el missatge d\u2019enguany de la Flama -que ha estat escrit coralment per representants dels sectors que han tingut un paper destacat en la situaci\u00f3 sanit\u00e0ria generada per la pand\u00e8mia- i els representants dels municipis recolliran la Flama i se l\u2019enduran als seus pobles, on ser\u00e0 rebuda tamb\u00e9 amb una breu celebraci\u00f3.<\/p>\n<p>Consulteu a continuaci\u00f3 la programaci\u00f3 del vostre municipi:<\/p>\n<table style=\"border-collapse: collapse;width: 100%\" border=\"1\">\n<tbody>\n<tr>\n<td style=\"width: 50%\"><a href=\"https:\/\/www.omnium.cat\/ca\/activitat\/flama-del-canigo-a-gelida\/\"><img decoding=\"async\" class=\"size-medium wp-image-246470 aligncenter\" src=\"https:\/\/cdn.omnium.cat\/wp-content\/uploads\/2020\/06\/16125000\/GELIDA-Postal-TW-FB_Flama-2020-300x150.jpg\" alt=\"\" width=\"300\" height=\"150\" srcset=\"https:\/\/cdn.omnium.cat\/wp-content\/uploads\/2020\/06\/16125000\/GELIDA-Postal-TW-FB_Flama-2020-300x150.jpg 300w, https:\/\/cdn.omnium.cat\/wp-content\/uploads\/2020\/06\/16125000\/GELIDA-Postal-TW-FB_Flama-2020-768x384.jpg 768w, https:\/\/cdn.omnium.cat\/wp-content\/uploads\/2020\/06\/16125000\/GELIDA-Postal-TW-FB_Flama-2020.jpg 1024w\" sizes=\"(max-width: 300px) 100vw, 300px\" \/><\/a><\/td>\n<td style=\"width: 50%\"><a href=\"https:\/\/www.omnium.cat\/ca\/activitat\/flama-del-canigo-a-la-granada\/\"><img decoding=\"async\" class=\"size-medium wp-image-246475 aligncenter\" src=\"https:\/\/cdn.omnium.cat\/wp-content\/uploads\/2020\/06\/16125006\/LA-GRANADA-Postal-TW-FB_Flama-20201-300x150.png\" alt=\"\" width=\"300\" height=\"150\" srcset=\"https:\/\/cdn.omnium.cat\/wp-content\/uploads\/2020\/06\/16125006\/LA-GRANADA-Postal-TW-FB_Flama-20201-300x150.png 300w, https:\/\/cdn.omnium.cat\/wp-content\/uploads\/2020\/06\/16125006\/LA-GRANADA-Postal-TW-FB_Flama-20201-768x384.png 768w, https:\/\/cdn.omnium.cat\/wp-content\/uploads\/2020\/06\/16125006\/LA-GRANADA-Postal-TW-FB_Flama-20201.png 1024w\" sizes=\"(max-width: 300px) 100vw, 300px\" \/><\/a><\/td>\n<\/tr>\n<tr>\n<td style=\"width: 50%\"><a href=\"https:\/\/www.omnium.cat\/ca\/activitat\/flama-del-canigo-a-les-cabanyes\"><img decoding=\"async\" class=\"size-medium wp-image-246480 aligncenter\" src=\"https:\/\/cdn.omnium.cat\/wp-content\/uploads\/2020\/06\/16125011\/LES-CABANYES-de-Postal-TW-FB_Flama-20201-300x150.png\" alt=\"\" width=\"300\" height=\"150\" srcset=\"https:\/\/cdn.omnium.cat\/wp-content\/uploads\/2020\/06\/16125011\/LES-CABANYES-de-Postal-TW-FB_Flama-20201-300x150.png 300w, https:\/\/cdn.omnium.cat\/wp-content\/uploads\/2020\/06\/16125011\/LES-CABANYES-de-Postal-TW-FB_Flama-20201-768x384.png 768w, https:\/\/cdn.omnium.cat\/wp-content\/uploads\/2020\/06\/16125011\/LES-CABANYES-de-Postal-TW-FB_Flama-20201.png 1024w\" sizes=\"(max-width: 300px) 100vw, 300px\" \/><\/a><\/td>\n<td style=\"width: 50%\"><a href=\"https:\/\/www.omnium.cat\/ca\/activitat\/flama-del-canigo-a-sant-marti-sarroca\/\"><img loading=\"lazy\" decoding=\"async\" class=\"size-medium wp-image-246485 aligncenter\" src=\"https:\/\/cdn.omnium.cat\/wp-content\/uploads\/2020\/06\/16125015\/SANT-MART%C3%8D-TW-FB_Flama-2020-11-300x150.jpg\" alt=\"\" width=\"300\" height=\"150\" srcset=\"https:\/\/cdn.omnium.cat\/wp-content\/uploads\/2020\/06\/16125015\/SANT-MART%C3%8D-TW-FB_Flama-2020-11-300x150.jpg 300w, https:\/\/cdn.omnium.cat\/wp-content\/uploads\/2020\/06\/16125015\/SANT-MART%C3%8D-TW-FB_Flama-2020-11-768x384.jpg 768w, https:\/\/cdn.omnium.cat\/wp-content\/uploads\/2020\/06\/16125015\/SANT-MART%C3%8D-TW-FB_Flama-2020-11.jpg 1024w\" sizes=\"(max-width: 300px) 100vw, 300px\" \/><\/a><\/td>\n<\/tr>\n<tr>\n<td style=\"width: 50%\"><a href=\"https:\/\/www.omnium.cat\/ca\/activitat\/flama-del-canigo-a-sant-pere-de-riudebitlles\/\"><img loading=\"lazy\" decoding=\"async\" class=\"size-medium wp-image-246938 aligncenter\" src=\"https:\/\/cdn.omnium.cat\/wp-content\/uploads\/2020\/06\/17171611\/SANT-PERE-DE-RIUDEBITLLES-Postal-TW-FB_Flama-2020-300x150.png\" alt=\"\" width=\"300\" height=\"150\" srcset=\"https:\/\/cdn.omnium.cat\/wp-content\/uploads\/2020\/06\/17171611\/SANT-PERE-DE-RIUDEBITLLES-Postal-TW-FB_Flama-2020-300x150.png 300w, https:\/\/cdn.omnium.cat\/wp-content\/uploads\/2020\/06\/17171611\/SANT-PERE-DE-RIUDEBITLLES-Postal-TW-FB_Flama-2020-768x384.png 768w, https:\/\/cdn.omnium.cat\/wp-content\/uploads\/2020\/06\/17171611\/SANT-PERE-DE-RIUDEBITLLES-Postal-TW-FB_Flama-2020.png 1024w\" sizes=\"(max-width: 300px) 100vw, 300px\" \/><\/a><\/td>\n<td style=\"width: 50%\"><a href=\"https:\/\/www.omnium.cat\/ca\/activitat\/flama-del-canigo-a-sant-quinti-de-mediona\/\"><img loading=\"lazy\" decoding=\"async\" class=\"size-medium wp-image-246490 aligncenter\" src=\"https:\/\/cdn.omnium.cat\/wp-content\/uploads\/2020\/06\/16125020\/SANT-QUINT%C3%8D-Postal-TW-FB_Flama-2020-11-300x150.png\" alt=\"\" width=\"300\" height=\"150\" srcset=\"https:\/\/cdn.omnium.cat\/wp-content\/uploads\/2020\/06\/16125020\/SANT-QUINT%C3%8D-Postal-TW-FB_Flama-2020-11-300x150.png 300w, https:\/\/cdn.omnium.cat\/wp-content\/uploads\/2020\/06\/16125020\/SANT-QUINT%C3%8D-Postal-TW-FB_Flama-2020-11-768x384.png 768w, https:\/\/cdn.omnium.cat\/wp-content\/uploads\/2020\/06\/16125020\/SANT-QUINT%C3%8D-Postal-TW-FB_Flama-2020-11.png 1024w\" sizes=\"(max-width: 300px) 100vw, 300px\" \/><\/a><\/td>\n<\/tr>\n<tr>\n<td style=\"width: 50%\"><a href=\"https:\/\/www.omnium.cat\/ca\/activitat\/flama-del-canigo-a-sant-sadurni-danoia\/\"><img loading=\"lazy\" decoding=\"async\" class=\"size-medium wp-image-246495 aligncenter\" src=\"https:\/\/cdn.omnium.cat\/wp-content\/uploads\/2020\/06\/16125025\/SANT-SADURN%C3%8D-Postal-TW-FB_Flama-2020-2-300x150.png\" alt=\"\" width=\"300\" height=\"150\" srcset=\"https:\/\/cdn.omnium.cat\/wp-content\/uploads\/2020\/06\/16125025\/SANT-SADURN%C3%8D-Postal-TW-FB_Flama-2020-2-300x150.png 300w, https:\/\/cdn.omnium.cat\/wp-content\/uploads\/2020\/06\/16125025\/SANT-SADURN%C3%8D-Postal-TW-FB_Flama-2020-2-768x384.png 768w, https:\/\/cdn.omnium.cat\/wp-content\/uploads\/2020\/06\/16125025\/SANT-SADURN%C3%8D-Postal-TW-FB_Flama-2020-2.png 1024w\" sizes=\"(max-width: 300px) 100vw, 300px\" \/><\/a><\/td>\n<td style=\"width: 50%\"><a href=\"https:\/\/www.omnium.cat\/ca\/activitat\/flama-del-canigo-a-subirats\"><img loading=\"lazy\" decoding=\"async\" class=\"size-medium wp-image-246500 aligncenter\" src=\"https:\/\/cdn.omnium.cat\/wp-content\/uploads\/2020\/06\/16125029\/SUBIRATS-Postal-TW-FB_Flama-2020-41-300x150.jpg\" alt=\"\" width=\"300\" height=\"150\" srcset=\"https:\/\/cdn.omnium.cat\/wp-content\/uploads\/2020\/06\/16125029\/SUBIRATS-Postal-TW-FB_Flama-2020-41-300x150.jpg 300w, https:\/\/cdn.omnium.cat\/wp-content\/uploads\/2020\/06\/16125029\/SUBIRATS-Postal-TW-FB_Flama-2020-41-768x384.jpg 768w, https:\/\/cdn.omnium.cat\/wp-content\/uploads\/2020\/06\/16125029\/SUBIRATS-Postal-TW-FB_Flama-2020-41.jpg 1024w\" sizes=\"(max-width: 300px) 100vw, 300px\" \/><\/a><\/td>\n<\/tr>\n<tr>\n<td style=\"width: 50%\"><a href=\"https:\/\/www.omnium.cat\/ca\/activitat\/flama-del-canigo-a-torrelavit\"><img loading=\"lazy\" decoding=\"async\" class=\"size-medium wp-image-246505 aligncenter\" src=\"https:\/\/cdn.omnium.cat\/wp-content\/uploads\/2020\/06\/16125032\/TORRELAVIT-Postal-TW-FB_Flama-2020-31-300x150.jpg\" alt=\"\" width=\"300\" height=\"150\" srcset=\"https:\/\/cdn.omnium.cat\/wp-content\/uploads\/2020\/06\/16125032\/TORRELAVIT-Postal-TW-FB_Flama-2020-31-300x150.jpg 300w, https:\/\/cdn.omnium.cat\/wp-content\/uploads\/2020\/06\/16125032\/TORRELAVIT-Postal-TW-FB_Flama-2020-31-768x384.jpg 768w, https:\/\/cdn.omnium.cat\/wp-content\/uploads\/2020\/06\/16125032\/TORRELAVIT-Postal-TW-FB_Flama-2020-31.jpg 1024w\" sizes=\"(max-width: 300px) 100vw, 300px\" \/><\/a><\/td>\n<td style=\"width: 50%\"><a href=\"https:\/\/www.omnium.cat\/ca\/activitat\/flama-del-canigo-a-torrelles-de-foix\"><img loading=\"lazy\" decoding=\"async\" class=\"size-medium wp-image-246510 aligncenter\" src=\"https:\/\/cdn.omnium.cat\/wp-content\/uploads\/2020\/06\/16125035\/TORRELLES-Postal-TW-FB_Flama-20201-300x150.jpg\" alt=\"\" width=\"300\" height=\"150\" srcset=\"https:\/\/cdn.omnium.cat\/wp-content\/uploads\/2020\/06\/16125035\/TORRELLES-Postal-TW-FB_Flama-20201-300x150.jpg 300w, https:\/\/cdn.omnium.cat\/wp-content\/uploads\/2020\/06\/16125035\/TORRELLES-Postal-TW-FB_Flama-20201-768x384.jpg 768w, https:\/\/cdn.omnium.cat\/wp-content\/uploads\/2020\/06\/16125035\/TORRELLES-Postal-TW-FB_Flama-20201.jpg 1024w\" sizes=\"(max-width: 300px) 100vw, 300px\" \/><\/a><\/td>\n<\/tr>\n<tr>\n<td style=\"width: 50%\"><a href=\"https:\/\/www.omnium.cat\/ca\/activitat\/flama-del-canigo-a-vilafranca-del-penedes\/\"><img loading=\"lazy\" decoding=\"async\" class=\"size-medium wp-image-246515 aligncenter\" src=\"https:\/\/cdn.omnium.cat\/wp-content\/uploads\/2020\/06\/16125039\/VILAFRANCA-Postal-TW-FB_Flama-2020-21-300x150.jpg\" alt=\"\" width=\"300\" height=\"150\" srcset=\"https:\/\/cdn.omnium.cat\/wp-content\/uploads\/2020\/06\/16125039\/VILAFRANCA-Postal-TW-FB_Flama-2020-21-300x150.jpg 300w, https:\/\/cdn.omnium.cat\/wp-content\/uploads\/2020\/06\/16125039\/VILAFRANCA-Postal-TW-FB_Flama-2020-21-768x384.jpg 768w, https:\/\/cdn.omnium.cat\/wp-content\/uploads\/2020\/06\/16125039\/VILAFRANCA-Postal-TW-FB_Flama-2020-21.jpg 1024w\" sizes=\"(max-width: 300px) 100vw, 300px\" \/><\/a><\/td>\n<td style=\"width: 50%\"><\/td>\n<\/tr>\n<tr>\n<td style=\"width: 50%\"><\/td>\n<td style=\"width: 50%\"><\/td>\n<\/tr>\n<\/tbody>\n<\/table>\n","protected":false},"excerpt":{"rendered":"<p>Jordi Cuixart: La hist\u00f2ria de la Flama \u00e9s la d\u2019un poble unit en la diversitat per la llibertat que, en els moments m\u00e9s foscos, sap transformar la injust\u00edcia en esperan\u00e7a. [&hellip;]<\/p>\n","protected":false},"author":150,"featured_media":246520,"comment_status":"closed","ping_status":"open","sticky":false,"template":"","format":"standard","meta":{"_acf_changed":false,"footnotes":""},"categories":[1],"tags":[],"post_headquarter":[1754],"post_project":[1797],"class_list":["post-246454","post","type-post","status-publish","format-standard","has-post-thumbnail","hentry","category-uncategorized-ca","post_headquarter-alt-penedes","post_project-flama-del-canigo"],"acf":[],"yoast_head":"<!-- This site is optimized with the Yoast SEO plugin v27.2 - https:\/\/yoast.com\/product\/yoast-seo-wordpress\/ -->\n<title>La Flama del Canig\u00f3 arribar\u00e0 un any m\u00e9s a l\u2019Alt Pened\u00e8s adaptada al context actual - \u00d2mnium Cultural<\/title>\n<meta name=\"robots\" content=\"index, follow, max-snippet:-1, max-image-preview:large, max-video-preview:-1\" \/>\n<link rel=\"canonical\" href=\"https:\/\/www.omnium.cat\/ca\/flamaaltpenedes2020\/\" \/>\n<meta name=\"twitter:label1\" content=\"Escrit per\" \/>\n\t<meta name=\"twitter:data1\" content=\"Isaac Pedrola\" \/>\n\t<meta name=\"twitter:label2\" content=\"Temps estimat de lectura\" \/>\n\t<meta name=\"twitter:data2\" content=\"3 minuts\" \/>\n<script type=\"application\/ld+json\" class=\"yoast-schema-graph\">{\"@context\":\"https:\/\/schema.org\",\"@graph\":[{\"@type\":\"Article\",\"@id\":\"https:\/\/www.omnium.cat\/ca\/flamaaltpenedes2020\/#article\",\"isPartOf\":{\"@id\":\"https:\/\/www.omnium.cat\/ca\/flamaaltpenedes2020\/\"},\"author\":{\"name\":\"Isaac Pedrola\",\"@id\":\"https:\/\/www.omnium.cat\/ca\/#\/schema\/person\/b9e16c56e3a1dce46979671a60edabc9\"},\"headline\":\"La Flama del Canig\u00f3 arribar\u00e0 un any m\u00e9s a l\u2019Alt Pened\u00e8s adaptada al context actual\",\"datePublished\":\"2020-06-16T11:22:31+00:00\",\"dateModified\":\"2020-06-17T15:22:16+00:00\",\"mainEntityOfPage\":{\"@id\":\"https:\/\/www.omnium.cat\/ca\/flamaaltpenedes2020\/\"},\"wordCount\":611,\"publisher\":{\"@id\":\"https:\/\/www.omnium.cat\/ca\/#organization\"},\"image\":{\"@id\":\"https:\/\/www.omnium.cat\/ca\/flamaaltpenedes2020\/#primaryimage\"},\"thumbnailUrl\":\"https:\/\/cdn.omnium.cat\/wp-content\/uploads\/2020\/06\/16125305\/ALT-PENED%C3%88S-Postal-TW-FB_Flama-2020.jpg\",\"articleSection\":[\"Uncategorized @oc\"],\"inLanguage\":\"ca\"},{\"@type\":\"WebPage\",\"@id\":\"https:\/\/www.omnium.cat\/ca\/flamaaltpenedes2020\/\",\"url\":\"https:\/\/www.omnium.cat\/ca\/flamaaltpenedes2020\/\",\"name\":\"La Flama del Canig\u00f3 arribar\u00e0 un any m\u00e9s a l\u2019Alt Pened\u00e8s adaptada al context actual - \u00d2mnium Cultural\",\"isPartOf\":{\"@id\":\"https:\/\/www.omnium.cat\/ca\/#website\"},\"primaryImageOfPage\":{\"@id\":\"https:\/\/www.omnium.cat\/ca\/flamaaltpenedes2020\/#primaryimage\"},\"image\":{\"@id\":\"https:\/\/www.omnium.cat\/ca\/flamaaltpenedes2020\/#primaryimage\"},\"thumbnailUrl\":\"https:\/\/cdn.omnium.cat\/wp-content\/uploads\/2020\/06\/16125305\/ALT-PENED%C3%88S-Postal-TW-FB_Flama-2020.jpg\",\"datePublished\":\"2020-06-16T11:22:31+00:00\",\"dateModified\":\"2020-06-17T15:22:16+00:00\",\"breadcrumb\":{\"@id\":\"https:\/\/www.omnium.cat\/ca\/flamaaltpenedes2020\/#breadcrumb\"},\"inLanguage\":\"ca\",\"potentialAction\":[{\"@type\":\"ReadAction\",\"target\":[\"https:\/\/www.omnium.cat\/ca\/flamaaltpenedes2020\/\"]}]},{\"@type\":\"ImageObject\",\"inLanguage\":\"ca\",\"@id\":\"https:\/\/www.omnium.cat\/ca\/flamaaltpenedes2020\/#primaryimage\",\"url\":\"https:\/\/cdn.omnium.cat\/wp-content\/uploads\/2020\/06\/16125305\/ALT-PENED%C3%88S-Postal-TW-FB_Flama-2020.jpg\",\"contentUrl\":\"https:\/\/cdn.omnium.cat\/wp-content\/uploads\/2020\/06\/16125305\/ALT-PENED%C3%88S-Postal-TW-FB_Flama-2020.jpg\",\"width\":1024,\"height\":512},{\"@type\":\"BreadcrumbList\",\"@id\":\"https:\/\/www.omnium.cat\/ca\/flamaaltpenedes2020\/#breadcrumb\",\"itemListElement\":[{\"@type\":\"ListItem\",\"position\":1,\"name\":\"Inici\",\"item\":\"https:\/\/www.omnium.cat\/ca\/\"},{\"@type\":\"ListItem\",\"position\":2,\"name\":\"La Flama del Canig\u00f3 arribar\u00e0 un any m\u00e9s a l\u2019Alt Pened\u00e8s adaptada al context actual\"}]},{\"@type\":\"WebSite\",\"@id\":\"https:\/\/www.omnium.cat\/ca\/#website\",\"url\":\"https:\/\/www.omnium.cat\/ca\/\",\"name\":\"\u00d2mnium Cultural\",\"description\":\"Llengua Cultura Pa\u00eds\",\"publisher\":{\"@id\":\"https:\/\/www.omnium.cat\/ca\/#organization\"},\"potentialAction\":[{\"@type\":\"SearchAction\",\"target\":{\"@type\":\"EntryPoint\",\"urlTemplate\":\"https:\/\/www.omnium.cat\/ca\/?s={search_term_string}\"},\"query-input\":{\"@type\":\"PropertyValueSpecification\",\"valueRequired\":true,\"valueName\":\"search_term_string\"}}],\"inLanguage\":\"ca\"},{\"@type\":\"Organization\",\"@id\":\"https:\/\/www.omnium.cat\/ca\/#organization\",\"name\":\"\u00d2mnium Cultural\",\"url\":\"https:\/\/www.omnium.cat\/ca\/\",\"logo\":{\"@type\":\"ImageObject\",\"inLanguage\":\"ca\",\"@id\":\"https:\/\/www.omnium.cat\/ca\/#\/schema\/logo\/image\/\",\"url\":\"https:\/\/cdn.omnium.cat\/wp-content\/uploads\/2019\/06\/01112517\/cropped-omnium_logo-1.png\",\"contentUrl\":\"https:\/\/cdn.omnium.cat\/wp-content\/uploads\/2019\/06\/01112517\/cropped-omnium_logo-1.png\",\"width\":1213,\"height\":262,\"caption\":\"\u00d2mnium Cultural\"},\"image\":{\"@id\":\"https:\/\/www.omnium.cat\/ca\/#\/schema\/logo\/image\/\"},\"sameAs\":[\"https:\/\/www.facebook.com\/omniumcultural\",\"https:\/\/x.com\/omnium\",\"https:\/\/www.instagram.com\/omniumcultural\/\",\"https:\/\/www.youtube.com\/user\/omniumcultural\"]},{\"@type\":\"Person\",\"@id\":\"https:\/\/www.omnium.cat\/ca\/#\/schema\/person\/b9e16c56e3a1dce46979671a60edabc9\",\"name\":\"Isaac Pedrola\",\"image\":{\"@type\":\"ImageObject\",\"inLanguage\":\"ca\",\"@id\":\"https:\/\/secure.gravatar.com\/avatar\/b5facfa14f3bb1fe1c04062ebf51c14044951f3d287a307e2e4d4a59ae08f9cf?s=96&d=mm&r=g\",\"url\":\"https:\/\/secure.gravatar.com\/avatar\/b5facfa14f3bb1fe1c04062ebf51c14044951f3d287a307e2e4d4a59ae08f9cf?s=96&d=mm&r=g\",\"contentUrl\":\"https:\/\/secure.gravatar.com\/avatar\/b5facfa14f3bb1fe1c04062ebf51c14044951f3d287a307e2e4d4a59ae08f9cf?s=96&d=mm&r=g\",\"caption\":\"Isaac Pedrola\"}}]}<\/script>\n<!-- \/ Yoast SEO plugin. -->","yoast_head_json":{"title":"La Flama del Canig\u00f3 arribar\u00e0 un any m\u00e9s a l\u2019Alt Pened\u00e8s adaptada al context actual - \u00d2mnium Cultural","robots":{"index":"index","follow":"follow","max-snippet":"max-snippet:-1","max-image-preview":"max-image-preview:large","max-video-preview":"max-video-preview:-1"},"canonical":"https:\/\/www.omnium.cat\/ca\/flamaaltpenedes2020\/","twitter_misc":{"Escrit per":"Isaac Pedrola","Temps estimat de lectura":"3 minuts"},"schema":{"@context":"https:\/\/schema.org","@graph":[{"@type":"Article","@id":"https:\/\/www.omnium.cat\/ca\/flamaaltpenedes2020\/#article","isPartOf":{"@id":"https:\/\/www.omnium.cat\/ca\/flamaaltpenedes2020\/"},"author":{"name":"Isaac Pedrola","@id":"https:\/\/www.omnium.cat\/ca\/#\/schema\/person\/b9e16c56e3a1dce46979671a60edabc9"},"headline":"La Flama del Canig\u00f3 arribar\u00e0 un any m\u00e9s a l\u2019Alt Pened\u00e8s adaptada al context actual","datePublished":"2020-06-16T11:22:31+00:00","dateModified":"2020-06-17T15:22:16+00:00","mainEntityOfPage":{"@id":"https:\/\/www.omnium.cat\/ca\/flamaaltpenedes2020\/"},"wordCount":611,"publisher":{"@id":"https:\/\/www.omnium.cat\/ca\/#organization"},"image":{"@id":"https:\/\/www.omnium.cat\/ca\/flamaaltpenedes2020\/#primaryimage"},"thumbnailUrl":"https:\/\/cdn.omnium.cat\/wp-content\/uploads\/2020\/06\/16125305\/ALT-PENED%C3%88S-Postal-TW-FB_Flama-2020.jpg","articleSection":["Uncategorized @oc"],"inLanguage":"ca"},{"@type":"WebPage","@id":"https:\/\/www.omnium.cat\/ca\/flamaaltpenedes2020\/","url":"https:\/\/www.omnium.cat\/ca\/flamaaltpenedes2020\/","name":"La Flama del Canig\u00f3 arribar\u00e0 un any m\u00e9s a l\u2019Alt Pened\u00e8s adaptada al context actual - \u00d2mnium Cultural","isPartOf":{"@id":"https:\/\/www.omnium.cat\/ca\/#website"},"primaryImageOfPage":{"@id":"https:\/\/www.omnium.cat\/ca\/flamaaltpenedes2020\/#primaryimage"},"image":{"@id":"https:\/\/www.omnium.cat\/ca\/flamaaltpenedes2020\/#primaryimage"},"thumbnailUrl":"https:\/\/cdn.omnium.cat\/wp-content\/uploads\/2020\/06\/16125305\/ALT-PENED%C3%88S-Postal-TW-FB_Flama-2020.jpg","datePublished":"2020-06-16T11:22:31+00:00","dateModified":"2020-06-17T15:22:16+00:00","breadcrumb":{"@id":"https:\/\/www.omnium.cat\/ca\/flamaaltpenedes2020\/#breadcrumb"},"inLanguage":"ca","potentialAction":[{"@type":"ReadAction","target":["https:\/\/www.omnium.cat\/ca\/flamaaltpenedes2020\/"]}]},{"@type":"ImageObject","inLanguage":"ca","@id":"https:\/\/www.omnium.cat\/ca\/flamaaltpenedes2020\/#primaryimage","url":"https:\/\/cdn.omnium.cat\/wp-content\/uploads\/2020\/06\/16125305\/ALT-PENED%C3%88S-Postal-TW-FB_Flama-2020.jpg","contentUrl":"https:\/\/cdn.omnium.cat\/wp-content\/uploads\/2020\/06\/16125305\/ALT-PENED%C3%88S-Postal-TW-FB_Flama-2020.jpg","width":1024,"height":512},{"@type":"BreadcrumbList","@id":"https:\/\/www.omnium.cat\/ca\/flamaaltpenedes2020\/#breadcrumb","itemListElement":[{"@type":"ListItem","position":1,"name":"Inici","item":"https:\/\/www.omnium.cat\/ca\/"},{"@type":"ListItem","position":2,"name":"La Flama del Canig\u00f3 arribar\u00e0 un any m\u00e9s a l\u2019Alt Pened\u00e8s adaptada al context actual"}]},{"@type":"WebSite","@id":"https:\/\/www.omnium.cat\/ca\/#website","url":"https:\/\/www.omnium.cat\/ca\/","name":"\u00d2mnium Cultural","description":"Llengua Cultura Pa\u00eds","publisher":{"@id":"https:\/\/www.omnium.cat\/ca\/#organization"},"potentialAction":[{"@type":"SearchAction","target":{"@type":"EntryPoint","urlTemplate":"https:\/\/www.omnium.cat\/ca\/?s={search_term_string}"},"query-input":{"@type":"PropertyValueSpecification","valueRequired":true,"valueName":"search_term_string"}}],"inLanguage":"ca"},{"@type":"Organization","@id":"https:\/\/www.omnium.cat\/ca\/#organization","name":"\u00d2mnium Cultural","url":"https:\/\/www.omnium.cat\/ca\/","logo":{"@type":"ImageObject","inLanguage":"ca","@id":"https:\/\/www.omnium.cat\/ca\/#\/schema\/logo\/image\/","url":"https:\/\/cdn.omnium.cat\/wp-content\/uploads\/2019\/06\/01112517\/cropped-omnium_logo-1.png","contentUrl":"https:\/\/cdn.omnium.cat\/wp-content\/uploads\/2019\/06\/01112517\/cropped-omnium_logo-1.png","width":1213,"height":262,"caption":"\u00d2mnium Cultural"},"image":{"@id":"https:\/\/www.omnium.cat\/ca\/#\/schema\/logo\/image\/"},"sameAs":["https:\/\/www.facebook.com\/omniumcultural","https:\/\/x.com\/omnium","https:\/\/www.instagram.com\/omniumcultural\/","https:\/\/www.youtube.com\/user\/omniumcultural"]},{"@type":"Person","@id":"https:\/\/www.omnium.cat\/ca\/#\/schema\/person\/b9e16c56e3a1dce46979671a60edabc9","name":"Isaac Pedrola","image":{"@type":"ImageObject","inLanguage":"ca","@id":"https:\/\/secure.gravatar.com\/avatar\/b5facfa14f3bb1fe1c04062ebf51c14044951f3d287a307e2e4d4a59ae08f9cf?s=96&d=mm&r=g","url":"https:\/\/secure.gravatar.com\/avatar\/b5facfa14f3bb1fe1c04062ebf51c14044951f3d287a307e2e4d4a59ae08f9cf?s=96&d=mm&r=g","contentUrl":"https:\/\/secure.gravatar.com\/avatar\/b5facfa14f3bb1fe1c04062ebf51c14044951f3d287a307e2e4d4a59ae08f9cf?s=96&d=mm&r=g","caption":"Isaac Pedrola"}}]}},"_links":{"self":[{"href":"https:\/\/www.omnium.cat\/ca\/wp-json\/wp\/v2\/posts\/246454","targetHints":{"allow":["GET"]}}],"collection":[{"href":"https:\/\/www.omnium.cat\/ca\/wp-json\/wp\/v2\/posts"}],"about":[{"href":"https:\/\/www.omnium.cat\/ca\/wp-json\/wp\/v2\/types\/post"}],"author":[{"embeddable":true,"href":"https:\/\/www.omnium.cat\/ca\/wp-json\/wp\/v2\/users\/150"}],"replies":[{"embeddable":true,"href":"https:\/\/www.omnium.cat\/ca\/wp-json\/wp\/v2\/comments?post=246454"}],"version-history":[{"count":8,"href":"https:\/\/www.omnium.cat\/ca\/wp-json\/wp\/v2\/posts\/246454\/revisions"}],"predecessor-version":[{"id":246950,"href":"https:\/\/www.omnium.cat\/ca\/wp-json\/wp\/v2\/posts\/246454\/revisions\/246950"}],"wp:featuredmedia":[{"embeddable":true,"href":"https:\/\/www.omnium.cat\/ca\/wp-json\/wp\/v2\/media\/246520"}],"wp:attachment":[{"href":"https:\/\/www.omnium.cat\/ca\/wp-json\/wp\/v2\/media?parent=246454"}],"wp:term":[{"taxonomy":"category","embeddable":true,"href":"https:\/\/www.omnium.cat\/ca\/wp-json\/wp\/v2\/categories?post=246454"},{"taxonomy":"post_tag","embeddable":true,"href":"https:\/\/www.omnium.cat\/ca\/wp-json\/wp\/v2\/tags?post=246454"},{"taxonomy":"post_headquarter","embeddable":true,"href":"https:\/\/www.omnium.cat\/ca\/wp-json\/wp\/v2\/post_headquarter?post=246454"},{"taxonomy":"post_project","embeddable":true,"href":"https:\/\/www.omnium.cat\/ca\/wp-json\/wp\/v2\/post_project?post=246454"}],"curies":[{"name":"wp","href":"https:\/\/api.w.org\/{rel}","templated":true}]}}