{"id":246455,"date":"2020-06-16T12:48:32","date_gmt":"2020-06-16T10:48:32","guid":{"rendered":"https:\/\/www.omnium.cat\/?p=246455"},"modified":"2020-06-16T13:07:54","modified_gmt":"2020-06-16T11:07:54","slug":"enguany-encenc-la-flama-per-tu-lescorts2020","status":"publish","type":"post","link":"https:\/\/www.omnium.cat\/ca\/enguany-encenc-la-flama-per-tu-lescorts2020\/","title":{"rendered":"Enguany, encenc la Flama per tu"},"content":{"rendered":"<p>La <strong>Flama del Canig\u00f3<\/strong> \u00e9s la festa d\u2019encesa dels Focs de Sant Joan, s\u00edmbol de la nostra identitat; una festa popular arrelada al llarg dels Pa\u00efsos Catalans que t\u00e9 l\u2019element del foc com a s\u00edmbol preeminent.<\/p>\n<p>La tradici\u00f3 de les fogueres de Sant Joan \u00e9s una celebraci\u00f3 molt antiga, transmesa de generaci\u00f3 en generaci\u00f3 al llarg de molts segles. Amb ella, els primers pobladors de les nostres comarques festejaven la nit m\u00e9s curta de l\u2019any, el solstici d\u2019estiu. D\u2019aquesta manera, s\u2019han anat transformant aquelles celebracions prehist\u00f2riques en els Focs de Sant Joan actuals.<\/p>\n<p>La matinada del 22 al 23 de juny la Flama del Canig\u00f3 es renova al cim d\u2019aquesta muntanya del Pirineu catal\u00e0 i centenars de voluntaris i equips de foc la distribueixen arreu dels Pa\u00efsos Catalans seguint diverses rutes per tal d\u2019encendre les fogueres de la nit de Sant Joan. Aix\u00ed comen\u00e7a, any rere any, la celebraci\u00f3 d\u2019una festa ancestral vinculada al solstici d\u2019estiu que \u00e9s tamb\u00e9 un s\u00edmbol de germanor entre els territoris de parla catalana.<\/p>\n<p>I quan ja tenim la Flama del Canig\u00f3 a cada poble, vila, barri, davant de cada foguera es llegeix el Missatge de la Flama. Aquest cop el resultat de la votaci\u00f3 ha estat que es demanar\u00e0 excepcionalment a un col\u00b7lectiu d\u2019an\u00f2nims que hagin estat en primera l\u00ednia de la pand\u00e8mia i que el podreu llegir\u00a0 a<a href=\"https:\/\/www.omnium.cat\/ca\/projectes\/flama-canigo\"> https:\/\/www.omnium.cat\/ca\/projectes\/flama-canigo<\/a> on trobareu tota la informaci\u00f3 al voltant d\u2019aquest dia.<\/p>\n<p>A<strong> Les Corts ja fa sis anys que l\u2019Ateneu Popular de Les Corts va recuperar una foguera a la cru\u00eflla del carrer Galileu amb Europa<\/strong>, des de <strong>fa tres anys que \u00d2mnium Les Corts hi col\u00b7laborem i en fa dos que rebem la Flama al barri<\/strong>. Aquest any per causa del Covid &#8211; 19 no es pot fer aquest acte tradicional de la rebuda de la Flama del Canig\u00f3 a la pla\u00e7a Comas, per\u00f2 durant tot el dia 23 de juny es faran unes activitats alternatives a la pastisseria <strong>Mont-rodon<\/strong> (Travessera de les Corts, 269) i <strong>la granja La Trufa<\/strong> (c. Num\u00e0ncia, 130) per la difusi\u00f3 i promoci\u00f3 d&#8217;aquest esdeveniment. Des d\u2019aqu\u00ed, <strong>agra\u00efm la col\u00b7laboraci\u00f3 dels dos establiments.<\/strong><\/p>\n<p>A m\u00e9s us animem a: <strong>encendre fanalets o espelmes a les 22 hores al vostre balc\u00f3 fer servir l\u2019etiqueta #FlamaCanig\u00f320 a les xarxes socials i a enviar fotografies de balcons i finestres a flamacanigo@omnium.cat de la vostra celebraci\u00f3 d\u2019aquesta data tan especial per tots nosaltres.<\/strong><\/p>\n<p>&nbsp;<\/p>\n<div class=\"omnium_embed_responsive_wrapper\"><iframe width=\"1337\" height=\"752\" src=\"https:\/\/www.youtube.com\/embed\/m-H98PMDMvw?feature=oembed\" frameborder=\"0\" allow=\"accelerometer; autoplay; encrypted-media; gyroscope; picture-in-picture\" allowfullscreen><\/iframe><\/div>\n","protected":false},"excerpt":{"rendered":"<p>La Flama del Canig\u00f3 \u00e9s la festa d\u2019encesa dels Focs de Sant Joan, s\u00edmbol de la nostra identitat; una festa popular arrelada al llarg dels Pa\u00efsos Catalans que t\u00e9 l\u2019element [&hellip;]<\/p>\n","protected":false},"author":183,"featured_media":246457,"comment_status":"closed","ping_status":"open","sticky":false,"template":"","format":"standard","meta":{"_acf_changed":false,"footnotes":""},"categories":[1],"tags":[],"post_headquarter":[1779],"post_project":[],"class_list":["post-246455","post","type-post","status-publish","format-standard","has-post-thumbnail","hentry","category-uncategorized-ca","post_headquarter-barcelona-les-corts"],"acf":[],"yoast_head":"<!-- This site is optimized with the Yoast SEO plugin v27.2 - https:\/\/yoast.com\/product\/yoast-seo-wordpress\/ -->\n<title>Enguany, encenc la Flama per tu - \u00d2mnium Cultural<\/title>\n<meta name=\"robots\" content=\"index, follow, max-snippet:-1, max-image-preview:large, max-video-preview:-1\" \/>\n<link rel=\"canonical\" href=\"https:\/\/www.omnium.cat\/ca\/enguany-encenc-la-flama-per-tu-lescorts2020\/\" \/>\n<meta name=\"twitter:label1\" content=\"Escrit per\" \/>\n\t<meta name=\"twitter:data1\" content=\"Itziar Gil\" \/>\n\t<meta name=\"twitter:label2\" content=\"Temps estimat de lectura\" \/>\n\t<meta name=\"twitter:data2\" content=\"2 minuts\" \/>\n<script type=\"application\/ld+json\" class=\"yoast-schema-graph\">{\"@context\":\"https:\/\/schema.org\",\"@graph\":[{\"@type\":\"Article\",\"@id\":\"https:\/\/www.omnium.cat\/ca\/enguany-encenc-la-flama-per-tu-lescorts2020\/#article\",\"isPartOf\":{\"@id\":\"https:\/\/www.omnium.cat\/ca\/enguany-encenc-la-flama-per-tu-lescorts2020\/\"},\"author\":{\"name\":\"Itziar Gil\",\"@id\":\"https:\/\/www.omnium.cat\/ca\/#\/schema\/person\/956d3c18e5ee9a7e0c9d452cfb733f9b\"},\"headline\":\"Enguany, encenc la Flama per tu\",\"datePublished\":\"2020-06-16T10:48:32+00:00\",\"dateModified\":\"2020-06-16T11:07:54+00:00\",\"mainEntityOfPage\":{\"@id\":\"https:\/\/www.omnium.cat\/ca\/enguany-encenc-la-flama-per-tu-lescorts2020\/\"},\"wordCount\":450,\"publisher\":{\"@id\":\"https:\/\/www.omnium.cat\/ca\/#organization\"},\"image\":{\"@id\":\"https:\/\/www.omnium.cat\/ca\/enguany-encenc-la-flama-per-tu-lescorts2020\/#primaryimage\"},\"thumbnailUrl\":\"https:\/\/cdn.omnium.cat\/wp-content\/uploads\/2020\/06\/16124524\/flama-2020.png\",\"articleSection\":[\"Uncategorized @oc\"],\"inLanguage\":\"ca\"},{\"@type\":\"WebPage\",\"@id\":\"https:\/\/www.omnium.cat\/ca\/enguany-encenc-la-flama-per-tu-lescorts2020\/\",\"url\":\"https:\/\/www.omnium.cat\/ca\/enguany-encenc-la-flama-per-tu-lescorts2020\/\",\"name\":\"Enguany, encenc la Flama per tu - \u00d2mnium Cultural\",\"isPartOf\":{\"@id\":\"https:\/\/www.omnium.cat\/ca\/#website\"},\"primaryImageOfPage\":{\"@id\":\"https:\/\/www.omnium.cat\/ca\/enguany-encenc-la-flama-per-tu-lescorts2020\/#primaryimage\"},\"image\":{\"@id\":\"https:\/\/www.omnium.cat\/ca\/enguany-encenc-la-flama-per-tu-lescorts2020\/#primaryimage\"},\"thumbnailUrl\":\"https:\/\/cdn.omnium.cat\/wp-content\/uploads\/2020\/06\/16124524\/flama-2020.png\",\"datePublished\":\"2020-06-16T10:48:32+00:00\",\"dateModified\":\"2020-06-16T11:07:54+00:00\",\"breadcrumb\":{\"@id\":\"https:\/\/www.omnium.cat\/ca\/enguany-encenc-la-flama-per-tu-lescorts2020\/#breadcrumb\"},\"inLanguage\":\"ca\",\"potentialAction\":[{\"@type\":\"ReadAction\",\"target\":[\"https:\/\/www.omnium.cat\/ca\/enguany-encenc-la-flama-per-tu-lescorts2020\/\"]}]},{\"@type\":\"ImageObject\",\"inLanguage\":\"ca\",\"@id\":\"https:\/\/www.omnium.cat\/ca\/enguany-encenc-la-flama-per-tu-lescorts2020\/#primaryimage\",\"url\":\"https:\/\/cdn.omnium.cat\/wp-content\/uploads\/2020\/06\/16124524\/flama-2020.png\",\"contentUrl\":\"https:\/\/cdn.omnium.cat\/wp-content\/uploads\/2020\/06\/16124524\/flama-2020.png\",\"width\":1280,\"height\":622},{\"@type\":\"BreadcrumbList\",\"@id\":\"https:\/\/www.omnium.cat\/ca\/enguany-encenc-la-flama-per-tu-lescorts2020\/#breadcrumb\",\"itemListElement\":[{\"@type\":\"ListItem\",\"position\":1,\"name\":\"Inici\",\"item\":\"https:\/\/www.omnium.cat\/ca\/\"},{\"@type\":\"ListItem\",\"position\":2,\"name\":\"Enguany, encenc la Flama per tu\"}]},{\"@type\":\"WebSite\",\"@id\":\"https:\/\/www.omnium.cat\/ca\/#website\",\"url\":\"https:\/\/www.omnium.cat\/ca\/\",\"name\":\"\u00d2mnium Cultural\",\"description\":\"Llengua Cultura Pa\u00eds\",\"publisher\":{\"@id\":\"https:\/\/www.omnium.cat\/ca\/#organization\"},\"potentialAction\":[{\"@type\":\"SearchAction\",\"target\":{\"@type\":\"EntryPoint\",\"urlTemplate\":\"https:\/\/www.omnium.cat\/ca\/?s={search_term_string}\"},\"query-input\":{\"@type\":\"PropertyValueSpecification\",\"valueRequired\":true,\"valueName\":\"search_term_string\"}}],\"inLanguage\":\"ca\"},{\"@type\":\"Organization\",\"@id\":\"https:\/\/www.omnium.cat\/ca\/#organization\",\"name\":\"\u00d2mnium Cultural\",\"url\":\"https:\/\/www.omnium.cat\/ca\/\",\"logo\":{\"@type\":\"ImageObject\",\"inLanguage\":\"ca\",\"@id\":\"https:\/\/www.omnium.cat\/ca\/#\/schema\/logo\/image\/\",\"url\":\"https:\/\/cdn.omnium.cat\/wp-content\/uploads\/2019\/06\/01112517\/cropped-omnium_logo-1.png\",\"contentUrl\":\"https:\/\/cdn.omnium.cat\/wp-content\/uploads\/2019\/06\/01112517\/cropped-omnium_logo-1.png\",\"width\":1213,\"height\":262,\"caption\":\"\u00d2mnium Cultural\"},\"image\":{\"@id\":\"https:\/\/www.omnium.cat\/ca\/#\/schema\/logo\/image\/\"},\"sameAs\":[\"https:\/\/www.facebook.com\/omniumcultural\",\"https:\/\/x.com\/omnium\",\"https:\/\/www.instagram.com\/omniumcultural\/\",\"https:\/\/www.youtube.com\/user\/omniumcultural\"]},{\"@type\":\"Person\",\"@id\":\"https:\/\/www.omnium.cat\/ca\/#\/schema\/person\/956d3c18e5ee9a7e0c9d452cfb733f9b\",\"name\":\"Itziar Gil\",\"image\":{\"@type\":\"ImageObject\",\"inLanguage\":\"ca\",\"@id\":\"https:\/\/secure.gravatar.com\/avatar\/8431130f4353773fddd1b2a9ff89ddce5814dd91ade121369b6b490b8f05c25e?s=96&d=mm&r=g\",\"url\":\"https:\/\/secure.gravatar.com\/avatar\/8431130f4353773fddd1b2a9ff89ddce5814dd91ade121369b6b490b8f05c25e?s=96&d=mm&r=g\",\"contentUrl\":\"https:\/\/secure.gravatar.com\/avatar\/8431130f4353773fddd1b2a9ff89ddce5814dd91ade121369b6b490b8f05c25e?s=96&d=mm&r=g\",\"caption\":\"Itziar Gil\"}}]}<\/script>\n<!-- \/ Yoast SEO plugin. -->","yoast_head_json":{"title":"Enguany, encenc la Flama per tu - \u00d2mnium Cultural","robots":{"index":"index","follow":"follow","max-snippet":"max-snippet:-1","max-image-preview":"max-image-preview:large","max-video-preview":"max-video-preview:-1"},"canonical":"https:\/\/www.omnium.cat\/ca\/enguany-encenc-la-flama-per-tu-lescorts2020\/","twitter_misc":{"Escrit per":"Itziar Gil","Temps estimat de lectura":"2 minuts"},"schema":{"@context":"https:\/\/schema.org","@graph":[{"@type":"Article","@id":"https:\/\/www.omnium.cat\/ca\/enguany-encenc-la-flama-per-tu-lescorts2020\/#article","isPartOf":{"@id":"https:\/\/www.omnium.cat\/ca\/enguany-encenc-la-flama-per-tu-lescorts2020\/"},"author":{"name":"Itziar Gil","@id":"https:\/\/www.omnium.cat\/ca\/#\/schema\/person\/956d3c18e5ee9a7e0c9d452cfb733f9b"},"headline":"Enguany, encenc la Flama per tu","datePublished":"2020-06-16T10:48:32+00:00","dateModified":"2020-06-16T11:07:54+00:00","mainEntityOfPage":{"@id":"https:\/\/www.omnium.cat\/ca\/enguany-encenc-la-flama-per-tu-lescorts2020\/"},"wordCount":450,"publisher":{"@id":"https:\/\/www.omnium.cat\/ca\/#organization"},"image":{"@id":"https:\/\/www.omnium.cat\/ca\/enguany-encenc-la-flama-per-tu-lescorts2020\/#primaryimage"},"thumbnailUrl":"https:\/\/cdn.omnium.cat\/wp-content\/uploads\/2020\/06\/16124524\/flama-2020.png","articleSection":["Uncategorized @oc"],"inLanguage":"ca"},{"@type":"WebPage","@id":"https:\/\/www.omnium.cat\/ca\/enguany-encenc-la-flama-per-tu-lescorts2020\/","url":"https:\/\/www.omnium.cat\/ca\/enguany-encenc-la-flama-per-tu-lescorts2020\/","name":"Enguany, encenc la Flama per tu - \u00d2mnium Cultural","isPartOf":{"@id":"https:\/\/www.omnium.cat\/ca\/#website"},"primaryImageOfPage":{"@id":"https:\/\/www.omnium.cat\/ca\/enguany-encenc-la-flama-per-tu-lescorts2020\/#primaryimage"},"image":{"@id":"https:\/\/www.omnium.cat\/ca\/enguany-encenc-la-flama-per-tu-lescorts2020\/#primaryimage"},"thumbnailUrl":"https:\/\/cdn.omnium.cat\/wp-content\/uploads\/2020\/06\/16124524\/flama-2020.png","datePublished":"2020-06-16T10:48:32+00:00","dateModified":"2020-06-16T11:07:54+00:00","breadcrumb":{"@id":"https:\/\/www.omnium.cat\/ca\/enguany-encenc-la-flama-per-tu-lescorts2020\/#breadcrumb"},"inLanguage":"ca","potentialAction":[{"@type":"ReadAction","target":["https:\/\/www.omnium.cat\/ca\/enguany-encenc-la-flama-per-tu-lescorts2020\/"]}]},{"@type":"ImageObject","inLanguage":"ca","@id":"https:\/\/www.omnium.cat\/ca\/enguany-encenc-la-flama-per-tu-lescorts2020\/#primaryimage","url":"https:\/\/cdn.omnium.cat\/wp-content\/uploads\/2020\/06\/16124524\/flama-2020.png","contentUrl":"https:\/\/cdn.omnium.cat\/wp-content\/uploads\/2020\/06\/16124524\/flama-2020.png","width":1280,"height":622},{"@type":"BreadcrumbList","@id":"https:\/\/www.omnium.cat\/ca\/enguany-encenc-la-flama-per-tu-lescorts2020\/#breadcrumb","itemListElement":[{"@type":"ListItem","position":1,"name":"Inici","item":"https:\/\/www.omnium.cat\/ca\/"},{"@type":"ListItem","position":2,"name":"Enguany, encenc la Flama per tu"}]},{"@type":"WebSite","@id":"https:\/\/www.omnium.cat\/ca\/#website","url":"https:\/\/www.omnium.cat\/ca\/","name":"\u00d2mnium Cultural","description":"Llengua Cultura Pa\u00eds","publisher":{"@id":"https:\/\/www.omnium.cat\/ca\/#organization"},"potentialAction":[{"@type":"SearchAction","target":{"@type":"EntryPoint","urlTemplate":"https:\/\/www.omnium.cat\/ca\/?s={search_term_string}"},"query-input":{"@type":"PropertyValueSpecification","valueRequired":true,"valueName":"search_term_string"}}],"inLanguage":"ca"},{"@type":"Organization","@id":"https:\/\/www.omnium.cat\/ca\/#organization","name":"\u00d2mnium Cultural","url":"https:\/\/www.omnium.cat\/ca\/","logo":{"@type":"ImageObject","inLanguage":"ca","@id":"https:\/\/www.omnium.cat\/ca\/#\/schema\/logo\/image\/","url":"https:\/\/cdn.omnium.cat\/wp-content\/uploads\/2019\/06\/01112517\/cropped-omnium_logo-1.png","contentUrl":"https:\/\/cdn.omnium.cat\/wp-content\/uploads\/2019\/06\/01112517\/cropped-omnium_logo-1.png","width":1213,"height":262,"caption":"\u00d2mnium Cultural"},"image":{"@id":"https:\/\/www.omnium.cat\/ca\/#\/schema\/logo\/image\/"},"sameAs":["https:\/\/www.facebook.com\/omniumcultural","https:\/\/x.com\/omnium","https:\/\/www.instagram.com\/omniumcultural\/","https:\/\/www.youtube.com\/user\/omniumcultural"]},{"@type":"Person","@id":"https:\/\/www.omnium.cat\/ca\/#\/schema\/person\/956d3c18e5ee9a7e0c9d452cfb733f9b","name":"Itziar Gil","image":{"@type":"ImageObject","inLanguage":"ca","@id":"https:\/\/secure.gravatar.com\/avatar\/8431130f4353773fddd1b2a9ff89ddce5814dd91ade121369b6b490b8f05c25e?s=96&d=mm&r=g","url":"https:\/\/secure.gravatar.com\/avatar\/8431130f4353773fddd1b2a9ff89ddce5814dd91ade121369b6b490b8f05c25e?s=96&d=mm&r=g","contentUrl":"https:\/\/secure.gravatar.com\/avatar\/8431130f4353773fddd1b2a9ff89ddce5814dd91ade121369b6b490b8f05c25e?s=96&d=mm&r=g","caption":"Itziar Gil"}}]}},"_links":{"self":[{"href":"https:\/\/www.omnium.cat\/ca\/wp-json\/wp\/v2\/posts\/246455","targetHints":{"allow":["GET"]}}],"collection":[{"href":"https:\/\/www.omnium.cat\/ca\/wp-json\/wp\/v2\/posts"}],"about":[{"href":"https:\/\/www.omnium.cat\/ca\/wp-json\/wp\/v2\/types\/post"}],"author":[{"embeddable":true,"href":"https:\/\/www.omnium.cat\/ca\/wp-json\/wp\/v2\/users\/183"}],"replies":[{"embeddable":true,"href":"https:\/\/www.omnium.cat\/ca\/wp-json\/wp\/v2\/comments?post=246455"}],"version-history":[{"count":4,"href":"https:\/\/www.omnium.cat\/ca\/wp-json\/wp\/v2\/posts\/246455\/revisions"}],"predecessor-version":[{"id":246529,"href":"https:\/\/www.omnium.cat\/ca\/wp-json\/wp\/v2\/posts\/246455\/revisions\/246529"}],"wp:featuredmedia":[{"embeddable":true,"href":"https:\/\/www.omnium.cat\/ca\/wp-json\/wp\/v2\/media\/246457"}],"wp:attachment":[{"href":"https:\/\/www.omnium.cat\/ca\/wp-json\/wp\/v2\/media?parent=246455"}],"wp:term":[{"taxonomy":"category","embeddable":true,"href":"https:\/\/www.omnium.cat\/ca\/wp-json\/wp\/v2\/categories?post=246455"},{"taxonomy":"post_tag","embeddable":true,"href":"https:\/\/www.omnium.cat\/ca\/wp-json\/wp\/v2\/tags?post=246455"},{"taxonomy":"post_headquarter","embeddable":true,"href":"https:\/\/www.omnium.cat\/ca\/wp-json\/wp\/v2\/post_headquarter?post=246455"},{"taxonomy":"post_project","embeddable":true,"href":"https:\/\/www.omnium.cat\/ca\/wp-json\/wp\/v2\/post_project?post=246455"}],"curies":[{"name":"wp","href":"https:\/\/api.w.org\/{rel}","templated":true}]}}