{"id":246561,"date":"2020-06-16T15:40:08","date_gmt":"2020-06-16T13:40:08","guid":{"rendered":"https:\/\/www.omnium.cat\/?p=246561"},"modified":"2020-06-16T16:03:39","modified_gmt":"2020-06-16T14:03:39","slug":"arriba-la-flama-del-canigo-arribara-a-manresa-en-un-acte-de-petit-format","status":"publish","type":"post","link":"https:\/\/www.omnium.cat\/ca\/arriba-la-flama-del-canigo-arribara-a-manresa-en-un-acte-de-petit-format\/","title":{"rendered":"La Flama del Canig\u00f3 arribar\u00e0 a Manresa en un acte de petit format"},"content":{"rendered":"<p>Malgrat la crisi sanit\u00e0ria, la Flama del Canig\u00f3 arribar\u00e0 a Manresa, en un acte de petit format coordinat per \u00d2mnium Bages-Moian\u00e8s, el proper dimarts, 23 de juny, vig\u00edlia de Sant Joan, a les vuit del vespre (20 h), a la pla\u00e7a Major.<\/p>\n<p>La Flama, procedent del cim del Canig\u00f3, ser\u00e0 des del migdia a l\u2019Espai \u00d2mnium de Manresa, on ser\u00e0 custodiada fins al vespre. Despr\u00e9s de l\u2019encesa del peveter, una persona representativa del m\u00f3n de la sanitat far\u00e0 la lectura del missatge d\u2019enguany. Aquest acte d\u2019afirmaci\u00f3 nacional juntament amb els d\u2019altres poblacions del Bages i el Moian\u00e8s, es far\u00e0 garantint les normes de prevenci\u00f3 establertes per les institucions del nostre pa\u00eds.<\/p>\n<p>La tradici\u00f3 vinculada al solstici d\u2019estiu esdevindr\u00e0 un homenatge a tota la societat civil mobilitzada per superar la crisi global provocada per la Covid-19 sota el lema &#8220;Enguany, encenc la flama per tu&#8221;.<\/p>\n<p>Aquest any, la Flama tamb\u00e9 continuar\u00e0 sent un record per als presos pol\u00edtics i exiliats, per reivindicar la defensa dels drets fonamentals, i no quedar\u00e0 al marge del moment d\u2019emerg\u00e8ncia social que viu el pa\u00eds.<\/p>\n<p>Per a m\u00e9s informaci\u00f3, cliqueu <a href=\"https:\/\/www.omnium.cat\/ca\/projectes\/flama-canigo\/\">aqu\u00ed<\/a>.<\/p>\n","protected":false},"excerpt":{"rendered":"<p>Malgrat la crisi sanit\u00e0ria, la Flama del Canig\u00f3 arribar\u00e0 a Manresa, en un acte de petit format coordinat per \u00d2mnium Bages-Moian\u00e8s, el proper dimarts, 23 de juny, vig\u00edlia de Sant [&hellip;]<\/p>\n","protected":false},"author":151,"featured_media":246585,"comment_status":"closed","ping_status":"open","sticky":false,"template":"","format":"standard","meta":{"_acf_changed":false,"footnotes":""},"categories":[1],"tags":[2785,1639,2037,335,789,154,4530],"post_headquarter":[1760],"post_project":[],"class_list":["post-246561","post","type-post","status-publish","format-standard","has-post-thumbnail","hentry","category-uncategorized-ca","tag-estiu","tag-festa","tag-flama","tag-flama-del-canigo","tag-foc","tag-manresa","tag-solsitici-destiu","post_headquarter-bages-moianes"],"acf":[],"yoast_head":"<!-- This site is optimized with the Yoast SEO plugin v27.2 - https:\/\/yoast.com\/product\/yoast-seo-wordpress\/ -->\n<title>La Flama del Canig\u00f3 arribar\u00e0 a Manresa en un acte de petit format - \u00d2mnium Cultural<\/title>\n<meta name=\"robots\" content=\"index, follow, max-snippet:-1, max-image-preview:large, max-video-preview:-1\" \/>\n<link rel=\"canonical\" href=\"https:\/\/www.omnium.cat\/ca\/arriba-la-flama-del-canigo-arribara-a-manresa-en-un-acte-de-petit-format\/\" \/>\n<meta name=\"twitter:label1\" content=\"Escrit per\" \/>\n\t<meta name=\"twitter:data1\" content=\"Eva Forn\" \/>\n\t<meta name=\"twitter:label2\" content=\"Temps estimat de lectura\" \/>\n\t<meta name=\"twitter:data2\" content=\"1 minut\" \/>\n<script type=\"application\/ld+json\" class=\"yoast-schema-graph\">{\"@context\":\"https:\/\/schema.org\",\"@graph\":[{\"@type\":\"Article\",\"@id\":\"https:\/\/www.omnium.cat\/ca\/arriba-la-flama-del-canigo-arribara-a-manresa-en-un-acte-de-petit-format\/#article\",\"isPartOf\":{\"@id\":\"https:\/\/www.omnium.cat\/ca\/arriba-la-flama-del-canigo-arribara-a-manresa-en-un-acte-de-petit-format\/\"},\"author\":{\"name\":\"Eva Forn\",\"@id\":\"https:\/\/www.omnium.cat\/ca\/#\/schema\/person\/43a7fd06d4134d6062dc98d0b97ad68e\"},\"headline\":\"La Flama del Canig\u00f3 arribar\u00e0 a Manresa en un acte de petit format\",\"datePublished\":\"2020-06-16T13:40:08+00:00\",\"dateModified\":\"2020-06-16T14:03:39+00:00\",\"mainEntityOfPage\":{\"@id\":\"https:\/\/www.omnium.cat\/ca\/arriba-la-flama-del-canigo-arribara-a-manresa-en-un-acte-de-petit-format\/\"},\"wordCount\":215,\"publisher\":{\"@id\":\"https:\/\/www.omnium.cat\/ca\/#organization\"},\"image\":{\"@id\":\"https:\/\/www.omnium.cat\/ca\/arriba-la-flama-del-canigo-arribara-a-manresa-en-un-acte-de-petit-format\/#primaryimage\"},\"thumbnailUrl\":\"https:\/\/cdn.omnium.cat\/wp-content\/uploads\/2020\/06\/16160322\/Bages_Postal-IG_Flama-20201.png\",\"keywords\":[\"estiu\",\"festa\",\"Flama\",\"Flama del Canig\u00f3\",\"foc\",\"Manresa\",\"solsitici d'estiu\"],\"articleSection\":[\"Uncategorized @oc\"],\"inLanguage\":\"ca\"},{\"@type\":\"WebPage\",\"@id\":\"https:\/\/www.omnium.cat\/ca\/arriba-la-flama-del-canigo-arribara-a-manresa-en-un-acte-de-petit-format\/\",\"url\":\"https:\/\/www.omnium.cat\/ca\/arriba-la-flama-del-canigo-arribara-a-manresa-en-un-acte-de-petit-format\/\",\"name\":\"La Flama del Canig\u00f3 arribar\u00e0 a Manresa en un acte de petit format - \u00d2mnium Cultural\",\"isPartOf\":{\"@id\":\"https:\/\/www.omnium.cat\/ca\/#website\"},\"primaryImageOfPage\":{\"@id\":\"https:\/\/www.omnium.cat\/ca\/arriba-la-flama-del-canigo-arribara-a-manresa-en-un-acte-de-petit-format\/#primaryimage\"},\"image\":{\"@id\":\"https:\/\/www.omnium.cat\/ca\/arriba-la-flama-del-canigo-arribara-a-manresa-en-un-acte-de-petit-format\/#primaryimage\"},\"thumbnailUrl\":\"https:\/\/cdn.omnium.cat\/wp-content\/uploads\/2020\/06\/16160322\/Bages_Postal-IG_Flama-20201.png\",\"datePublished\":\"2020-06-16T13:40:08+00:00\",\"dateModified\":\"2020-06-16T14:03:39+00:00\",\"breadcrumb\":{\"@id\":\"https:\/\/www.omnium.cat\/ca\/arriba-la-flama-del-canigo-arribara-a-manresa-en-un-acte-de-petit-format\/#breadcrumb\"},\"inLanguage\":\"ca\",\"potentialAction\":[{\"@type\":\"ReadAction\",\"target\":[\"https:\/\/www.omnium.cat\/ca\/arriba-la-flama-del-canigo-arribara-a-manresa-en-un-acte-de-petit-format\/\"]}]},{\"@type\":\"ImageObject\",\"inLanguage\":\"ca\",\"@id\":\"https:\/\/www.omnium.cat\/ca\/arriba-la-flama-del-canigo-arribara-a-manresa-en-un-acte-de-petit-format\/#primaryimage\",\"url\":\"https:\/\/cdn.omnium.cat\/wp-content\/uploads\/2020\/06\/16160322\/Bages_Postal-IG_Flama-20201.png\",\"contentUrl\":\"https:\/\/cdn.omnium.cat\/wp-content\/uploads\/2020\/06\/16160322\/Bages_Postal-IG_Flama-20201.png\",\"width\":1080,\"height\":1080},{\"@type\":\"BreadcrumbList\",\"@id\":\"https:\/\/www.omnium.cat\/ca\/arriba-la-flama-del-canigo-arribara-a-manresa-en-un-acte-de-petit-format\/#breadcrumb\",\"itemListElement\":[{\"@type\":\"ListItem\",\"position\":1,\"name\":\"Inici\",\"item\":\"https:\/\/www.omnium.cat\/ca\/\"},{\"@type\":\"ListItem\",\"position\":2,\"name\":\"La Flama del Canig\u00f3 arribar\u00e0 a Manresa en un acte de petit format\"}]},{\"@type\":\"WebSite\",\"@id\":\"https:\/\/www.omnium.cat\/ca\/#website\",\"url\":\"https:\/\/www.omnium.cat\/ca\/\",\"name\":\"\u00d2mnium Cultural\",\"description\":\"Llengua Cultura Pa\u00eds\",\"publisher\":{\"@id\":\"https:\/\/www.omnium.cat\/ca\/#organization\"},\"potentialAction\":[{\"@type\":\"SearchAction\",\"target\":{\"@type\":\"EntryPoint\",\"urlTemplate\":\"https:\/\/www.omnium.cat\/ca\/?s={search_term_string}\"},\"query-input\":{\"@type\":\"PropertyValueSpecification\",\"valueRequired\":true,\"valueName\":\"search_term_string\"}}],\"inLanguage\":\"ca\"},{\"@type\":\"Organization\",\"@id\":\"https:\/\/www.omnium.cat\/ca\/#organization\",\"name\":\"\u00d2mnium Cultural\",\"url\":\"https:\/\/www.omnium.cat\/ca\/\",\"logo\":{\"@type\":\"ImageObject\",\"inLanguage\":\"ca\",\"@id\":\"https:\/\/www.omnium.cat\/ca\/#\/schema\/logo\/image\/\",\"url\":\"https:\/\/cdn.omnium.cat\/wp-content\/uploads\/2019\/06\/01112517\/cropped-omnium_logo-1.png\",\"contentUrl\":\"https:\/\/cdn.omnium.cat\/wp-content\/uploads\/2019\/06\/01112517\/cropped-omnium_logo-1.png\",\"width\":1213,\"height\":262,\"caption\":\"\u00d2mnium Cultural\"},\"image\":{\"@id\":\"https:\/\/www.omnium.cat\/ca\/#\/schema\/logo\/image\/\"},\"sameAs\":[\"https:\/\/www.facebook.com\/omniumcultural\",\"https:\/\/x.com\/omnium\",\"https:\/\/www.instagram.com\/omniumcultural\/\",\"https:\/\/www.youtube.com\/user\/omniumcultural\"]},{\"@type\":\"Person\",\"@id\":\"https:\/\/www.omnium.cat\/ca\/#\/schema\/person\/43a7fd06d4134d6062dc98d0b97ad68e\",\"name\":\"Eva Forn\",\"image\":{\"@type\":\"ImageObject\",\"inLanguage\":\"ca\",\"@id\":\"https:\/\/secure.gravatar.com\/avatar\/f9fa77e07eb85a341274edc960188678149417a39ebf9ec7fb35d3fc23ab6911?s=96&d=mm&r=g\",\"url\":\"https:\/\/secure.gravatar.com\/avatar\/f9fa77e07eb85a341274edc960188678149417a39ebf9ec7fb35d3fc23ab6911?s=96&d=mm&r=g\",\"contentUrl\":\"https:\/\/secure.gravatar.com\/avatar\/f9fa77e07eb85a341274edc960188678149417a39ebf9ec7fb35d3fc23ab6911?s=96&d=mm&r=g\",\"caption\":\"Eva Forn\"}}]}<\/script>\n<!-- \/ Yoast SEO plugin. -->","yoast_head_json":{"title":"La Flama del Canig\u00f3 arribar\u00e0 a Manresa en un acte de petit format - \u00d2mnium Cultural","robots":{"index":"index","follow":"follow","max-snippet":"max-snippet:-1","max-image-preview":"max-image-preview:large","max-video-preview":"max-video-preview:-1"},"canonical":"https:\/\/www.omnium.cat\/ca\/arriba-la-flama-del-canigo-arribara-a-manresa-en-un-acte-de-petit-format\/","twitter_misc":{"Escrit per":"Eva Forn","Temps estimat de lectura":"1 minut"},"schema":{"@context":"https:\/\/schema.org","@graph":[{"@type":"Article","@id":"https:\/\/www.omnium.cat\/ca\/arriba-la-flama-del-canigo-arribara-a-manresa-en-un-acte-de-petit-format\/#article","isPartOf":{"@id":"https:\/\/www.omnium.cat\/ca\/arriba-la-flama-del-canigo-arribara-a-manresa-en-un-acte-de-petit-format\/"},"author":{"name":"Eva Forn","@id":"https:\/\/www.omnium.cat\/ca\/#\/schema\/person\/43a7fd06d4134d6062dc98d0b97ad68e"},"headline":"La Flama del Canig\u00f3 arribar\u00e0 a Manresa en un acte de petit format","datePublished":"2020-06-16T13:40:08+00:00","dateModified":"2020-06-16T14:03:39+00:00","mainEntityOfPage":{"@id":"https:\/\/www.omnium.cat\/ca\/arriba-la-flama-del-canigo-arribara-a-manresa-en-un-acte-de-petit-format\/"},"wordCount":215,"publisher":{"@id":"https:\/\/www.omnium.cat\/ca\/#organization"},"image":{"@id":"https:\/\/www.omnium.cat\/ca\/arriba-la-flama-del-canigo-arribara-a-manresa-en-un-acte-de-petit-format\/#primaryimage"},"thumbnailUrl":"https:\/\/cdn.omnium.cat\/wp-content\/uploads\/2020\/06\/16160322\/Bages_Postal-IG_Flama-20201.png","keywords":["estiu","festa","Flama","Flama del Canig\u00f3","foc","Manresa","solsitici d'estiu"],"articleSection":["Uncategorized @oc"],"inLanguage":"ca"},{"@type":"WebPage","@id":"https:\/\/www.omnium.cat\/ca\/arriba-la-flama-del-canigo-arribara-a-manresa-en-un-acte-de-petit-format\/","url":"https:\/\/www.omnium.cat\/ca\/arriba-la-flama-del-canigo-arribara-a-manresa-en-un-acte-de-petit-format\/","name":"La Flama del Canig\u00f3 arribar\u00e0 a Manresa en un acte de petit format - \u00d2mnium Cultural","isPartOf":{"@id":"https:\/\/www.omnium.cat\/ca\/#website"},"primaryImageOfPage":{"@id":"https:\/\/www.omnium.cat\/ca\/arriba-la-flama-del-canigo-arribara-a-manresa-en-un-acte-de-petit-format\/#primaryimage"},"image":{"@id":"https:\/\/www.omnium.cat\/ca\/arriba-la-flama-del-canigo-arribara-a-manresa-en-un-acte-de-petit-format\/#primaryimage"},"thumbnailUrl":"https:\/\/cdn.omnium.cat\/wp-content\/uploads\/2020\/06\/16160322\/Bages_Postal-IG_Flama-20201.png","datePublished":"2020-06-16T13:40:08+00:00","dateModified":"2020-06-16T14:03:39+00:00","breadcrumb":{"@id":"https:\/\/www.omnium.cat\/ca\/arriba-la-flama-del-canigo-arribara-a-manresa-en-un-acte-de-petit-format\/#breadcrumb"},"inLanguage":"ca","potentialAction":[{"@type":"ReadAction","target":["https:\/\/www.omnium.cat\/ca\/arriba-la-flama-del-canigo-arribara-a-manresa-en-un-acte-de-petit-format\/"]}]},{"@type":"ImageObject","inLanguage":"ca","@id":"https:\/\/www.omnium.cat\/ca\/arriba-la-flama-del-canigo-arribara-a-manresa-en-un-acte-de-petit-format\/#primaryimage","url":"https:\/\/cdn.omnium.cat\/wp-content\/uploads\/2020\/06\/16160322\/Bages_Postal-IG_Flama-20201.png","contentUrl":"https:\/\/cdn.omnium.cat\/wp-content\/uploads\/2020\/06\/16160322\/Bages_Postal-IG_Flama-20201.png","width":1080,"height":1080},{"@type":"BreadcrumbList","@id":"https:\/\/www.omnium.cat\/ca\/arriba-la-flama-del-canigo-arribara-a-manresa-en-un-acte-de-petit-format\/#breadcrumb","itemListElement":[{"@type":"ListItem","position":1,"name":"Inici","item":"https:\/\/www.omnium.cat\/ca\/"},{"@type":"ListItem","position":2,"name":"La Flama del Canig\u00f3 arribar\u00e0 a Manresa en un acte de petit format"}]},{"@type":"WebSite","@id":"https:\/\/www.omnium.cat\/ca\/#website","url":"https:\/\/www.omnium.cat\/ca\/","name":"\u00d2mnium Cultural","description":"Llengua Cultura Pa\u00eds","publisher":{"@id":"https:\/\/www.omnium.cat\/ca\/#organization"},"potentialAction":[{"@type":"SearchAction","target":{"@type":"EntryPoint","urlTemplate":"https:\/\/www.omnium.cat\/ca\/?s={search_term_string}"},"query-input":{"@type":"PropertyValueSpecification","valueRequired":true,"valueName":"search_term_string"}}],"inLanguage":"ca"},{"@type":"Organization","@id":"https:\/\/www.omnium.cat\/ca\/#organization","name":"\u00d2mnium Cultural","url":"https:\/\/www.omnium.cat\/ca\/","logo":{"@type":"ImageObject","inLanguage":"ca","@id":"https:\/\/www.omnium.cat\/ca\/#\/schema\/logo\/image\/","url":"https:\/\/cdn.omnium.cat\/wp-content\/uploads\/2019\/06\/01112517\/cropped-omnium_logo-1.png","contentUrl":"https:\/\/cdn.omnium.cat\/wp-content\/uploads\/2019\/06\/01112517\/cropped-omnium_logo-1.png","width":1213,"height":262,"caption":"\u00d2mnium Cultural"},"image":{"@id":"https:\/\/www.omnium.cat\/ca\/#\/schema\/logo\/image\/"},"sameAs":["https:\/\/www.facebook.com\/omniumcultural","https:\/\/x.com\/omnium","https:\/\/www.instagram.com\/omniumcultural\/","https:\/\/www.youtube.com\/user\/omniumcultural"]},{"@type":"Person","@id":"https:\/\/www.omnium.cat\/ca\/#\/schema\/person\/43a7fd06d4134d6062dc98d0b97ad68e","name":"Eva Forn","image":{"@type":"ImageObject","inLanguage":"ca","@id":"https:\/\/secure.gravatar.com\/avatar\/f9fa77e07eb85a341274edc960188678149417a39ebf9ec7fb35d3fc23ab6911?s=96&d=mm&r=g","url":"https:\/\/secure.gravatar.com\/avatar\/f9fa77e07eb85a341274edc960188678149417a39ebf9ec7fb35d3fc23ab6911?s=96&d=mm&r=g","contentUrl":"https:\/\/secure.gravatar.com\/avatar\/f9fa77e07eb85a341274edc960188678149417a39ebf9ec7fb35d3fc23ab6911?s=96&d=mm&r=g","caption":"Eva Forn"}}]}},"_links":{"self":[{"href":"https:\/\/www.omnium.cat\/ca\/wp-json\/wp\/v2\/posts\/246561","targetHints":{"allow":["GET"]}}],"collection":[{"href":"https:\/\/www.omnium.cat\/ca\/wp-json\/wp\/v2\/posts"}],"about":[{"href":"https:\/\/www.omnium.cat\/ca\/wp-json\/wp\/v2\/types\/post"}],"author":[{"embeddable":true,"href":"https:\/\/www.omnium.cat\/ca\/wp-json\/wp\/v2\/users\/151"}],"replies":[{"embeddable":true,"href":"https:\/\/www.omnium.cat\/ca\/wp-json\/wp\/v2\/comments?post=246561"}],"version-history":[{"count":4,"href":"https:\/\/www.omnium.cat\/ca\/wp-json\/wp\/v2\/posts\/246561\/revisions"}],"predecessor-version":[{"id":246583,"href":"https:\/\/www.omnium.cat\/ca\/wp-json\/wp\/v2\/posts\/246561\/revisions\/246583"}],"wp:featuredmedia":[{"embeddable":true,"href":"https:\/\/www.omnium.cat\/ca\/wp-json\/wp\/v2\/media\/246585"}],"wp:attachment":[{"href":"https:\/\/www.omnium.cat\/ca\/wp-json\/wp\/v2\/media?parent=246561"}],"wp:term":[{"taxonomy":"category","embeddable":true,"href":"https:\/\/www.omnium.cat\/ca\/wp-json\/wp\/v2\/categories?post=246561"},{"taxonomy":"post_tag","embeddable":true,"href":"https:\/\/www.omnium.cat\/ca\/wp-json\/wp\/v2\/tags?post=246561"},{"taxonomy":"post_headquarter","embeddable":true,"href":"https:\/\/www.omnium.cat\/ca\/wp-json\/wp\/v2\/post_headquarter?post=246561"},{"taxonomy":"post_project","embeddable":true,"href":"https:\/\/www.omnium.cat\/ca\/wp-json\/wp\/v2\/post_project?post=246561"}],"curies":[{"name":"wp","href":"https:\/\/api.w.org\/{rel}","templated":true}]}}