{"id":2566,"date":"2008-06-25T02:00:00","date_gmt":"2008-06-25T00:00:00","guid":{"rendered":"http:\/\/omnium.whads.com\/els-dijous-de-lomnium-divendres-27-de-juny-presentacio-del-llibre-nosaltres-els-catalans-de-victor-alexandre-llibreria-la-tralla-vic-20h\/"},"modified":"2008-06-25T02:00:00","modified_gmt":"2008-06-25T00:00:00","slug":"els-dijous-de-lomnium-divendres-27-de-juny-presentacio-del-llibre-nosaltres-els-catalans-de-victor-alexandre-llibreria-la-tralla-vic-20h","status":"publish","type":"post","link":"https:\/\/www.omnium.cat\/ca\/els-dijous-de-lomnium-divendres-27-de-juny-presentacio-del-llibre-nosaltres-els-catalans-de-victor-alexandre-llibreria-la-tralla-vic-20h\/","title":{"rendered":"Els Dijous de l&#8217;\u00d2mnium. Divendres 27 de juny, presentaci\u00f3 del llibre &#8216;Nosaltres els Catalans&#8217; de V\u00edctor Alexandre. Llibreria La Tralla, Vic. 20h"},"content":{"rendered":"<p> <img decoding=\"async\" alt=\"\" src=\"file:\/\/\/C:\/DOCUME~1\/PC01\/CONFIG~1\/Temp\/moz-screenshot-5.jpg\" \/><\/p>\n<p class=\"MsoNormal\" style=\"margin-left: 18pt;\"><b style=\"\"><span style=\"font-size: 10pt; font-family: Verdana;\"><br \/><\/span><\/b><\/p>\n<p class=\"MsoNormal\" style=\"margin-left: 18pt;\"><b style=\"\"><span style=\"font-size: 10pt; font-family: Verdana;\">Divendres 27 dejuny: Presentaci\u00f3<\/span><\/b><span style=\"font-size: 10pt; font-family: Verdana;\">del <b style=\"\">llibre<\/b> <b style=\"\"><i style=\"\">Nosaltres, els catalans<\/i> deV\u00edctor Alexandre<\/b>. Ed. P\u00f2rtic, 2008.<\/span><\/p>\n<p class=\"MsoNormal\" style=\"margin-left: 18pt;\"><span style=\"font-size: 10pt; font-family: Verdana;\"><span style=\"\"> <\/span><\/span><\/p>\n<p class=\"MsoNormal\" style=\"margin-left: 18pt;\"><span style=\"font-size: 10pt; font-family: Verdana;\">Procedents dels cinc continents, els vint personatgesd&#8217;aquest llibre ens demostren que no cal n\u00e9ixer en una terra per estimar-la.Cap d&#8217;ells ha nascut als Pa\u00efsos Catalans i, aix\u00f2 no obstant, sense renunciarals seus or\u00edgens, tots vint hi han fet arrels, i han esdevingut tan catalanscom nosaltres. <\/span><\/p>\n<p><img decoding=\"async\" align=\"bottom\" src=\"http:\/\/www.victoralexandre.cat\/images\/stories\/llibres\/nosaltres_els_catalans.jpg\" alt=\"bloc v\u00edctor alexandre\" \/><span style=\"font-size: 10pt; font-family: Verdana;\"><\/p>\n<p>Amb V\u00edctor Alexandre, periodista i escriptor. Ha estatguardonat amb el Premi Nacional Llu\u00eds Companys l&#8217;any 2005. Ha publicat entre d&#8217;altres<i>Jo no s\u00f3c espanyol<\/i> (1999), <i>Despullant Espanya<\/i> (2001), <i>Despullats<\/i><span style=\"\">i <i>Senyor President <\/i><\/span>(2003),<i>El cas Carod <\/i><span style=\"\">(2004)<\/span>. Elseu llibre, <i>La paraula contra el mur<\/i> (tradu\u00eft al basc), va ser guardonatamb el Premi d&#8217;assaig Francesc Ferrer i Giron\u00e8s, 2006. Va ser el mateix any queva publicar <i>TV3 a tra\u00efci\u00f3: Televisi\u00f3 de Catalunya o d&#8217;Espanya?<\/i> El 2007 vaestrenar l&#8217;obra de teatre <i>\u00c8ric i l&#8217;Ex\u00e8rcit del F\u00e8nix<\/i>, que supos\u00e0 el seudebut com a dramaturg.<\/p>\n<p><a href=\"http:\/\/www.victoralexandre.cat\/\"><img decoding=\"async\" src=\"http:\/\/www.victoralexandre.cat\/templates\/md_blogtopia\/images\/blog_header.jpg\" \/><\/a><br \/><\/span><\/p>\n<p class=\"MsoNormal\" style=\"margin-left: 18pt;\"><span style=\"font-size: 10pt; font-family: Verdana;\">Entrada lliure. A la <b style=\"\">llibreriaLa Tralla<\/b>de Vic, 20h.<\/span><\/p>\n<p class=\"MsoNormal\" style=\"margin-left: 18pt;\"><span style=\"font-size: 10pt; font-family: Verdana;\">Fragment de la introducci\u00f3:<br \/><\/span><\/p>\n<p><span style=\"font-size: 10pt;\" times=\"\" new=\"\" roman=\"\" ;=\"\"><o:p \/><\/span><span style=\"font-size: 10pt;\" times=\"\" new=\"\" roman=\"\" ;=\"\" color:=\"\" rgb(255,=\"\" 51,=\"\" 0);=\"\">&#8216;Aquestes, per tant, s\u00f3n unes p\u00e0gines que parlendels drets i deures de les persones i dels pobles, del dret a viure a qualsevollloc de <st1:personname w:st=\"on\" productid=\"la Terra\">la Terra<\/st1:personname>i del deure de respectar la llengua i la cultura de la seva gent, de la necessitatde foragitar les ombres del prejudici, del recel i del racisme i de fer quearreli dintre nostre la ferma convicci\u00f3 que, m\u00e9s enll\u00e0 de la ra\u00e7a animal, no hiha cap m\u00e9s ra\u00e7a al m\u00f3n que la ra\u00e7a humana. Una ra\u00e7a humana configurada ambmilers d&#8217;identitats col\u00b7lectives una de les quals som nosaltres, els catalans.'(De la introducci\u00f3 de V\u00edctor Alexandre.)<\/span><span style=\"\" times=\"\" new=\"\" roman=\"\" ;=\"\" color:=\"\" rgb(255,=\"\" 51,=\"\" 0);=\"\"><o:p \/><\/span><span style=\"color: rgb(255, 51, 0);\"><\/p>\n<p><span style=\"color: rgb(0, 0, 0);\">Alguns testimonis:<\/span><br \/><\/span><\/p>\n<p style=\"text-align: justify;\" class=\"MsoNormal\"><b><span style=\"font-size: 11pt;\">Najat El Hachmi (Marroc)<\/span><\/b><span style=\"font-size: 11pt;\"><o:p \/><\/span><\/p>\n<p style=\"text-align: justify;\" class=\"MsoNormal\"><span style=\"font-size: 11pt;\">&#8216;Tu pots parlar per tel\u00e8fon i fer que la percepci\u00f3del teu interlocutor sigui neutre, per\u00f2 en el moment que et veu la cara canviai et parla en castell\u00e0.&#8217;<o:p \/><\/span><\/p>\n<p style=\"text-align: justify;\" class=\"MsoNormal\"><span style=\"font-size: 11pt;\">&#8216;La percepci\u00f3 que es t\u00e9 de la immigraci\u00f3, de certaimmigraci\u00f3, \u00e9s que es tracta de gent que ve a fer les feines que nosaltres novolem fer. I si resulta que vols fer una feina que no est\u00e0 en aquest cat\u00e0leg,ja has begut oli.&#8217;<\/span><\/p>\n<p style=\"text-align: justify;\" class=\"MsoNormal\"><b><span style=\"font-size: 11pt;\">Llu\u00eds Cabrera (Espanya)<\/span><\/b><span style=\"font-size: 11pt;\"><o:p \/><\/span><\/p>\n<p style=\"margin: 0cm 0cm 0.0001pt; text-align: justify;\" class=\"subtitular\"><span style=\"font-size: 11pt;\">&#8216;El tema del finan\u00e7ament de <st1:personname w:st=\"on\" productid=\"la Feria\">la Feria<\/st1:personname> de Abril \u00e9<\/span><span style=\"font-size: 11pt;\">s uncas \u00fanic, perqu\u00e8 a cap entitat social, cultural, esportiva&#8230; se li fa unacessi\u00f3 de metres quadrats p\u00fablics a preu simb\u00f2lic i se li donen subvencions iuna carpa que paga directament l&#8217;Ajuntament de Barcelona.&#8217;<\/span><\/p>\n<p><b><span style=\"font-size: 11pt;\">Adriana Gil (M\u00e8xic)<o:p \/><\/span><\/b><\/p>\n<p style=\"text-align: justify;\" class=\"MsoNormal\"><span style=\"font-size: 11pt;\">&#8216;Hi ha alguna persona catalana que em parla encastell\u00e0 <i>&#8216;porque conmigo no le sale&#8217;<\/i>. Aleshores hem quedat que ella emparla en castell\u00e0 i jo li parlo en catal\u00e0.&#8217;<o:p \/><\/span><\/p>\n<p style=\"text-align: justify;\" class=\"MsoNormal\">\n<p style=\"text-align: justify;\" class=\"MsoNormal\"><b><span style=\"font-size: 11pt;\">Mbaye Gaye (Senegal)<o:p \/><\/span><\/b><\/p>\n<p style=\"text-align: justify;\" class=\"MsoNormal\"><span style=\"font-size: 11pt;\">&#8216;Quan parles catal\u00e0, la gent et mira immediatamentd&#8217;una altra manera. La mirada ho diu tot. La mirada \u00e9s completament diferent.&#8217;<\/span><\/p>\n<p style=\"text-align: justify;\" class=\"MsoNormal\">\n<p style=\"text-align: justify;\" class=\"MsoNormal\"><b><span style=\"font-size: 11pt;\">Patr\u00edcia Gabancho (Argentina)<\/span><\/b><span style=\"font-size: 11pt;\"><o:p \/><\/span><\/p>\n<p style=\"text-align: justify;\" class=\"MsoNormal\"><span style=\"font-size: 11pt;\">&#8216;Ens diuen que la culturacatalana \u00e9s identit\u00e0ria. I l&#8217;espanyola, qu\u00e8 \u00e9s? Diuen que gastem diners encoses identit\u00e0ries, per\u00f2 \u00bfsap la gent quin pressupost remena l&#8217;InstitutCervantes? Doncs equival al 50% de tot el pressupost de cultura de <st1:personname w:st=\"on\" productid=\"la Generalitat\">la Generalitat<\/st1:personname>! Ja potscomptar quants diners gasta el Ministeri en cultura espanyola.&#8217;<o:p \/><\/span><\/p>\n<p><span style=\"font-size: 11pt;\"><o:p \/><\/span><span style=\"font-size: 10pt; font-family: Verdana;\"><br \/>Nota: Aquest actecomptar\u00e0 amb servei d&#8217;interpretaci\u00f3 en llengua de sords catalana ac\u00e0rrec de l&#8217;Agrupaci\u00f3 de Sords de Vic i Comarca.<\/p>\n<p>M\u00e9s informaci\u00f3 al <a href=\"http:\/\/www.victoralexandre.cat\/\">bloc de V\u00edctor Alexandre<\/a><a href=\"http:\/\/www.victoralexandre.cat\/\">.<\/a><\/p>\n<p><\/span><\/p>\n","protected":false},"excerpt":{"rendered":"<p>,,,<\/p>\n","protected":false},"author":1,"featured_media":0,"comment_status":"closed","ping_status":"open","sticky":false,"template":"","format":"standard","meta":{"_acf_changed":false,"footnotes":""},"categories":[1],"tags":[],"post_headquarter":[1752],"post_project":[],"class_list":["post-2566","post","type-post","status-publish","format-standard","hentry","category-uncategorized-ca","post_headquarter-osona"],"acf":[],"yoast_head":"<!-- This site is optimized with the Yoast SEO plugin v27.2 - https:\/\/yoast.com\/product\/yoast-seo-wordpress\/ -->\n<title>Els Dijous de l&#039;\u00d2mnium. Divendres 27 de juny, presentaci\u00f3 del llibre &#039;Nosaltres els Catalans&#039; de V\u00edctor Alexandre. Llibreria La Tralla, Vic. 20h - \u00d2mnium Cultural<\/title>\n<meta name=\"robots\" content=\"index, follow, max-snippet:-1, max-image-preview:large, max-video-preview:-1\" \/>\n<link rel=\"canonical\" href=\"https:\/\/www.omnium.cat\/ca\/els-dijous-de-lomnium-divendres-27-de-juny-presentacio-del-llibre-nosaltres-els-catalans-de-victor-alexandre-llibreria-la-tralla-vic-20h\/\" \/>\n<meta name=\"twitter:label1\" content=\"Escrit per\" \/>\n\t<meta name=\"twitter:data1\" content=\"eduard.nadal@whads.com\" \/>\n\t<meta name=\"twitter:label2\" content=\"Temps estimat de lectura\" \/>\n\t<meta name=\"twitter:data2\" content=\"3 minuts\" \/>\n<script type=\"application\/ld+json\" class=\"yoast-schema-graph\">{\"@context\":\"https:\/\/schema.org\",\"@graph\":[{\"@type\":\"Article\",\"@id\":\"https:\/\/www.omnium.cat\/ca\/els-dijous-de-lomnium-divendres-27-de-juny-presentacio-del-llibre-nosaltres-els-catalans-de-victor-alexandre-llibreria-la-tralla-vic-20h\/#article\",\"isPartOf\":{\"@id\":\"https:\/\/www.omnium.cat\/ca\/els-dijous-de-lomnium-divendres-27-de-juny-presentacio-del-llibre-nosaltres-els-catalans-de-victor-alexandre-llibreria-la-tralla-vic-20h\/\"},\"author\":{\"name\":\"eduard.nadal@whads.com\",\"@id\":\"https:\/\/www.omnium.cat\/ca\/#\/schema\/person\/92dc7c4963acfbe484fb60f5bf2e924c\"},\"headline\":\"Els Dijous de l&#8217;\u00d2mnium. Divendres 27 de juny, presentaci\u00f3 del llibre &#8216;Nosaltres els Catalans&#8217; de V\u00edctor Alexandre. Llibreria La Tralla, Vic. 20h\",\"datePublished\":\"2008-06-25T00:00:00+00:00\",\"mainEntityOfPage\":{\"@id\":\"https:\/\/www.omnium.cat\/ca\/els-dijous-de-lomnium-divendres-27-de-juny-presentacio-del-llibre-nosaltres-els-catalans-de-victor-alexandre-llibreria-la-tralla-vic-20h\/\"},\"wordCount\":584,\"publisher\":{\"@id\":\"https:\/\/www.omnium.cat\/ca\/#organization\"},\"image\":{\"@id\":\"https:\/\/www.omnium.cat\/ca\/els-dijous-de-lomnium-divendres-27-de-juny-presentacio-del-llibre-nosaltres-els-catalans-de-victor-alexandre-llibreria-la-tralla-vic-20h\/#primaryimage\"},\"thumbnailUrl\":\"file:\/\/\/C:\/DOCUME~1\/PC01\/CONFIG~1\/Temp\/moz-screenshot-5.jpg\",\"articleSection\":[\"Uncategorized @oc\"],\"inLanguage\":\"ca\"},{\"@type\":\"WebPage\",\"@id\":\"https:\/\/www.omnium.cat\/ca\/els-dijous-de-lomnium-divendres-27-de-juny-presentacio-del-llibre-nosaltres-els-catalans-de-victor-alexandre-llibreria-la-tralla-vic-20h\/\",\"url\":\"https:\/\/www.omnium.cat\/ca\/els-dijous-de-lomnium-divendres-27-de-juny-presentacio-del-llibre-nosaltres-els-catalans-de-victor-alexandre-llibreria-la-tralla-vic-20h\/\",\"name\":\"Els Dijous de l'\u00d2mnium. Divendres 27 de juny, presentaci\u00f3 del llibre 'Nosaltres els Catalans' de V\u00edctor Alexandre. Llibreria La Tralla, Vic. 20h - \u00d2mnium Cultural\",\"isPartOf\":{\"@id\":\"https:\/\/www.omnium.cat\/ca\/#website\"},\"primaryImageOfPage\":{\"@id\":\"https:\/\/www.omnium.cat\/ca\/els-dijous-de-lomnium-divendres-27-de-juny-presentacio-del-llibre-nosaltres-els-catalans-de-victor-alexandre-llibreria-la-tralla-vic-20h\/#primaryimage\"},\"image\":{\"@id\":\"https:\/\/www.omnium.cat\/ca\/els-dijous-de-lomnium-divendres-27-de-juny-presentacio-del-llibre-nosaltres-els-catalans-de-victor-alexandre-llibreria-la-tralla-vic-20h\/#primaryimage\"},\"thumbnailUrl\":\"file:\/\/\/C:\/DOCUME~1\/PC01\/CONFIG~1\/Temp\/moz-screenshot-5.jpg\",\"datePublished\":\"2008-06-25T00:00:00+00:00\",\"breadcrumb\":{\"@id\":\"https:\/\/www.omnium.cat\/ca\/els-dijous-de-lomnium-divendres-27-de-juny-presentacio-del-llibre-nosaltres-els-catalans-de-victor-alexandre-llibreria-la-tralla-vic-20h\/#breadcrumb\"},\"inLanguage\":\"ca\",\"potentialAction\":[{\"@type\":\"ReadAction\",\"target\":[\"https:\/\/www.omnium.cat\/ca\/els-dijous-de-lomnium-divendres-27-de-juny-presentacio-del-llibre-nosaltres-els-catalans-de-victor-alexandre-llibreria-la-tralla-vic-20h\/\"]}]},{\"@type\":\"ImageObject\",\"inLanguage\":\"ca\",\"@id\":\"https:\/\/www.omnium.cat\/ca\/els-dijous-de-lomnium-divendres-27-de-juny-presentacio-del-llibre-nosaltres-els-catalans-de-victor-alexandre-llibreria-la-tralla-vic-20h\/#primaryimage\",\"url\":\"file:\/\/\/C:\/DOCUME~1\/PC01\/CONFIG~1\/Temp\/moz-screenshot-5.jpg\",\"contentUrl\":\"file:\/\/\/C:\/DOCUME~1\/PC01\/CONFIG~1\/Temp\/moz-screenshot-5.jpg\"},{\"@type\":\"BreadcrumbList\",\"@id\":\"https:\/\/www.omnium.cat\/ca\/els-dijous-de-lomnium-divendres-27-de-juny-presentacio-del-llibre-nosaltres-els-catalans-de-victor-alexandre-llibreria-la-tralla-vic-20h\/#breadcrumb\",\"itemListElement\":[{\"@type\":\"ListItem\",\"position\":1,\"name\":\"Inici\",\"item\":\"https:\/\/www.omnium.cat\/ca\/\"},{\"@type\":\"ListItem\",\"position\":2,\"name\":\"Els Dijous de l&#8217;\u00d2mnium. Divendres 27 de juny, presentaci\u00f3 del llibre &#8216;Nosaltres els Catalans&#8217; de V\u00edctor Alexandre. Llibreria La Tralla, Vic. 20h\"}]},{\"@type\":\"WebSite\",\"@id\":\"https:\/\/www.omnium.cat\/ca\/#website\",\"url\":\"https:\/\/www.omnium.cat\/ca\/\",\"name\":\"\u00d2mnium Cultural\",\"description\":\"Llengua Cultura Pa\u00eds\",\"publisher\":{\"@id\":\"https:\/\/www.omnium.cat\/ca\/#organization\"},\"potentialAction\":[{\"@type\":\"SearchAction\",\"target\":{\"@type\":\"EntryPoint\",\"urlTemplate\":\"https:\/\/www.omnium.cat\/ca\/?s={search_term_string}\"},\"query-input\":{\"@type\":\"PropertyValueSpecification\",\"valueRequired\":true,\"valueName\":\"search_term_string\"}}],\"inLanguage\":\"ca\"},{\"@type\":\"Organization\",\"@id\":\"https:\/\/www.omnium.cat\/ca\/#organization\",\"name\":\"\u00d2mnium Cultural\",\"url\":\"https:\/\/www.omnium.cat\/ca\/\",\"logo\":{\"@type\":\"ImageObject\",\"inLanguage\":\"ca\",\"@id\":\"https:\/\/www.omnium.cat\/ca\/#\/schema\/logo\/image\/\",\"url\":\"https:\/\/cdn.omnium.cat\/wp-content\/uploads\/2019\/06\/01112517\/cropped-omnium_logo-1.png\",\"contentUrl\":\"https:\/\/cdn.omnium.cat\/wp-content\/uploads\/2019\/06\/01112517\/cropped-omnium_logo-1.png\",\"width\":1213,\"height\":262,\"caption\":\"\u00d2mnium Cultural\"},\"image\":{\"@id\":\"https:\/\/www.omnium.cat\/ca\/#\/schema\/logo\/image\/\"},\"sameAs\":[\"https:\/\/www.facebook.com\/omniumcultural\",\"https:\/\/x.com\/omnium\",\"https:\/\/www.instagram.com\/omniumcultural\/\",\"https:\/\/www.youtube.com\/user\/omniumcultural\"]},{\"@type\":\"Person\",\"@id\":\"https:\/\/www.omnium.cat\/ca\/#\/schema\/person\/92dc7c4963acfbe484fb60f5bf2e924c\",\"name\":\"eduard.nadal@whads.com\",\"image\":{\"@type\":\"ImageObject\",\"inLanguage\":\"ca\",\"@id\":\"https:\/\/secure.gravatar.com\/avatar\/c683b4f4d46c786c30fc67faa017bf0582bba4180ebb607c7cdc9659cf4980a8?s=96&d=mm&r=g\",\"url\":\"https:\/\/secure.gravatar.com\/avatar\/c683b4f4d46c786c30fc67faa017bf0582bba4180ebb607c7cdc9659cf4980a8?s=96&d=mm&r=g\",\"contentUrl\":\"https:\/\/secure.gravatar.com\/avatar\/c683b4f4d46c786c30fc67faa017bf0582bba4180ebb607c7cdc9659cf4980a8?s=96&d=mm&r=g\",\"caption\":\"eduard.nadal@whads.com\"},\"sameAs\":[\"http:\/\/www.whads.com\"]}]}<\/script>\n<!-- \/ Yoast SEO plugin. -->","yoast_head_json":{"title":"Els Dijous de l'\u00d2mnium. Divendres 27 de juny, presentaci\u00f3 del llibre 'Nosaltres els Catalans' de V\u00edctor Alexandre. Llibreria La Tralla, Vic. 20h - \u00d2mnium Cultural","robots":{"index":"index","follow":"follow","max-snippet":"max-snippet:-1","max-image-preview":"max-image-preview:large","max-video-preview":"max-video-preview:-1"},"canonical":"https:\/\/www.omnium.cat\/ca\/els-dijous-de-lomnium-divendres-27-de-juny-presentacio-del-llibre-nosaltres-els-catalans-de-victor-alexandre-llibreria-la-tralla-vic-20h\/","twitter_misc":{"Escrit per":"eduard.nadal@whads.com","Temps estimat de lectura":"3 minuts"},"schema":{"@context":"https:\/\/schema.org","@graph":[{"@type":"Article","@id":"https:\/\/www.omnium.cat\/ca\/els-dijous-de-lomnium-divendres-27-de-juny-presentacio-del-llibre-nosaltres-els-catalans-de-victor-alexandre-llibreria-la-tralla-vic-20h\/#article","isPartOf":{"@id":"https:\/\/www.omnium.cat\/ca\/els-dijous-de-lomnium-divendres-27-de-juny-presentacio-del-llibre-nosaltres-els-catalans-de-victor-alexandre-llibreria-la-tralla-vic-20h\/"},"author":{"name":"eduard.nadal@whads.com","@id":"https:\/\/www.omnium.cat\/ca\/#\/schema\/person\/92dc7c4963acfbe484fb60f5bf2e924c"},"headline":"Els Dijous de l&#8217;\u00d2mnium. Divendres 27 de juny, presentaci\u00f3 del llibre &#8216;Nosaltres els Catalans&#8217; de V\u00edctor Alexandre. Llibreria La Tralla, Vic. 20h","datePublished":"2008-06-25T00:00:00+00:00","mainEntityOfPage":{"@id":"https:\/\/www.omnium.cat\/ca\/els-dijous-de-lomnium-divendres-27-de-juny-presentacio-del-llibre-nosaltres-els-catalans-de-victor-alexandre-llibreria-la-tralla-vic-20h\/"},"wordCount":584,"publisher":{"@id":"https:\/\/www.omnium.cat\/ca\/#organization"},"image":{"@id":"https:\/\/www.omnium.cat\/ca\/els-dijous-de-lomnium-divendres-27-de-juny-presentacio-del-llibre-nosaltres-els-catalans-de-victor-alexandre-llibreria-la-tralla-vic-20h\/#primaryimage"},"thumbnailUrl":"file:\/\/\/C:\/DOCUME~1\/PC01\/CONFIG~1\/Temp\/moz-screenshot-5.jpg","articleSection":["Uncategorized @oc"],"inLanguage":"ca"},{"@type":"WebPage","@id":"https:\/\/www.omnium.cat\/ca\/els-dijous-de-lomnium-divendres-27-de-juny-presentacio-del-llibre-nosaltres-els-catalans-de-victor-alexandre-llibreria-la-tralla-vic-20h\/","url":"https:\/\/www.omnium.cat\/ca\/els-dijous-de-lomnium-divendres-27-de-juny-presentacio-del-llibre-nosaltres-els-catalans-de-victor-alexandre-llibreria-la-tralla-vic-20h\/","name":"Els Dijous de l'\u00d2mnium. Divendres 27 de juny, presentaci\u00f3 del llibre 'Nosaltres els Catalans' de V\u00edctor Alexandre. Llibreria La Tralla, Vic. 20h - \u00d2mnium Cultural","isPartOf":{"@id":"https:\/\/www.omnium.cat\/ca\/#website"},"primaryImageOfPage":{"@id":"https:\/\/www.omnium.cat\/ca\/els-dijous-de-lomnium-divendres-27-de-juny-presentacio-del-llibre-nosaltres-els-catalans-de-victor-alexandre-llibreria-la-tralla-vic-20h\/#primaryimage"},"image":{"@id":"https:\/\/www.omnium.cat\/ca\/els-dijous-de-lomnium-divendres-27-de-juny-presentacio-del-llibre-nosaltres-els-catalans-de-victor-alexandre-llibreria-la-tralla-vic-20h\/#primaryimage"},"thumbnailUrl":"file:\/\/\/C:\/DOCUME~1\/PC01\/CONFIG~1\/Temp\/moz-screenshot-5.jpg","datePublished":"2008-06-25T00:00:00+00:00","breadcrumb":{"@id":"https:\/\/www.omnium.cat\/ca\/els-dijous-de-lomnium-divendres-27-de-juny-presentacio-del-llibre-nosaltres-els-catalans-de-victor-alexandre-llibreria-la-tralla-vic-20h\/#breadcrumb"},"inLanguage":"ca","potentialAction":[{"@type":"ReadAction","target":["https:\/\/www.omnium.cat\/ca\/els-dijous-de-lomnium-divendres-27-de-juny-presentacio-del-llibre-nosaltres-els-catalans-de-victor-alexandre-llibreria-la-tralla-vic-20h\/"]}]},{"@type":"ImageObject","inLanguage":"ca","@id":"https:\/\/www.omnium.cat\/ca\/els-dijous-de-lomnium-divendres-27-de-juny-presentacio-del-llibre-nosaltres-els-catalans-de-victor-alexandre-llibreria-la-tralla-vic-20h\/#primaryimage","url":"file:\/\/\/C:\/DOCUME~1\/PC01\/CONFIG~1\/Temp\/moz-screenshot-5.jpg","contentUrl":"file:\/\/\/C:\/DOCUME~1\/PC01\/CONFIG~1\/Temp\/moz-screenshot-5.jpg"},{"@type":"BreadcrumbList","@id":"https:\/\/www.omnium.cat\/ca\/els-dijous-de-lomnium-divendres-27-de-juny-presentacio-del-llibre-nosaltres-els-catalans-de-victor-alexandre-llibreria-la-tralla-vic-20h\/#breadcrumb","itemListElement":[{"@type":"ListItem","position":1,"name":"Inici","item":"https:\/\/www.omnium.cat\/ca\/"},{"@type":"ListItem","position":2,"name":"Els Dijous de l&#8217;\u00d2mnium. Divendres 27 de juny, presentaci\u00f3 del llibre &#8216;Nosaltres els Catalans&#8217; de V\u00edctor Alexandre. Llibreria La Tralla, Vic. 20h"}]},{"@type":"WebSite","@id":"https:\/\/www.omnium.cat\/ca\/#website","url":"https:\/\/www.omnium.cat\/ca\/","name":"\u00d2mnium Cultural","description":"Llengua Cultura Pa\u00eds","publisher":{"@id":"https:\/\/www.omnium.cat\/ca\/#organization"},"potentialAction":[{"@type":"SearchAction","target":{"@type":"EntryPoint","urlTemplate":"https:\/\/www.omnium.cat\/ca\/?s={search_term_string}"},"query-input":{"@type":"PropertyValueSpecification","valueRequired":true,"valueName":"search_term_string"}}],"inLanguage":"ca"},{"@type":"Organization","@id":"https:\/\/www.omnium.cat\/ca\/#organization","name":"\u00d2mnium Cultural","url":"https:\/\/www.omnium.cat\/ca\/","logo":{"@type":"ImageObject","inLanguage":"ca","@id":"https:\/\/www.omnium.cat\/ca\/#\/schema\/logo\/image\/","url":"https:\/\/cdn.omnium.cat\/wp-content\/uploads\/2019\/06\/01112517\/cropped-omnium_logo-1.png","contentUrl":"https:\/\/cdn.omnium.cat\/wp-content\/uploads\/2019\/06\/01112517\/cropped-omnium_logo-1.png","width":1213,"height":262,"caption":"\u00d2mnium Cultural"},"image":{"@id":"https:\/\/www.omnium.cat\/ca\/#\/schema\/logo\/image\/"},"sameAs":["https:\/\/www.facebook.com\/omniumcultural","https:\/\/x.com\/omnium","https:\/\/www.instagram.com\/omniumcultural\/","https:\/\/www.youtube.com\/user\/omniumcultural"]},{"@type":"Person","@id":"https:\/\/www.omnium.cat\/ca\/#\/schema\/person\/92dc7c4963acfbe484fb60f5bf2e924c","name":"eduard.nadal@whads.com","image":{"@type":"ImageObject","inLanguage":"ca","@id":"https:\/\/secure.gravatar.com\/avatar\/c683b4f4d46c786c30fc67faa017bf0582bba4180ebb607c7cdc9659cf4980a8?s=96&d=mm&r=g","url":"https:\/\/secure.gravatar.com\/avatar\/c683b4f4d46c786c30fc67faa017bf0582bba4180ebb607c7cdc9659cf4980a8?s=96&d=mm&r=g","contentUrl":"https:\/\/secure.gravatar.com\/avatar\/c683b4f4d46c786c30fc67faa017bf0582bba4180ebb607c7cdc9659cf4980a8?s=96&d=mm&r=g","caption":"eduard.nadal@whads.com"},"sameAs":["http:\/\/www.whads.com"]}]}},"_links":{"self":[{"href":"https:\/\/www.omnium.cat\/ca\/wp-json\/wp\/v2\/posts\/2566","targetHints":{"allow":["GET"]}}],"collection":[{"href":"https:\/\/www.omnium.cat\/ca\/wp-json\/wp\/v2\/posts"}],"about":[{"href":"https:\/\/www.omnium.cat\/ca\/wp-json\/wp\/v2\/types\/post"}],"author":[{"embeddable":true,"href":"https:\/\/www.omnium.cat\/ca\/wp-json\/wp\/v2\/users\/1"}],"replies":[{"embeddable":true,"href":"https:\/\/www.omnium.cat\/ca\/wp-json\/wp\/v2\/comments?post=2566"}],"version-history":[{"count":0,"href":"https:\/\/www.omnium.cat\/ca\/wp-json\/wp\/v2\/posts\/2566\/revisions"}],"wp:attachment":[{"href":"https:\/\/www.omnium.cat\/ca\/wp-json\/wp\/v2\/media?parent=2566"}],"wp:term":[{"taxonomy":"category","embeddable":true,"href":"https:\/\/www.omnium.cat\/ca\/wp-json\/wp\/v2\/categories?post=2566"},{"taxonomy":"post_tag","embeddable":true,"href":"https:\/\/www.omnium.cat\/ca\/wp-json\/wp\/v2\/tags?post=2566"},{"taxonomy":"post_headquarter","embeddable":true,"href":"https:\/\/www.omnium.cat\/ca\/wp-json\/wp\/v2\/post_headquarter?post=2566"},{"taxonomy":"post_project","embeddable":true,"href":"https:\/\/www.omnium.cat\/ca\/wp-json\/wp\/v2\/post_project?post=2566"}],"curies":[{"name":"wp","href":"https:\/\/api.w.org\/{rel}","templated":true}]}}