{"id":2623,"date":"2008-06-25T02:00:00","date_gmt":"2008-06-25T00:00:00","guid":{"rendered":"http:\/\/omnium.whads.com\/la-flama-del-canigo-recorre-un-any-mes-els-paisos-catalans\/"},"modified":"2008-06-25T02:00:00","modified_gmt":"2008-06-25T00:00:00","slug":"la-flama-del-canigo-recorre-un-any-mes-els-paisos-catalans","status":"publish","type":"post","link":"https:\/\/www.omnium.cat\/ca\/la-flama-del-canigo-recorre-un-any-mes-els-paisos-catalans\/","title":{"rendered":"La Flama del Canig\u00f3 recorre un any m\u00e9s els Pa\u00efsos Catalans"},"content":{"rendered":"\n<div style=\"text-align: justify;\">25\/06\/08 (Redacci\u00f3 \u00d2C)<br \/>La Flama del Canig\u00f3 va rec\u00f3rrer una vegada m\u00e9s els Pa\u00efsos Catalans. I ja en son 28. Centenars de fogueres provinents del Canig\u00f3 van cremar arreu dels territoris de parla catalana per reivindicar la revetlla de Sant Joan com la Festa Nacional dels Pa\u00efsos Catalans. La Flama va cremar a viles i ciutats i va visitar el Parlament de Catalunya, on va ser rebuda pel president Ernest Benach. Aquest va reivindicar l&#8217;\u00fas desacomplexat i la normalitzaci\u00f3 del terme Pa\u00efsos Catalans. Jordi Porta va aprofitar la ocasi\u00f3 per reivindicar que la Flama &#8216;simbolitza la llengua i el fet que circuli \u00e9s un s\u00edmbol de la unitat dels Pa\u00efsos Catalans&#8217;.<\/p>\n<p><a href=\"http:\/\/omnium.cat\/articleViewPage.php?art_ID=3546\" style=\"font-weight: bold;\">Lectura del manifest d&#8217;enguany.<\/a><\/div>\n<p><\/p>\n","protected":false},"excerpt":{"rendered":"<p>,,,<\/p>\n","protected":false},"author":1,"featured_media":0,"comment_status":"closed","ping_status":"open","sticky":false,"template":"","format":"standard","meta":{"_acf_changed":false,"footnotes":""},"categories":[1],"tags":[],"post_headquarter":[1744],"post_project":[],"class_list":["post-2623","post","type-post","status-publish","format-standard","hentry","category-uncategorized-ca","post_headquarter-nacional"],"acf":[],"yoast_head":"<!-- This site is optimized with the Yoast SEO plugin v27.2 - https:\/\/yoast.com\/product\/yoast-seo-wordpress\/ -->\n<title>La Flama del Canig\u00f3 recorre un any m\u00e9s els Pa\u00efsos Catalans - \u00d2mnium Cultural<\/title>\n<meta name=\"robots\" content=\"index, follow, max-snippet:-1, max-image-preview:large, max-video-preview:-1\" \/>\n<link rel=\"canonical\" href=\"https:\/\/www.omnium.cat\/ca\/la-flama-del-canigo-recorre-un-any-mes-els-paisos-catalans\/\" \/>\n<meta name=\"twitter:label1\" content=\"Escrit per\" \/>\n\t<meta name=\"twitter:data1\" content=\"eduard.nadal@whads.com\" \/>\n\t<meta name=\"twitter:label2\" content=\"Temps estimat de lectura\" \/>\n\t<meta name=\"twitter:data2\" content=\"1 minut\" \/>\n<script type=\"application\/ld+json\" class=\"yoast-schema-graph\">{\"@context\":\"https:\/\/schema.org\",\"@graph\":[{\"@type\":\"Article\",\"@id\":\"https:\/\/www.omnium.cat\/ca\/la-flama-del-canigo-recorre-un-any-mes-els-paisos-catalans\/#article\",\"isPartOf\":{\"@id\":\"https:\/\/www.omnium.cat\/ca\/la-flama-del-canigo-recorre-un-any-mes-els-paisos-catalans\/\"},\"author\":{\"name\":\"eduard.nadal@whads.com\",\"@id\":\"https:\/\/www.omnium.cat\/ca\/#\/schema\/person\/92dc7c4963acfbe484fb60f5bf2e924c\"},\"headline\":\"La Flama del Canig\u00f3 recorre un any m\u00e9s els Pa\u00efsos Catalans\",\"datePublished\":\"2008-06-25T00:00:00+00:00\",\"mainEntityOfPage\":{\"@id\":\"https:\/\/www.omnium.cat\/ca\/la-flama-del-canigo-recorre-un-any-mes-els-paisos-catalans\/\"},\"wordCount\":135,\"publisher\":{\"@id\":\"https:\/\/www.omnium.cat\/ca\/#organization\"},\"articleSection\":[\"Uncategorized @oc\"],\"inLanguage\":\"ca\"},{\"@type\":\"WebPage\",\"@id\":\"https:\/\/www.omnium.cat\/ca\/la-flama-del-canigo-recorre-un-any-mes-els-paisos-catalans\/\",\"url\":\"https:\/\/www.omnium.cat\/ca\/la-flama-del-canigo-recorre-un-any-mes-els-paisos-catalans\/\",\"name\":\"La Flama del Canig\u00f3 recorre un any m\u00e9s els Pa\u00efsos Catalans - \u00d2mnium Cultural\",\"isPartOf\":{\"@id\":\"https:\/\/www.omnium.cat\/ca\/#website\"},\"datePublished\":\"2008-06-25T00:00:00+00:00\",\"breadcrumb\":{\"@id\":\"https:\/\/www.omnium.cat\/ca\/la-flama-del-canigo-recorre-un-any-mes-els-paisos-catalans\/#breadcrumb\"},\"inLanguage\":\"ca\",\"potentialAction\":[{\"@type\":\"ReadAction\",\"target\":[\"https:\/\/www.omnium.cat\/ca\/la-flama-del-canigo-recorre-un-any-mes-els-paisos-catalans\/\"]}]},{\"@type\":\"BreadcrumbList\",\"@id\":\"https:\/\/www.omnium.cat\/ca\/la-flama-del-canigo-recorre-un-any-mes-els-paisos-catalans\/#breadcrumb\",\"itemListElement\":[{\"@type\":\"ListItem\",\"position\":1,\"name\":\"Inici\",\"item\":\"https:\/\/www.omnium.cat\/ca\/\"},{\"@type\":\"ListItem\",\"position\":2,\"name\":\"La Flama del Canig\u00f3 recorre un any m\u00e9s els Pa\u00efsos Catalans\"}]},{\"@type\":\"WebSite\",\"@id\":\"https:\/\/www.omnium.cat\/ca\/#website\",\"url\":\"https:\/\/www.omnium.cat\/ca\/\",\"name\":\"\u00d2mnium Cultural\",\"description\":\"Llengua Cultura Pa\u00eds\",\"publisher\":{\"@id\":\"https:\/\/www.omnium.cat\/ca\/#organization\"},\"potentialAction\":[{\"@type\":\"SearchAction\",\"target\":{\"@type\":\"EntryPoint\",\"urlTemplate\":\"https:\/\/www.omnium.cat\/ca\/?s={search_term_string}\"},\"query-input\":{\"@type\":\"PropertyValueSpecification\",\"valueRequired\":true,\"valueName\":\"search_term_string\"}}],\"inLanguage\":\"ca\"},{\"@type\":\"Organization\",\"@id\":\"https:\/\/www.omnium.cat\/ca\/#organization\",\"name\":\"\u00d2mnium Cultural\",\"url\":\"https:\/\/www.omnium.cat\/ca\/\",\"logo\":{\"@type\":\"ImageObject\",\"inLanguage\":\"ca\",\"@id\":\"https:\/\/www.omnium.cat\/ca\/#\/schema\/logo\/image\/\",\"url\":\"https:\/\/cdn.omnium.cat\/wp-content\/uploads\/2019\/06\/01112517\/cropped-omnium_logo-1.png\",\"contentUrl\":\"https:\/\/cdn.omnium.cat\/wp-content\/uploads\/2019\/06\/01112517\/cropped-omnium_logo-1.png\",\"width\":1213,\"height\":262,\"caption\":\"\u00d2mnium Cultural\"},\"image\":{\"@id\":\"https:\/\/www.omnium.cat\/ca\/#\/schema\/logo\/image\/\"},\"sameAs\":[\"https:\/\/www.facebook.com\/omniumcultural\",\"https:\/\/x.com\/omnium\",\"https:\/\/www.instagram.com\/omniumcultural\/\",\"https:\/\/www.youtube.com\/user\/omniumcultural\"]},{\"@type\":\"Person\",\"@id\":\"https:\/\/www.omnium.cat\/ca\/#\/schema\/person\/92dc7c4963acfbe484fb60f5bf2e924c\",\"name\":\"eduard.nadal@whads.com\",\"image\":{\"@type\":\"ImageObject\",\"inLanguage\":\"ca\",\"@id\":\"https:\/\/secure.gravatar.com\/avatar\/c683b4f4d46c786c30fc67faa017bf0582bba4180ebb607c7cdc9659cf4980a8?s=96&d=mm&r=g\",\"url\":\"https:\/\/secure.gravatar.com\/avatar\/c683b4f4d46c786c30fc67faa017bf0582bba4180ebb607c7cdc9659cf4980a8?s=96&d=mm&r=g\",\"contentUrl\":\"https:\/\/secure.gravatar.com\/avatar\/c683b4f4d46c786c30fc67faa017bf0582bba4180ebb607c7cdc9659cf4980a8?s=96&d=mm&r=g\",\"caption\":\"eduard.nadal@whads.com\"},\"sameAs\":[\"http:\/\/www.whads.com\"]}]}<\/script>\n<!-- \/ Yoast SEO plugin. -->","yoast_head_json":{"title":"La Flama del Canig\u00f3 recorre un any m\u00e9s els Pa\u00efsos Catalans - \u00d2mnium Cultural","robots":{"index":"index","follow":"follow","max-snippet":"max-snippet:-1","max-image-preview":"max-image-preview:large","max-video-preview":"max-video-preview:-1"},"canonical":"https:\/\/www.omnium.cat\/ca\/la-flama-del-canigo-recorre-un-any-mes-els-paisos-catalans\/","twitter_misc":{"Escrit per":"eduard.nadal@whads.com","Temps estimat de lectura":"1 minut"},"schema":{"@context":"https:\/\/schema.org","@graph":[{"@type":"Article","@id":"https:\/\/www.omnium.cat\/ca\/la-flama-del-canigo-recorre-un-any-mes-els-paisos-catalans\/#article","isPartOf":{"@id":"https:\/\/www.omnium.cat\/ca\/la-flama-del-canigo-recorre-un-any-mes-els-paisos-catalans\/"},"author":{"name":"eduard.nadal@whads.com","@id":"https:\/\/www.omnium.cat\/ca\/#\/schema\/person\/92dc7c4963acfbe484fb60f5bf2e924c"},"headline":"La Flama del Canig\u00f3 recorre un any m\u00e9s els Pa\u00efsos Catalans","datePublished":"2008-06-25T00:00:00+00:00","mainEntityOfPage":{"@id":"https:\/\/www.omnium.cat\/ca\/la-flama-del-canigo-recorre-un-any-mes-els-paisos-catalans\/"},"wordCount":135,"publisher":{"@id":"https:\/\/www.omnium.cat\/ca\/#organization"},"articleSection":["Uncategorized @oc"],"inLanguage":"ca"},{"@type":"WebPage","@id":"https:\/\/www.omnium.cat\/ca\/la-flama-del-canigo-recorre-un-any-mes-els-paisos-catalans\/","url":"https:\/\/www.omnium.cat\/ca\/la-flama-del-canigo-recorre-un-any-mes-els-paisos-catalans\/","name":"La Flama del Canig\u00f3 recorre un any m\u00e9s els Pa\u00efsos Catalans - \u00d2mnium Cultural","isPartOf":{"@id":"https:\/\/www.omnium.cat\/ca\/#website"},"datePublished":"2008-06-25T00:00:00+00:00","breadcrumb":{"@id":"https:\/\/www.omnium.cat\/ca\/la-flama-del-canigo-recorre-un-any-mes-els-paisos-catalans\/#breadcrumb"},"inLanguage":"ca","potentialAction":[{"@type":"ReadAction","target":["https:\/\/www.omnium.cat\/ca\/la-flama-del-canigo-recorre-un-any-mes-els-paisos-catalans\/"]}]},{"@type":"BreadcrumbList","@id":"https:\/\/www.omnium.cat\/ca\/la-flama-del-canigo-recorre-un-any-mes-els-paisos-catalans\/#breadcrumb","itemListElement":[{"@type":"ListItem","position":1,"name":"Inici","item":"https:\/\/www.omnium.cat\/ca\/"},{"@type":"ListItem","position":2,"name":"La Flama del Canig\u00f3 recorre un any m\u00e9s els Pa\u00efsos Catalans"}]},{"@type":"WebSite","@id":"https:\/\/www.omnium.cat\/ca\/#website","url":"https:\/\/www.omnium.cat\/ca\/","name":"\u00d2mnium Cultural","description":"Llengua Cultura Pa\u00eds","publisher":{"@id":"https:\/\/www.omnium.cat\/ca\/#organization"},"potentialAction":[{"@type":"SearchAction","target":{"@type":"EntryPoint","urlTemplate":"https:\/\/www.omnium.cat\/ca\/?s={search_term_string}"},"query-input":{"@type":"PropertyValueSpecification","valueRequired":true,"valueName":"search_term_string"}}],"inLanguage":"ca"},{"@type":"Organization","@id":"https:\/\/www.omnium.cat\/ca\/#organization","name":"\u00d2mnium Cultural","url":"https:\/\/www.omnium.cat\/ca\/","logo":{"@type":"ImageObject","inLanguage":"ca","@id":"https:\/\/www.omnium.cat\/ca\/#\/schema\/logo\/image\/","url":"https:\/\/cdn.omnium.cat\/wp-content\/uploads\/2019\/06\/01112517\/cropped-omnium_logo-1.png","contentUrl":"https:\/\/cdn.omnium.cat\/wp-content\/uploads\/2019\/06\/01112517\/cropped-omnium_logo-1.png","width":1213,"height":262,"caption":"\u00d2mnium Cultural"},"image":{"@id":"https:\/\/www.omnium.cat\/ca\/#\/schema\/logo\/image\/"},"sameAs":["https:\/\/www.facebook.com\/omniumcultural","https:\/\/x.com\/omnium","https:\/\/www.instagram.com\/omniumcultural\/","https:\/\/www.youtube.com\/user\/omniumcultural"]},{"@type":"Person","@id":"https:\/\/www.omnium.cat\/ca\/#\/schema\/person\/92dc7c4963acfbe484fb60f5bf2e924c","name":"eduard.nadal@whads.com","image":{"@type":"ImageObject","inLanguage":"ca","@id":"https:\/\/secure.gravatar.com\/avatar\/c683b4f4d46c786c30fc67faa017bf0582bba4180ebb607c7cdc9659cf4980a8?s=96&d=mm&r=g","url":"https:\/\/secure.gravatar.com\/avatar\/c683b4f4d46c786c30fc67faa017bf0582bba4180ebb607c7cdc9659cf4980a8?s=96&d=mm&r=g","contentUrl":"https:\/\/secure.gravatar.com\/avatar\/c683b4f4d46c786c30fc67faa017bf0582bba4180ebb607c7cdc9659cf4980a8?s=96&d=mm&r=g","caption":"eduard.nadal@whads.com"},"sameAs":["http:\/\/www.whads.com"]}]}},"_links":{"self":[{"href":"https:\/\/www.omnium.cat\/ca\/wp-json\/wp\/v2\/posts\/2623","targetHints":{"allow":["GET"]}}],"collection":[{"href":"https:\/\/www.omnium.cat\/ca\/wp-json\/wp\/v2\/posts"}],"about":[{"href":"https:\/\/www.omnium.cat\/ca\/wp-json\/wp\/v2\/types\/post"}],"author":[{"embeddable":true,"href":"https:\/\/www.omnium.cat\/ca\/wp-json\/wp\/v2\/users\/1"}],"replies":[{"embeddable":true,"href":"https:\/\/www.omnium.cat\/ca\/wp-json\/wp\/v2\/comments?post=2623"}],"version-history":[{"count":0,"href":"https:\/\/www.omnium.cat\/ca\/wp-json\/wp\/v2\/posts\/2623\/revisions"}],"wp:attachment":[{"href":"https:\/\/www.omnium.cat\/ca\/wp-json\/wp\/v2\/media?parent=2623"}],"wp:term":[{"taxonomy":"category","embeddable":true,"href":"https:\/\/www.omnium.cat\/ca\/wp-json\/wp\/v2\/categories?post=2623"},{"taxonomy":"post_tag","embeddable":true,"href":"https:\/\/www.omnium.cat\/ca\/wp-json\/wp\/v2\/tags?post=2623"},{"taxonomy":"post_headquarter","embeddable":true,"href":"https:\/\/www.omnium.cat\/ca\/wp-json\/wp\/v2\/post_headquarter?post=2623"},{"taxonomy":"post_project","embeddable":true,"href":"https:\/\/www.omnium.cat\/ca\/wp-json\/wp\/v2\/post_project?post=2623"}],"curies":[{"name":"wp","href":"https:\/\/api.w.org\/{rel}","templated":true}]}}