{"id":304415,"date":"2021-10-15T10:36:16","date_gmt":"2021-10-15T08:36:16","guid":{"rendered":"https:\/\/www.omnium.cat\/?p=304415"},"modified":"2021-10-15T10:36:19","modified_gmt":"2021-10-15T08:36:19","slug":"mauri-han-passat-81-anys-de-lassassinat-del-president-companys-i-seguim-lamentant-repressio-i-venjanca-com-veiem-al-tribunal-de-comptes","status":"publish","type":"post","link":"https:\/\/www.omnium.cat\/ca\/mauri-han-passat-81-anys-de-lassassinat-del-president-companys-i-seguim-lamentant-repressio-i-venjanca-com-veiem-al-tribunal-de-comptes\/","title":{"rendered":"Mauri: \u201cHan passat 81 anys de l\u2019assassinat del president Companys i seguim lamentant repressi\u00f3 i venjan\u00e7a, com veiem al Tribunal de Comptes\u201d"},"content":{"rendered":"\n<p style=\"text-align: center;\"><em><strong>El vicepresident d&#8217;\u00d2mnium assegura que l&#8217;Estat &#8220;perd oportunitats&#8221; de posar &#8220;punt i final al franquisme&#8221; amb la nova llei de mem\u00f2ria hist\u00f2rica<\/strong><\/em><\/p>\n<p>\u00a0<\/p>\n<p>El vicepresident d\u2019\u00d2mnium Cultural, <strong>Marcel Mauri<\/strong>, ha assegurat des de Montju\u00efc que 81 anys despr\u00e9s de l\u2019afusellament del president de la Generalitat Llu\u00eds Companys per part del franquisme \u201c<strong>s\u2019ha de seguir lamentant la repressi\u00f3 i la venjan\u00e7a, com s\u2019est\u00e0 veient al Tribunal de Comptes\u201d. \u201cMalauradament encara hi ha moltes institucions de l\u2019Estat, com la just\u00edcia i altres aparells de l\u2019Estat, que continuen amb aquesta vinculaci\u00f3 estreta amb el franquisme\u201d<\/strong>, ha declarat, i ha afegit: <strong>\u201cHo veiem per exemple amb el Tribunal de Comptes, que \u00e9s una vergonya perqu\u00e8 no imparteix cap just\u00edcia i l\u2019\u00fanic que imparteix \u00e9s venjan\u00e7a, com en el cas dels 34 servidors p\u00fablics que l\u2019\u00fanic que han fet \u00e9s defensar la causa de Catalunya arreu del m\u00f3n\u201d.<\/strong> Segons Mauri, no es pot oblidar que el Tribunal de Comptes<strong> \u201csegueix reprimint\u201d<\/strong>, i que de la persecuci\u00f3 a l\u2019independentisme ja en sorgeixen m\u00e9s de 3.500 represaliats.\u00a0<\/p>\n<p>Avui, per\u00f2, ha explicat Mauri, tamb\u00e9 \u00e9s un dia per recordar a l\u2019Estat espanyol que\u00a0<strong> \u201cseguim exactament igual, veient com se segueix sense demanar disculpes, com en el cas de Companys, qu\u00e9 \u00e9s l\u2019\u00fanic president escollit democr\u00e0ticament assassinat pel feixisme\u201d.<\/strong> Per aix\u00f2, el vicepresident d\u2019\u00d2mnium ha considerat que l\u2019Estat<strong> \u201ctorna a perdre oportunitats amb aquesta nova llei de mem\u00f2ria hist\u00f2rica\u201d<\/strong> que, segons ha apuntat, <strong>\u201cno significar\u00e0 un punt i final al franquisme ni passar comptes amb tot el que va passar durant la dictadura\u201d<\/strong>, ja que, per exemple, ni tan sols preveu anul\u00b7lar el judici contra el president Companys ni restaurar la mem\u00f2ria de totes les v\u00edctimes.\u00a0<\/p>\n","protected":false},"excerpt":{"rendered":"<p>El vicepresident d&#8217;\u00d2mnium assegura que l&#8217;Estat &#8220;perd oportunitats&#8221; de posar &#8220;punt i final al franquisme&#8221; amb la nova llei de mem\u00f2ria hist\u00f2rica \u00a0 El vicepresident d\u2019\u00d2mnium Cultural, Marcel Mauri, ha [&hellip;]<\/p>\n","protected":false},"author":182,"featured_media":304416,"comment_status":"closed","ping_status":"open","sticky":false,"template":"","format":"standard","meta":{"_acf_changed":false,"footnotes":""},"categories":[1],"tags":[],"post_headquarter":[],"post_project":[],"class_list":["post-304415","post","type-post","status-publish","format-standard","has-post-thumbnail","hentry","category-uncategorized-ca"],"acf":[],"yoast_head":"<!-- This site is optimized with the Yoast SEO plugin v27.2 - https:\/\/yoast.com\/product\/yoast-seo-wordpress\/ -->\n<title>Mauri: \u201cHan passat 81 anys de l\u2019assassinat del president Companys i seguim lamentant repressi\u00f3 i venjan\u00e7a, com veiem al Tribunal de Comptes\u201d - \u00d2mnium Cultural<\/title>\n<meta name=\"robots\" content=\"index, follow, max-snippet:-1, max-image-preview:large, max-video-preview:-1\" \/>\n<link rel=\"canonical\" href=\"https:\/\/www.omnium.cat\/ca\/mauri-han-passat-81-anys-de-lassassinat-del-president-companys-i-seguim-lamentant-repressio-i-venjanca-com-veiem-al-tribunal-de-comptes\/\" \/>\n<meta name=\"twitter:label1\" content=\"Escrit per\" \/>\n\t<meta name=\"twitter:data1\" content=\"Aida Morales\" \/>\n\t<meta name=\"twitter:label2\" content=\"Temps estimat de lectura\" \/>\n\t<meta name=\"twitter:data2\" content=\"2 minuts\" \/>\n<script type=\"application\/ld+json\" class=\"yoast-schema-graph\">{\"@context\":\"https:\/\/schema.org\",\"@graph\":[{\"@type\":\"Article\",\"@id\":\"https:\/\/www.omnium.cat\/ca\/mauri-han-passat-81-anys-de-lassassinat-del-president-companys-i-seguim-lamentant-repressio-i-venjanca-com-veiem-al-tribunal-de-comptes\/#article\",\"isPartOf\":{\"@id\":\"https:\/\/www.omnium.cat\/ca\/mauri-han-passat-81-anys-de-lassassinat-del-president-companys-i-seguim-lamentant-repressio-i-venjanca-com-veiem-al-tribunal-de-comptes\/\"},\"author\":{\"name\":\"Aida Morales\",\"@id\":\"https:\/\/www.omnium.cat\/ca\/#\/schema\/person\/858757a3dcdf3cd6598d0db932c42b05\"},\"headline\":\"Mauri: \u201cHan passat 81 anys de l\u2019assassinat del president Companys i seguim lamentant repressi\u00f3 i venjan\u00e7a, com veiem al Tribunal de Comptes\u201d\",\"datePublished\":\"2021-10-15T08:36:16+00:00\",\"dateModified\":\"2021-10-15T08:36:19+00:00\",\"mainEntityOfPage\":{\"@id\":\"https:\/\/www.omnium.cat\/ca\/mauri-han-passat-81-anys-de-lassassinat-del-president-companys-i-seguim-lamentant-repressio-i-venjanca-com-veiem-al-tribunal-de-comptes\/\"},\"wordCount\":329,\"publisher\":{\"@id\":\"https:\/\/www.omnium.cat\/ca\/#organization\"},\"image\":{\"@id\":\"https:\/\/www.omnium.cat\/ca\/mauri-han-passat-81-anys-de-lassassinat-del-president-companys-i-seguim-lamentant-repressio-i-venjanca-com-veiem-al-tribunal-de-comptes\/#primaryimage\"},\"thumbnailUrl\":\"https:\/\/cdn.omnium.cat\/wp-content\/uploads\/2021\/10\/15103550\/photo6001231140276516064.jpg\",\"articleSection\":[\"Uncategorized @oc\"],\"inLanguage\":\"ca\"},{\"@type\":\"WebPage\",\"@id\":\"https:\/\/www.omnium.cat\/ca\/mauri-han-passat-81-anys-de-lassassinat-del-president-companys-i-seguim-lamentant-repressio-i-venjanca-com-veiem-al-tribunal-de-comptes\/\",\"url\":\"https:\/\/www.omnium.cat\/ca\/mauri-han-passat-81-anys-de-lassassinat-del-president-companys-i-seguim-lamentant-repressio-i-venjanca-com-veiem-al-tribunal-de-comptes\/\",\"name\":\"Mauri: \u201cHan passat 81 anys de l\u2019assassinat del president Companys i seguim lamentant repressi\u00f3 i venjan\u00e7a, com veiem al Tribunal de Comptes\u201d - \u00d2mnium Cultural\",\"isPartOf\":{\"@id\":\"https:\/\/www.omnium.cat\/ca\/#website\"},\"primaryImageOfPage\":{\"@id\":\"https:\/\/www.omnium.cat\/ca\/mauri-han-passat-81-anys-de-lassassinat-del-president-companys-i-seguim-lamentant-repressio-i-venjanca-com-veiem-al-tribunal-de-comptes\/#primaryimage\"},\"image\":{\"@id\":\"https:\/\/www.omnium.cat\/ca\/mauri-han-passat-81-anys-de-lassassinat-del-president-companys-i-seguim-lamentant-repressio-i-venjanca-com-veiem-al-tribunal-de-comptes\/#primaryimage\"},\"thumbnailUrl\":\"https:\/\/cdn.omnium.cat\/wp-content\/uploads\/2021\/10\/15103550\/photo6001231140276516064.jpg\",\"datePublished\":\"2021-10-15T08:36:16+00:00\",\"dateModified\":\"2021-10-15T08:36:19+00:00\",\"breadcrumb\":{\"@id\":\"https:\/\/www.omnium.cat\/ca\/mauri-han-passat-81-anys-de-lassassinat-del-president-companys-i-seguim-lamentant-repressio-i-venjanca-com-veiem-al-tribunal-de-comptes\/#breadcrumb\"},\"inLanguage\":\"ca\",\"potentialAction\":[{\"@type\":\"ReadAction\",\"target\":[\"https:\/\/www.omnium.cat\/ca\/mauri-han-passat-81-anys-de-lassassinat-del-president-companys-i-seguim-lamentant-repressio-i-venjanca-com-veiem-al-tribunal-de-comptes\/\"]}]},{\"@type\":\"ImageObject\",\"inLanguage\":\"ca\",\"@id\":\"https:\/\/www.omnium.cat\/ca\/mauri-han-passat-81-anys-de-lassassinat-del-president-companys-i-seguim-lamentant-repressio-i-venjanca-com-veiem-al-tribunal-de-comptes\/#primaryimage\",\"url\":\"https:\/\/cdn.omnium.cat\/wp-content\/uploads\/2021\/10\/15103550\/photo6001231140276516064.jpg\",\"contentUrl\":\"https:\/\/cdn.omnium.cat\/wp-content\/uploads\/2021\/10\/15103550\/photo6001231140276516064.jpg\",\"width\":1280,\"height\":960},{\"@type\":\"BreadcrumbList\",\"@id\":\"https:\/\/www.omnium.cat\/ca\/mauri-han-passat-81-anys-de-lassassinat-del-president-companys-i-seguim-lamentant-repressio-i-venjanca-com-veiem-al-tribunal-de-comptes\/#breadcrumb\",\"itemListElement\":[{\"@type\":\"ListItem\",\"position\":1,\"name\":\"Inici\",\"item\":\"https:\/\/www.omnium.cat\/ca\/\"},{\"@type\":\"ListItem\",\"position\":2,\"name\":\"Mauri: \u201cHan passat 81 anys de l\u2019assassinat del president Companys i seguim lamentant repressi\u00f3 i venjan\u00e7a, com veiem al Tribunal de Comptes\u201d\"}]},{\"@type\":\"WebSite\",\"@id\":\"https:\/\/www.omnium.cat\/ca\/#website\",\"url\":\"https:\/\/www.omnium.cat\/ca\/\",\"name\":\"\u00d2mnium Cultural\",\"description\":\"Llengua Cultura Pa\u00eds\",\"publisher\":{\"@id\":\"https:\/\/www.omnium.cat\/ca\/#organization\"},\"potentialAction\":[{\"@type\":\"SearchAction\",\"target\":{\"@type\":\"EntryPoint\",\"urlTemplate\":\"https:\/\/www.omnium.cat\/ca\/?s={search_term_string}\"},\"query-input\":{\"@type\":\"PropertyValueSpecification\",\"valueRequired\":true,\"valueName\":\"search_term_string\"}}],\"inLanguage\":\"ca\"},{\"@type\":\"Organization\",\"@id\":\"https:\/\/www.omnium.cat\/ca\/#organization\",\"name\":\"\u00d2mnium Cultural\",\"url\":\"https:\/\/www.omnium.cat\/ca\/\",\"logo\":{\"@type\":\"ImageObject\",\"inLanguage\":\"ca\",\"@id\":\"https:\/\/www.omnium.cat\/ca\/#\/schema\/logo\/image\/\",\"url\":\"https:\/\/cdn.omnium.cat\/wp-content\/uploads\/2019\/06\/01112517\/cropped-omnium_logo-1.png\",\"contentUrl\":\"https:\/\/cdn.omnium.cat\/wp-content\/uploads\/2019\/06\/01112517\/cropped-omnium_logo-1.png\",\"width\":1213,\"height\":262,\"caption\":\"\u00d2mnium Cultural\"},\"image\":{\"@id\":\"https:\/\/www.omnium.cat\/ca\/#\/schema\/logo\/image\/\"},\"sameAs\":[\"https:\/\/www.facebook.com\/omniumcultural\",\"https:\/\/x.com\/omnium\",\"https:\/\/www.instagram.com\/omniumcultural\/\",\"https:\/\/www.youtube.com\/user\/omniumcultural\"]},{\"@type\":\"Person\",\"@id\":\"https:\/\/www.omnium.cat\/ca\/#\/schema\/person\/858757a3dcdf3cd6598d0db932c42b05\",\"name\":\"Aida Morales\",\"image\":{\"@type\":\"ImageObject\",\"inLanguage\":\"ca\",\"@id\":\"https:\/\/secure.gravatar.com\/avatar\/d31eddf3eb503b2da10671c829ecb9f8b407291532ee79052b9691be16224b84?s=96&d=mm&r=g\",\"url\":\"https:\/\/secure.gravatar.com\/avatar\/d31eddf3eb503b2da10671c829ecb9f8b407291532ee79052b9691be16224b84?s=96&d=mm&r=g\",\"contentUrl\":\"https:\/\/secure.gravatar.com\/avatar\/d31eddf3eb503b2da10671c829ecb9f8b407291532ee79052b9691be16224b84?s=96&d=mm&r=g\",\"caption\":\"Aida Morales\"}}]}<\/script>\n<!-- \/ Yoast SEO plugin. -->","yoast_head_json":{"title":"Mauri: \u201cHan passat 81 anys de l\u2019assassinat del president Companys i seguim lamentant repressi\u00f3 i venjan\u00e7a, com veiem al Tribunal de Comptes\u201d - \u00d2mnium Cultural","robots":{"index":"index","follow":"follow","max-snippet":"max-snippet:-1","max-image-preview":"max-image-preview:large","max-video-preview":"max-video-preview:-1"},"canonical":"https:\/\/www.omnium.cat\/ca\/mauri-han-passat-81-anys-de-lassassinat-del-president-companys-i-seguim-lamentant-repressio-i-venjanca-com-veiem-al-tribunal-de-comptes\/","twitter_misc":{"Escrit per":"Aida Morales","Temps estimat de lectura":"2 minuts"},"schema":{"@context":"https:\/\/schema.org","@graph":[{"@type":"Article","@id":"https:\/\/www.omnium.cat\/ca\/mauri-han-passat-81-anys-de-lassassinat-del-president-companys-i-seguim-lamentant-repressio-i-venjanca-com-veiem-al-tribunal-de-comptes\/#article","isPartOf":{"@id":"https:\/\/www.omnium.cat\/ca\/mauri-han-passat-81-anys-de-lassassinat-del-president-companys-i-seguim-lamentant-repressio-i-venjanca-com-veiem-al-tribunal-de-comptes\/"},"author":{"name":"Aida Morales","@id":"https:\/\/www.omnium.cat\/ca\/#\/schema\/person\/858757a3dcdf3cd6598d0db932c42b05"},"headline":"Mauri: \u201cHan passat 81 anys de l\u2019assassinat del president Companys i seguim lamentant repressi\u00f3 i venjan\u00e7a, com veiem al Tribunal de Comptes\u201d","datePublished":"2021-10-15T08:36:16+00:00","dateModified":"2021-10-15T08:36:19+00:00","mainEntityOfPage":{"@id":"https:\/\/www.omnium.cat\/ca\/mauri-han-passat-81-anys-de-lassassinat-del-president-companys-i-seguim-lamentant-repressio-i-venjanca-com-veiem-al-tribunal-de-comptes\/"},"wordCount":329,"publisher":{"@id":"https:\/\/www.omnium.cat\/ca\/#organization"},"image":{"@id":"https:\/\/www.omnium.cat\/ca\/mauri-han-passat-81-anys-de-lassassinat-del-president-companys-i-seguim-lamentant-repressio-i-venjanca-com-veiem-al-tribunal-de-comptes\/#primaryimage"},"thumbnailUrl":"https:\/\/cdn.omnium.cat\/wp-content\/uploads\/2021\/10\/15103550\/photo6001231140276516064.jpg","articleSection":["Uncategorized @oc"],"inLanguage":"ca"},{"@type":"WebPage","@id":"https:\/\/www.omnium.cat\/ca\/mauri-han-passat-81-anys-de-lassassinat-del-president-companys-i-seguim-lamentant-repressio-i-venjanca-com-veiem-al-tribunal-de-comptes\/","url":"https:\/\/www.omnium.cat\/ca\/mauri-han-passat-81-anys-de-lassassinat-del-president-companys-i-seguim-lamentant-repressio-i-venjanca-com-veiem-al-tribunal-de-comptes\/","name":"Mauri: \u201cHan passat 81 anys de l\u2019assassinat del president Companys i seguim lamentant repressi\u00f3 i venjan\u00e7a, com veiem al Tribunal de Comptes\u201d - \u00d2mnium Cultural","isPartOf":{"@id":"https:\/\/www.omnium.cat\/ca\/#website"},"primaryImageOfPage":{"@id":"https:\/\/www.omnium.cat\/ca\/mauri-han-passat-81-anys-de-lassassinat-del-president-companys-i-seguim-lamentant-repressio-i-venjanca-com-veiem-al-tribunal-de-comptes\/#primaryimage"},"image":{"@id":"https:\/\/www.omnium.cat\/ca\/mauri-han-passat-81-anys-de-lassassinat-del-president-companys-i-seguim-lamentant-repressio-i-venjanca-com-veiem-al-tribunal-de-comptes\/#primaryimage"},"thumbnailUrl":"https:\/\/cdn.omnium.cat\/wp-content\/uploads\/2021\/10\/15103550\/photo6001231140276516064.jpg","datePublished":"2021-10-15T08:36:16+00:00","dateModified":"2021-10-15T08:36:19+00:00","breadcrumb":{"@id":"https:\/\/www.omnium.cat\/ca\/mauri-han-passat-81-anys-de-lassassinat-del-president-companys-i-seguim-lamentant-repressio-i-venjanca-com-veiem-al-tribunal-de-comptes\/#breadcrumb"},"inLanguage":"ca","potentialAction":[{"@type":"ReadAction","target":["https:\/\/www.omnium.cat\/ca\/mauri-han-passat-81-anys-de-lassassinat-del-president-companys-i-seguim-lamentant-repressio-i-venjanca-com-veiem-al-tribunal-de-comptes\/"]}]},{"@type":"ImageObject","inLanguage":"ca","@id":"https:\/\/www.omnium.cat\/ca\/mauri-han-passat-81-anys-de-lassassinat-del-president-companys-i-seguim-lamentant-repressio-i-venjanca-com-veiem-al-tribunal-de-comptes\/#primaryimage","url":"https:\/\/cdn.omnium.cat\/wp-content\/uploads\/2021\/10\/15103550\/photo6001231140276516064.jpg","contentUrl":"https:\/\/cdn.omnium.cat\/wp-content\/uploads\/2021\/10\/15103550\/photo6001231140276516064.jpg","width":1280,"height":960},{"@type":"BreadcrumbList","@id":"https:\/\/www.omnium.cat\/ca\/mauri-han-passat-81-anys-de-lassassinat-del-president-companys-i-seguim-lamentant-repressio-i-venjanca-com-veiem-al-tribunal-de-comptes\/#breadcrumb","itemListElement":[{"@type":"ListItem","position":1,"name":"Inici","item":"https:\/\/www.omnium.cat\/ca\/"},{"@type":"ListItem","position":2,"name":"Mauri: \u201cHan passat 81 anys de l\u2019assassinat del president Companys i seguim lamentant repressi\u00f3 i venjan\u00e7a, com veiem al Tribunal de Comptes\u201d"}]},{"@type":"WebSite","@id":"https:\/\/www.omnium.cat\/ca\/#website","url":"https:\/\/www.omnium.cat\/ca\/","name":"\u00d2mnium Cultural","description":"Llengua Cultura Pa\u00eds","publisher":{"@id":"https:\/\/www.omnium.cat\/ca\/#organization"},"potentialAction":[{"@type":"SearchAction","target":{"@type":"EntryPoint","urlTemplate":"https:\/\/www.omnium.cat\/ca\/?s={search_term_string}"},"query-input":{"@type":"PropertyValueSpecification","valueRequired":true,"valueName":"search_term_string"}}],"inLanguage":"ca"},{"@type":"Organization","@id":"https:\/\/www.omnium.cat\/ca\/#organization","name":"\u00d2mnium Cultural","url":"https:\/\/www.omnium.cat\/ca\/","logo":{"@type":"ImageObject","inLanguage":"ca","@id":"https:\/\/www.omnium.cat\/ca\/#\/schema\/logo\/image\/","url":"https:\/\/cdn.omnium.cat\/wp-content\/uploads\/2019\/06\/01112517\/cropped-omnium_logo-1.png","contentUrl":"https:\/\/cdn.omnium.cat\/wp-content\/uploads\/2019\/06\/01112517\/cropped-omnium_logo-1.png","width":1213,"height":262,"caption":"\u00d2mnium Cultural"},"image":{"@id":"https:\/\/www.omnium.cat\/ca\/#\/schema\/logo\/image\/"},"sameAs":["https:\/\/www.facebook.com\/omniumcultural","https:\/\/x.com\/omnium","https:\/\/www.instagram.com\/omniumcultural\/","https:\/\/www.youtube.com\/user\/omniumcultural"]},{"@type":"Person","@id":"https:\/\/www.omnium.cat\/ca\/#\/schema\/person\/858757a3dcdf3cd6598d0db932c42b05","name":"Aida Morales","image":{"@type":"ImageObject","inLanguage":"ca","@id":"https:\/\/secure.gravatar.com\/avatar\/d31eddf3eb503b2da10671c829ecb9f8b407291532ee79052b9691be16224b84?s=96&d=mm&r=g","url":"https:\/\/secure.gravatar.com\/avatar\/d31eddf3eb503b2da10671c829ecb9f8b407291532ee79052b9691be16224b84?s=96&d=mm&r=g","contentUrl":"https:\/\/secure.gravatar.com\/avatar\/d31eddf3eb503b2da10671c829ecb9f8b407291532ee79052b9691be16224b84?s=96&d=mm&r=g","caption":"Aida Morales"}}]}},"_links":{"self":[{"href":"https:\/\/www.omnium.cat\/ca\/wp-json\/wp\/v2\/posts\/304415","targetHints":{"allow":["GET"]}}],"collection":[{"href":"https:\/\/www.omnium.cat\/ca\/wp-json\/wp\/v2\/posts"}],"about":[{"href":"https:\/\/www.omnium.cat\/ca\/wp-json\/wp\/v2\/types\/post"}],"author":[{"embeddable":true,"href":"https:\/\/www.omnium.cat\/ca\/wp-json\/wp\/v2\/users\/182"}],"replies":[{"embeddable":true,"href":"https:\/\/www.omnium.cat\/ca\/wp-json\/wp\/v2\/comments?post=304415"}],"version-history":[{"count":1,"href":"https:\/\/www.omnium.cat\/ca\/wp-json\/wp\/v2\/posts\/304415\/revisions"}],"predecessor-version":[{"id":304421,"href":"https:\/\/www.omnium.cat\/ca\/wp-json\/wp\/v2\/posts\/304415\/revisions\/304421"}],"wp:featuredmedia":[{"embeddable":true,"href":"https:\/\/www.omnium.cat\/ca\/wp-json\/wp\/v2\/media\/304416"}],"wp:attachment":[{"href":"https:\/\/www.omnium.cat\/ca\/wp-json\/wp\/v2\/media?parent=304415"}],"wp:term":[{"taxonomy":"category","embeddable":true,"href":"https:\/\/www.omnium.cat\/ca\/wp-json\/wp\/v2\/categories?post=304415"},{"taxonomy":"post_tag","embeddable":true,"href":"https:\/\/www.omnium.cat\/ca\/wp-json\/wp\/v2\/tags?post=304415"},{"taxonomy":"post_headquarter","embeddable":true,"href":"https:\/\/www.omnium.cat\/ca\/wp-json\/wp\/v2\/post_headquarter?post=304415"},{"taxonomy":"post_project","embeddable":true,"href":"https:\/\/www.omnium.cat\/ca\/wp-json\/wp\/v2\/post_project?post=304415"}],"curies":[{"name":"wp","href":"https:\/\/api.w.org\/{rel}","templated":true}]}}