{"id":314697,"date":"2022-01-10T16:28:42","date_gmt":"2022-01-10T15:28:42","guid":{"rendered":"https:\/\/www.omnium.cat\/?p=314697"},"modified":"2022-01-10T16:28:45","modified_gmt":"2022-01-10T15:28:45","slug":"cronica-assemblea-general-ordinaria-omnium-sants-montjuic-2021","status":"publish","type":"post","link":"https:\/\/www.omnium.cat\/ca\/cronica-assemblea-general-ordinaria-omnium-sants-montjuic-2021\/","title":{"rendered":"Cr\u00f2nica Assemblea general Ordin\u00e0ria \u00d2mnium Sants-Montju\u00efc 2021"},"content":{"rendered":"\n<p>El passat 17 de desembre va tenir lloc, en una de les sales de l&#8217;esgl\u00e9sia \u00c0ngel Custodi d&#8217;Hostafrancs, l&#8217;assemblea general ordin\u00e0ria de la territorial de Sants-Montju\u00efc.<\/p>\n<p>Malgrat les dades inquietants de la pand\u00e8mia, que no paraven de cr\u00e9ixer, la reuni\u00f3 es va poder celebrar presencialment encara que prudentment es va decidir suprimir un aperitiu que s&#8217;havia pensat al final per celebrar les festes.<\/p>\n<p>La presid\u00e8ncia va anar desgranant el contingut de l&#8217;AGO, presentant la mem\u00f2ria, el pla de treball i les dades econ\u00f2miques de l&#8217;exercici sortint i l&#8217;entrant i va agrair al p\u00fablic assistent el seu suport i la confian\u00e7a renovada en l&#8217;equip. Va cloure l&#8217;acte la representant i membre de l&#8217;executiva, la Montse Ortiz, que va sintetitzar els principals projectes que des d&#8217;\u00d2mnium Seu Central es volen portar a terme els mesos vinents. Un viu debat va permetre un intercanvi d&#8217;opinions del moment actual pol\u00edtic i dels reptes de l&#8217;entitat.<\/p>\n<p>Finalment, es va convidar als assistents a passar a la nau central de l&#8217;esgl\u00e9sia on van poder assistir al concert que l&#8217;orquestra &#8220;Els Amics dels Cl\u00e0ssics&#8221; havien preparat per als socis d&#8217;\u00d2mnium i el p\u00fablic en general.<\/p>\n<div id='gallery-1' class='gallery galleryid-314697 gallery-columns-3 gallery-size-thumbnail'><figure class='gallery-item'>\n\t\t\t<div class='gallery-icon landscape'>\n\t\t\t\t<a href='https:\/\/www.omnium.cat\/ca\/cronica-assemblea-general-ordinaria-omnium-sants-montjuic-2021\/photo_2021-12-17_20-16-04\/'><img decoding=\"async\" width=\"150\" height=\"150\" src=\"https:\/\/cdn.omnium.cat\/wp-content\/uploads\/2022\/01\/10162738\/photo_2021-12-17_20-16-04-150x150.jpg\" class=\"attachment-thumbnail size-thumbnail\" alt=\"\" srcset=\"https:\/\/cdn.omnium.cat\/wp-content\/uploads\/2022\/01\/10162738\/photo_2021-12-17_20-16-04-150x150.jpg 150w, https:\/\/cdn.omnium.cat\/wp-content\/uploads\/2022\/01\/10162738\/photo_2021-12-17_20-16-04-371x371.jpg 371w, https:\/\/cdn.omnium.cat\/wp-content\/uploads\/2022\/01\/10162738\/photo_2021-12-17_20-16-04-300x300.jpg 300w\" sizes=\"(max-width: 150px) 100vw, 150px\" \/><\/a>\n\t\t\t<\/div><\/figure><figure class='gallery-item'>\n\t\t\t<div class='gallery-icon landscape'>\n\t\t\t\t<a href='https:\/\/www.omnium.cat\/ca\/cronica-assemblea-general-ordinaria-omnium-sants-montjuic-2021\/photo_2021-12-17_20-16-02\/'><img decoding=\"async\" width=\"150\" height=\"150\" src=\"https:\/\/cdn.omnium.cat\/wp-content\/uploads\/2022\/01\/10162743\/photo_2021-12-17_20-16-02-150x150.jpg\" class=\"attachment-thumbnail size-thumbnail\" alt=\"\" srcset=\"https:\/\/cdn.omnium.cat\/wp-content\/uploads\/2022\/01\/10162743\/photo_2021-12-17_20-16-02-150x150.jpg 150w, https:\/\/cdn.omnium.cat\/wp-content\/uploads\/2022\/01\/10162743\/photo_2021-12-17_20-16-02-371x371.jpg 371w, https:\/\/cdn.omnium.cat\/wp-content\/uploads\/2022\/01\/10162743\/photo_2021-12-17_20-16-02-300x300.jpg 300w\" sizes=\"(max-width: 150px) 100vw, 150px\" \/><\/a>\n\t\t\t<\/div><\/figure><figure class='gallery-item'>\n\t\t\t<div class='gallery-icon landscape'>\n\t\t\t\t<a href='https:\/\/www.omnium.cat\/ca\/cronica-assemblea-general-ordinaria-omnium-sants-montjuic-2021\/photo_2021-12-17_20-16-08\/'><img decoding=\"async\" width=\"150\" height=\"150\" src=\"https:\/\/cdn.omnium.cat\/wp-content\/uploads\/2022\/01\/10162748\/photo_2021-12-17_20-16-08-150x150.jpg\" class=\"attachment-thumbnail size-thumbnail\" alt=\"\" srcset=\"https:\/\/cdn.omnium.cat\/wp-content\/uploads\/2022\/01\/10162748\/photo_2021-12-17_20-16-08-150x150.jpg 150w, https:\/\/cdn.omnium.cat\/wp-content\/uploads\/2022\/01\/10162748\/photo_2021-12-17_20-16-08-371x371.jpg 371w, https:\/\/cdn.omnium.cat\/wp-content\/uploads\/2022\/01\/10162748\/photo_2021-12-17_20-16-08-300x300.jpg 300w\" sizes=\"(max-width: 150px) 100vw, 150px\" \/><\/a>\n\t\t\t<\/div><\/figure><figure class='gallery-item'>\n\t\t\t<div class='gallery-icon portrait'>\n\t\t\t\t<a href='https:\/\/www.omnium.cat\/ca\/cronica-assemblea-general-ordinaria-omnium-sants-montjuic-2021\/photo_2021-12-17_23-23-47\/'><img loading=\"lazy\" decoding=\"async\" width=\"150\" height=\"150\" src=\"https:\/\/cdn.omnium.cat\/wp-content\/uploads\/2022\/01\/10162753\/photo_2021-12-17_23-23-47-150x150.jpg\" class=\"attachment-thumbnail size-thumbnail\" alt=\"\" srcset=\"https:\/\/cdn.omnium.cat\/wp-content\/uploads\/2022\/01\/10162753\/photo_2021-12-17_23-23-47-150x150.jpg 150w, https:\/\/cdn.omnium.cat\/wp-content\/uploads\/2022\/01\/10162753\/photo_2021-12-17_23-23-47-371x371.jpg 371w, https:\/\/cdn.omnium.cat\/wp-content\/uploads\/2022\/01\/10162753\/photo_2021-12-17_23-23-47-300x300.jpg 300w\" sizes=\"(max-width: 150px) 100vw, 150px\" \/><\/a>\n\t\t\t<\/div><\/figure>\n\t\t<\/div>\n\n","protected":false},"excerpt":{"rendered":"<p>El passat 17 de desembre va tenir lloc, en una de les sales de l&#8217;esgl\u00e9sia \u00c0ngel Custodi d&#8217;Hostafrancs, l&#8217;assemblea general ordin\u00e0ria de la territorial de Sants-Montju\u00efc. Malgrat les dades inquietants [&hellip;]<\/p>\n","protected":false},"author":183,"featured_media":314709,"comment_status":"closed","ping_status":"open","sticky":false,"template":"","format":"standard","meta":{"_acf_changed":false,"footnotes":""},"categories":[1],"tags":[],"post_headquarter":[1759],"post_project":[],"class_list":["post-314697","post","type-post","status-publish","format-standard","has-post-thumbnail","hentry","category-uncategorized-ca","post_headquarter-barcelona-sants-montjuic"],"acf":[],"yoast_head":"<!-- This site is optimized with the Yoast SEO plugin v27.2 - https:\/\/yoast.com\/product\/yoast-seo-wordpress\/ -->\n<title>Cr\u00f2nica Assemblea general Ordin\u00e0ria \u00d2mnium Sants-Montju\u00efc 2021 - \u00d2mnium Cultural<\/title>\n<meta name=\"robots\" content=\"index, follow, max-snippet:-1, max-image-preview:large, max-video-preview:-1\" \/>\n<link rel=\"canonical\" href=\"https:\/\/www.omnium.cat\/ca\/cronica-assemblea-general-ordinaria-omnium-sants-montjuic-2021\/\" \/>\n<meta name=\"twitter:label1\" content=\"Escrit per\" \/>\n\t<meta name=\"twitter:data1\" content=\"Itziar Gil\" \/>\n\t<meta name=\"twitter:label2\" content=\"Temps estimat de lectura\" \/>\n\t<meta name=\"twitter:data2\" content=\"1 minut\" \/>\n<script type=\"application\/ld+json\" class=\"yoast-schema-graph\">{\"@context\":\"https:\/\/schema.org\",\"@graph\":[{\"@type\":\"Article\",\"@id\":\"https:\/\/www.omnium.cat\/ca\/cronica-assemblea-general-ordinaria-omnium-sants-montjuic-2021\/#article\",\"isPartOf\":{\"@id\":\"https:\/\/www.omnium.cat\/ca\/cronica-assemblea-general-ordinaria-omnium-sants-montjuic-2021\/\"},\"author\":{\"name\":\"Itziar Gil\",\"@id\":\"https:\/\/www.omnium.cat\/ca\/#\/schema\/person\/956d3c18e5ee9a7e0c9d452cfb733f9b\"},\"headline\":\"Cr\u00f2nica Assemblea general Ordin\u00e0ria \u00d2mnium Sants-Montju\u00efc 2021\",\"datePublished\":\"2022-01-10T15:28:42+00:00\",\"dateModified\":\"2022-01-10T15:28:45+00:00\",\"mainEntityOfPage\":{\"@id\":\"https:\/\/www.omnium.cat\/ca\/cronica-assemblea-general-ordinaria-omnium-sants-montjuic-2021\/\"},\"wordCount\":228,\"publisher\":{\"@id\":\"https:\/\/www.omnium.cat\/ca\/#organization\"},\"image\":{\"@id\":\"https:\/\/www.omnium.cat\/ca\/cronica-assemblea-general-ordinaria-omnium-sants-montjuic-2021\/#primaryimage\"},\"thumbnailUrl\":\"https:\/\/cdn.omnium.cat\/wp-content\/uploads\/2022\/01\/10162748\/photo_2021-12-17_20-16-08.jpg\",\"articleSection\":[\"Uncategorized @oc\"],\"inLanguage\":\"ca\"},{\"@type\":\"WebPage\",\"@id\":\"https:\/\/www.omnium.cat\/ca\/cronica-assemblea-general-ordinaria-omnium-sants-montjuic-2021\/\",\"url\":\"https:\/\/www.omnium.cat\/ca\/cronica-assemblea-general-ordinaria-omnium-sants-montjuic-2021\/\",\"name\":\"Cr\u00f2nica Assemblea general Ordin\u00e0ria \u00d2mnium Sants-Montju\u00efc 2021 - \u00d2mnium Cultural\",\"isPartOf\":{\"@id\":\"https:\/\/www.omnium.cat\/ca\/#website\"},\"primaryImageOfPage\":{\"@id\":\"https:\/\/www.omnium.cat\/ca\/cronica-assemblea-general-ordinaria-omnium-sants-montjuic-2021\/#primaryimage\"},\"image\":{\"@id\":\"https:\/\/www.omnium.cat\/ca\/cronica-assemblea-general-ordinaria-omnium-sants-montjuic-2021\/#primaryimage\"},\"thumbnailUrl\":\"https:\/\/cdn.omnium.cat\/wp-content\/uploads\/2022\/01\/10162748\/photo_2021-12-17_20-16-08.jpg\",\"datePublished\":\"2022-01-10T15:28:42+00:00\",\"dateModified\":\"2022-01-10T15:28:45+00:00\",\"breadcrumb\":{\"@id\":\"https:\/\/www.omnium.cat\/ca\/cronica-assemblea-general-ordinaria-omnium-sants-montjuic-2021\/#breadcrumb\"},\"inLanguage\":\"ca\",\"potentialAction\":[{\"@type\":\"ReadAction\",\"target\":[\"https:\/\/www.omnium.cat\/ca\/cronica-assemblea-general-ordinaria-omnium-sants-montjuic-2021\/\"]}]},{\"@type\":\"ImageObject\",\"inLanguage\":\"ca\",\"@id\":\"https:\/\/www.omnium.cat\/ca\/cronica-assemblea-general-ordinaria-omnium-sants-montjuic-2021\/#primaryimage\",\"url\":\"https:\/\/cdn.omnium.cat\/wp-content\/uploads\/2022\/01\/10162748\/photo_2021-12-17_20-16-08.jpg\",\"contentUrl\":\"https:\/\/cdn.omnium.cat\/wp-content\/uploads\/2022\/01\/10162748\/photo_2021-12-17_20-16-08.jpg\",\"width\":1280,\"height\":960},{\"@type\":\"BreadcrumbList\",\"@id\":\"https:\/\/www.omnium.cat\/ca\/cronica-assemblea-general-ordinaria-omnium-sants-montjuic-2021\/#breadcrumb\",\"itemListElement\":[{\"@type\":\"ListItem\",\"position\":1,\"name\":\"Inici\",\"item\":\"https:\/\/www.omnium.cat\/ca\/\"},{\"@type\":\"ListItem\",\"position\":2,\"name\":\"Cr\u00f2nica Assemblea general Ordin\u00e0ria \u00d2mnium Sants-Montju\u00efc 2021\"}]},{\"@type\":\"WebSite\",\"@id\":\"https:\/\/www.omnium.cat\/ca\/#website\",\"url\":\"https:\/\/www.omnium.cat\/ca\/\",\"name\":\"\u00d2mnium Cultural\",\"description\":\"Llengua Cultura Pa\u00eds\",\"publisher\":{\"@id\":\"https:\/\/www.omnium.cat\/ca\/#organization\"},\"potentialAction\":[{\"@type\":\"SearchAction\",\"target\":{\"@type\":\"EntryPoint\",\"urlTemplate\":\"https:\/\/www.omnium.cat\/ca\/?s={search_term_string}\"},\"query-input\":{\"@type\":\"PropertyValueSpecification\",\"valueRequired\":true,\"valueName\":\"search_term_string\"}}],\"inLanguage\":\"ca\"},{\"@type\":\"Organization\",\"@id\":\"https:\/\/www.omnium.cat\/ca\/#organization\",\"name\":\"\u00d2mnium Cultural\",\"url\":\"https:\/\/www.omnium.cat\/ca\/\",\"logo\":{\"@type\":\"ImageObject\",\"inLanguage\":\"ca\",\"@id\":\"https:\/\/www.omnium.cat\/ca\/#\/schema\/logo\/image\/\",\"url\":\"https:\/\/cdn.omnium.cat\/wp-content\/uploads\/2019\/06\/01112517\/cropped-omnium_logo-1.png\",\"contentUrl\":\"https:\/\/cdn.omnium.cat\/wp-content\/uploads\/2019\/06\/01112517\/cropped-omnium_logo-1.png\",\"width\":1213,\"height\":262,\"caption\":\"\u00d2mnium Cultural\"},\"image\":{\"@id\":\"https:\/\/www.omnium.cat\/ca\/#\/schema\/logo\/image\/\"},\"sameAs\":[\"https:\/\/www.facebook.com\/omniumcultural\",\"https:\/\/x.com\/omnium\",\"https:\/\/www.instagram.com\/omniumcultural\/\",\"https:\/\/www.youtube.com\/user\/omniumcultural\"]},{\"@type\":\"Person\",\"@id\":\"https:\/\/www.omnium.cat\/ca\/#\/schema\/person\/956d3c18e5ee9a7e0c9d452cfb733f9b\",\"name\":\"Itziar Gil\",\"image\":{\"@type\":\"ImageObject\",\"inLanguage\":\"ca\",\"@id\":\"https:\/\/secure.gravatar.com\/avatar\/8431130f4353773fddd1b2a9ff89ddce5814dd91ade121369b6b490b8f05c25e?s=96&d=mm&r=g\",\"url\":\"https:\/\/secure.gravatar.com\/avatar\/8431130f4353773fddd1b2a9ff89ddce5814dd91ade121369b6b490b8f05c25e?s=96&d=mm&r=g\",\"contentUrl\":\"https:\/\/secure.gravatar.com\/avatar\/8431130f4353773fddd1b2a9ff89ddce5814dd91ade121369b6b490b8f05c25e?s=96&d=mm&r=g\",\"caption\":\"Itziar Gil\"}}]}<\/script>\n<!-- \/ Yoast SEO plugin. -->","yoast_head_json":{"title":"Cr\u00f2nica Assemblea general Ordin\u00e0ria \u00d2mnium Sants-Montju\u00efc 2021 - \u00d2mnium Cultural","robots":{"index":"index","follow":"follow","max-snippet":"max-snippet:-1","max-image-preview":"max-image-preview:large","max-video-preview":"max-video-preview:-1"},"canonical":"https:\/\/www.omnium.cat\/ca\/cronica-assemblea-general-ordinaria-omnium-sants-montjuic-2021\/","twitter_misc":{"Escrit per":"Itziar Gil","Temps estimat de lectura":"1 minut"},"schema":{"@context":"https:\/\/schema.org","@graph":[{"@type":"Article","@id":"https:\/\/www.omnium.cat\/ca\/cronica-assemblea-general-ordinaria-omnium-sants-montjuic-2021\/#article","isPartOf":{"@id":"https:\/\/www.omnium.cat\/ca\/cronica-assemblea-general-ordinaria-omnium-sants-montjuic-2021\/"},"author":{"name":"Itziar Gil","@id":"https:\/\/www.omnium.cat\/ca\/#\/schema\/person\/956d3c18e5ee9a7e0c9d452cfb733f9b"},"headline":"Cr\u00f2nica Assemblea general Ordin\u00e0ria \u00d2mnium Sants-Montju\u00efc 2021","datePublished":"2022-01-10T15:28:42+00:00","dateModified":"2022-01-10T15:28:45+00:00","mainEntityOfPage":{"@id":"https:\/\/www.omnium.cat\/ca\/cronica-assemblea-general-ordinaria-omnium-sants-montjuic-2021\/"},"wordCount":228,"publisher":{"@id":"https:\/\/www.omnium.cat\/ca\/#organization"},"image":{"@id":"https:\/\/www.omnium.cat\/ca\/cronica-assemblea-general-ordinaria-omnium-sants-montjuic-2021\/#primaryimage"},"thumbnailUrl":"https:\/\/cdn.omnium.cat\/wp-content\/uploads\/2022\/01\/10162748\/photo_2021-12-17_20-16-08.jpg","articleSection":["Uncategorized @oc"],"inLanguage":"ca"},{"@type":"WebPage","@id":"https:\/\/www.omnium.cat\/ca\/cronica-assemblea-general-ordinaria-omnium-sants-montjuic-2021\/","url":"https:\/\/www.omnium.cat\/ca\/cronica-assemblea-general-ordinaria-omnium-sants-montjuic-2021\/","name":"Cr\u00f2nica Assemblea general Ordin\u00e0ria \u00d2mnium Sants-Montju\u00efc 2021 - \u00d2mnium Cultural","isPartOf":{"@id":"https:\/\/www.omnium.cat\/ca\/#website"},"primaryImageOfPage":{"@id":"https:\/\/www.omnium.cat\/ca\/cronica-assemblea-general-ordinaria-omnium-sants-montjuic-2021\/#primaryimage"},"image":{"@id":"https:\/\/www.omnium.cat\/ca\/cronica-assemblea-general-ordinaria-omnium-sants-montjuic-2021\/#primaryimage"},"thumbnailUrl":"https:\/\/cdn.omnium.cat\/wp-content\/uploads\/2022\/01\/10162748\/photo_2021-12-17_20-16-08.jpg","datePublished":"2022-01-10T15:28:42+00:00","dateModified":"2022-01-10T15:28:45+00:00","breadcrumb":{"@id":"https:\/\/www.omnium.cat\/ca\/cronica-assemblea-general-ordinaria-omnium-sants-montjuic-2021\/#breadcrumb"},"inLanguage":"ca","potentialAction":[{"@type":"ReadAction","target":["https:\/\/www.omnium.cat\/ca\/cronica-assemblea-general-ordinaria-omnium-sants-montjuic-2021\/"]}]},{"@type":"ImageObject","inLanguage":"ca","@id":"https:\/\/www.omnium.cat\/ca\/cronica-assemblea-general-ordinaria-omnium-sants-montjuic-2021\/#primaryimage","url":"https:\/\/cdn.omnium.cat\/wp-content\/uploads\/2022\/01\/10162748\/photo_2021-12-17_20-16-08.jpg","contentUrl":"https:\/\/cdn.omnium.cat\/wp-content\/uploads\/2022\/01\/10162748\/photo_2021-12-17_20-16-08.jpg","width":1280,"height":960},{"@type":"BreadcrumbList","@id":"https:\/\/www.omnium.cat\/ca\/cronica-assemblea-general-ordinaria-omnium-sants-montjuic-2021\/#breadcrumb","itemListElement":[{"@type":"ListItem","position":1,"name":"Inici","item":"https:\/\/www.omnium.cat\/ca\/"},{"@type":"ListItem","position":2,"name":"Cr\u00f2nica Assemblea general Ordin\u00e0ria \u00d2mnium Sants-Montju\u00efc 2021"}]},{"@type":"WebSite","@id":"https:\/\/www.omnium.cat\/ca\/#website","url":"https:\/\/www.omnium.cat\/ca\/","name":"\u00d2mnium Cultural","description":"Llengua Cultura Pa\u00eds","publisher":{"@id":"https:\/\/www.omnium.cat\/ca\/#organization"},"potentialAction":[{"@type":"SearchAction","target":{"@type":"EntryPoint","urlTemplate":"https:\/\/www.omnium.cat\/ca\/?s={search_term_string}"},"query-input":{"@type":"PropertyValueSpecification","valueRequired":true,"valueName":"search_term_string"}}],"inLanguage":"ca"},{"@type":"Organization","@id":"https:\/\/www.omnium.cat\/ca\/#organization","name":"\u00d2mnium Cultural","url":"https:\/\/www.omnium.cat\/ca\/","logo":{"@type":"ImageObject","inLanguage":"ca","@id":"https:\/\/www.omnium.cat\/ca\/#\/schema\/logo\/image\/","url":"https:\/\/cdn.omnium.cat\/wp-content\/uploads\/2019\/06\/01112517\/cropped-omnium_logo-1.png","contentUrl":"https:\/\/cdn.omnium.cat\/wp-content\/uploads\/2019\/06\/01112517\/cropped-omnium_logo-1.png","width":1213,"height":262,"caption":"\u00d2mnium Cultural"},"image":{"@id":"https:\/\/www.omnium.cat\/ca\/#\/schema\/logo\/image\/"},"sameAs":["https:\/\/www.facebook.com\/omniumcultural","https:\/\/x.com\/omnium","https:\/\/www.instagram.com\/omniumcultural\/","https:\/\/www.youtube.com\/user\/omniumcultural"]},{"@type":"Person","@id":"https:\/\/www.omnium.cat\/ca\/#\/schema\/person\/956d3c18e5ee9a7e0c9d452cfb733f9b","name":"Itziar Gil","image":{"@type":"ImageObject","inLanguage":"ca","@id":"https:\/\/secure.gravatar.com\/avatar\/8431130f4353773fddd1b2a9ff89ddce5814dd91ade121369b6b490b8f05c25e?s=96&d=mm&r=g","url":"https:\/\/secure.gravatar.com\/avatar\/8431130f4353773fddd1b2a9ff89ddce5814dd91ade121369b6b490b8f05c25e?s=96&d=mm&r=g","contentUrl":"https:\/\/secure.gravatar.com\/avatar\/8431130f4353773fddd1b2a9ff89ddce5814dd91ade121369b6b490b8f05c25e?s=96&d=mm&r=g","caption":"Itziar Gil"}}]}},"_links":{"self":[{"href":"https:\/\/www.omnium.cat\/ca\/wp-json\/wp\/v2\/posts\/314697","targetHints":{"allow":["GET"]}}],"collection":[{"href":"https:\/\/www.omnium.cat\/ca\/wp-json\/wp\/v2\/posts"}],"about":[{"href":"https:\/\/www.omnium.cat\/ca\/wp-json\/wp\/v2\/types\/post"}],"author":[{"embeddable":true,"href":"https:\/\/www.omnium.cat\/ca\/wp-json\/wp\/v2\/users\/183"}],"replies":[{"embeddable":true,"href":"https:\/\/www.omnium.cat\/ca\/wp-json\/wp\/v2\/comments?post=314697"}],"version-history":[{"count":2,"href":"https:\/\/www.omnium.cat\/ca\/wp-json\/wp\/v2\/posts\/314697\/revisions"}],"predecessor-version":[{"id":314719,"href":"https:\/\/www.omnium.cat\/ca\/wp-json\/wp\/v2\/posts\/314697\/revisions\/314719"}],"wp:featuredmedia":[{"embeddable":true,"href":"https:\/\/www.omnium.cat\/ca\/wp-json\/wp\/v2\/media\/314709"}],"wp:attachment":[{"href":"https:\/\/www.omnium.cat\/ca\/wp-json\/wp\/v2\/media?parent=314697"}],"wp:term":[{"taxonomy":"category","embeddable":true,"href":"https:\/\/www.omnium.cat\/ca\/wp-json\/wp\/v2\/categories?post=314697"},{"taxonomy":"post_tag","embeddable":true,"href":"https:\/\/www.omnium.cat\/ca\/wp-json\/wp\/v2\/tags?post=314697"},{"taxonomy":"post_headquarter","embeddable":true,"href":"https:\/\/www.omnium.cat\/ca\/wp-json\/wp\/v2\/post_headquarter?post=314697"},{"taxonomy":"post_project","embeddable":true,"href":"https:\/\/www.omnium.cat\/ca\/wp-json\/wp\/v2\/post_project?post=314697"}],"curies":[{"name":"wp","href":"https:\/\/api.w.org\/{rel}","templated":true}]}}