{"id":314721,"date":"2022-01-10T16:36:00","date_gmt":"2022-01-10T15:36:00","guid":{"rendered":"https:\/\/www.omnium.cat\/?p=314721"},"modified":"2022-01-11T12:50:07","modified_gmt":"2022-01-11T11:50:07","slug":"cronica-concert-de-nadal-sm-2021","status":"publish","type":"post","link":"https:\/\/www.omnium.cat\/ca\/cronica-concert-de-nadal-sm-2021\/","title":{"rendered":"Cr\u00f2nica Concert de Nadal 2021"},"content":{"rendered":"\n<p>Coincidint amb la conclusi\u00f3 de l&#8217;Assemblea General (anual) d&#8217;<strong>\u00d2mnium Sants-Montju\u00efc<\/strong> es va celebrar per als socis i p\u00fablic en general un concert amb motiu de les festes. Va tenir lloc a la nau central de l&#8217;esgl\u00e9sia de l&#8217;\u00c0ngel Custodi d&#8217;Hostafrancs amb una entrada apreciable. El lloc va resultar espectacular per real\u00e7ar la musicalitat i l&#8217;harmonia del concert que el mestre <strong>Joan Palet<\/strong>, al davant de la llegend\u00e0ria orquestra de cambra <em><strong>AMICS DELS CL\u00c0SSICS<\/strong><\/em>, va preparar i dirigir magistralment.<br \/><br \/>Despr\u00e9s d&#8217;unes paraules de salutaci\u00f3 de la presid\u00e8ncia d&#8217;\u00d2mnium que es va destacar el car\u00e0cter de celebraci\u00f3 i de reconeixement per tots els sacrificis que la pand\u00e8mia ens ha imposat i desitjant sortir-nos-en ben aviat, va cedir la paraula al director de l&#8217;orquestra, Joan Palet que va anar explicant la m\u00fasica que an\u00e0vem a sentir. A la interpretaci\u00f3 d&#8217;una &#8220;suite&#8221; nadalenca, li va succeir diverses peces tamb\u00e9 nadalenques en un viatge ample per la geografia<br \/>mundial. No va faltar la invitaci\u00f3 per cantar a cor una nadala catalana i abans, en el m\u00e9s pur estil de la Filharm\u00f2nica de Viena, els m\u00fasics en ple i dempeus, al final d&#8217;una pe\u00e7a, van dedicar un sonor &#8220;<strong>Bon Nadal<\/strong>&#8221; als assistents que van rebre amb entusiasme.<\/p>\n<div class=\"wp-playlist wp-video-playlist wp-playlist-light\">\n\t\t<video controls=\"controls\" preload=\"none\" width=\"1315\"\n\t\t height=\"723\"\t><\/video>\n\t<div class=\"wp-playlist-next\"><\/div>\n\t<div class=\"wp-playlist-prev\"><\/div>\n\t<noscript>\n\t<ol>\n\t\t<li><a href='https:\/\/cdn.omnium.cat\/wp-content\/uploads\/2022\/01\/10163315\/IMG_5913.mp4'>IMG_5913<\/a><\/li><li><a href='https:\/\/cdn.omnium.cat\/wp-content\/uploads\/2022\/01\/10163321\/IMG_5912.mp4'>IMG_5912<\/a><\/li>\t<\/ol>\n\t<\/noscript>\n\t<script type=\"application\/json\" class=\"wp-playlist-script\">{\"type\":\"video\",\"tracklist\":true,\"tracknumbers\":true,\"images\":true,\"artists\":true,\"tracks\":[{\"src\":\"https:\/\/cdn.omnium.cat\/wp-content\/uploads\/2022\/01\/10163315\/IMG_5913.mp4\",\"type\":\"video\/mp4\",\"title\":\"IMG_5913\",\"caption\":\"\",\"description\":\"\",\"meta\":{\"length_formatted\":\"1:59\"},\"dimensions\":{\"original\":{\"width\":640,\"height\":352},\"resized\":{\"width\":1315,\"height\":723}},\"image\":{\"src\":\"https:\/\/www.omnium.cat\/wp-includes\/images\/media\/video.svg\",\"width\":48,\"height\":64},\"thumb\":{\"src\":\"https:\/\/www.omnium.cat\/wp-includes\/images\/media\/video.svg\",\"width\":48,\"height\":64}},{\"src\":\"https:\/\/cdn.omnium.cat\/wp-content\/uploads\/2022\/01\/10163321\/IMG_5912.mp4\",\"type\":\"video\/mp4\",\"title\":\"IMG_5912\",\"caption\":\"\",\"description\":\"\",\"meta\":{\"length_formatted\":\"1:13\"},\"dimensions\":{\"original\":{\"width\":640,\"height\":352},\"resized\":{\"width\":1315,\"height\":723}},\"image\":{\"src\":\"https:\/\/www.omnium.cat\/wp-includes\/images\/media\/video.svg\",\"width\":48,\"height\":64},\"thumb\":{\"src\":\"https:\/\/www.omnium.cat\/wp-includes\/images\/media\/video.svg\",\"width\":48,\"height\":64}}]}<\/script>\n<\/div>\n\t\n","protected":false},"excerpt":{"rendered":"<p>Coincidint amb la conclusi\u00f3 de l&#8217;Assemblea General (anual) d&#8217;\u00d2mnium Sants-Montju\u00efc es va celebrar per als socis i p\u00fablic en general un concert amb motiu de les festes. Va tenir lloc [&hellip;]<\/p>\n","protected":false},"author":183,"featured_media":314827,"comment_status":"closed","ping_status":"open","sticky":false,"template":"","format":"standard","meta":{"_acf_changed":false,"footnotes":""},"categories":[1],"tags":[],"post_headquarter":[1759],"post_project":[],"class_list":["post-314721","post","type-post","status-publish","format-standard","has-post-thumbnail","hentry","category-uncategorized-ca","post_headquarter-barcelona-sants-montjuic"],"acf":[],"yoast_head":"<!-- This site is optimized with the Yoast SEO plugin v27.2 - https:\/\/yoast.com\/product\/yoast-seo-wordpress\/ -->\n<title>Cr\u00f2nica Concert de Nadal 2021 - \u00d2mnium Cultural<\/title>\n<meta name=\"robots\" content=\"index, follow, max-snippet:-1, max-image-preview:large, max-video-preview:-1\" \/>\n<link rel=\"canonical\" href=\"https:\/\/www.omnium.cat\/ca\/cronica-concert-de-nadal-sm-2021\/\" \/>\n<meta name=\"twitter:label1\" content=\"Escrit per\" \/>\n\t<meta name=\"twitter:data1\" content=\"Itziar Gil\" \/>\n\t<meta name=\"twitter:label2\" content=\"Temps estimat de lectura\" \/>\n\t<meta name=\"twitter:data2\" content=\"1 minut\" \/>\n<script type=\"application\/ld+json\" class=\"yoast-schema-graph\">{\"@context\":\"https:\/\/schema.org\",\"@graph\":[{\"@type\":\"Article\",\"@id\":\"https:\/\/www.omnium.cat\/ca\/cronica-concert-de-nadal-sm-2021\/#article\",\"isPartOf\":{\"@id\":\"https:\/\/www.omnium.cat\/ca\/cronica-concert-de-nadal-sm-2021\/\"},\"author\":{\"name\":\"Itziar Gil\",\"@id\":\"https:\/\/www.omnium.cat\/ca\/#\/schema\/person\/956d3c18e5ee9a7e0c9d452cfb733f9b\"},\"headline\":\"Cr\u00f2nica Concert de Nadal 2021\",\"datePublished\":\"2022-01-10T15:36:00+00:00\",\"dateModified\":\"2022-01-11T11:50:07+00:00\",\"mainEntityOfPage\":{\"@id\":\"https:\/\/www.omnium.cat\/ca\/cronica-concert-de-nadal-sm-2021\/\"},\"wordCount\":236,\"publisher\":{\"@id\":\"https:\/\/www.omnium.cat\/ca\/#organization\"},\"image\":{\"@id\":\"https:\/\/www.omnium.cat\/ca\/cronica-concert-de-nadal-sm-2021\/#primaryimage\"},\"thumbnailUrl\":\"https:\/\/cdn.omnium.cat\/wp-content\/uploads\/2022\/01\/11121332\/328A3317-scaled.jpg\",\"articleSection\":[\"Uncategorized @oc\"],\"inLanguage\":\"ca\"},{\"@type\":\"WebPage\",\"@id\":\"https:\/\/www.omnium.cat\/ca\/cronica-concert-de-nadal-sm-2021\/\",\"url\":\"https:\/\/www.omnium.cat\/ca\/cronica-concert-de-nadal-sm-2021\/\",\"name\":\"Cr\u00f2nica Concert de Nadal 2021 - \u00d2mnium Cultural\",\"isPartOf\":{\"@id\":\"https:\/\/www.omnium.cat\/ca\/#website\"},\"primaryImageOfPage\":{\"@id\":\"https:\/\/www.omnium.cat\/ca\/cronica-concert-de-nadal-sm-2021\/#primaryimage\"},\"image\":{\"@id\":\"https:\/\/www.omnium.cat\/ca\/cronica-concert-de-nadal-sm-2021\/#primaryimage\"},\"thumbnailUrl\":\"https:\/\/cdn.omnium.cat\/wp-content\/uploads\/2022\/01\/11121332\/328A3317-scaled.jpg\",\"datePublished\":\"2022-01-10T15:36:00+00:00\",\"dateModified\":\"2022-01-11T11:50:07+00:00\",\"breadcrumb\":{\"@id\":\"https:\/\/www.omnium.cat\/ca\/cronica-concert-de-nadal-sm-2021\/#breadcrumb\"},\"inLanguage\":\"ca\",\"potentialAction\":[{\"@type\":\"ReadAction\",\"target\":[\"https:\/\/www.omnium.cat\/ca\/cronica-concert-de-nadal-sm-2021\/\"]}]},{\"@type\":\"ImageObject\",\"inLanguage\":\"ca\",\"@id\":\"https:\/\/www.omnium.cat\/ca\/cronica-concert-de-nadal-sm-2021\/#primaryimage\",\"url\":\"https:\/\/cdn.omnium.cat\/wp-content\/uploads\/2022\/01\/11121332\/328A3317-scaled.jpg\",\"contentUrl\":\"https:\/\/cdn.omnium.cat\/wp-content\/uploads\/2022\/01\/11121332\/328A3317-scaled.jpg\",\"width\":2560,\"height\":1707},{\"@type\":\"BreadcrumbList\",\"@id\":\"https:\/\/www.omnium.cat\/ca\/cronica-concert-de-nadal-sm-2021\/#breadcrumb\",\"itemListElement\":[{\"@type\":\"ListItem\",\"position\":1,\"name\":\"Inici\",\"item\":\"https:\/\/www.omnium.cat\/ca\/\"},{\"@type\":\"ListItem\",\"position\":2,\"name\":\"Cr\u00f2nica Concert de Nadal 2021\"}]},{\"@type\":\"WebSite\",\"@id\":\"https:\/\/www.omnium.cat\/ca\/#website\",\"url\":\"https:\/\/www.omnium.cat\/ca\/\",\"name\":\"\u00d2mnium Cultural\",\"description\":\"Llengua Cultura Pa\u00eds\",\"publisher\":{\"@id\":\"https:\/\/www.omnium.cat\/ca\/#organization\"},\"potentialAction\":[{\"@type\":\"SearchAction\",\"target\":{\"@type\":\"EntryPoint\",\"urlTemplate\":\"https:\/\/www.omnium.cat\/ca\/?s={search_term_string}\"},\"query-input\":{\"@type\":\"PropertyValueSpecification\",\"valueRequired\":true,\"valueName\":\"search_term_string\"}}],\"inLanguage\":\"ca\"},{\"@type\":\"Organization\",\"@id\":\"https:\/\/www.omnium.cat\/ca\/#organization\",\"name\":\"\u00d2mnium Cultural\",\"url\":\"https:\/\/www.omnium.cat\/ca\/\",\"logo\":{\"@type\":\"ImageObject\",\"inLanguage\":\"ca\",\"@id\":\"https:\/\/www.omnium.cat\/ca\/#\/schema\/logo\/image\/\",\"url\":\"https:\/\/cdn.omnium.cat\/wp-content\/uploads\/2019\/06\/01112517\/cropped-omnium_logo-1.png\",\"contentUrl\":\"https:\/\/cdn.omnium.cat\/wp-content\/uploads\/2019\/06\/01112517\/cropped-omnium_logo-1.png\",\"width\":1213,\"height\":262,\"caption\":\"\u00d2mnium Cultural\"},\"image\":{\"@id\":\"https:\/\/www.omnium.cat\/ca\/#\/schema\/logo\/image\/\"},\"sameAs\":[\"https:\/\/www.facebook.com\/omniumcultural\",\"https:\/\/x.com\/omnium\",\"https:\/\/www.instagram.com\/omniumcultural\/\",\"https:\/\/www.youtube.com\/user\/omniumcultural\"]},{\"@type\":\"Person\",\"@id\":\"https:\/\/www.omnium.cat\/ca\/#\/schema\/person\/956d3c18e5ee9a7e0c9d452cfb733f9b\",\"name\":\"Itziar Gil\",\"image\":{\"@type\":\"ImageObject\",\"inLanguage\":\"ca\",\"@id\":\"https:\/\/secure.gravatar.com\/avatar\/8431130f4353773fddd1b2a9ff89ddce5814dd91ade121369b6b490b8f05c25e?s=96&d=mm&r=g\",\"url\":\"https:\/\/secure.gravatar.com\/avatar\/8431130f4353773fddd1b2a9ff89ddce5814dd91ade121369b6b490b8f05c25e?s=96&d=mm&r=g\",\"contentUrl\":\"https:\/\/secure.gravatar.com\/avatar\/8431130f4353773fddd1b2a9ff89ddce5814dd91ade121369b6b490b8f05c25e?s=96&d=mm&r=g\",\"caption\":\"Itziar Gil\"}}]}<\/script>\n<!-- \/ Yoast SEO plugin. -->","yoast_head_json":{"title":"Cr\u00f2nica Concert de Nadal 2021 - \u00d2mnium Cultural","robots":{"index":"index","follow":"follow","max-snippet":"max-snippet:-1","max-image-preview":"max-image-preview:large","max-video-preview":"max-video-preview:-1"},"canonical":"https:\/\/www.omnium.cat\/ca\/cronica-concert-de-nadal-sm-2021\/","twitter_misc":{"Escrit per":"Itziar Gil","Temps estimat de lectura":"1 minut"},"schema":{"@context":"https:\/\/schema.org","@graph":[{"@type":"Article","@id":"https:\/\/www.omnium.cat\/ca\/cronica-concert-de-nadal-sm-2021\/#article","isPartOf":{"@id":"https:\/\/www.omnium.cat\/ca\/cronica-concert-de-nadal-sm-2021\/"},"author":{"name":"Itziar Gil","@id":"https:\/\/www.omnium.cat\/ca\/#\/schema\/person\/956d3c18e5ee9a7e0c9d452cfb733f9b"},"headline":"Cr\u00f2nica Concert de Nadal 2021","datePublished":"2022-01-10T15:36:00+00:00","dateModified":"2022-01-11T11:50:07+00:00","mainEntityOfPage":{"@id":"https:\/\/www.omnium.cat\/ca\/cronica-concert-de-nadal-sm-2021\/"},"wordCount":236,"publisher":{"@id":"https:\/\/www.omnium.cat\/ca\/#organization"},"image":{"@id":"https:\/\/www.omnium.cat\/ca\/cronica-concert-de-nadal-sm-2021\/#primaryimage"},"thumbnailUrl":"https:\/\/cdn.omnium.cat\/wp-content\/uploads\/2022\/01\/11121332\/328A3317-scaled.jpg","articleSection":["Uncategorized @oc"],"inLanguage":"ca"},{"@type":"WebPage","@id":"https:\/\/www.omnium.cat\/ca\/cronica-concert-de-nadal-sm-2021\/","url":"https:\/\/www.omnium.cat\/ca\/cronica-concert-de-nadal-sm-2021\/","name":"Cr\u00f2nica Concert de Nadal 2021 - \u00d2mnium Cultural","isPartOf":{"@id":"https:\/\/www.omnium.cat\/ca\/#website"},"primaryImageOfPage":{"@id":"https:\/\/www.omnium.cat\/ca\/cronica-concert-de-nadal-sm-2021\/#primaryimage"},"image":{"@id":"https:\/\/www.omnium.cat\/ca\/cronica-concert-de-nadal-sm-2021\/#primaryimage"},"thumbnailUrl":"https:\/\/cdn.omnium.cat\/wp-content\/uploads\/2022\/01\/11121332\/328A3317-scaled.jpg","datePublished":"2022-01-10T15:36:00+00:00","dateModified":"2022-01-11T11:50:07+00:00","breadcrumb":{"@id":"https:\/\/www.omnium.cat\/ca\/cronica-concert-de-nadal-sm-2021\/#breadcrumb"},"inLanguage":"ca","potentialAction":[{"@type":"ReadAction","target":["https:\/\/www.omnium.cat\/ca\/cronica-concert-de-nadal-sm-2021\/"]}]},{"@type":"ImageObject","inLanguage":"ca","@id":"https:\/\/www.omnium.cat\/ca\/cronica-concert-de-nadal-sm-2021\/#primaryimage","url":"https:\/\/cdn.omnium.cat\/wp-content\/uploads\/2022\/01\/11121332\/328A3317-scaled.jpg","contentUrl":"https:\/\/cdn.omnium.cat\/wp-content\/uploads\/2022\/01\/11121332\/328A3317-scaled.jpg","width":2560,"height":1707},{"@type":"BreadcrumbList","@id":"https:\/\/www.omnium.cat\/ca\/cronica-concert-de-nadal-sm-2021\/#breadcrumb","itemListElement":[{"@type":"ListItem","position":1,"name":"Inici","item":"https:\/\/www.omnium.cat\/ca\/"},{"@type":"ListItem","position":2,"name":"Cr\u00f2nica Concert de Nadal 2021"}]},{"@type":"WebSite","@id":"https:\/\/www.omnium.cat\/ca\/#website","url":"https:\/\/www.omnium.cat\/ca\/","name":"\u00d2mnium Cultural","description":"Llengua Cultura Pa\u00eds","publisher":{"@id":"https:\/\/www.omnium.cat\/ca\/#organization"},"potentialAction":[{"@type":"SearchAction","target":{"@type":"EntryPoint","urlTemplate":"https:\/\/www.omnium.cat\/ca\/?s={search_term_string}"},"query-input":{"@type":"PropertyValueSpecification","valueRequired":true,"valueName":"search_term_string"}}],"inLanguage":"ca"},{"@type":"Organization","@id":"https:\/\/www.omnium.cat\/ca\/#organization","name":"\u00d2mnium Cultural","url":"https:\/\/www.omnium.cat\/ca\/","logo":{"@type":"ImageObject","inLanguage":"ca","@id":"https:\/\/www.omnium.cat\/ca\/#\/schema\/logo\/image\/","url":"https:\/\/cdn.omnium.cat\/wp-content\/uploads\/2019\/06\/01112517\/cropped-omnium_logo-1.png","contentUrl":"https:\/\/cdn.omnium.cat\/wp-content\/uploads\/2019\/06\/01112517\/cropped-omnium_logo-1.png","width":1213,"height":262,"caption":"\u00d2mnium Cultural"},"image":{"@id":"https:\/\/www.omnium.cat\/ca\/#\/schema\/logo\/image\/"},"sameAs":["https:\/\/www.facebook.com\/omniumcultural","https:\/\/x.com\/omnium","https:\/\/www.instagram.com\/omniumcultural\/","https:\/\/www.youtube.com\/user\/omniumcultural"]},{"@type":"Person","@id":"https:\/\/www.omnium.cat\/ca\/#\/schema\/person\/956d3c18e5ee9a7e0c9d452cfb733f9b","name":"Itziar Gil","image":{"@type":"ImageObject","inLanguage":"ca","@id":"https:\/\/secure.gravatar.com\/avatar\/8431130f4353773fddd1b2a9ff89ddce5814dd91ade121369b6b490b8f05c25e?s=96&d=mm&r=g","url":"https:\/\/secure.gravatar.com\/avatar\/8431130f4353773fddd1b2a9ff89ddce5814dd91ade121369b6b490b8f05c25e?s=96&d=mm&r=g","contentUrl":"https:\/\/secure.gravatar.com\/avatar\/8431130f4353773fddd1b2a9ff89ddce5814dd91ade121369b6b490b8f05c25e?s=96&d=mm&r=g","caption":"Itziar Gil"}}]}},"_links":{"self":[{"href":"https:\/\/www.omnium.cat\/ca\/wp-json\/wp\/v2\/posts\/314721","targetHints":{"allow":["GET"]}}],"collection":[{"href":"https:\/\/www.omnium.cat\/ca\/wp-json\/wp\/v2\/posts"}],"about":[{"href":"https:\/\/www.omnium.cat\/ca\/wp-json\/wp\/v2\/types\/post"}],"author":[{"embeddable":true,"href":"https:\/\/www.omnium.cat\/ca\/wp-json\/wp\/v2\/users\/183"}],"replies":[{"embeddable":true,"href":"https:\/\/www.omnium.cat\/ca\/wp-json\/wp\/v2\/comments?post=314721"}],"version-history":[{"count":2,"href":"https:\/\/www.omnium.cat\/ca\/wp-json\/wp\/v2\/posts\/314721\/revisions"}],"predecessor-version":[{"id":314743,"href":"https:\/\/www.omnium.cat\/ca\/wp-json\/wp\/v2\/posts\/314721\/revisions\/314743"}],"wp:featuredmedia":[{"embeddable":true,"href":"https:\/\/www.omnium.cat\/ca\/wp-json\/wp\/v2\/media\/314827"}],"wp:attachment":[{"href":"https:\/\/www.omnium.cat\/ca\/wp-json\/wp\/v2\/media?parent=314721"}],"wp:term":[{"taxonomy":"category","embeddable":true,"href":"https:\/\/www.omnium.cat\/ca\/wp-json\/wp\/v2\/categories?post=314721"},{"taxonomy":"post_tag","embeddable":true,"href":"https:\/\/www.omnium.cat\/ca\/wp-json\/wp\/v2\/tags?post=314721"},{"taxonomy":"post_headquarter","embeddable":true,"href":"https:\/\/www.omnium.cat\/ca\/wp-json\/wp\/v2\/post_headquarter?post=314721"},{"taxonomy":"post_project","embeddable":true,"href":"https:\/\/www.omnium.cat\/ca\/wp-json\/wp\/v2\/post_project?post=314721"}],"curies":[{"name":"wp","href":"https:\/\/api.w.org\/{rel}","templated":true}]}}