{"id":330083,"date":"2022-06-06T08:00:00","date_gmt":"2022-06-06T06:00:00","guid":{"rendered":"https:\/\/www.omnium.cat\/?p=330083"},"modified":"2022-04-26T16:00:59","modified_gmt":"2022-04-26T14:00:59","slug":"tics-albo-alzina","status":"publish","type":"post","link":"https:\/\/www.omnium.cat\/ca\/tics-albo-alzina\/","title":{"rendered":"Tics po\u00e8tics: \u201cAlzina i roure\u201d, de\u00a0N\u00faria Alb\u00f3 i Corrons"},"content":{"rendered":"\n<h1>Alzina i roure<\/h1>\n<p>L&#8217;alzina i el roure<br \/>s\u00f3n dos bons germans.<br \/>Tots dos esgarrapen,<br \/>tots dos fan aglans.<br \/>L&#8217;estiu els ajuda<br \/>a ser bons companys.<br \/>Quan gla\u00e7a i venteja,<br \/>ja no s\u00f3n iguals.<br \/>Les fulles del roure<br \/>se&#8217;n van a l&#8217;hivern.<br \/>L&#8217;alzina les guarda<br \/>per no tenir fred.<\/p>\n<p><strong>N\u00faria Alb\u00f3 i Corrons<\/strong> va n\u00e9ixer a la La Garriga el 1930. \u00c9s una escriptora i pol\u00edtica catalana. El 1948 inici\u00e0 els estudis de Filosofia i Lletres a la Universitat de Barcelona, on es llicenci\u00e0 en Pedagogia. Exerc\u00ed de professora fins el 1979, quan encap\u00e7al\u00e0 la candidatura d\u2019esquerres de la Garriga i fou elegida alcaldessa d\u2019aquesta poblaci\u00f3 vallesana. En narrativa ha conreat sobretot la literatura infantil i juvenil. El 2010, en el marc de l&#8217;Any N\u00faria Alb\u00f3 que l&#8217;Ajuntament de La Garriga va decidir celebrar amb motiu del seu vuitant\u00e8 aniversari, es va donar a la Biblioteca de La Garriga el nom de \u201cBiblioteca N\u00faria Alb\u00f3 de la Garriga\u201d.<br \/>El 2012 va guanyar la Creu de Sant Jordi.<\/p>\n","protected":false},"excerpt":{"rendered":"<p>Alzina i roure L&#8217;alzina i el roures\u00f3n dos bons germans.Tots dos esgarrapen,tots dos fan aglans.L&#8217;estiu els ajudaa ser bons companys.Quan gla\u00e7a i venteja,ja no s\u00f3n iguals.Les fulles del rourese&#8217;n van [&hellip;]<\/p>\n","protected":false},"author":156,"featured_media":330086,"comment_status":"closed","ping_status":"open","sticky":false,"template":"","format":"standard","meta":{"_acf_changed":false,"footnotes":""},"categories":[1],"tags":[],"post_headquarter":[1778],"post_project":[],"class_list":["post-330083","post","type-post","status-publish","format-standard","has-post-thumbnail","hentry","category-uncategorized-ca","post_headquarter-barcelona-eixample"],"acf":[],"yoast_head":"<!-- This site is optimized with the Yoast SEO plugin v27.2 - https:\/\/yoast.com\/product\/yoast-seo-wordpress\/ -->\n<title>Tics po\u00e8tics: \u201cAlzina i roure\u201d, de\u00a0N\u00faria Alb\u00f3 i Corrons - \u00d2mnium Cultural<\/title>\n<meta name=\"robots\" content=\"index, follow, max-snippet:-1, max-image-preview:large, max-video-preview:-1\" \/>\n<link rel=\"canonical\" href=\"https:\/\/www.omnium.cat\/ca\/tics-albo-alzina\/\" \/>\n<meta name=\"twitter:label1\" content=\"Escrit per\" \/>\n\t<meta name=\"twitter:data1\" content=\"Eva Garcia\" \/>\n\t<meta name=\"twitter:label2\" content=\"Temps estimat de lectura\" \/>\n\t<meta name=\"twitter:data2\" content=\"1 minut\" \/>\n<script type=\"application\/ld+json\" class=\"yoast-schema-graph\">{\"@context\":\"https:\/\/schema.org\",\"@graph\":[{\"@type\":\"Article\",\"@id\":\"https:\/\/www.omnium.cat\/ca\/tics-albo-alzina\/#article\",\"isPartOf\":{\"@id\":\"https:\/\/www.omnium.cat\/ca\/tics-albo-alzina\/\"},\"author\":{\"name\":\"Eva Garcia\",\"@id\":\"https:\/\/www.omnium.cat\/ca\/#\/schema\/person\/ed8dbfaa4a53b3495036d0228662a7c1\"},\"headline\":\"Tics po\u00e8tics: \u201cAlzina i roure\u201d, de\u00a0N\u00faria Alb\u00f3 i Corrons\",\"datePublished\":\"2022-06-06T06:00:00+00:00\",\"mainEntityOfPage\":{\"@id\":\"https:\/\/www.omnium.cat\/ca\/tics-albo-alzina\/\"},\"wordCount\":187,\"publisher\":{\"@id\":\"https:\/\/www.omnium.cat\/ca\/#organization\"},\"image\":{\"@id\":\"https:\/\/www.omnium.cat\/ca\/tics-albo-alzina\/#primaryimage\"},\"thumbnailUrl\":\"https:\/\/cdn.omnium.cat\/wp-content\/uploads\/2022\/04\/26155914\/2022-06-06_Albo_TW.jpg\",\"articleSection\":[\"Uncategorized @oc\"],\"inLanguage\":\"ca\"},{\"@type\":\"WebPage\",\"@id\":\"https:\/\/www.omnium.cat\/ca\/tics-albo-alzina\/\",\"url\":\"https:\/\/www.omnium.cat\/ca\/tics-albo-alzina\/\",\"name\":\"Tics po\u00e8tics: \u201cAlzina i roure\u201d, de\u00a0N\u00faria Alb\u00f3 i Corrons - \u00d2mnium Cultural\",\"isPartOf\":{\"@id\":\"https:\/\/www.omnium.cat\/ca\/#website\"},\"primaryImageOfPage\":{\"@id\":\"https:\/\/www.omnium.cat\/ca\/tics-albo-alzina\/#primaryimage\"},\"image\":{\"@id\":\"https:\/\/www.omnium.cat\/ca\/tics-albo-alzina\/#primaryimage\"},\"thumbnailUrl\":\"https:\/\/cdn.omnium.cat\/wp-content\/uploads\/2022\/04\/26155914\/2022-06-06_Albo_TW.jpg\",\"datePublished\":\"2022-06-06T06:00:00+00:00\",\"breadcrumb\":{\"@id\":\"https:\/\/www.omnium.cat\/ca\/tics-albo-alzina\/#breadcrumb\"},\"inLanguage\":\"ca\",\"potentialAction\":[{\"@type\":\"ReadAction\",\"target\":[\"https:\/\/www.omnium.cat\/ca\/tics-albo-alzina\/\"]}]},{\"@type\":\"ImageObject\",\"inLanguage\":\"ca\",\"@id\":\"https:\/\/www.omnium.cat\/ca\/tics-albo-alzina\/#primaryimage\",\"url\":\"https:\/\/cdn.omnium.cat\/wp-content\/uploads\/2022\/04\/26155914\/2022-06-06_Albo_TW.jpg\",\"contentUrl\":\"https:\/\/cdn.omnium.cat\/wp-content\/uploads\/2022\/04\/26155914\/2022-06-06_Albo_TW.jpg\",\"width\":1012,\"height\":506},{\"@type\":\"BreadcrumbList\",\"@id\":\"https:\/\/www.omnium.cat\/ca\/tics-albo-alzina\/#breadcrumb\",\"itemListElement\":[{\"@type\":\"ListItem\",\"position\":1,\"name\":\"Inici\",\"item\":\"https:\/\/www.omnium.cat\/ca\/\"},{\"@type\":\"ListItem\",\"position\":2,\"name\":\"Tics po\u00e8tics: \u201cAlzina i roure\u201d, de\u00a0N\u00faria Alb\u00f3 i Corrons\"}]},{\"@type\":\"WebSite\",\"@id\":\"https:\/\/www.omnium.cat\/ca\/#website\",\"url\":\"https:\/\/www.omnium.cat\/ca\/\",\"name\":\"\u00d2mnium Cultural\",\"description\":\"Llengua Cultura Pa\u00eds\",\"publisher\":{\"@id\":\"https:\/\/www.omnium.cat\/ca\/#organization\"},\"potentialAction\":[{\"@type\":\"SearchAction\",\"target\":{\"@type\":\"EntryPoint\",\"urlTemplate\":\"https:\/\/www.omnium.cat\/ca\/?s={search_term_string}\"},\"query-input\":{\"@type\":\"PropertyValueSpecification\",\"valueRequired\":true,\"valueName\":\"search_term_string\"}}],\"inLanguage\":\"ca\"},{\"@type\":\"Organization\",\"@id\":\"https:\/\/www.omnium.cat\/ca\/#organization\",\"name\":\"\u00d2mnium Cultural\",\"url\":\"https:\/\/www.omnium.cat\/ca\/\",\"logo\":{\"@type\":\"ImageObject\",\"inLanguage\":\"ca\",\"@id\":\"https:\/\/www.omnium.cat\/ca\/#\/schema\/logo\/image\/\",\"url\":\"https:\/\/cdn.omnium.cat\/wp-content\/uploads\/2019\/06\/01112517\/cropped-omnium_logo-1.png\",\"contentUrl\":\"https:\/\/cdn.omnium.cat\/wp-content\/uploads\/2019\/06\/01112517\/cropped-omnium_logo-1.png\",\"width\":1213,\"height\":262,\"caption\":\"\u00d2mnium Cultural\"},\"image\":{\"@id\":\"https:\/\/www.omnium.cat\/ca\/#\/schema\/logo\/image\/\"},\"sameAs\":[\"https:\/\/www.facebook.com\/omniumcultural\",\"https:\/\/x.com\/omnium\",\"https:\/\/www.instagram.com\/omniumcultural\/\",\"https:\/\/www.youtube.com\/user\/omniumcultural\"]},{\"@type\":\"Person\",\"@id\":\"https:\/\/www.omnium.cat\/ca\/#\/schema\/person\/ed8dbfaa4a53b3495036d0228662a7c1\",\"name\":\"Eva Garcia\",\"image\":{\"@type\":\"ImageObject\",\"inLanguage\":\"ca\",\"@id\":\"https:\/\/secure.gravatar.com\/avatar\/99aff3e5e8e7f0ff193cc29ddf97d18b1e087164d118a5caf73865437bb10d66?s=96&d=mm&r=g\",\"url\":\"https:\/\/secure.gravatar.com\/avatar\/99aff3e5e8e7f0ff193cc29ddf97d18b1e087164d118a5caf73865437bb10d66?s=96&d=mm&r=g\",\"contentUrl\":\"https:\/\/secure.gravatar.com\/avatar\/99aff3e5e8e7f0ff193cc29ddf97d18b1e087164d118a5caf73865437bb10d66?s=96&d=mm&r=g\",\"caption\":\"Eva Garcia\"},\"sameAs\":[\"sprat\"]}]}<\/script>\n<!-- \/ Yoast SEO plugin. -->","yoast_head_json":{"title":"Tics po\u00e8tics: \u201cAlzina i roure\u201d, de\u00a0N\u00faria Alb\u00f3 i Corrons - \u00d2mnium Cultural","robots":{"index":"index","follow":"follow","max-snippet":"max-snippet:-1","max-image-preview":"max-image-preview:large","max-video-preview":"max-video-preview:-1"},"canonical":"https:\/\/www.omnium.cat\/ca\/tics-albo-alzina\/","twitter_misc":{"Escrit per":"Eva Garcia","Temps estimat de lectura":"1 minut"},"schema":{"@context":"https:\/\/schema.org","@graph":[{"@type":"Article","@id":"https:\/\/www.omnium.cat\/ca\/tics-albo-alzina\/#article","isPartOf":{"@id":"https:\/\/www.omnium.cat\/ca\/tics-albo-alzina\/"},"author":{"name":"Eva Garcia","@id":"https:\/\/www.omnium.cat\/ca\/#\/schema\/person\/ed8dbfaa4a53b3495036d0228662a7c1"},"headline":"Tics po\u00e8tics: \u201cAlzina i roure\u201d, de\u00a0N\u00faria Alb\u00f3 i Corrons","datePublished":"2022-06-06T06:00:00+00:00","mainEntityOfPage":{"@id":"https:\/\/www.omnium.cat\/ca\/tics-albo-alzina\/"},"wordCount":187,"publisher":{"@id":"https:\/\/www.omnium.cat\/ca\/#organization"},"image":{"@id":"https:\/\/www.omnium.cat\/ca\/tics-albo-alzina\/#primaryimage"},"thumbnailUrl":"https:\/\/cdn.omnium.cat\/wp-content\/uploads\/2022\/04\/26155914\/2022-06-06_Albo_TW.jpg","articleSection":["Uncategorized @oc"],"inLanguage":"ca"},{"@type":"WebPage","@id":"https:\/\/www.omnium.cat\/ca\/tics-albo-alzina\/","url":"https:\/\/www.omnium.cat\/ca\/tics-albo-alzina\/","name":"Tics po\u00e8tics: \u201cAlzina i roure\u201d, de\u00a0N\u00faria Alb\u00f3 i Corrons - \u00d2mnium Cultural","isPartOf":{"@id":"https:\/\/www.omnium.cat\/ca\/#website"},"primaryImageOfPage":{"@id":"https:\/\/www.omnium.cat\/ca\/tics-albo-alzina\/#primaryimage"},"image":{"@id":"https:\/\/www.omnium.cat\/ca\/tics-albo-alzina\/#primaryimage"},"thumbnailUrl":"https:\/\/cdn.omnium.cat\/wp-content\/uploads\/2022\/04\/26155914\/2022-06-06_Albo_TW.jpg","datePublished":"2022-06-06T06:00:00+00:00","breadcrumb":{"@id":"https:\/\/www.omnium.cat\/ca\/tics-albo-alzina\/#breadcrumb"},"inLanguage":"ca","potentialAction":[{"@type":"ReadAction","target":["https:\/\/www.omnium.cat\/ca\/tics-albo-alzina\/"]}]},{"@type":"ImageObject","inLanguage":"ca","@id":"https:\/\/www.omnium.cat\/ca\/tics-albo-alzina\/#primaryimage","url":"https:\/\/cdn.omnium.cat\/wp-content\/uploads\/2022\/04\/26155914\/2022-06-06_Albo_TW.jpg","contentUrl":"https:\/\/cdn.omnium.cat\/wp-content\/uploads\/2022\/04\/26155914\/2022-06-06_Albo_TW.jpg","width":1012,"height":506},{"@type":"BreadcrumbList","@id":"https:\/\/www.omnium.cat\/ca\/tics-albo-alzina\/#breadcrumb","itemListElement":[{"@type":"ListItem","position":1,"name":"Inici","item":"https:\/\/www.omnium.cat\/ca\/"},{"@type":"ListItem","position":2,"name":"Tics po\u00e8tics: \u201cAlzina i roure\u201d, de\u00a0N\u00faria Alb\u00f3 i Corrons"}]},{"@type":"WebSite","@id":"https:\/\/www.omnium.cat\/ca\/#website","url":"https:\/\/www.omnium.cat\/ca\/","name":"\u00d2mnium Cultural","description":"Llengua Cultura Pa\u00eds","publisher":{"@id":"https:\/\/www.omnium.cat\/ca\/#organization"},"potentialAction":[{"@type":"SearchAction","target":{"@type":"EntryPoint","urlTemplate":"https:\/\/www.omnium.cat\/ca\/?s={search_term_string}"},"query-input":{"@type":"PropertyValueSpecification","valueRequired":true,"valueName":"search_term_string"}}],"inLanguage":"ca"},{"@type":"Organization","@id":"https:\/\/www.omnium.cat\/ca\/#organization","name":"\u00d2mnium Cultural","url":"https:\/\/www.omnium.cat\/ca\/","logo":{"@type":"ImageObject","inLanguage":"ca","@id":"https:\/\/www.omnium.cat\/ca\/#\/schema\/logo\/image\/","url":"https:\/\/cdn.omnium.cat\/wp-content\/uploads\/2019\/06\/01112517\/cropped-omnium_logo-1.png","contentUrl":"https:\/\/cdn.omnium.cat\/wp-content\/uploads\/2019\/06\/01112517\/cropped-omnium_logo-1.png","width":1213,"height":262,"caption":"\u00d2mnium Cultural"},"image":{"@id":"https:\/\/www.omnium.cat\/ca\/#\/schema\/logo\/image\/"},"sameAs":["https:\/\/www.facebook.com\/omniumcultural","https:\/\/x.com\/omnium","https:\/\/www.instagram.com\/omniumcultural\/","https:\/\/www.youtube.com\/user\/omniumcultural"]},{"@type":"Person","@id":"https:\/\/www.omnium.cat\/ca\/#\/schema\/person\/ed8dbfaa4a53b3495036d0228662a7c1","name":"Eva Garcia","image":{"@type":"ImageObject","inLanguage":"ca","@id":"https:\/\/secure.gravatar.com\/avatar\/99aff3e5e8e7f0ff193cc29ddf97d18b1e087164d118a5caf73865437bb10d66?s=96&d=mm&r=g","url":"https:\/\/secure.gravatar.com\/avatar\/99aff3e5e8e7f0ff193cc29ddf97d18b1e087164d118a5caf73865437bb10d66?s=96&d=mm&r=g","contentUrl":"https:\/\/secure.gravatar.com\/avatar\/99aff3e5e8e7f0ff193cc29ddf97d18b1e087164d118a5caf73865437bb10d66?s=96&d=mm&r=g","caption":"Eva Garcia"},"sameAs":["sprat"]}]}},"_links":{"self":[{"href":"https:\/\/www.omnium.cat\/ca\/wp-json\/wp\/v2\/posts\/330083","targetHints":{"allow":["GET"]}}],"collection":[{"href":"https:\/\/www.omnium.cat\/ca\/wp-json\/wp\/v2\/posts"}],"about":[{"href":"https:\/\/www.omnium.cat\/ca\/wp-json\/wp\/v2\/types\/post"}],"author":[{"embeddable":true,"href":"https:\/\/www.omnium.cat\/ca\/wp-json\/wp\/v2\/users\/156"}],"replies":[{"embeddable":true,"href":"https:\/\/www.omnium.cat\/ca\/wp-json\/wp\/v2\/comments?post=330083"}],"version-history":[{"count":3,"href":"https:\/\/www.omnium.cat\/ca\/wp-json\/wp\/v2\/posts\/330083\/revisions"}],"predecessor-version":[{"id":330091,"href":"https:\/\/www.omnium.cat\/ca\/wp-json\/wp\/v2\/posts\/330083\/revisions\/330091"}],"wp:featuredmedia":[{"embeddable":true,"href":"https:\/\/www.omnium.cat\/ca\/wp-json\/wp\/v2\/media\/330086"}],"wp:attachment":[{"href":"https:\/\/www.omnium.cat\/ca\/wp-json\/wp\/v2\/media?parent=330083"}],"wp:term":[{"taxonomy":"category","embeddable":true,"href":"https:\/\/www.omnium.cat\/ca\/wp-json\/wp\/v2\/categories?post=330083"},{"taxonomy":"post_tag","embeddable":true,"href":"https:\/\/www.omnium.cat\/ca\/wp-json\/wp\/v2\/tags?post=330083"},{"taxonomy":"post_headquarter","embeddable":true,"href":"https:\/\/www.omnium.cat\/ca\/wp-json\/wp\/v2\/post_headquarter?post=330083"},{"taxonomy":"post_project","embeddable":true,"href":"https:\/\/www.omnium.cat\/ca\/wp-json\/wp\/v2\/post_project?post=330083"}],"curies":[{"name":"wp","href":"https:\/\/api.w.org\/{rel}","templated":true}]}}