{"id":337405,"date":"2022-06-07T10:26:14","date_gmt":"2022-06-07T08:26:14","guid":{"rendered":"https:\/\/www.omnium.cat\/?p=337405"},"modified":"2022-06-07T10:26:18","modified_gmt":"2022-06-07T08:26:18","slug":"cronica-a-peu-per-la-historia-visita-del-museu-egipci-sm22","status":"publish","type":"post","link":"https:\/\/www.omnium.cat\/ca\/cronica-a-peu-per-la-historia-visita-del-museu-egipci-sm22\/","title":{"rendered":"Cr\u00f2nica &#8220;A peu per la hist\u00f2ria&#8221; visita del Museu Egipci de Barcelona"},"content":{"rendered":"\n<p>En la programaci\u00f3 de \u00abA peu per la hist\u00f2ria\u00bb d\u2019\u00d2mnium Sants-Montju\u00efc vam visitar el Museu Egipci de Barcelona, el museu privat obert al p\u00fablic m\u00e9s important d\u2019Europa, gr\u00e0cies a l\u2019embranzida d\u2019en Jordi Clos, empresari i diletant de la cultura de l\u2019antic Egipte, propietari del museu i creador de la Fundaci\u00f3 Arqueol\u00f2gica Clos que \u00e9s responsable de les actuals excavacions de les restes del Temple de Sharuna de l\u2019\u00e8poca de Ptolomeu I. En la presentaci\u00f3 que va fer el Rafael, membre de la Junta, v\u00e0rem fer refer\u00e8ncia a qui segurament fou el primer egipt\u00f2leg de la pen\u00ednsula ib\u00e8rica, Eduard Toda, que curiosament tamb\u00e9 va descobrir l&#8217;alguer\u00e8s. Aix\u00ed doncs, la tradici\u00f3 egiptol\u00f2gica del nostre pa\u00eds ve de lluny, cosa que justifica amb escreix la nostra visita.<\/p>\n<p>La nostra guia, na Maite Rada, egipt\u00f2loga i responsable educativa del museu, ens va fer, a les 14 persones que vam assistir-hi, una \u00e0mplia exposici\u00f3 dels fonaments i posterior desenvolupament de la cultura de l\u2019Antic Egipte aconseguint la participaci\u00f3 activa de la gent. Posteriorment, ens va conduir a l\u2019exposici\u00f3 del temple de Sharuna, tot explicant-nos el proc\u00e9s de les excavacions, els problemes a resoldre di\u00e0riament i la satisfacci\u00f3 de les troballes.<\/p>\n<p>El guiatge de la Maite va ser molt interessant, gener\u00f3s i enormement did\u00e0ctic.<\/p>\n<div id='gallery-1' class='gallery galleryid-337405 gallery-columns-3 gallery-size-thumbnail'><figure class='gallery-item'>\n\t\t\t<div class='gallery-icon landscape'>\n\t\t\t\t<a href='https:\/\/www.omnium.cat\/ca\/cronica-a-peu-per-la-historia-visita-del-museu-egipci-sm22\/photo_2022-06-04_18-16-10-7\/'><img decoding=\"async\" width=\"150\" height=\"150\" src=\"https:\/\/cdn.omnium.cat\/wp-content\/uploads\/2022\/06\/07102326\/photo_2022-06-04_18-16-10-7-150x150.jpg\" class=\"attachment-thumbnail size-thumbnail\" alt=\"\" srcset=\"https:\/\/cdn.omnium.cat\/wp-content\/uploads\/2022\/06\/07102326\/photo_2022-06-04_18-16-10-7-150x150.jpg 150w, https:\/\/cdn.omnium.cat\/wp-content\/uploads\/2022\/06\/07102326\/photo_2022-06-04_18-16-10-7-371x371.jpg 371w, https:\/\/cdn.omnium.cat\/wp-content\/uploads\/2022\/06\/07102326\/photo_2022-06-04_18-16-10-7-300x300.jpg 300w\" sizes=\"(max-width: 150px) 100vw, 150px\" \/><\/a>\n\t\t\t<\/div><\/figure><figure class='gallery-item'>\n\t\t\t<div class='gallery-icon landscape'>\n\t\t\t\t<a href='https:\/\/www.omnium.cat\/ca\/cronica-a-peu-per-la-historia-visita-del-museu-egipci-sm22\/photo_2022-06-04_18-16-09-2\/'><img decoding=\"async\" width=\"150\" height=\"150\" src=\"https:\/\/cdn.omnium.cat\/wp-content\/uploads\/2022\/06\/07102335\/photo_2022-06-04_18-16-09-2-150x150.jpg\" class=\"attachment-thumbnail size-thumbnail\" alt=\"\" srcset=\"https:\/\/cdn.omnium.cat\/wp-content\/uploads\/2022\/06\/07102335\/photo_2022-06-04_18-16-09-2-150x150.jpg 150w, https:\/\/cdn.omnium.cat\/wp-content\/uploads\/2022\/06\/07102335\/photo_2022-06-04_18-16-09-2-371x371.jpg 371w, https:\/\/cdn.omnium.cat\/wp-content\/uploads\/2022\/06\/07102335\/photo_2022-06-04_18-16-09-2-300x300.jpg 300w\" sizes=\"(max-width: 150px) 100vw, 150px\" \/><\/a>\n\t\t\t<\/div><\/figure><figure class='gallery-item'>\n\t\t\t<div class='gallery-icon landscape'>\n\t\t\t\t<a href='https:\/\/www.omnium.cat\/ca\/cronica-a-peu-per-la-historia-visita-del-museu-egipci-sm22\/photo_2022-06-04_18-16-09\/'><img decoding=\"async\" width=\"150\" height=\"150\" src=\"https:\/\/cdn.omnium.cat\/wp-content\/uploads\/2022\/06\/07102345\/photo_2022-06-04_18-16-09-150x150.jpg\" class=\"attachment-thumbnail size-thumbnail\" alt=\"\" srcset=\"https:\/\/cdn.omnium.cat\/wp-content\/uploads\/2022\/06\/07102345\/photo_2022-06-04_18-16-09-150x150.jpg 150w, https:\/\/cdn.omnium.cat\/wp-content\/uploads\/2022\/06\/07102345\/photo_2022-06-04_18-16-09-371x371.jpg 371w, https:\/\/cdn.omnium.cat\/wp-content\/uploads\/2022\/06\/07102345\/photo_2022-06-04_18-16-09-300x300.jpg 300w\" sizes=\"(max-width: 150px) 100vw, 150px\" \/><\/a>\n\t\t\t<\/div><\/figure><figure class='gallery-item'>\n\t\t\t<div class='gallery-icon portrait'>\n\t\t\t\t<a href='https:\/\/www.omnium.cat\/ca\/cronica-a-peu-per-la-historia-visita-del-museu-egipci-sm22\/photo_2022-06-04_18-16-10-6\/'><img loading=\"lazy\" decoding=\"async\" width=\"150\" height=\"150\" src=\"https:\/\/cdn.omnium.cat\/wp-content\/uploads\/2022\/06\/07102355\/photo_2022-06-04_18-16-10-6-150x150.jpg\" class=\"attachment-thumbnail size-thumbnail\" alt=\"\" srcset=\"https:\/\/cdn.omnium.cat\/wp-content\/uploads\/2022\/06\/07102355\/photo_2022-06-04_18-16-10-6-150x150.jpg 150w, https:\/\/cdn.omnium.cat\/wp-content\/uploads\/2022\/06\/07102355\/photo_2022-06-04_18-16-10-6-371x371.jpg 371w, https:\/\/cdn.omnium.cat\/wp-content\/uploads\/2022\/06\/07102355\/photo_2022-06-04_18-16-10-6-300x300.jpg 300w\" sizes=\"(max-width: 150px) 100vw, 150px\" \/><\/a>\n\t\t\t<\/div><\/figure><figure class='gallery-item'>\n\t\t\t<div class='gallery-icon portrait'>\n\t\t\t\t<a href='https:\/\/www.omnium.cat\/ca\/cronica-a-peu-per-la-historia-visita-del-museu-egipci-sm22\/photo_2022-06-04_18-16-10-5\/'><img loading=\"lazy\" decoding=\"async\" width=\"150\" height=\"150\" src=\"https:\/\/cdn.omnium.cat\/wp-content\/uploads\/2022\/06\/07102405\/photo_2022-06-04_18-16-10-5-150x150.jpg\" class=\"attachment-thumbnail size-thumbnail\" alt=\"\" srcset=\"https:\/\/cdn.omnium.cat\/wp-content\/uploads\/2022\/06\/07102405\/photo_2022-06-04_18-16-10-5-150x150.jpg 150w, https:\/\/cdn.omnium.cat\/wp-content\/uploads\/2022\/06\/07102405\/photo_2022-06-04_18-16-10-5-371x371.jpg 371w, https:\/\/cdn.omnium.cat\/wp-content\/uploads\/2022\/06\/07102405\/photo_2022-06-04_18-16-10-5-300x300.jpg 300w\" sizes=\"(max-width: 150px) 100vw, 150px\" \/><\/a>\n\t\t\t<\/div><\/figure><figure class='gallery-item'>\n\t\t\t<div class='gallery-icon landscape'>\n\t\t\t\t<a href='https:\/\/www.omnium.cat\/ca\/cronica-a-peu-per-la-historia-visita-del-museu-egipci-sm22\/photo_2022-06-04_18-16-10-4\/'><img loading=\"lazy\" decoding=\"async\" width=\"150\" height=\"150\" src=\"https:\/\/cdn.omnium.cat\/wp-content\/uploads\/2022\/06\/07102417\/photo_2022-06-04_18-16-10-4-150x150.jpg\" class=\"attachment-thumbnail size-thumbnail\" alt=\"\" srcset=\"https:\/\/cdn.omnium.cat\/wp-content\/uploads\/2022\/06\/07102417\/photo_2022-06-04_18-16-10-4-150x150.jpg 150w, https:\/\/cdn.omnium.cat\/wp-content\/uploads\/2022\/06\/07102417\/photo_2022-06-04_18-16-10-4-371x371.jpg 371w, https:\/\/cdn.omnium.cat\/wp-content\/uploads\/2022\/06\/07102417\/photo_2022-06-04_18-16-10-4-300x300.jpg 300w\" sizes=\"(max-width: 150px) 100vw, 150px\" \/><\/a>\n\t\t\t<\/div><\/figure><figure class='gallery-item'>\n\t\t\t<div class='gallery-icon landscape'>\n\t\t\t\t<a href='https:\/\/www.omnium.cat\/ca\/cronica-a-peu-per-la-historia-visita-del-museu-egipci-sm22\/photo_2022-06-04_18-16-10-3\/'><img loading=\"lazy\" decoding=\"async\" width=\"150\" height=\"150\" src=\"https:\/\/cdn.omnium.cat\/wp-content\/uploads\/2022\/06\/07102430\/photo_2022-06-04_18-16-10-3-150x150.jpg\" class=\"attachment-thumbnail size-thumbnail\" alt=\"\" srcset=\"https:\/\/cdn.omnium.cat\/wp-content\/uploads\/2022\/06\/07102430\/photo_2022-06-04_18-16-10-3-150x150.jpg 150w, https:\/\/cdn.omnium.cat\/wp-content\/uploads\/2022\/06\/07102430\/photo_2022-06-04_18-16-10-3-371x371.jpg 371w, https:\/\/cdn.omnium.cat\/wp-content\/uploads\/2022\/06\/07102430\/photo_2022-06-04_18-16-10-3-300x300.jpg 300w\" sizes=\"(max-width: 150px) 100vw, 150px\" \/><\/a>\n\t\t\t<\/div><\/figure><figure class='gallery-item'>\n\t\t\t<div class='gallery-icon portrait'>\n\t\t\t\t<a href='https:\/\/www.omnium.cat\/ca\/cronica-a-peu-per-la-historia-visita-del-museu-egipci-sm22\/photo_2022-06-04_18-16-10-2\/'><img loading=\"lazy\" decoding=\"async\" width=\"150\" height=\"150\" src=\"https:\/\/cdn.omnium.cat\/wp-content\/uploads\/2022\/06\/07102440\/photo_2022-06-04_18-16-10-2-150x150.jpg\" class=\"attachment-thumbnail size-thumbnail\" alt=\"\" srcset=\"https:\/\/cdn.omnium.cat\/wp-content\/uploads\/2022\/06\/07102440\/photo_2022-06-04_18-16-10-2-150x150.jpg 150w, https:\/\/cdn.omnium.cat\/wp-content\/uploads\/2022\/06\/07102440\/photo_2022-06-04_18-16-10-2-371x371.jpg 371w, https:\/\/cdn.omnium.cat\/wp-content\/uploads\/2022\/06\/07102440\/photo_2022-06-04_18-16-10-2-300x300.jpg 300w\" sizes=\"(max-width: 150px) 100vw, 150px\" \/><\/a>\n\t\t\t<\/div><\/figure><figure class='gallery-item'>\n\t\t\t<div class='gallery-icon landscape'>\n\t\t\t\t<a href='https:\/\/www.omnium.cat\/ca\/cronica-a-peu-per-la-historia-visita-del-museu-egipci-sm22\/photo_2022-06-04_18-16-10\/'><img loading=\"lazy\" decoding=\"async\" width=\"150\" height=\"150\" src=\"https:\/\/cdn.omnium.cat\/wp-content\/uploads\/2022\/06\/07102452\/photo_2022-06-04_18-16-10-150x150.jpg\" class=\"attachment-thumbnail size-thumbnail\" alt=\"\" srcset=\"https:\/\/cdn.omnium.cat\/wp-content\/uploads\/2022\/06\/07102452\/photo_2022-06-04_18-16-10-150x150.jpg 150w, https:\/\/cdn.omnium.cat\/wp-content\/uploads\/2022\/06\/07102452\/photo_2022-06-04_18-16-10-371x371.jpg 371w, https:\/\/cdn.omnium.cat\/wp-content\/uploads\/2022\/06\/07102452\/photo_2022-06-04_18-16-10-300x300.jpg 300w\" sizes=\"(max-width: 150px) 100vw, 150px\" \/><\/a>\n\t\t\t<\/div><\/figure>\n\t\t<\/div>\n\n","protected":false},"excerpt":{"rendered":"<p>En la programaci\u00f3 de \u00abA peu per la hist\u00f2ria\u00bb d\u2019\u00d2mnium Sants-Montju\u00efc vam visitar el Museu Egipci de Barcelona, el museu privat obert al p\u00fablic m\u00e9s important d\u2019Europa, gr\u00e0cies a l\u2019embranzida [&hellip;]<\/p>\n","protected":false},"author":183,"featured_media":337416,"comment_status":"closed","ping_status":"open","sticky":false,"template":"","format":"standard","meta":{"_acf_changed":false,"footnotes":""},"categories":[1],"tags":[],"post_headquarter":[1759],"post_project":[],"class_list":["post-337405","post","type-post","status-publish","format-standard","has-post-thumbnail","hentry","category-uncategorized-ca","post_headquarter-barcelona-sants-montjuic"],"acf":[],"yoast_head":"<!-- This site is optimized with the Yoast SEO plugin v27.2 - https:\/\/yoast.com\/product\/yoast-seo-wordpress\/ -->\n<title>Cr\u00f2nica &quot;A peu per la hist\u00f2ria&quot; visita del Museu Egipci de Barcelona - \u00d2mnium Cultural<\/title>\n<meta name=\"robots\" content=\"index, follow, max-snippet:-1, max-image-preview:large, max-video-preview:-1\" \/>\n<link rel=\"canonical\" href=\"https:\/\/www.omnium.cat\/ca\/cronica-a-peu-per-la-historia-visita-del-museu-egipci-sm22\/\" \/>\n<meta name=\"twitter:label1\" content=\"Escrit per\" \/>\n\t<meta name=\"twitter:data1\" content=\"Itziar Gil\" \/>\n\t<meta name=\"twitter:label2\" content=\"Temps estimat de lectura\" \/>\n\t<meta name=\"twitter:data2\" content=\"2 minuts\" \/>\n<script type=\"application\/ld+json\" class=\"yoast-schema-graph\">{\"@context\":\"https:\/\/schema.org\",\"@graph\":[{\"@type\":\"Article\",\"@id\":\"https:\/\/www.omnium.cat\/ca\/cronica-a-peu-per-la-historia-visita-del-museu-egipci-sm22\/#article\",\"isPartOf\":{\"@id\":\"https:\/\/www.omnium.cat\/ca\/cronica-a-peu-per-la-historia-visita-del-museu-egipci-sm22\/\"},\"author\":{\"name\":\"Itziar Gil\",\"@id\":\"https:\/\/www.omnium.cat\/ca\/#\/schema\/person\/956d3c18e5ee9a7e0c9d452cfb733f9b\"},\"headline\":\"Cr\u00f2nica &#8220;A peu per la hist\u00f2ria&#8221; visita del Museu Egipci de Barcelona\",\"datePublished\":\"2022-06-07T08:26:14+00:00\",\"dateModified\":\"2022-06-07T08:26:18+00:00\",\"mainEntityOfPage\":{\"@id\":\"https:\/\/www.omnium.cat\/ca\/cronica-a-peu-per-la-historia-visita-del-museu-egipci-sm22\/\"},\"wordCount\":251,\"publisher\":{\"@id\":\"https:\/\/www.omnium.cat\/ca\/#organization\"},\"image\":{\"@id\":\"https:\/\/www.omnium.cat\/ca\/cronica-a-peu-per-la-historia-visita-del-museu-egipci-sm22\/#primaryimage\"},\"thumbnailUrl\":\"https:\/\/cdn.omnium.cat\/wp-content\/uploads\/2022\/06\/07102345\/photo_2022-06-04_18-16-09.jpg\",\"articleSection\":[\"Uncategorized @oc\"],\"inLanguage\":\"ca\"},{\"@type\":\"WebPage\",\"@id\":\"https:\/\/www.omnium.cat\/ca\/cronica-a-peu-per-la-historia-visita-del-museu-egipci-sm22\/\",\"url\":\"https:\/\/www.omnium.cat\/ca\/cronica-a-peu-per-la-historia-visita-del-museu-egipci-sm22\/\",\"name\":\"Cr\u00f2nica \\\"A peu per la hist\u00f2ria\\\" visita del Museu Egipci de Barcelona - \u00d2mnium Cultural\",\"isPartOf\":{\"@id\":\"https:\/\/www.omnium.cat\/ca\/#website\"},\"primaryImageOfPage\":{\"@id\":\"https:\/\/www.omnium.cat\/ca\/cronica-a-peu-per-la-historia-visita-del-museu-egipci-sm22\/#primaryimage\"},\"image\":{\"@id\":\"https:\/\/www.omnium.cat\/ca\/cronica-a-peu-per-la-historia-visita-del-museu-egipci-sm22\/#primaryimage\"},\"thumbnailUrl\":\"https:\/\/cdn.omnium.cat\/wp-content\/uploads\/2022\/06\/07102345\/photo_2022-06-04_18-16-09.jpg\",\"datePublished\":\"2022-06-07T08:26:14+00:00\",\"dateModified\":\"2022-06-07T08:26:18+00:00\",\"breadcrumb\":{\"@id\":\"https:\/\/www.omnium.cat\/ca\/cronica-a-peu-per-la-historia-visita-del-museu-egipci-sm22\/#breadcrumb\"},\"inLanguage\":\"ca\",\"potentialAction\":[{\"@type\":\"ReadAction\",\"target\":[\"https:\/\/www.omnium.cat\/ca\/cronica-a-peu-per-la-historia-visita-del-museu-egipci-sm22\/\"]}]},{\"@type\":\"ImageObject\",\"inLanguage\":\"ca\",\"@id\":\"https:\/\/www.omnium.cat\/ca\/cronica-a-peu-per-la-historia-visita-del-museu-egipci-sm22\/#primaryimage\",\"url\":\"https:\/\/cdn.omnium.cat\/wp-content\/uploads\/2022\/06\/07102345\/photo_2022-06-04_18-16-09.jpg\",\"contentUrl\":\"https:\/\/cdn.omnium.cat\/wp-content\/uploads\/2022\/06\/07102345\/photo_2022-06-04_18-16-09.jpg\",\"width\":1280,\"height\":960},{\"@type\":\"BreadcrumbList\",\"@id\":\"https:\/\/www.omnium.cat\/ca\/cronica-a-peu-per-la-historia-visita-del-museu-egipci-sm22\/#breadcrumb\",\"itemListElement\":[{\"@type\":\"ListItem\",\"position\":1,\"name\":\"Inici\",\"item\":\"https:\/\/www.omnium.cat\/ca\/\"},{\"@type\":\"ListItem\",\"position\":2,\"name\":\"Cr\u00f2nica &#8220;A peu per la hist\u00f2ria&#8221; visita del Museu Egipci de Barcelona\"}]},{\"@type\":\"WebSite\",\"@id\":\"https:\/\/www.omnium.cat\/ca\/#website\",\"url\":\"https:\/\/www.omnium.cat\/ca\/\",\"name\":\"\u00d2mnium Cultural\",\"description\":\"Llengua Cultura Pa\u00eds\",\"publisher\":{\"@id\":\"https:\/\/www.omnium.cat\/ca\/#organization\"},\"potentialAction\":[{\"@type\":\"SearchAction\",\"target\":{\"@type\":\"EntryPoint\",\"urlTemplate\":\"https:\/\/www.omnium.cat\/ca\/?s={search_term_string}\"},\"query-input\":{\"@type\":\"PropertyValueSpecification\",\"valueRequired\":true,\"valueName\":\"search_term_string\"}}],\"inLanguage\":\"ca\"},{\"@type\":\"Organization\",\"@id\":\"https:\/\/www.omnium.cat\/ca\/#organization\",\"name\":\"\u00d2mnium Cultural\",\"url\":\"https:\/\/www.omnium.cat\/ca\/\",\"logo\":{\"@type\":\"ImageObject\",\"inLanguage\":\"ca\",\"@id\":\"https:\/\/www.omnium.cat\/ca\/#\/schema\/logo\/image\/\",\"url\":\"https:\/\/cdn.omnium.cat\/wp-content\/uploads\/2019\/06\/01112517\/cropped-omnium_logo-1.png\",\"contentUrl\":\"https:\/\/cdn.omnium.cat\/wp-content\/uploads\/2019\/06\/01112517\/cropped-omnium_logo-1.png\",\"width\":1213,\"height\":262,\"caption\":\"\u00d2mnium Cultural\"},\"image\":{\"@id\":\"https:\/\/www.omnium.cat\/ca\/#\/schema\/logo\/image\/\"},\"sameAs\":[\"https:\/\/www.facebook.com\/omniumcultural\",\"https:\/\/x.com\/omnium\",\"https:\/\/www.instagram.com\/omniumcultural\/\",\"https:\/\/www.youtube.com\/user\/omniumcultural\"]},{\"@type\":\"Person\",\"@id\":\"https:\/\/www.omnium.cat\/ca\/#\/schema\/person\/956d3c18e5ee9a7e0c9d452cfb733f9b\",\"name\":\"Itziar Gil\",\"image\":{\"@type\":\"ImageObject\",\"inLanguage\":\"ca\",\"@id\":\"https:\/\/secure.gravatar.com\/avatar\/8431130f4353773fddd1b2a9ff89ddce5814dd91ade121369b6b490b8f05c25e?s=96&d=mm&r=g\",\"url\":\"https:\/\/secure.gravatar.com\/avatar\/8431130f4353773fddd1b2a9ff89ddce5814dd91ade121369b6b490b8f05c25e?s=96&d=mm&r=g\",\"contentUrl\":\"https:\/\/secure.gravatar.com\/avatar\/8431130f4353773fddd1b2a9ff89ddce5814dd91ade121369b6b490b8f05c25e?s=96&d=mm&r=g\",\"caption\":\"Itziar Gil\"}}]}<\/script>\n<!-- \/ Yoast SEO plugin. -->","yoast_head_json":{"title":"Cr\u00f2nica \"A peu per la hist\u00f2ria\" visita del Museu Egipci de Barcelona - \u00d2mnium Cultural","robots":{"index":"index","follow":"follow","max-snippet":"max-snippet:-1","max-image-preview":"max-image-preview:large","max-video-preview":"max-video-preview:-1"},"canonical":"https:\/\/www.omnium.cat\/ca\/cronica-a-peu-per-la-historia-visita-del-museu-egipci-sm22\/","twitter_misc":{"Escrit per":"Itziar Gil","Temps estimat de lectura":"2 minuts"},"schema":{"@context":"https:\/\/schema.org","@graph":[{"@type":"Article","@id":"https:\/\/www.omnium.cat\/ca\/cronica-a-peu-per-la-historia-visita-del-museu-egipci-sm22\/#article","isPartOf":{"@id":"https:\/\/www.omnium.cat\/ca\/cronica-a-peu-per-la-historia-visita-del-museu-egipci-sm22\/"},"author":{"name":"Itziar Gil","@id":"https:\/\/www.omnium.cat\/ca\/#\/schema\/person\/956d3c18e5ee9a7e0c9d452cfb733f9b"},"headline":"Cr\u00f2nica &#8220;A peu per la hist\u00f2ria&#8221; visita del Museu Egipci de Barcelona","datePublished":"2022-06-07T08:26:14+00:00","dateModified":"2022-06-07T08:26:18+00:00","mainEntityOfPage":{"@id":"https:\/\/www.omnium.cat\/ca\/cronica-a-peu-per-la-historia-visita-del-museu-egipci-sm22\/"},"wordCount":251,"publisher":{"@id":"https:\/\/www.omnium.cat\/ca\/#organization"},"image":{"@id":"https:\/\/www.omnium.cat\/ca\/cronica-a-peu-per-la-historia-visita-del-museu-egipci-sm22\/#primaryimage"},"thumbnailUrl":"https:\/\/cdn.omnium.cat\/wp-content\/uploads\/2022\/06\/07102345\/photo_2022-06-04_18-16-09.jpg","articleSection":["Uncategorized @oc"],"inLanguage":"ca"},{"@type":"WebPage","@id":"https:\/\/www.omnium.cat\/ca\/cronica-a-peu-per-la-historia-visita-del-museu-egipci-sm22\/","url":"https:\/\/www.omnium.cat\/ca\/cronica-a-peu-per-la-historia-visita-del-museu-egipci-sm22\/","name":"Cr\u00f2nica \"A peu per la hist\u00f2ria\" visita del Museu Egipci de Barcelona - \u00d2mnium Cultural","isPartOf":{"@id":"https:\/\/www.omnium.cat\/ca\/#website"},"primaryImageOfPage":{"@id":"https:\/\/www.omnium.cat\/ca\/cronica-a-peu-per-la-historia-visita-del-museu-egipci-sm22\/#primaryimage"},"image":{"@id":"https:\/\/www.omnium.cat\/ca\/cronica-a-peu-per-la-historia-visita-del-museu-egipci-sm22\/#primaryimage"},"thumbnailUrl":"https:\/\/cdn.omnium.cat\/wp-content\/uploads\/2022\/06\/07102345\/photo_2022-06-04_18-16-09.jpg","datePublished":"2022-06-07T08:26:14+00:00","dateModified":"2022-06-07T08:26:18+00:00","breadcrumb":{"@id":"https:\/\/www.omnium.cat\/ca\/cronica-a-peu-per-la-historia-visita-del-museu-egipci-sm22\/#breadcrumb"},"inLanguage":"ca","potentialAction":[{"@type":"ReadAction","target":["https:\/\/www.omnium.cat\/ca\/cronica-a-peu-per-la-historia-visita-del-museu-egipci-sm22\/"]}]},{"@type":"ImageObject","inLanguage":"ca","@id":"https:\/\/www.omnium.cat\/ca\/cronica-a-peu-per-la-historia-visita-del-museu-egipci-sm22\/#primaryimage","url":"https:\/\/cdn.omnium.cat\/wp-content\/uploads\/2022\/06\/07102345\/photo_2022-06-04_18-16-09.jpg","contentUrl":"https:\/\/cdn.omnium.cat\/wp-content\/uploads\/2022\/06\/07102345\/photo_2022-06-04_18-16-09.jpg","width":1280,"height":960},{"@type":"BreadcrumbList","@id":"https:\/\/www.omnium.cat\/ca\/cronica-a-peu-per-la-historia-visita-del-museu-egipci-sm22\/#breadcrumb","itemListElement":[{"@type":"ListItem","position":1,"name":"Inici","item":"https:\/\/www.omnium.cat\/ca\/"},{"@type":"ListItem","position":2,"name":"Cr\u00f2nica &#8220;A peu per la hist\u00f2ria&#8221; visita del Museu Egipci de Barcelona"}]},{"@type":"WebSite","@id":"https:\/\/www.omnium.cat\/ca\/#website","url":"https:\/\/www.omnium.cat\/ca\/","name":"\u00d2mnium Cultural","description":"Llengua Cultura Pa\u00eds","publisher":{"@id":"https:\/\/www.omnium.cat\/ca\/#organization"},"potentialAction":[{"@type":"SearchAction","target":{"@type":"EntryPoint","urlTemplate":"https:\/\/www.omnium.cat\/ca\/?s={search_term_string}"},"query-input":{"@type":"PropertyValueSpecification","valueRequired":true,"valueName":"search_term_string"}}],"inLanguage":"ca"},{"@type":"Organization","@id":"https:\/\/www.omnium.cat\/ca\/#organization","name":"\u00d2mnium Cultural","url":"https:\/\/www.omnium.cat\/ca\/","logo":{"@type":"ImageObject","inLanguage":"ca","@id":"https:\/\/www.omnium.cat\/ca\/#\/schema\/logo\/image\/","url":"https:\/\/cdn.omnium.cat\/wp-content\/uploads\/2019\/06\/01112517\/cropped-omnium_logo-1.png","contentUrl":"https:\/\/cdn.omnium.cat\/wp-content\/uploads\/2019\/06\/01112517\/cropped-omnium_logo-1.png","width":1213,"height":262,"caption":"\u00d2mnium Cultural"},"image":{"@id":"https:\/\/www.omnium.cat\/ca\/#\/schema\/logo\/image\/"},"sameAs":["https:\/\/www.facebook.com\/omniumcultural","https:\/\/x.com\/omnium","https:\/\/www.instagram.com\/omniumcultural\/","https:\/\/www.youtube.com\/user\/omniumcultural"]},{"@type":"Person","@id":"https:\/\/www.omnium.cat\/ca\/#\/schema\/person\/956d3c18e5ee9a7e0c9d452cfb733f9b","name":"Itziar Gil","image":{"@type":"ImageObject","inLanguage":"ca","@id":"https:\/\/secure.gravatar.com\/avatar\/8431130f4353773fddd1b2a9ff89ddce5814dd91ade121369b6b490b8f05c25e?s=96&d=mm&r=g","url":"https:\/\/secure.gravatar.com\/avatar\/8431130f4353773fddd1b2a9ff89ddce5814dd91ade121369b6b490b8f05c25e?s=96&d=mm&r=g","contentUrl":"https:\/\/secure.gravatar.com\/avatar\/8431130f4353773fddd1b2a9ff89ddce5814dd91ade121369b6b490b8f05c25e?s=96&d=mm&r=g","caption":"Itziar Gil"}}]}},"_links":{"self":[{"href":"https:\/\/www.omnium.cat\/ca\/wp-json\/wp\/v2\/posts\/337405","targetHints":{"allow":["GET"]}}],"collection":[{"href":"https:\/\/www.omnium.cat\/ca\/wp-json\/wp\/v2\/posts"}],"about":[{"href":"https:\/\/www.omnium.cat\/ca\/wp-json\/wp\/v2\/types\/post"}],"author":[{"embeddable":true,"href":"https:\/\/www.omnium.cat\/ca\/wp-json\/wp\/v2\/users\/183"}],"replies":[{"embeddable":true,"href":"https:\/\/www.omnium.cat\/ca\/wp-json\/wp\/v2\/comments?post=337405"}],"version-history":[{"count":1,"href":"https:\/\/www.omnium.cat\/ca\/wp-json\/wp\/v2\/posts\/337405\/revisions"}],"predecessor-version":[{"id":337451,"href":"https:\/\/www.omnium.cat\/ca\/wp-json\/wp\/v2\/posts\/337405\/revisions\/337451"}],"wp:featuredmedia":[{"embeddable":true,"href":"https:\/\/www.omnium.cat\/ca\/wp-json\/wp\/v2\/media\/337416"}],"wp:attachment":[{"href":"https:\/\/www.omnium.cat\/ca\/wp-json\/wp\/v2\/media?parent=337405"}],"wp:term":[{"taxonomy":"category","embeddable":true,"href":"https:\/\/www.omnium.cat\/ca\/wp-json\/wp\/v2\/categories?post=337405"},{"taxonomy":"post_tag","embeddable":true,"href":"https:\/\/www.omnium.cat\/ca\/wp-json\/wp\/v2\/tags?post=337405"},{"taxonomy":"post_headquarter","embeddable":true,"href":"https:\/\/www.omnium.cat\/ca\/wp-json\/wp\/v2\/post_headquarter?post=337405"},{"taxonomy":"post_project","embeddable":true,"href":"https:\/\/www.omnium.cat\/ca\/wp-json\/wp\/v2\/post_project?post=337405"}],"curies":[{"name":"wp","href":"https:\/\/api.w.org\/{rel}","templated":true}]}}