{"id":337454,"date":"2022-06-07T12:19:16","date_gmt":"2022-06-07T10:19:16","guid":{"rendered":"https:\/\/www.omnium.cat\/?p=337454"},"modified":"2022-06-07T16:27:28","modified_gmt":"2022-06-07T14:27:28","slug":"reconeixement-centres-sambori-2022pdm","status":"publish","type":"post","link":"https:\/\/www.omnium.cat\/ca\/reconeixement-centres-sambori-2022pdm\/","title":{"rendered":"Actes de reconeixement al centres que han participat a la Mostra Sambori 2022\ufffc"},"content":{"rendered":"\n<p>Els dies 2 i 3 de juny, representants d&#8217;\u00d2mnium Pla de Montserrat hem\/han visitat quatre centres educatius participants en la Mostra Sambori per tal de fer un reconeixement als alumnes i mestres que han presentat les seves creacions en una nova edici\u00f3 del Premi on s&#8217;ha impulsat la creativitat d&#8217;obres art\u00edstiques i col\u00b7lectives en catal\u00e0.<\/p>\n<p>Els centres escolars ens han brindat una molt bona acollida alhora que els nens i nenes han tingut l&#8217;oportunitat d&#8217;explicar-nos amb molta il\u00b7lusi\u00f3 els seus treballs.\u00a0<\/p>\n<p><br \/>En agra\u00efment a la feina feta s&#8217;ha lliurat als centres un diploma en record de la Mostra i un xec-regal per llibres i material did\u00e0ctic. Els alumnes han estat obsequiats tamb\u00e9 amb una xapa Sambori, entrades per una sessi\u00f3 de cine-xic i un bol\u00edgraf.<\/p>\n<p><br \/>En l&#8217;edici\u00f3 2022 hi han participat 4 centres de la Gestora Pla de Montserrat amb un total de 10 mostres presentades:<\/p>\n<p>L&#8217;Escola Cooperativa el Puig ha rebut una menci\u00f3 especial pels seus projectes &#8220;Arrelant el bosc\u201d i \u201cM\u00e9s enll\u00e0 de qu\u00e8 veiem\u201d.<\/p>\n<p>Els alumnes de segon cicle de l\u2019&#8217;ESO i Batxillerat de l&#8217;IES Blanxart d&#8217;Olesa han realitzat dos curts cinematogr\u00e0fics titulats&#8221; Bat&#8221; i &#8220;Una hist\u00f2ria mal entesa&#8221; i poemes il\u00b7lustrats sobre \u201dLo pi de Formentor\u201d i \u201cTalaiots\u201d.<\/p>\n<p>A Martorell hi han participat els alumnes de CI i CM\u00a0 de l\u2019escola Echegaray amb\u00a0 treballs diversos\u00a0 de c\u00f2mic i\u00a0 emocions.<\/p>\n<p>Els alumnes de 2n ESO de l&#8217;IES Pompeu Fabra han presentat la seva proposta de \u201cPoesia a les finestres\u201d\u00a0 esquitxos de poesia que engalanen el centre.\u00a0<\/p>\n<p><br \/>Enhorabona a tots i totes per l\u2019esfor\u00e7 realitzat en aquest curs de canvis i incerteses. Esperem poder gaudir el curs vinent d\u2019aquestes i m\u00e9s propostes.\u00a0<\/p>\n<p><br \/>Podeu accedir a les Mostres\u00a0 Sambori 2022 des del web: <a href=\"https:\/\/www.omnium.cat\/ca\/projectes\/sambori\/propostes-sambori\/\">https:\/\/www.omnium.cat\/ca\/projectes\/sambori\/propostes-sambori\/<\/a><\/p>\n<p>\u00a0<\/p>\n<p><strong>Esparreguera.\u00a0<\/strong><\/p>\n<ul>\n<li><a href=\"https:\/\/youtu.be\/cNaexoWqttM\">https:\/\/youtu.be\/cNaexoWqttM<\/a> (Arrelant el bosc)<\/li>\n<li><a href=\"https:\/\/youtu.be\/r-HwGhkicUg\">https:\/\/youtu.be\/r-HwGhkicUg<\/a>\u00a0 (m\u00e9s enll\u00e0 del qu\u00e8 veiem)<\/li>\n<\/ul>\n<p><strong>Olesa.\u00a0<\/strong><\/p>\n<ul>\n<li><a href=\"https:\/\/youtu.be\/GNfThAWtYRA\">https:\/\/youtu.be\/GNfThAWtYRA<\/a> (BAT)<\/li>\n<li><a href=\"https:\/\/youtu.be\/MdwH0f9aSYc\">https:\/\/youtu.be\/MdwH0f9aSYc<\/a> (Lo pi de formentor)<\/li>\n<li><a href=\"https:\/\/youtu.be\/eWUJ0GKs3Rw\">https:\/\/youtu.be\/eWUJ0GKs3Rw\u00a0<\/a> (Talaiots 2 mostres)<\/li>\n<li><a href=\"https:\/\/youtu.be\/JSMGdQAnSlo\">https:\/\/youtu.be\/JSMGdQAnSlo<\/a> (Una hist\u00f2ria mal entesa)<\/li>\n<\/ul>\n<p><strong>Martorell.<\/strong><\/p>\n<ul>\n<li>Escola Echegaray\u00a0\n<ul>\n<li><a href=\"https:\/\/youtu.be\/k5QaCW2UGdc\">https:\/\/youtu.be\/k5QaCW2UGdc\u00a0<\/a> (C\u00f2mic)\u00a0\u00a0<\/li>\n<li><a href=\"https:\/\/youtu.be\/9hO3_No1uZM\">\u00a0https:\/\/youtu.be\/9hO3_No1uZM<\/a> (Emocions)<\/li>\n<\/ul>\n<\/li>\n<li>IES Pompeu Fabra.\u00a0\n<ul>\n<li><a href=\"https:\/\/youtu.be\/1SR5QikVxH8\">https:\/\/youtu.be\/1SR5QikVxH8<\/a> (Poesia a les finestres)<\/li>\n<\/ul>\n<\/li>\n<\/ul>\n<div id='gallery-1' class='gallery galleryid-337454 gallery-columns-3 gallery-size-thumbnail'><figure class='gallery-item'>\n\t\t\t<div class='gallery-icon landscape'>\n\t\t\t\t<a href='https:\/\/www.omnium.cat\/ca\/reconeixement-centres-sambori-2022pdm\/20220602_114904\/'><img decoding=\"async\" width=\"150\" height=\"150\" src=\"https:\/\/cdn.omnium.cat\/wp-content\/uploads\/2022\/06\/07105227\/20220602_114904-150x150.jpg\" class=\"attachment-thumbnail size-thumbnail\" alt=\"\" srcset=\"https:\/\/cdn.omnium.cat\/wp-content\/uploads\/2022\/06\/07105227\/20220602_114904-150x150.jpg 150w, https:\/\/cdn.omnium.cat\/wp-content\/uploads\/2022\/06\/07105227\/20220602_114904-371x371.jpg 371w, https:\/\/cdn.omnium.cat\/wp-content\/uploads\/2022\/06\/07105227\/20220602_114904-300x300.jpg 300w\" sizes=\"(max-width: 150px) 100vw, 150px\" \/><\/a>\n\t\t\t<\/div><\/figure><figure class='gallery-item'>\n\t\t\t<div class='gallery-icon landscape'>\n\t\t\t\t<a href='https:\/\/www.omnium.cat\/ca\/reconeixement-centres-sambori-2022pdm\/20220602_114839\/'><img decoding=\"async\" width=\"150\" height=\"150\" src=\"https:\/\/cdn.omnium.cat\/wp-content\/uploads\/2022\/06\/07105239\/20220602_114839-150x150.jpg\" class=\"attachment-thumbnail size-thumbnail\" alt=\"\" srcset=\"https:\/\/cdn.omnium.cat\/wp-content\/uploads\/2022\/06\/07105239\/20220602_114839-150x150.jpg 150w, https:\/\/cdn.omnium.cat\/wp-content\/uploads\/2022\/06\/07105239\/20220602_114839-371x371.jpg 371w, https:\/\/cdn.omnium.cat\/wp-content\/uploads\/2022\/06\/07105239\/20220602_114839-300x300.jpg 300w\" sizes=\"(max-width: 150px) 100vw, 150px\" \/><\/a>\n\t\t\t<\/div><\/figure><figure class='gallery-item'>\n\t\t\t<div class='gallery-icon portrait'>\n\t\t\t\t<a href='https:\/\/www.omnium.cat\/ca\/reconeixement-centres-sambori-2022pdm\/20220602_114506\/'><img decoding=\"async\" width=\"150\" height=\"150\" src=\"https:\/\/cdn.omnium.cat\/wp-content\/uploads\/2022\/06\/07105254\/20220602_114506-150x150.jpg\" class=\"attachment-thumbnail size-thumbnail\" alt=\"\" srcset=\"https:\/\/cdn.omnium.cat\/wp-content\/uploads\/2022\/06\/07105254\/20220602_114506-150x150.jpg 150w, https:\/\/cdn.omnium.cat\/wp-content\/uploads\/2022\/06\/07105254\/20220602_114506-371x371.jpg 371w, https:\/\/cdn.omnium.cat\/wp-content\/uploads\/2022\/06\/07105254\/20220602_114506-300x300.jpg 300w\" sizes=\"(max-width: 150px) 100vw, 150px\" \/><\/a>\n\t\t\t<\/div><\/figure><figure class='gallery-item'>\n\t\t\t<div class='gallery-icon landscape'>\n\t\t\t\t<a href='https:\/\/www.omnium.cat\/ca\/reconeixement-centres-sambori-2022pdm\/20220602_102446\/'><img loading=\"lazy\" decoding=\"async\" width=\"150\" height=\"150\" src=\"https:\/\/cdn.omnium.cat\/wp-content\/uploads\/2022\/06\/07105307\/20220602_102446-150x150.jpg\" class=\"attachment-thumbnail size-thumbnail\" alt=\"\" srcset=\"https:\/\/cdn.omnium.cat\/wp-content\/uploads\/2022\/06\/07105307\/20220602_102446-150x150.jpg 150w, https:\/\/cdn.omnium.cat\/wp-content\/uploads\/2022\/06\/07105307\/20220602_102446-371x371.jpg 371w, https:\/\/cdn.omnium.cat\/wp-content\/uploads\/2022\/06\/07105307\/20220602_102446-300x300.jpg 300w\" sizes=\"(max-width: 150px) 100vw, 150px\" \/><\/a>\n\t\t\t<\/div><\/figure><figure class='gallery-item'>\n\t\t\t<div class='gallery-icon landscape'>\n\t\t\t\t<a href='https:\/\/www.omnium.cat\/ca\/reconeixement-centres-sambori-2022pdm\/20220602_102413\/'><img loading=\"lazy\" decoding=\"async\" width=\"150\" height=\"150\" src=\"https:\/\/cdn.omnium.cat\/wp-content\/uploads\/2022\/06\/07105329\/20220602_102413-150x150.jpg\" class=\"attachment-thumbnail size-thumbnail\" alt=\"\" srcset=\"https:\/\/cdn.omnium.cat\/wp-content\/uploads\/2022\/06\/07105329\/20220602_102413-150x150.jpg 150w, https:\/\/cdn.omnium.cat\/wp-content\/uploads\/2022\/06\/07105329\/20220602_102413-371x371.jpg 371w, https:\/\/cdn.omnium.cat\/wp-content\/uploads\/2022\/06\/07105329\/20220602_102413-300x300.jpg 300w\" sizes=\"(max-width: 150px) 100vw, 150px\" \/><\/a>\n\t\t\t<\/div><\/figure><figure class='gallery-item'>\n\t\t\t<div class='gallery-icon landscape'>\n\t\t\t\t<a href='https:\/\/www.omnium.cat\/ca\/reconeixement-centres-sambori-2022pdm\/20220602_102004\/'><img loading=\"lazy\" decoding=\"async\" width=\"150\" height=\"150\" src=\"https:\/\/cdn.omnium.cat\/wp-content\/uploads\/2022\/06\/07105354\/20220602_102004-150x150.jpg\" class=\"attachment-thumbnail size-thumbnail\" alt=\"\" srcset=\"https:\/\/cdn.omnium.cat\/wp-content\/uploads\/2022\/06\/07105354\/20220602_102004-150x150.jpg 150w, https:\/\/cdn.omnium.cat\/wp-content\/uploads\/2022\/06\/07105354\/20220602_102004-371x371.jpg 371w, https:\/\/cdn.omnium.cat\/wp-content\/uploads\/2022\/06\/07105354\/20220602_102004-300x300.jpg 300w\" sizes=\"(max-width: 150px) 100vw, 150px\" \/><\/a>\n\t\t\t<\/div><\/figure><figure class='gallery-item'>\n\t\t\t<div class='gallery-icon landscape'>\n\t\t\t\t<a href='https:\/\/www.omnium.cat\/ca\/reconeixement-centres-sambori-2022pdm\/20220602_101228\/'><img loading=\"lazy\" decoding=\"async\" width=\"150\" height=\"150\" src=\"https:\/\/cdn.omnium.cat\/wp-content\/uploads\/2022\/06\/07105408\/20220602_101228-150x150.jpg\" class=\"attachment-thumbnail size-thumbnail\" alt=\"\" srcset=\"https:\/\/cdn.omnium.cat\/wp-content\/uploads\/2022\/06\/07105408\/20220602_101228-150x150.jpg 150w, https:\/\/cdn.omnium.cat\/wp-content\/uploads\/2022\/06\/07105408\/20220602_101228-371x371.jpg 371w, https:\/\/cdn.omnium.cat\/wp-content\/uploads\/2022\/06\/07105408\/20220602_101228-300x300.jpg 300w\" sizes=\"(max-width: 150px) 100vw, 150px\" \/><\/a>\n\t\t\t<\/div><\/figure><figure class='gallery-item'>\n\t\t\t<div class='gallery-icon landscape'>\n\t\t\t\t<a href='https:\/\/www.omnium.cat\/ca\/reconeixement-centres-sambori-2022pdm\/20220603_115621\/'><img loading=\"lazy\" decoding=\"async\" width=\"150\" height=\"150\" src=\"https:\/\/cdn.omnium.cat\/wp-content\/uploads\/2022\/06\/07105422\/20220603_115621-150x150.jpg\" class=\"attachment-thumbnail size-thumbnail\" alt=\"\" srcset=\"https:\/\/cdn.omnium.cat\/wp-content\/uploads\/2022\/06\/07105422\/20220603_115621-150x150.jpg 150w, https:\/\/cdn.omnium.cat\/wp-content\/uploads\/2022\/06\/07105422\/20220603_115621-371x371.jpg 371w, https:\/\/cdn.omnium.cat\/wp-content\/uploads\/2022\/06\/07105422\/20220603_115621-300x300.jpg 300w\" sizes=\"(max-width: 150px) 100vw, 150px\" \/><\/a>\n\t\t\t<\/div><\/figure><figure class='gallery-item'>\n\t\t\t<div class='gallery-icon landscape'>\n\t\t\t\t<a href='https:\/\/www.omnium.cat\/ca\/reconeixement-centres-sambori-2022pdm\/20220603_115417\/'><img loading=\"lazy\" decoding=\"async\" width=\"150\" height=\"150\" src=\"https:\/\/cdn.omnium.cat\/wp-content\/uploads\/2022\/06\/07105433\/20220603_115417-150x150.jpg\" class=\"attachment-thumbnail size-thumbnail\" alt=\"\" srcset=\"https:\/\/cdn.omnium.cat\/wp-content\/uploads\/2022\/06\/07105433\/20220603_115417-150x150.jpg 150w, https:\/\/cdn.omnium.cat\/wp-content\/uploads\/2022\/06\/07105433\/20220603_115417-371x371.jpg 371w, https:\/\/cdn.omnium.cat\/wp-content\/uploads\/2022\/06\/07105433\/20220603_115417-300x300.jpg 300w\" sizes=\"(max-width: 150px) 100vw, 150px\" \/><\/a>\n\t\t\t<\/div><\/figure><figure class='gallery-item'>\n\t\t\t<div class='gallery-icon landscape'>\n\t\t\t\t<a href='https:\/\/www.omnium.cat\/ca\/reconeixement-centres-sambori-2022pdm\/20220603_101840\/'><img loading=\"lazy\" decoding=\"async\" width=\"150\" height=\"150\" src=\"https:\/\/cdn.omnium.cat\/wp-content\/uploads\/2022\/06\/07105445\/20220603_101840-150x150.jpg\" class=\"attachment-thumbnail size-thumbnail\" alt=\"\" srcset=\"https:\/\/cdn.omnium.cat\/wp-content\/uploads\/2022\/06\/07105445\/20220603_101840-150x150.jpg 150w, https:\/\/cdn.omnium.cat\/wp-content\/uploads\/2022\/06\/07105445\/20220603_101840-371x371.jpg 371w, https:\/\/cdn.omnium.cat\/wp-content\/uploads\/2022\/06\/07105445\/20220603_101840-300x300.jpg 300w\" sizes=\"(max-width: 150px) 100vw, 150px\" \/><\/a>\n\t\t\t<\/div><\/figure><figure class='gallery-item'>\n\t\t\t<div class='gallery-icon landscape'>\n\t\t\t\t<a href='https:\/\/www.omnium.cat\/ca\/reconeixement-centres-sambori-2022pdm\/20220603_101753\/'><img loading=\"lazy\" decoding=\"async\" width=\"150\" height=\"150\" src=\"https:\/\/cdn.omnium.cat\/wp-content\/uploads\/2022\/06\/07105457\/20220603_101753-150x150.jpg\" class=\"attachment-thumbnail size-thumbnail\" alt=\"\" srcset=\"https:\/\/cdn.omnium.cat\/wp-content\/uploads\/2022\/06\/07105457\/20220603_101753-150x150.jpg 150w, https:\/\/cdn.omnium.cat\/wp-content\/uploads\/2022\/06\/07105457\/20220603_101753-371x371.jpg 371w, https:\/\/cdn.omnium.cat\/wp-content\/uploads\/2022\/06\/07105457\/20220603_101753-300x300.jpg 300w\" sizes=\"(max-width: 150px) 100vw, 150px\" \/><\/a>\n\t\t\t<\/div><\/figure><figure class='gallery-item'>\n\t\t\t<div class='gallery-icon landscape'>\n\t\t\t\t<a href='https:\/\/www.omnium.cat\/ca\/reconeixement-centres-sambori-2022pdm\/20220603_101348\/'><img loading=\"lazy\" decoding=\"async\" width=\"150\" height=\"150\" src=\"https:\/\/cdn.omnium.cat\/wp-content\/uploads\/2022\/06\/07105508\/20220603_101348-150x150.jpg\" class=\"attachment-thumbnail size-thumbnail\" alt=\"\" srcset=\"https:\/\/cdn.omnium.cat\/wp-content\/uploads\/2022\/06\/07105508\/20220603_101348-150x150.jpg 150w, https:\/\/cdn.omnium.cat\/wp-content\/uploads\/2022\/06\/07105508\/20220603_101348-371x371.jpg 371w, https:\/\/cdn.omnium.cat\/wp-content\/uploads\/2022\/06\/07105508\/20220603_101348-300x300.jpg 300w\" sizes=\"(max-width: 150px) 100vw, 150px\" \/><\/a>\n\t\t\t<\/div><\/figure>\n\t\t<\/div>\n\n","protected":false},"excerpt":{"rendered":"<p>Els dies 2 i 3 de juny, representants d&#8217;\u00d2mnium Pla de Montserrat hem\/han visitat quatre centres educatius participants en la Mostra Sambori per tal de fer un reconeixement als alumnes [&hellip;]<\/p>\n","protected":false},"author":183,"featured_media":337534,"comment_status":"closed","ping_status":"open","sticky":false,"template":"","format":"standard","meta":{"_acf_changed":false,"footnotes":""},"categories":[1],"tags":[],"post_headquarter":[4812],"post_project":[],"class_list":["post-337454","post","type-post","status-publish","format-standard","has-post-thumbnail","hentry","category-uncategorized-ca","post_headquarter-pla-de-montserrat"],"acf":[],"yoast_head":"<!-- This site is optimized with the Yoast SEO plugin v27.2 - https:\/\/yoast.com\/product\/yoast-seo-wordpress\/ -->\n<title>Actes de reconeixement al centres que han participat a la Mostra Sambori 2022\ufffc - \u00d2mnium Cultural<\/title>\n<meta name=\"robots\" content=\"index, follow, max-snippet:-1, max-image-preview:large, max-video-preview:-1\" \/>\n<link rel=\"canonical\" href=\"https:\/\/www.omnium.cat\/ca\/reconeixement-centres-sambori-2022pdm\/\" \/>\n<meta name=\"twitter:label1\" content=\"Escrit per\" \/>\n\t<meta name=\"twitter:data1\" content=\"Itziar Gil\" \/>\n\t<meta name=\"twitter:label2\" content=\"Temps estimat de lectura\" \/>\n\t<meta name=\"twitter:data2\" content=\"2 minuts\" \/>\n<script type=\"application\/ld+json\" class=\"yoast-schema-graph\">{\"@context\":\"https:\/\/schema.org\",\"@graph\":[{\"@type\":\"Article\",\"@id\":\"https:\/\/www.omnium.cat\/ca\/reconeixement-centres-sambori-2022pdm\/#article\",\"isPartOf\":{\"@id\":\"https:\/\/www.omnium.cat\/ca\/reconeixement-centres-sambori-2022pdm\/\"},\"author\":{\"name\":\"Itziar Gil\",\"@id\":\"https:\/\/www.omnium.cat\/ca\/#\/schema\/person\/956d3c18e5ee9a7e0c9d452cfb733f9b\"},\"headline\":\"Actes de reconeixement al centres que han participat a la Mostra Sambori 2022\ufffc\",\"datePublished\":\"2022-06-07T10:19:16+00:00\",\"dateModified\":\"2022-06-07T14:27:28+00:00\",\"mainEntityOfPage\":{\"@id\":\"https:\/\/www.omnium.cat\/ca\/reconeixement-centres-sambori-2022pdm\/\"},\"wordCount\":409,\"publisher\":{\"@id\":\"https:\/\/www.omnium.cat\/ca\/#organization\"},\"image\":{\"@id\":\"https:\/\/www.omnium.cat\/ca\/reconeixement-centres-sambori-2022pdm\/#primaryimage\"},\"thumbnailUrl\":\"https:\/\/cdn.omnium.cat\/wp-content\/uploads\/2022\/06\/07121755\/Sambori-PdM-20222050-%C3%97-1060-px.png\",\"articleSection\":[\"Uncategorized @oc\"],\"inLanguage\":\"ca\"},{\"@type\":\"WebPage\",\"@id\":\"https:\/\/www.omnium.cat\/ca\/reconeixement-centres-sambori-2022pdm\/\",\"url\":\"https:\/\/www.omnium.cat\/ca\/reconeixement-centres-sambori-2022pdm\/\",\"name\":\"Actes de reconeixement al centres que han participat a la Mostra Sambori 2022\ufffc - \u00d2mnium Cultural\",\"isPartOf\":{\"@id\":\"https:\/\/www.omnium.cat\/ca\/#website\"},\"primaryImageOfPage\":{\"@id\":\"https:\/\/www.omnium.cat\/ca\/reconeixement-centres-sambori-2022pdm\/#primaryimage\"},\"image\":{\"@id\":\"https:\/\/www.omnium.cat\/ca\/reconeixement-centres-sambori-2022pdm\/#primaryimage\"},\"thumbnailUrl\":\"https:\/\/cdn.omnium.cat\/wp-content\/uploads\/2022\/06\/07121755\/Sambori-PdM-20222050-%C3%97-1060-px.png\",\"datePublished\":\"2022-06-07T10:19:16+00:00\",\"dateModified\":\"2022-06-07T14:27:28+00:00\",\"breadcrumb\":{\"@id\":\"https:\/\/www.omnium.cat\/ca\/reconeixement-centres-sambori-2022pdm\/#breadcrumb\"},\"inLanguage\":\"ca\",\"potentialAction\":[{\"@type\":\"ReadAction\",\"target\":[\"https:\/\/www.omnium.cat\/ca\/reconeixement-centres-sambori-2022pdm\/\"]}]},{\"@type\":\"ImageObject\",\"inLanguage\":\"ca\",\"@id\":\"https:\/\/www.omnium.cat\/ca\/reconeixement-centres-sambori-2022pdm\/#primaryimage\",\"url\":\"https:\/\/cdn.omnium.cat\/wp-content\/uploads\/2022\/06\/07121755\/Sambori-PdM-20222050-%C3%97-1060-px.png\",\"contentUrl\":\"https:\/\/cdn.omnium.cat\/wp-content\/uploads\/2022\/06\/07121755\/Sambori-PdM-20222050-%C3%97-1060-px.png\",\"width\":2050,\"height\":1060},{\"@type\":\"BreadcrumbList\",\"@id\":\"https:\/\/www.omnium.cat\/ca\/reconeixement-centres-sambori-2022pdm\/#breadcrumb\",\"itemListElement\":[{\"@type\":\"ListItem\",\"position\":1,\"name\":\"Inici\",\"item\":\"https:\/\/www.omnium.cat\/ca\/\"},{\"@type\":\"ListItem\",\"position\":2,\"name\":\"Actes de reconeixement al centres que han participat a la Mostra Sambori 2022\ufffc\"}]},{\"@type\":\"WebSite\",\"@id\":\"https:\/\/www.omnium.cat\/ca\/#website\",\"url\":\"https:\/\/www.omnium.cat\/ca\/\",\"name\":\"\u00d2mnium Cultural\",\"description\":\"Llengua Cultura Pa\u00eds\",\"publisher\":{\"@id\":\"https:\/\/www.omnium.cat\/ca\/#organization\"},\"potentialAction\":[{\"@type\":\"SearchAction\",\"target\":{\"@type\":\"EntryPoint\",\"urlTemplate\":\"https:\/\/www.omnium.cat\/ca\/?s={search_term_string}\"},\"query-input\":{\"@type\":\"PropertyValueSpecification\",\"valueRequired\":true,\"valueName\":\"search_term_string\"}}],\"inLanguage\":\"ca\"},{\"@type\":\"Organization\",\"@id\":\"https:\/\/www.omnium.cat\/ca\/#organization\",\"name\":\"\u00d2mnium Cultural\",\"url\":\"https:\/\/www.omnium.cat\/ca\/\",\"logo\":{\"@type\":\"ImageObject\",\"inLanguage\":\"ca\",\"@id\":\"https:\/\/www.omnium.cat\/ca\/#\/schema\/logo\/image\/\",\"url\":\"https:\/\/cdn.omnium.cat\/wp-content\/uploads\/2019\/06\/01112517\/cropped-omnium_logo-1.png\",\"contentUrl\":\"https:\/\/cdn.omnium.cat\/wp-content\/uploads\/2019\/06\/01112517\/cropped-omnium_logo-1.png\",\"width\":1213,\"height\":262,\"caption\":\"\u00d2mnium Cultural\"},\"image\":{\"@id\":\"https:\/\/www.omnium.cat\/ca\/#\/schema\/logo\/image\/\"},\"sameAs\":[\"https:\/\/www.facebook.com\/omniumcultural\",\"https:\/\/x.com\/omnium\",\"https:\/\/www.instagram.com\/omniumcultural\/\",\"https:\/\/www.youtube.com\/user\/omniumcultural\"]},{\"@type\":\"Person\",\"@id\":\"https:\/\/www.omnium.cat\/ca\/#\/schema\/person\/956d3c18e5ee9a7e0c9d452cfb733f9b\",\"name\":\"Itziar Gil\",\"image\":{\"@type\":\"ImageObject\",\"inLanguage\":\"ca\",\"@id\":\"https:\/\/secure.gravatar.com\/avatar\/8431130f4353773fddd1b2a9ff89ddce5814dd91ade121369b6b490b8f05c25e?s=96&d=mm&r=g\",\"url\":\"https:\/\/secure.gravatar.com\/avatar\/8431130f4353773fddd1b2a9ff89ddce5814dd91ade121369b6b490b8f05c25e?s=96&d=mm&r=g\",\"contentUrl\":\"https:\/\/secure.gravatar.com\/avatar\/8431130f4353773fddd1b2a9ff89ddce5814dd91ade121369b6b490b8f05c25e?s=96&d=mm&r=g\",\"caption\":\"Itziar Gil\"}}]}<\/script>\n<!-- \/ Yoast SEO plugin. -->","yoast_head_json":{"title":"Actes de reconeixement al centres que han participat a la Mostra Sambori 2022\ufffc - \u00d2mnium Cultural","robots":{"index":"index","follow":"follow","max-snippet":"max-snippet:-1","max-image-preview":"max-image-preview:large","max-video-preview":"max-video-preview:-1"},"canonical":"https:\/\/www.omnium.cat\/ca\/reconeixement-centres-sambori-2022pdm\/","twitter_misc":{"Escrit per":"Itziar Gil","Temps estimat de lectura":"2 minuts"},"schema":{"@context":"https:\/\/schema.org","@graph":[{"@type":"Article","@id":"https:\/\/www.omnium.cat\/ca\/reconeixement-centres-sambori-2022pdm\/#article","isPartOf":{"@id":"https:\/\/www.omnium.cat\/ca\/reconeixement-centres-sambori-2022pdm\/"},"author":{"name":"Itziar Gil","@id":"https:\/\/www.omnium.cat\/ca\/#\/schema\/person\/956d3c18e5ee9a7e0c9d452cfb733f9b"},"headline":"Actes de reconeixement al centres que han participat a la Mostra Sambori 2022\ufffc","datePublished":"2022-06-07T10:19:16+00:00","dateModified":"2022-06-07T14:27:28+00:00","mainEntityOfPage":{"@id":"https:\/\/www.omnium.cat\/ca\/reconeixement-centres-sambori-2022pdm\/"},"wordCount":409,"publisher":{"@id":"https:\/\/www.omnium.cat\/ca\/#organization"},"image":{"@id":"https:\/\/www.omnium.cat\/ca\/reconeixement-centres-sambori-2022pdm\/#primaryimage"},"thumbnailUrl":"https:\/\/cdn.omnium.cat\/wp-content\/uploads\/2022\/06\/07121755\/Sambori-PdM-20222050-%C3%97-1060-px.png","articleSection":["Uncategorized @oc"],"inLanguage":"ca"},{"@type":"WebPage","@id":"https:\/\/www.omnium.cat\/ca\/reconeixement-centres-sambori-2022pdm\/","url":"https:\/\/www.omnium.cat\/ca\/reconeixement-centres-sambori-2022pdm\/","name":"Actes de reconeixement al centres que han participat a la Mostra Sambori 2022\ufffc - \u00d2mnium Cultural","isPartOf":{"@id":"https:\/\/www.omnium.cat\/ca\/#website"},"primaryImageOfPage":{"@id":"https:\/\/www.omnium.cat\/ca\/reconeixement-centres-sambori-2022pdm\/#primaryimage"},"image":{"@id":"https:\/\/www.omnium.cat\/ca\/reconeixement-centres-sambori-2022pdm\/#primaryimage"},"thumbnailUrl":"https:\/\/cdn.omnium.cat\/wp-content\/uploads\/2022\/06\/07121755\/Sambori-PdM-20222050-%C3%97-1060-px.png","datePublished":"2022-06-07T10:19:16+00:00","dateModified":"2022-06-07T14:27:28+00:00","breadcrumb":{"@id":"https:\/\/www.omnium.cat\/ca\/reconeixement-centres-sambori-2022pdm\/#breadcrumb"},"inLanguage":"ca","potentialAction":[{"@type":"ReadAction","target":["https:\/\/www.omnium.cat\/ca\/reconeixement-centres-sambori-2022pdm\/"]}]},{"@type":"ImageObject","inLanguage":"ca","@id":"https:\/\/www.omnium.cat\/ca\/reconeixement-centres-sambori-2022pdm\/#primaryimage","url":"https:\/\/cdn.omnium.cat\/wp-content\/uploads\/2022\/06\/07121755\/Sambori-PdM-20222050-%C3%97-1060-px.png","contentUrl":"https:\/\/cdn.omnium.cat\/wp-content\/uploads\/2022\/06\/07121755\/Sambori-PdM-20222050-%C3%97-1060-px.png","width":2050,"height":1060},{"@type":"BreadcrumbList","@id":"https:\/\/www.omnium.cat\/ca\/reconeixement-centres-sambori-2022pdm\/#breadcrumb","itemListElement":[{"@type":"ListItem","position":1,"name":"Inici","item":"https:\/\/www.omnium.cat\/ca\/"},{"@type":"ListItem","position":2,"name":"Actes de reconeixement al centres que han participat a la Mostra Sambori 2022\ufffc"}]},{"@type":"WebSite","@id":"https:\/\/www.omnium.cat\/ca\/#website","url":"https:\/\/www.omnium.cat\/ca\/","name":"\u00d2mnium Cultural","description":"Llengua Cultura Pa\u00eds","publisher":{"@id":"https:\/\/www.omnium.cat\/ca\/#organization"},"potentialAction":[{"@type":"SearchAction","target":{"@type":"EntryPoint","urlTemplate":"https:\/\/www.omnium.cat\/ca\/?s={search_term_string}"},"query-input":{"@type":"PropertyValueSpecification","valueRequired":true,"valueName":"search_term_string"}}],"inLanguage":"ca"},{"@type":"Organization","@id":"https:\/\/www.omnium.cat\/ca\/#organization","name":"\u00d2mnium Cultural","url":"https:\/\/www.omnium.cat\/ca\/","logo":{"@type":"ImageObject","inLanguage":"ca","@id":"https:\/\/www.omnium.cat\/ca\/#\/schema\/logo\/image\/","url":"https:\/\/cdn.omnium.cat\/wp-content\/uploads\/2019\/06\/01112517\/cropped-omnium_logo-1.png","contentUrl":"https:\/\/cdn.omnium.cat\/wp-content\/uploads\/2019\/06\/01112517\/cropped-omnium_logo-1.png","width":1213,"height":262,"caption":"\u00d2mnium Cultural"},"image":{"@id":"https:\/\/www.omnium.cat\/ca\/#\/schema\/logo\/image\/"},"sameAs":["https:\/\/www.facebook.com\/omniumcultural","https:\/\/x.com\/omnium","https:\/\/www.instagram.com\/omniumcultural\/","https:\/\/www.youtube.com\/user\/omniumcultural"]},{"@type":"Person","@id":"https:\/\/www.omnium.cat\/ca\/#\/schema\/person\/956d3c18e5ee9a7e0c9d452cfb733f9b","name":"Itziar Gil","image":{"@type":"ImageObject","inLanguage":"ca","@id":"https:\/\/secure.gravatar.com\/avatar\/8431130f4353773fddd1b2a9ff89ddce5814dd91ade121369b6b490b8f05c25e?s=96&d=mm&r=g","url":"https:\/\/secure.gravatar.com\/avatar\/8431130f4353773fddd1b2a9ff89ddce5814dd91ade121369b6b490b8f05c25e?s=96&d=mm&r=g","contentUrl":"https:\/\/secure.gravatar.com\/avatar\/8431130f4353773fddd1b2a9ff89ddce5814dd91ade121369b6b490b8f05c25e?s=96&d=mm&r=g","caption":"Itziar Gil"}}]}},"_links":{"self":[{"href":"https:\/\/www.omnium.cat\/ca\/wp-json\/wp\/v2\/posts\/337454","targetHints":{"allow":["GET"]}}],"collection":[{"href":"https:\/\/www.omnium.cat\/ca\/wp-json\/wp\/v2\/posts"}],"about":[{"href":"https:\/\/www.omnium.cat\/ca\/wp-json\/wp\/v2\/types\/post"}],"author":[{"embeddable":true,"href":"https:\/\/www.omnium.cat\/ca\/wp-json\/wp\/v2\/users\/183"}],"replies":[{"embeddable":true,"href":"https:\/\/www.omnium.cat\/ca\/wp-json\/wp\/v2\/comments?post=337454"}],"version-history":[{"count":5,"href":"https:\/\/www.omnium.cat\/ca\/wp-json\/wp\/v2\/posts\/337454\/revisions"}],"predecessor-version":[{"id":337608,"href":"https:\/\/www.omnium.cat\/ca\/wp-json\/wp\/v2\/posts\/337454\/revisions\/337608"}],"wp:featuredmedia":[{"embeddable":true,"href":"https:\/\/www.omnium.cat\/ca\/wp-json\/wp\/v2\/media\/337534"}],"wp:attachment":[{"href":"https:\/\/www.omnium.cat\/ca\/wp-json\/wp\/v2\/media?parent=337454"}],"wp:term":[{"taxonomy":"category","embeddable":true,"href":"https:\/\/www.omnium.cat\/ca\/wp-json\/wp\/v2\/categories?post=337454"},{"taxonomy":"post_tag","embeddable":true,"href":"https:\/\/www.omnium.cat\/ca\/wp-json\/wp\/v2\/tags?post=337454"},{"taxonomy":"post_headquarter","embeddable":true,"href":"https:\/\/www.omnium.cat\/ca\/wp-json\/wp\/v2\/post_headquarter?post=337454"},{"taxonomy":"post_project","embeddable":true,"href":"https:\/\/www.omnium.cat\/ca\/wp-json\/wp\/v2\/post_project?post=337454"}],"curies":[{"name":"wp","href":"https:\/\/api.w.org\/{rel}","templated":true}]}}