{"id":337544,"date":"2022-06-07T12:35:07","date_gmt":"2022-06-07T10:35:07","guid":{"rendered":"https:\/\/www.omnium.cat\/?p=337544"},"modified":"2022-06-07T12:35:10","modified_gmt":"2022-06-07T10:35:10","slug":"raval-estiu-educatiu","status":"publish","type":"post","link":"https:\/\/www.omnium.cat\/ca\/raval-estiu-educatiu\/","title":{"rendered":"Raval Estiu Educatiu"},"content":{"rendered":"\n<p>Aquest estiu tamb\u00e9 oferim activitats per als casals d\u2019estiu del Raval. Tal com vam fer l\u2019any passat, hem preparat dos nous recorreguts de descoberta pel Raval (Raval nord i Raval sud) per a adolescents, i un conjunt de jocs ling\u00fc\u00edstics per a infants.\u00a0<\/p>\n<p>Com a novetat d\u2019aquest any est\u00e0 previst que alumnes de batxillerat del Raval participin com a animadors en aquestes activitats, sempre acompanyats pels monitors del casal, \u00e9s clar. Per\u00f2 tamb\u00e9 necessitem gent m\u00e9s gran que, com l\u2019estiu passat, ens ajudin a fer de suport als joves animadors si \u00e9s necessari.<\/p>\n<p>Podem comptar amb tu? Nom\u00e9s has d\u2019indicar-nos si pots venir algun o m\u00e9s d\u2019un dels dies que tenim previst de fer els itineraris (un al Raval nord i un altre pel Raval sud). Si t\u2019agrada la hist\u00f2ria dels nostres barris i vols saber-ne m\u00e9s o compartir els teus coneixements, aquesta activitat t\u2019agradar\u00e0.<br \/><br \/>Omple el <strong><a href=\"https:\/\/form.jotform.com\/221572559498369\">formulari<\/a><\/strong> i marca els dies que t\u2019aniria b\u00e9 de donar-nos un cop de m\u00e0:<\/p>\n<p>8 de juliol, d\u201911 a 13 h<br \/>13 de juliol, d\u201911 a 13 h<br \/>20 o 22 de juliol d\u201911 a 13 h<br \/>19 de juliol, de 15 a 17 h<\/p>\n<p><br \/><br \/><br \/><\/p>\n","protected":false},"excerpt":{"rendered":"<p>Aquest estiu tamb\u00e9 oferim activitats per als casals d\u2019estiu del Raval. Tal com vam fer l\u2019any passat, hem preparat dos nous recorreguts de descoberta pel Raval (Raval nord i Raval [&hellip;]<\/p>\n","protected":false},"author":195,"featured_media":337546,"comment_status":"closed","ping_status":"open","sticky":false,"template":"","format":"standard","meta":{"_acf_changed":false,"footnotes":""},"categories":[1],"tags":[],"post_headquarter":[1757],"post_project":[],"class_list":["post-337544","post","type-post","status-publish","format-standard","has-post-thumbnail","hentry","category-uncategorized-ca","post_headquarter-barcelona-ciutat-vella"],"acf":[],"yoast_head":"<!-- This site is optimized with the Yoast SEO plugin v27.2 - https:\/\/yoast.com\/product\/yoast-seo-wordpress\/ -->\n<title>Raval Estiu Educatiu - \u00d2mnium Cultural<\/title>\n<meta name=\"robots\" content=\"index, follow, max-snippet:-1, max-image-preview:large, max-video-preview:-1\" \/>\n<link rel=\"canonical\" href=\"https:\/\/www.omnium.cat\/ca\/raval-estiu-educatiu\/\" \/>\n<meta name=\"twitter:label1\" content=\"Escrit per\" \/>\n\t<meta name=\"twitter:data1\" content=\"Jordi Vives\" \/>\n\t<meta name=\"twitter:label2\" content=\"Temps estimat de lectura\" \/>\n\t<meta name=\"twitter:data2\" content=\"2 minuts\" \/>\n<script type=\"application\/ld+json\" class=\"yoast-schema-graph\">{\"@context\":\"https:\/\/schema.org\",\"@graph\":[{\"@type\":\"Article\",\"@id\":\"https:\/\/www.omnium.cat\/ca\/raval-estiu-educatiu\/#article\",\"isPartOf\":{\"@id\":\"https:\/\/www.omnium.cat\/ca\/raval-estiu-educatiu\/\"},\"author\":{\"name\":\"Jordi Vives\",\"@id\":\"https:\/\/www.omnium.cat\/ca\/#\/schema\/person\/19fa6ff991819d12736e0c45dffca929\"},\"headline\":\"Raval Estiu Educatiu\",\"datePublished\":\"2022-06-07T10:35:07+00:00\",\"dateModified\":\"2022-06-07T10:35:10+00:00\",\"mainEntityOfPage\":{\"@id\":\"https:\/\/www.omnium.cat\/ca\/raval-estiu-educatiu\/\"},\"wordCount\":200,\"publisher\":{\"@id\":\"https:\/\/www.omnium.cat\/ca\/#organization\"},\"image\":{\"@id\":\"https:\/\/www.omnium.cat\/ca\/raval-estiu-educatiu\/#primaryimage\"},\"thumbnailUrl\":\"https:\/\/cdn.omnium.cat\/wp-content\/uploads\/2022\/06\/07123439\/Raval-estiu-educatiu-imatge.jpeg\",\"articleSection\":[\"Uncategorized @oc\"],\"inLanguage\":\"ca\"},{\"@type\":\"WebPage\",\"@id\":\"https:\/\/www.omnium.cat\/ca\/raval-estiu-educatiu\/\",\"url\":\"https:\/\/www.omnium.cat\/ca\/raval-estiu-educatiu\/\",\"name\":\"Raval Estiu Educatiu - \u00d2mnium Cultural\",\"isPartOf\":{\"@id\":\"https:\/\/www.omnium.cat\/ca\/#website\"},\"primaryImageOfPage\":{\"@id\":\"https:\/\/www.omnium.cat\/ca\/raval-estiu-educatiu\/#primaryimage\"},\"image\":{\"@id\":\"https:\/\/www.omnium.cat\/ca\/raval-estiu-educatiu\/#primaryimage\"},\"thumbnailUrl\":\"https:\/\/cdn.omnium.cat\/wp-content\/uploads\/2022\/06\/07123439\/Raval-estiu-educatiu-imatge.jpeg\",\"datePublished\":\"2022-06-07T10:35:07+00:00\",\"dateModified\":\"2022-06-07T10:35:10+00:00\",\"breadcrumb\":{\"@id\":\"https:\/\/www.omnium.cat\/ca\/raval-estiu-educatiu\/#breadcrumb\"},\"inLanguage\":\"ca\",\"potentialAction\":[{\"@type\":\"ReadAction\",\"target\":[\"https:\/\/www.omnium.cat\/ca\/raval-estiu-educatiu\/\"]}]},{\"@type\":\"ImageObject\",\"inLanguage\":\"ca\",\"@id\":\"https:\/\/www.omnium.cat\/ca\/raval-estiu-educatiu\/#primaryimage\",\"url\":\"https:\/\/cdn.omnium.cat\/wp-content\/uploads\/2022\/06\/07123439\/Raval-estiu-educatiu-imatge.jpeg\",\"contentUrl\":\"https:\/\/cdn.omnium.cat\/wp-content\/uploads\/2022\/06\/07123439\/Raval-estiu-educatiu-imatge.jpeg\",\"width\":1536,\"height\":793},{\"@type\":\"BreadcrumbList\",\"@id\":\"https:\/\/www.omnium.cat\/ca\/raval-estiu-educatiu\/#breadcrumb\",\"itemListElement\":[{\"@type\":\"ListItem\",\"position\":1,\"name\":\"Inici\",\"item\":\"https:\/\/www.omnium.cat\/ca\/\"},{\"@type\":\"ListItem\",\"position\":2,\"name\":\"Raval Estiu Educatiu\"}]},{\"@type\":\"WebSite\",\"@id\":\"https:\/\/www.omnium.cat\/ca\/#website\",\"url\":\"https:\/\/www.omnium.cat\/ca\/\",\"name\":\"\u00d2mnium Cultural\",\"description\":\"Llengua Cultura Pa\u00eds\",\"publisher\":{\"@id\":\"https:\/\/www.omnium.cat\/ca\/#organization\"},\"potentialAction\":[{\"@type\":\"SearchAction\",\"target\":{\"@type\":\"EntryPoint\",\"urlTemplate\":\"https:\/\/www.omnium.cat\/ca\/?s={search_term_string}\"},\"query-input\":{\"@type\":\"PropertyValueSpecification\",\"valueRequired\":true,\"valueName\":\"search_term_string\"}}],\"inLanguage\":\"ca\"},{\"@type\":\"Organization\",\"@id\":\"https:\/\/www.omnium.cat\/ca\/#organization\",\"name\":\"\u00d2mnium Cultural\",\"url\":\"https:\/\/www.omnium.cat\/ca\/\",\"logo\":{\"@type\":\"ImageObject\",\"inLanguage\":\"ca\",\"@id\":\"https:\/\/www.omnium.cat\/ca\/#\/schema\/logo\/image\/\",\"url\":\"https:\/\/cdn.omnium.cat\/wp-content\/uploads\/2019\/06\/01112517\/cropped-omnium_logo-1.png\",\"contentUrl\":\"https:\/\/cdn.omnium.cat\/wp-content\/uploads\/2019\/06\/01112517\/cropped-omnium_logo-1.png\",\"width\":1213,\"height\":262,\"caption\":\"\u00d2mnium Cultural\"},\"image\":{\"@id\":\"https:\/\/www.omnium.cat\/ca\/#\/schema\/logo\/image\/\"},\"sameAs\":[\"https:\/\/www.facebook.com\/omniumcultural\",\"https:\/\/x.com\/omnium\",\"https:\/\/www.instagram.com\/omniumcultural\/\",\"https:\/\/www.youtube.com\/user\/omniumcultural\"]},{\"@type\":\"Person\",\"@id\":\"https:\/\/www.omnium.cat\/ca\/#\/schema\/person\/19fa6ff991819d12736e0c45dffca929\",\"name\":\"Jordi Vives\",\"image\":{\"@type\":\"ImageObject\",\"inLanguage\":\"ca\",\"@id\":\"https:\/\/secure.gravatar.com\/avatar\/8cb1ca7ceaf2aebebc4aced0b5871ecf550966dd02317585cad5122d9ca7d43a?s=96&d=mm&r=g\",\"url\":\"https:\/\/secure.gravatar.com\/avatar\/8cb1ca7ceaf2aebebc4aced0b5871ecf550966dd02317585cad5122d9ca7d43a?s=96&d=mm&r=g\",\"contentUrl\":\"https:\/\/secure.gravatar.com\/avatar\/8cb1ca7ceaf2aebebc4aced0b5871ecf550966dd02317585cad5122d9ca7d43a?s=96&d=mm&r=g\",\"caption\":\"Jordi Vives\"}}]}<\/script>\n<!-- \/ Yoast SEO plugin. -->","yoast_head_json":{"title":"Raval Estiu Educatiu - \u00d2mnium Cultural","robots":{"index":"index","follow":"follow","max-snippet":"max-snippet:-1","max-image-preview":"max-image-preview:large","max-video-preview":"max-video-preview:-1"},"canonical":"https:\/\/www.omnium.cat\/ca\/raval-estiu-educatiu\/","twitter_misc":{"Escrit per":"Jordi Vives","Temps estimat de lectura":"2 minuts"},"schema":{"@context":"https:\/\/schema.org","@graph":[{"@type":"Article","@id":"https:\/\/www.omnium.cat\/ca\/raval-estiu-educatiu\/#article","isPartOf":{"@id":"https:\/\/www.omnium.cat\/ca\/raval-estiu-educatiu\/"},"author":{"name":"Jordi Vives","@id":"https:\/\/www.omnium.cat\/ca\/#\/schema\/person\/19fa6ff991819d12736e0c45dffca929"},"headline":"Raval Estiu Educatiu","datePublished":"2022-06-07T10:35:07+00:00","dateModified":"2022-06-07T10:35:10+00:00","mainEntityOfPage":{"@id":"https:\/\/www.omnium.cat\/ca\/raval-estiu-educatiu\/"},"wordCount":200,"publisher":{"@id":"https:\/\/www.omnium.cat\/ca\/#organization"},"image":{"@id":"https:\/\/www.omnium.cat\/ca\/raval-estiu-educatiu\/#primaryimage"},"thumbnailUrl":"https:\/\/cdn.omnium.cat\/wp-content\/uploads\/2022\/06\/07123439\/Raval-estiu-educatiu-imatge.jpeg","articleSection":["Uncategorized @oc"],"inLanguage":"ca"},{"@type":"WebPage","@id":"https:\/\/www.omnium.cat\/ca\/raval-estiu-educatiu\/","url":"https:\/\/www.omnium.cat\/ca\/raval-estiu-educatiu\/","name":"Raval Estiu Educatiu - \u00d2mnium Cultural","isPartOf":{"@id":"https:\/\/www.omnium.cat\/ca\/#website"},"primaryImageOfPage":{"@id":"https:\/\/www.omnium.cat\/ca\/raval-estiu-educatiu\/#primaryimage"},"image":{"@id":"https:\/\/www.omnium.cat\/ca\/raval-estiu-educatiu\/#primaryimage"},"thumbnailUrl":"https:\/\/cdn.omnium.cat\/wp-content\/uploads\/2022\/06\/07123439\/Raval-estiu-educatiu-imatge.jpeg","datePublished":"2022-06-07T10:35:07+00:00","dateModified":"2022-06-07T10:35:10+00:00","breadcrumb":{"@id":"https:\/\/www.omnium.cat\/ca\/raval-estiu-educatiu\/#breadcrumb"},"inLanguage":"ca","potentialAction":[{"@type":"ReadAction","target":["https:\/\/www.omnium.cat\/ca\/raval-estiu-educatiu\/"]}]},{"@type":"ImageObject","inLanguage":"ca","@id":"https:\/\/www.omnium.cat\/ca\/raval-estiu-educatiu\/#primaryimage","url":"https:\/\/cdn.omnium.cat\/wp-content\/uploads\/2022\/06\/07123439\/Raval-estiu-educatiu-imatge.jpeg","contentUrl":"https:\/\/cdn.omnium.cat\/wp-content\/uploads\/2022\/06\/07123439\/Raval-estiu-educatiu-imatge.jpeg","width":1536,"height":793},{"@type":"BreadcrumbList","@id":"https:\/\/www.omnium.cat\/ca\/raval-estiu-educatiu\/#breadcrumb","itemListElement":[{"@type":"ListItem","position":1,"name":"Inici","item":"https:\/\/www.omnium.cat\/ca\/"},{"@type":"ListItem","position":2,"name":"Raval Estiu Educatiu"}]},{"@type":"WebSite","@id":"https:\/\/www.omnium.cat\/ca\/#website","url":"https:\/\/www.omnium.cat\/ca\/","name":"\u00d2mnium Cultural","description":"Llengua Cultura Pa\u00eds","publisher":{"@id":"https:\/\/www.omnium.cat\/ca\/#organization"},"potentialAction":[{"@type":"SearchAction","target":{"@type":"EntryPoint","urlTemplate":"https:\/\/www.omnium.cat\/ca\/?s={search_term_string}"},"query-input":{"@type":"PropertyValueSpecification","valueRequired":true,"valueName":"search_term_string"}}],"inLanguage":"ca"},{"@type":"Organization","@id":"https:\/\/www.omnium.cat\/ca\/#organization","name":"\u00d2mnium Cultural","url":"https:\/\/www.omnium.cat\/ca\/","logo":{"@type":"ImageObject","inLanguage":"ca","@id":"https:\/\/www.omnium.cat\/ca\/#\/schema\/logo\/image\/","url":"https:\/\/cdn.omnium.cat\/wp-content\/uploads\/2019\/06\/01112517\/cropped-omnium_logo-1.png","contentUrl":"https:\/\/cdn.omnium.cat\/wp-content\/uploads\/2019\/06\/01112517\/cropped-omnium_logo-1.png","width":1213,"height":262,"caption":"\u00d2mnium Cultural"},"image":{"@id":"https:\/\/www.omnium.cat\/ca\/#\/schema\/logo\/image\/"},"sameAs":["https:\/\/www.facebook.com\/omniumcultural","https:\/\/x.com\/omnium","https:\/\/www.instagram.com\/omniumcultural\/","https:\/\/www.youtube.com\/user\/omniumcultural"]},{"@type":"Person","@id":"https:\/\/www.omnium.cat\/ca\/#\/schema\/person\/19fa6ff991819d12736e0c45dffca929","name":"Jordi Vives","image":{"@type":"ImageObject","inLanguage":"ca","@id":"https:\/\/secure.gravatar.com\/avatar\/8cb1ca7ceaf2aebebc4aced0b5871ecf550966dd02317585cad5122d9ca7d43a?s=96&d=mm&r=g","url":"https:\/\/secure.gravatar.com\/avatar\/8cb1ca7ceaf2aebebc4aced0b5871ecf550966dd02317585cad5122d9ca7d43a?s=96&d=mm&r=g","contentUrl":"https:\/\/secure.gravatar.com\/avatar\/8cb1ca7ceaf2aebebc4aced0b5871ecf550966dd02317585cad5122d9ca7d43a?s=96&d=mm&r=g","caption":"Jordi Vives"}}]}},"_links":{"self":[{"href":"https:\/\/www.omnium.cat\/ca\/wp-json\/wp\/v2\/posts\/337544","targetHints":{"allow":["GET"]}}],"collection":[{"href":"https:\/\/www.omnium.cat\/ca\/wp-json\/wp\/v2\/posts"}],"about":[{"href":"https:\/\/www.omnium.cat\/ca\/wp-json\/wp\/v2\/types\/post"}],"author":[{"embeddable":true,"href":"https:\/\/www.omnium.cat\/ca\/wp-json\/wp\/v2\/users\/195"}],"replies":[{"embeddable":true,"href":"https:\/\/www.omnium.cat\/ca\/wp-json\/wp\/v2\/comments?post=337544"}],"version-history":[{"count":1,"href":"https:\/\/www.omnium.cat\/ca\/wp-json\/wp\/v2\/posts\/337544\/revisions"}],"predecessor-version":[{"id":337551,"href":"https:\/\/www.omnium.cat\/ca\/wp-json\/wp\/v2\/posts\/337544\/revisions\/337551"}],"wp:featuredmedia":[{"embeddable":true,"href":"https:\/\/www.omnium.cat\/ca\/wp-json\/wp\/v2\/media\/337546"}],"wp:attachment":[{"href":"https:\/\/www.omnium.cat\/ca\/wp-json\/wp\/v2\/media?parent=337544"}],"wp:term":[{"taxonomy":"category","embeddable":true,"href":"https:\/\/www.omnium.cat\/ca\/wp-json\/wp\/v2\/categories?post=337544"},{"taxonomy":"post_tag","embeddable":true,"href":"https:\/\/www.omnium.cat\/ca\/wp-json\/wp\/v2\/tags?post=337544"},{"taxonomy":"post_headquarter","embeddable":true,"href":"https:\/\/www.omnium.cat\/ca\/wp-json\/wp\/v2\/post_headquarter?post=337544"},{"taxonomy":"post_project","embeddable":true,"href":"https:\/\/www.omnium.cat\/ca\/wp-json\/wp\/v2\/post_project?post=337544"}],"curies":[{"name":"wp","href":"https:\/\/api.w.org\/{rel}","templated":true}]}}