{"id":337898,"date":"2022-06-09T15:34:17","date_gmt":"2022-06-09T13:34:17","guid":{"rendered":"https:\/\/www.omnium.cat\/?p=337898"},"modified":"2022-06-09T15:37:42","modified_gmt":"2022-06-09T13:37:42","slug":"omnium-denuncia-la-diferencia-de-tracte-que-la-justicia-espanyola-dona-a-les-victimes-de-pegasus","status":"publish","type":"post","link":"https:\/\/www.omnium.cat\/ca\/omnium-denuncia-la-diferencia-de-tracte-que-la-justicia-espanyola-dona-a-les-victimes-de-pegasus\/","title":{"rendered":"\u00d2mnium denuncia la difer\u00e8ncia de tracte que la just\u00edcia espanyola dona a les v\u00edctimes de Pegasus"},"content":{"rendered":"\n<p style=\"text-align: center;\"><strong>\u201cMentre que l\u2019Audi\u00e8ncia Nacional ja ha iniciat una investigaci\u00f3 per les causes de S\u00e1nchez i Robles, la nostra causa segueix encallada als jutjats i sense cap resposta\u201d<\/strong><\/p>\n<p style=\"text-align: center;\"><strong>Han transcorregut 40 dies des que es va presentar la querella criminal contra l\u2019empresa NSO Group i encara no s\u2019ha obert cap investigaci\u00f3<\/strong><\/p>\n<p>Barcelona, 9 de de juny de 2022 &#8211; \u00d2mnium Cultural denuncia la difer\u00e8ncia de rang que la just\u00edcia espanyola est\u00e0 donant a les v\u00edctimes de l\u2019espionatge amb programari Pegasus i per aix\u00f2, ha presentat avui un escrit al jutjat d\u2019instrucci\u00f3 21 de Barcelona per demanar que s\u2019ampliin les dilig\u00e8ncies de la seva querella sobre el Catalangate. L\u2019entitat reclama que s\u2019incorpori a la querella criminal la investigaci\u00f3 que ja est\u00e0 practicant l\u2019Audi\u00e8ncia Nacional i exigeix reparaci\u00f3 davant la difer\u00e8ncia de tracte que estan rebent els diferents ciutadans que han estat espiats amb aquest malware.\u00a0<\/p>\n<p>A l\u2019escrit presentat se sol\u00b7licita que ampli\u00ef la querella amb l\u2019objectiu de permetre a la defensa jur\u00eddica d\u2019\u00d2mnium accedir a la comissi\u00f3 rogat\u00f2ria internacional per investigar l\u2019actuaci\u00f3 de l\u2019empresa NSO-Group a Israel, acordada per l\u2019Audi\u00e8ncia Nacional, i a incorporar la c\u00f2pia de la totalitat de les dilig\u00e8ncies pr\u00e8vies tramitades fins ara. En aquest sentit, l\u2019entitat exigeix el mateix tractament a totes les v\u00edctimes de ciberespionatge: \u201cMentre l\u2019Audi\u00e8ncia Nacional ja ha iniciat una investigaci\u00f3 per les causes de Pedro S\u00e1nchez i Margarita Robles, la nostra causa segueix encallada entre jutjats i sense cap resposta\u201d, ha evidenciat Xavier Antich.\u00a0<\/p>\n<p>Tot i que han transcorregut 40 dies des que es va presentar la querella criminal contra l\u2019empresa NSO Group, aquesta encara no ha estat admesa ni s\u2019ha acordat la pr\u00e0ctica de cap dilig\u00e8ncia d\u2019investigaci\u00f3. \u201cLa difer\u00e8ncia que s\u2019est\u00e0 donant entre les v\u00edctimes \u00e9s injustificable. En el nostre cas no \u00e9s que s\u2019investigui poc, \u00e9s que directament no s\u2019est\u00e0 investigant i, per tant, la vulneraci\u00f3 del dret fonamental a la intimitat se segueix mantenint sense cap mena de reparaci\u00f3 ni protecci\u00f3\u201d, assegura l\u2019advocat Benet Salellas.\u00a0<\/p>\n<p>Davant d\u2019aquests seguit de greuges i la difer\u00e8ncia de tracte entre els diversos ciutadans v\u00edctimes d\u2019espionatge, \u00d2mnium Cultural assegura que cal impedir que aquest atac quedi impune i torna a denunciar la opacitat i la manca de garanties de l\u2019estat espanyol.\u00a0<\/p>\n<p>\u00a0<\/p>\n","protected":false},"excerpt":{"rendered":"<p>\u201cMentre que l\u2019Audi\u00e8ncia Nacional ja ha iniciat una investigaci\u00f3 per les causes de S\u00e1nchez i Robles, la nostra causa segueix encallada als jutjats i sense cap resposta\u201d Han transcorregut 40 [&hellip;]<\/p>\n","protected":false},"author":243,"featured_media":337906,"comment_status":"closed","ping_status":"open","sticky":false,"template":"","format":"standard","meta":{"_acf_changed":false,"footnotes":""},"categories":[1],"tags":[],"post_headquarter":[],"post_project":[],"class_list":["post-337898","post","type-post","status-publish","format-standard","has-post-thumbnail","hentry","category-uncategorized-ca"],"acf":[],"yoast_head":"<!-- This site is optimized with the Yoast SEO plugin v27.2 - https:\/\/yoast.com\/product\/yoast-seo-wordpress\/ -->\n<title>\u00d2mnium denuncia la difer\u00e8ncia de tracte que la just\u00edcia espanyola dona a les v\u00edctimes de Pegasus - \u00d2mnium Cultural<\/title>\n<meta name=\"robots\" content=\"index, follow, max-snippet:-1, max-image-preview:large, max-video-preview:-1\" \/>\n<link rel=\"canonical\" href=\"https:\/\/www.omnium.cat\/ca\/omnium-denuncia-la-diferencia-de-tracte-que-la-justicia-espanyola-dona-a-les-victimes-de-pegasus\/\" \/>\n<meta name=\"twitter:label1\" content=\"Escrit per\" \/>\n\t<meta name=\"twitter:data1\" content=\"N\u00faria Carb\u00f3\" \/>\n\t<meta name=\"twitter:label2\" content=\"Temps estimat de lectura\" \/>\n\t<meta name=\"twitter:data2\" content=\"2 minuts\" \/>\n<script type=\"application\/ld+json\" class=\"yoast-schema-graph\">{\"@context\":\"https:\/\/schema.org\",\"@graph\":[{\"@type\":\"Article\",\"@id\":\"https:\/\/www.omnium.cat\/ca\/omnium-denuncia-la-diferencia-de-tracte-que-la-justicia-espanyola-dona-a-les-victimes-de-pegasus\/#article\",\"isPartOf\":{\"@id\":\"https:\/\/www.omnium.cat\/ca\/omnium-denuncia-la-diferencia-de-tracte-que-la-justicia-espanyola-dona-a-les-victimes-de-pegasus\/\"},\"author\":{\"name\":\"N\u00faria Carb\u00f3\",\"@id\":\"https:\/\/www.omnium.cat\/ca\/#\/schema\/person\/cc79c0a98461e1aac0f865d1d21930cb\"},\"headline\":\"\u00d2mnium denuncia la difer\u00e8ncia de tracte que la just\u00edcia espanyola dona a les v\u00edctimes de Pegasus\",\"datePublished\":\"2022-06-09T13:34:17+00:00\",\"dateModified\":\"2022-06-09T13:37:42+00:00\",\"mainEntityOfPage\":{\"@id\":\"https:\/\/www.omnium.cat\/ca\/omnium-denuncia-la-diferencia-de-tracte-que-la-justicia-espanyola-dona-a-les-victimes-de-pegasus\/\"},\"wordCount\":430,\"publisher\":{\"@id\":\"https:\/\/www.omnium.cat\/ca\/#organization\"},\"image\":{\"@id\":\"https:\/\/www.omnium.cat\/ca\/omnium-denuncia-la-diferencia-de-tracte-que-la-justicia-espanyola-dona-a-les-victimes-de-pegasus\/#primaryimage\"},\"thumbnailUrl\":\"https:\/\/cdn.omnium.cat\/wp-content\/uploads\/2022\/06\/09153656\/XXSS_CARRUSSEL_QUERELLA_Mesa-de-trabajo-1-copia-10-1.png\",\"articleSection\":[\"Uncategorized @oc\"],\"inLanguage\":\"ca\"},{\"@type\":\"WebPage\",\"@id\":\"https:\/\/www.omnium.cat\/ca\/omnium-denuncia-la-diferencia-de-tracte-que-la-justicia-espanyola-dona-a-les-victimes-de-pegasus\/\",\"url\":\"https:\/\/www.omnium.cat\/ca\/omnium-denuncia-la-diferencia-de-tracte-que-la-justicia-espanyola-dona-a-les-victimes-de-pegasus\/\",\"name\":\"\u00d2mnium denuncia la difer\u00e8ncia de tracte que la just\u00edcia espanyola dona a les v\u00edctimes de Pegasus - \u00d2mnium Cultural\",\"isPartOf\":{\"@id\":\"https:\/\/www.omnium.cat\/ca\/#website\"},\"primaryImageOfPage\":{\"@id\":\"https:\/\/www.omnium.cat\/ca\/omnium-denuncia-la-diferencia-de-tracte-que-la-justicia-espanyola-dona-a-les-victimes-de-pegasus\/#primaryimage\"},\"image\":{\"@id\":\"https:\/\/www.omnium.cat\/ca\/omnium-denuncia-la-diferencia-de-tracte-que-la-justicia-espanyola-dona-a-les-victimes-de-pegasus\/#primaryimage\"},\"thumbnailUrl\":\"https:\/\/cdn.omnium.cat\/wp-content\/uploads\/2022\/06\/09153656\/XXSS_CARRUSSEL_QUERELLA_Mesa-de-trabajo-1-copia-10-1.png\",\"datePublished\":\"2022-06-09T13:34:17+00:00\",\"dateModified\":\"2022-06-09T13:37:42+00:00\",\"breadcrumb\":{\"@id\":\"https:\/\/www.omnium.cat\/ca\/omnium-denuncia-la-diferencia-de-tracte-que-la-justicia-espanyola-dona-a-les-victimes-de-pegasus\/#breadcrumb\"},\"inLanguage\":\"ca\",\"potentialAction\":[{\"@type\":\"ReadAction\",\"target\":[\"https:\/\/www.omnium.cat\/ca\/omnium-denuncia-la-diferencia-de-tracte-que-la-justicia-espanyola-dona-a-les-victimes-de-pegasus\/\"]}]},{\"@type\":\"ImageObject\",\"inLanguage\":\"ca\",\"@id\":\"https:\/\/www.omnium.cat\/ca\/omnium-denuncia-la-diferencia-de-tracte-que-la-justicia-espanyola-dona-a-les-victimes-de-pegasus\/#primaryimage\",\"url\":\"https:\/\/cdn.omnium.cat\/wp-content\/uploads\/2022\/06\/09153656\/XXSS_CARRUSSEL_QUERELLA_Mesa-de-trabajo-1-copia-10-1.png\",\"contentUrl\":\"https:\/\/cdn.omnium.cat\/wp-content\/uploads\/2022\/06\/09153656\/XXSS_CARRUSSEL_QUERELLA_Mesa-de-trabajo-1-copia-10-1.png\",\"width\":1074,\"height\":521},{\"@type\":\"BreadcrumbList\",\"@id\":\"https:\/\/www.omnium.cat\/ca\/omnium-denuncia-la-diferencia-de-tracte-que-la-justicia-espanyola-dona-a-les-victimes-de-pegasus\/#breadcrumb\",\"itemListElement\":[{\"@type\":\"ListItem\",\"position\":1,\"name\":\"Inici\",\"item\":\"https:\/\/www.omnium.cat\/ca\/\"},{\"@type\":\"ListItem\",\"position\":2,\"name\":\"\u00d2mnium denuncia la difer\u00e8ncia de tracte que la just\u00edcia espanyola dona a les v\u00edctimes de Pegasus\"}]},{\"@type\":\"WebSite\",\"@id\":\"https:\/\/www.omnium.cat\/ca\/#website\",\"url\":\"https:\/\/www.omnium.cat\/ca\/\",\"name\":\"\u00d2mnium Cultural\",\"description\":\"Llengua Cultura Pa\u00eds\",\"publisher\":{\"@id\":\"https:\/\/www.omnium.cat\/ca\/#organization\"},\"potentialAction\":[{\"@type\":\"SearchAction\",\"target\":{\"@type\":\"EntryPoint\",\"urlTemplate\":\"https:\/\/www.omnium.cat\/ca\/?s={search_term_string}\"},\"query-input\":{\"@type\":\"PropertyValueSpecification\",\"valueRequired\":true,\"valueName\":\"search_term_string\"}}],\"inLanguage\":\"ca\"},{\"@type\":\"Organization\",\"@id\":\"https:\/\/www.omnium.cat\/ca\/#organization\",\"name\":\"\u00d2mnium Cultural\",\"url\":\"https:\/\/www.omnium.cat\/ca\/\",\"logo\":{\"@type\":\"ImageObject\",\"inLanguage\":\"ca\",\"@id\":\"https:\/\/www.omnium.cat\/ca\/#\/schema\/logo\/image\/\",\"url\":\"https:\/\/cdn.omnium.cat\/wp-content\/uploads\/2019\/06\/01112517\/cropped-omnium_logo-1.png\",\"contentUrl\":\"https:\/\/cdn.omnium.cat\/wp-content\/uploads\/2019\/06\/01112517\/cropped-omnium_logo-1.png\",\"width\":1213,\"height\":262,\"caption\":\"\u00d2mnium Cultural\"},\"image\":{\"@id\":\"https:\/\/www.omnium.cat\/ca\/#\/schema\/logo\/image\/\"},\"sameAs\":[\"https:\/\/www.facebook.com\/omniumcultural\",\"https:\/\/x.com\/omnium\",\"https:\/\/www.instagram.com\/omniumcultural\/\",\"https:\/\/www.youtube.com\/user\/omniumcultural\"]},{\"@type\":\"Person\",\"@id\":\"https:\/\/www.omnium.cat\/ca\/#\/schema\/person\/cc79c0a98461e1aac0f865d1d21930cb\",\"name\":\"N\u00faria Carb\u00f3\",\"image\":{\"@type\":\"ImageObject\",\"inLanguage\":\"ca\",\"@id\":\"https:\/\/secure.gravatar.com\/avatar\/d738791860c7358847b43cf039d93c39154f9f4fe025c88e9bb380175b8fbbd4?s=96&d=mm&r=g\",\"url\":\"https:\/\/secure.gravatar.com\/avatar\/d738791860c7358847b43cf039d93c39154f9f4fe025c88e9bb380175b8fbbd4?s=96&d=mm&r=g\",\"contentUrl\":\"https:\/\/secure.gravatar.com\/avatar\/d738791860c7358847b43cf039d93c39154f9f4fe025c88e9bb380175b8fbbd4?s=96&d=mm&r=g\",\"caption\":\"N\u00faria Carb\u00f3\"}}]}<\/script>\n<!-- \/ Yoast SEO plugin. -->","yoast_head_json":{"title":"\u00d2mnium denuncia la difer\u00e8ncia de tracte que la just\u00edcia espanyola dona a les v\u00edctimes de Pegasus - \u00d2mnium Cultural","robots":{"index":"index","follow":"follow","max-snippet":"max-snippet:-1","max-image-preview":"max-image-preview:large","max-video-preview":"max-video-preview:-1"},"canonical":"https:\/\/www.omnium.cat\/ca\/omnium-denuncia-la-diferencia-de-tracte-que-la-justicia-espanyola-dona-a-les-victimes-de-pegasus\/","twitter_misc":{"Escrit per":"N\u00faria Carb\u00f3","Temps estimat de lectura":"2 minuts"},"schema":{"@context":"https:\/\/schema.org","@graph":[{"@type":"Article","@id":"https:\/\/www.omnium.cat\/ca\/omnium-denuncia-la-diferencia-de-tracte-que-la-justicia-espanyola-dona-a-les-victimes-de-pegasus\/#article","isPartOf":{"@id":"https:\/\/www.omnium.cat\/ca\/omnium-denuncia-la-diferencia-de-tracte-que-la-justicia-espanyola-dona-a-les-victimes-de-pegasus\/"},"author":{"name":"N\u00faria Carb\u00f3","@id":"https:\/\/www.omnium.cat\/ca\/#\/schema\/person\/cc79c0a98461e1aac0f865d1d21930cb"},"headline":"\u00d2mnium denuncia la difer\u00e8ncia de tracte que la just\u00edcia espanyola dona a les v\u00edctimes de Pegasus","datePublished":"2022-06-09T13:34:17+00:00","dateModified":"2022-06-09T13:37:42+00:00","mainEntityOfPage":{"@id":"https:\/\/www.omnium.cat\/ca\/omnium-denuncia-la-diferencia-de-tracte-que-la-justicia-espanyola-dona-a-les-victimes-de-pegasus\/"},"wordCount":430,"publisher":{"@id":"https:\/\/www.omnium.cat\/ca\/#organization"},"image":{"@id":"https:\/\/www.omnium.cat\/ca\/omnium-denuncia-la-diferencia-de-tracte-que-la-justicia-espanyola-dona-a-les-victimes-de-pegasus\/#primaryimage"},"thumbnailUrl":"https:\/\/cdn.omnium.cat\/wp-content\/uploads\/2022\/06\/09153656\/XXSS_CARRUSSEL_QUERELLA_Mesa-de-trabajo-1-copia-10-1.png","articleSection":["Uncategorized @oc"],"inLanguage":"ca"},{"@type":"WebPage","@id":"https:\/\/www.omnium.cat\/ca\/omnium-denuncia-la-diferencia-de-tracte-que-la-justicia-espanyola-dona-a-les-victimes-de-pegasus\/","url":"https:\/\/www.omnium.cat\/ca\/omnium-denuncia-la-diferencia-de-tracte-que-la-justicia-espanyola-dona-a-les-victimes-de-pegasus\/","name":"\u00d2mnium denuncia la difer\u00e8ncia de tracte que la just\u00edcia espanyola dona a les v\u00edctimes de Pegasus - \u00d2mnium Cultural","isPartOf":{"@id":"https:\/\/www.omnium.cat\/ca\/#website"},"primaryImageOfPage":{"@id":"https:\/\/www.omnium.cat\/ca\/omnium-denuncia-la-diferencia-de-tracte-que-la-justicia-espanyola-dona-a-les-victimes-de-pegasus\/#primaryimage"},"image":{"@id":"https:\/\/www.omnium.cat\/ca\/omnium-denuncia-la-diferencia-de-tracte-que-la-justicia-espanyola-dona-a-les-victimes-de-pegasus\/#primaryimage"},"thumbnailUrl":"https:\/\/cdn.omnium.cat\/wp-content\/uploads\/2022\/06\/09153656\/XXSS_CARRUSSEL_QUERELLA_Mesa-de-trabajo-1-copia-10-1.png","datePublished":"2022-06-09T13:34:17+00:00","dateModified":"2022-06-09T13:37:42+00:00","breadcrumb":{"@id":"https:\/\/www.omnium.cat\/ca\/omnium-denuncia-la-diferencia-de-tracte-que-la-justicia-espanyola-dona-a-les-victimes-de-pegasus\/#breadcrumb"},"inLanguage":"ca","potentialAction":[{"@type":"ReadAction","target":["https:\/\/www.omnium.cat\/ca\/omnium-denuncia-la-diferencia-de-tracte-que-la-justicia-espanyola-dona-a-les-victimes-de-pegasus\/"]}]},{"@type":"ImageObject","inLanguage":"ca","@id":"https:\/\/www.omnium.cat\/ca\/omnium-denuncia-la-diferencia-de-tracte-que-la-justicia-espanyola-dona-a-les-victimes-de-pegasus\/#primaryimage","url":"https:\/\/cdn.omnium.cat\/wp-content\/uploads\/2022\/06\/09153656\/XXSS_CARRUSSEL_QUERELLA_Mesa-de-trabajo-1-copia-10-1.png","contentUrl":"https:\/\/cdn.omnium.cat\/wp-content\/uploads\/2022\/06\/09153656\/XXSS_CARRUSSEL_QUERELLA_Mesa-de-trabajo-1-copia-10-1.png","width":1074,"height":521},{"@type":"BreadcrumbList","@id":"https:\/\/www.omnium.cat\/ca\/omnium-denuncia-la-diferencia-de-tracte-que-la-justicia-espanyola-dona-a-les-victimes-de-pegasus\/#breadcrumb","itemListElement":[{"@type":"ListItem","position":1,"name":"Inici","item":"https:\/\/www.omnium.cat\/ca\/"},{"@type":"ListItem","position":2,"name":"\u00d2mnium denuncia la difer\u00e8ncia de tracte que la just\u00edcia espanyola dona a les v\u00edctimes de Pegasus"}]},{"@type":"WebSite","@id":"https:\/\/www.omnium.cat\/ca\/#website","url":"https:\/\/www.omnium.cat\/ca\/","name":"\u00d2mnium Cultural","description":"Llengua Cultura Pa\u00eds","publisher":{"@id":"https:\/\/www.omnium.cat\/ca\/#organization"},"potentialAction":[{"@type":"SearchAction","target":{"@type":"EntryPoint","urlTemplate":"https:\/\/www.omnium.cat\/ca\/?s={search_term_string}"},"query-input":{"@type":"PropertyValueSpecification","valueRequired":true,"valueName":"search_term_string"}}],"inLanguage":"ca"},{"@type":"Organization","@id":"https:\/\/www.omnium.cat\/ca\/#organization","name":"\u00d2mnium Cultural","url":"https:\/\/www.omnium.cat\/ca\/","logo":{"@type":"ImageObject","inLanguage":"ca","@id":"https:\/\/www.omnium.cat\/ca\/#\/schema\/logo\/image\/","url":"https:\/\/cdn.omnium.cat\/wp-content\/uploads\/2019\/06\/01112517\/cropped-omnium_logo-1.png","contentUrl":"https:\/\/cdn.omnium.cat\/wp-content\/uploads\/2019\/06\/01112517\/cropped-omnium_logo-1.png","width":1213,"height":262,"caption":"\u00d2mnium Cultural"},"image":{"@id":"https:\/\/www.omnium.cat\/ca\/#\/schema\/logo\/image\/"},"sameAs":["https:\/\/www.facebook.com\/omniumcultural","https:\/\/x.com\/omnium","https:\/\/www.instagram.com\/omniumcultural\/","https:\/\/www.youtube.com\/user\/omniumcultural"]},{"@type":"Person","@id":"https:\/\/www.omnium.cat\/ca\/#\/schema\/person\/cc79c0a98461e1aac0f865d1d21930cb","name":"N\u00faria Carb\u00f3","image":{"@type":"ImageObject","inLanguage":"ca","@id":"https:\/\/secure.gravatar.com\/avatar\/d738791860c7358847b43cf039d93c39154f9f4fe025c88e9bb380175b8fbbd4?s=96&d=mm&r=g","url":"https:\/\/secure.gravatar.com\/avatar\/d738791860c7358847b43cf039d93c39154f9f4fe025c88e9bb380175b8fbbd4?s=96&d=mm&r=g","contentUrl":"https:\/\/secure.gravatar.com\/avatar\/d738791860c7358847b43cf039d93c39154f9f4fe025c88e9bb380175b8fbbd4?s=96&d=mm&r=g","caption":"N\u00faria Carb\u00f3"}}]}},"_links":{"self":[{"href":"https:\/\/www.omnium.cat\/ca\/wp-json\/wp\/v2\/posts\/337898","targetHints":{"allow":["GET"]}}],"collection":[{"href":"https:\/\/www.omnium.cat\/ca\/wp-json\/wp\/v2\/posts"}],"about":[{"href":"https:\/\/www.omnium.cat\/ca\/wp-json\/wp\/v2\/types\/post"}],"author":[{"embeddable":true,"href":"https:\/\/www.omnium.cat\/ca\/wp-json\/wp\/v2\/users\/243"}],"replies":[{"embeddable":true,"href":"https:\/\/www.omnium.cat\/ca\/wp-json\/wp\/v2\/comments?post=337898"}],"version-history":[{"count":2,"href":"https:\/\/www.omnium.cat\/ca\/wp-json\/wp\/v2\/posts\/337898\/revisions"}],"predecessor-version":[{"id":337911,"href":"https:\/\/www.omnium.cat\/ca\/wp-json\/wp\/v2\/posts\/337898\/revisions\/337911"}],"wp:featuredmedia":[{"embeddable":true,"href":"https:\/\/www.omnium.cat\/ca\/wp-json\/wp\/v2\/media\/337906"}],"wp:attachment":[{"href":"https:\/\/www.omnium.cat\/ca\/wp-json\/wp\/v2\/media?parent=337898"}],"wp:term":[{"taxonomy":"category","embeddable":true,"href":"https:\/\/www.omnium.cat\/ca\/wp-json\/wp\/v2\/categories?post=337898"},{"taxonomy":"post_tag","embeddable":true,"href":"https:\/\/www.omnium.cat\/ca\/wp-json\/wp\/v2\/tags?post=337898"},{"taxonomy":"post_headquarter","embeddable":true,"href":"https:\/\/www.omnium.cat\/ca\/wp-json\/wp\/v2\/post_headquarter?post=337898"},{"taxonomy":"post_project","embeddable":true,"href":"https:\/\/www.omnium.cat\/ca\/wp-json\/wp\/v2\/post_project?post=337898"}],"curies":[{"name":"wp","href":"https:\/\/api.w.org\/{rel}","templated":true}]}}