{"id":398450,"date":"2024-02-02T17:39:45","date_gmt":"2024-02-02T16:39:45","guid":{"rendered":"https:\/\/www.omnium.cat\/?p=398450"},"modified":"2024-02-02T17:39:49","modified_gmt":"2024-02-02T16:39:49","slug":"omnium-maresme-celebrem-la-nostra-assemblea-general-ordinaria-i-renovem-part-de-la-nostra-junta-directiva","status":"publish","type":"post","link":"https:\/\/www.omnium.cat\/ca\/omnium-maresme-celebrem-la-nostra-assemblea-general-ordinaria-i-renovem-part-de-la-nostra-junta-directiva\/","title":{"rendered":"\u00d2mnium Maresme celebrem la nostra Assemblea General Ordin\u00e0ria i renovem part de la nostra junta directiva"},"content":{"rendered":"\n<p>\u00d2mnium Cultural Maresme hem celebrat aquest dimarts 23 de gener, al Caf\u00e8 de Mar de Matar\u00f3, la nostra Assemblea General Ordin\u00e0ria. Les seus territorials d\u2019\u00d2mnium Cultural celebrem aquest principi d\u2019any les nostres respectives assemblees territorials, on es presenten els informes d\u2019activitats del darrer any i s\u2019aproven les pr\u00f2ximes l\u00ednies d\u2019actuaci\u00f3.\u00a0<\/p>\n<p><br \/>L\u2019assemblea va servir per renovar la meitat dels c\u00e0rrecs de la junta, inclosa la Presid\u00e8ncia i la Tresoreria. L\u2019assemblea va votar favorablement la renovaci\u00f3 de Laia Nonell a la Presid\u00e8ncia, Oriol Varela a la Tresoreria, i com vocalies: Aina Fern\u00e0ndez. Andreu Bosch, Laura G\u00e1llego i Jordi Monetti. S\u2019incorpora a la Junta, el vocal Joan Maria Pascual.\u00a0<\/p>\n<p><br \/>Durant l\u2019assemblea els socis de l\u2019entitat van validar tamb\u00e9 el pressupost i el pla de treball per aquest 2024 que posa l\u2019accent en la defensa de la llengua, la cohesi\u00f3 social, el treball compartit amb altres entitats.<\/p>\n<p><br \/>L\u2019assemblea va cloure amb un parlament de Jordi Arcarons, Secretari de la Junta Directiva d\u2019\u00d2mnium Cultural, on va exposar la situaci\u00f3 i els reptes d\u2019\u00d2mnium Cultural.\u00a0<\/p>\n","protected":false},"excerpt":{"rendered":"<p>\u00d2mnium Cultural Maresme hem celebrat aquest dimarts 23 de gener, al Caf\u00e8 de Mar de Matar\u00f3, la nostra Assemblea General Ordin\u00e0ria. Les seus territorials d\u2019\u00d2mnium Cultural celebrem aquest principi d\u2019any [&hellip;]<\/p>\n","protected":false},"author":268,"featured_media":398451,"comment_status":"closed","ping_status":"open","sticky":false,"template":"","format":"standard","meta":{"_acf_changed":false,"footnotes":""},"categories":[1],"tags":[],"post_headquarter":[1751],"post_project":[],"class_list":["post-398450","post","type-post","status-publish","format-standard","has-post-thumbnail","hentry","category-uncategorized-ca","post_headquarter-maresme"],"acf":[],"yoast_head":"<!-- This site is optimized with the Yoast SEO plugin v27.2 - https:\/\/yoast.com\/product\/yoast-seo-wordpress\/ -->\n<title>\u00d2mnium Maresme celebrem la nostra Assemblea General Ordin\u00e0ria i renovem part de la nostra junta directiva - \u00d2mnium Cultural<\/title>\n<meta name=\"robots\" content=\"index, follow, max-snippet:-1, max-image-preview:large, max-video-preview:-1\" \/>\n<link rel=\"canonical\" href=\"https:\/\/www.omnium.cat\/ca\/omnium-maresme-celebrem-la-nostra-assemblea-general-ordinaria-i-renovem-part-de-la-nostra-junta-directiva\/\" \/>\n<meta name=\"twitter:label1\" content=\"Escrit per\" \/>\n\t<meta name=\"twitter:data1\" content=\"Carles Porta\" \/>\n\t<meta name=\"twitter:label2\" content=\"Temps estimat de lectura\" \/>\n\t<meta name=\"twitter:data2\" content=\"1 minut\" \/>\n<script type=\"application\/ld+json\" class=\"yoast-schema-graph\">{\"@context\":\"https:\/\/schema.org\",\"@graph\":[{\"@type\":\"Article\",\"@id\":\"https:\/\/www.omnium.cat\/ca\/omnium-maresme-celebrem-la-nostra-assemblea-general-ordinaria-i-renovem-part-de-la-nostra-junta-directiva\/#article\",\"isPartOf\":{\"@id\":\"https:\/\/www.omnium.cat\/ca\/omnium-maresme-celebrem-la-nostra-assemblea-general-ordinaria-i-renovem-part-de-la-nostra-junta-directiva\/\"},\"author\":{\"name\":\"Carles Porta\",\"@id\":\"https:\/\/www.omnium.cat\/ca\/#\/schema\/person\/4de75722eb8af50306e6b39ab45dc7f1\"},\"headline\":\"\u00d2mnium Maresme celebrem la nostra Assemblea General Ordin\u00e0ria i renovem part de la nostra junta directiva\",\"datePublished\":\"2024-02-02T16:39:45+00:00\",\"dateModified\":\"2024-02-02T16:39:49+00:00\",\"mainEntityOfPage\":{\"@id\":\"https:\/\/www.omnium.cat\/ca\/omnium-maresme-celebrem-la-nostra-assemblea-general-ordinaria-i-renovem-part-de-la-nostra-junta-directiva\/\"},\"wordCount\":206,\"publisher\":{\"@id\":\"https:\/\/www.omnium.cat\/ca\/#organization\"},\"image\":{\"@id\":\"https:\/\/www.omnium.cat\/ca\/omnium-maresme-celebrem-la-nostra-assemblea-general-ordinaria-i-renovem-part-de-la-nostra-junta-directiva\/#primaryimage\"},\"thumbnailUrl\":\"https:\/\/cdn.omnium.cat\/wp-content\/uploads\/2024\/02\/02173913\/photo_2024-01-24_23-12-07.jpg\",\"articleSection\":[\"Uncategorized @oc\"],\"inLanguage\":\"ca\"},{\"@type\":\"WebPage\",\"@id\":\"https:\/\/www.omnium.cat\/ca\/omnium-maresme-celebrem-la-nostra-assemblea-general-ordinaria-i-renovem-part-de-la-nostra-junta-directiva\/\",\"url\":\"https:\/\/www.omnium.cat\/ca\/omnium-maresme-celebrem-la-nostra-assemblea-general-ordinaria-i-renovem-part-de-la-nostra-junta-directiva\/\",\"name\":\"\u00d2mnium Maresme celebrem la nostra Assemblea General Ordin\u00e0ria i renovem part de la nostra junta directiva - \u00d2mnium Cultural\",\"isPartOf\":{\"@id\":\"https:\/\/www.omnium.cat\/ca\/#website\"},\"primaryImageOfPage\":{\"@id\":\"https:\/\/www.omnium.cat\/ca\/omnium-maresme-celebrem-la-nostra-assemblea-general-ordinaria-i-renovem-part-de-la-nostra-junta-directiva\/#primaryimage\"},\"image\":{\"@id\":\"https:\/\/www.omnium.cat\/ca\/omnium-maresme-celebrem-la-nostra-assemblea-general-ordinaria-i-renovem-part-de-la-nostra-junta-directiva\/#primaryimage\"},\"thumbnailUrl\":\"https:\/\/cdn.omnium.cat\/wp-content\/uploads\/2024\/02\/02173913\/photo_2024-01-24_23-12-07.jpg\",\"datePublished\":\"2024-02-02T16:39:45+00:00\",\"dateModified\":\"2024-02-02T16:39:49+00:00\",\"breadcrumb\":{\"@id\":\"https:\/\/www.omnium.cat\/ca\/omnium-maresme-celebrem-la-nostra-assemblea-general-ordinaria-i-renovem-part-de-la-nostra-junta-directiva\/#breadcrumb\"},\"inLanguage\":\"ca\",\"potentialAction\":[{\"@type\":\"ReadAction\",\"target\":[\"https:\/\/www.omnium.cat\/ca\/omnium-maresme-celebrem-la-nostra-assemblea-general-ordinaria-i-renovem-part-de-la-nostra-junta-directiva\/\"]}]},{\"@type\":\"ImageObject\",\"inLanguage\":\"ca\",\"@id\":\"https:\/\/www.omnium.cat\/ca\/omnium-maresme-celebrem-la-nostra-assemblea-general-ordinaria-i-renovem-part-de-la-nostra-junta-directiva\/#primaryimage\",\"url\":\"https:\/\/cdn.omnium.cat\/wp-content\/uploads\/2024\/02\/02173913\/photo_2024-01-24_23-12-07.jpg\",\"contentUrl\":\"https:\/\/cdn.omnium.cat\/wp-content\/uploads\/2024\/02\/02173913\/photo_2024-01-24_23-12-07.jpg\",\"width\":1280,\"height\":960},{\"@type\":\"BreadcrumbList\",\"@id\":\"https:\/\/www.omnium.cat\/ca\/omnium-maresme-celebrem-la-nostra-assemblea-general-ordinaria-i-renovem-part-de-la-nostra-junta-directiva\/#breadcrumb\",\"itemListElement\":[{\"@type\":\"ListItem\",\"position\":1,\"name\":\"Inici\",\"item\":\"https:\/\/www.omnium.cat\/ca\/\"},{\"@type\":\"ListItem\",\"position\":2,\"name\":\"\u00d2mnium Maresme celebrem la nostra Assemblea General Ordin\u00e0ria i renovem part de la nostra junta directiva\"}]},{\"@type\":\"WebSite\",\"@id\":\"https:\/\/www.omnium.cat\/ca\/#website\",\"url\":\"https:\/\/www.omnium.cat\/ca\/\",\"name\":\"\u00d2mnium Cultural\",\"description\":\"Llengua Cultura Pa\u00eds\",\"publisher\":{\"@id\":\"https:\/\/www.omnium.cat\/ca\/#organization\"},\"potentialAction\":[{\"@type\":\"SearchAction\",\"target\":{\"@type\":\"EntryPoint\",\"urlTemplate\":\"https:\/\/www.omnium.cat\/ca\/?s={search_term_string}\"},\"query-input\":{\"@type\":\"PropertyValueSpecification\",\"valueRequired\":true,\"valueName\":\"search_term_string\"}}],\"inLanguage\":\"ca\"},{\"@type\":\"Organization\",\"@id\":\"https:\/\/www.omnium.cat\/ca\/#organization\",\"name\":\"\u00d2mnium Cultural\",\"url\":\"https:\/\/www.omnium.cat\/ca\/\",\"logo\":{\"@type\":\"ImageObject\",\"inLanguage\":\"ca\",\"@id\":\"https:\/\/www.omnium.cat\/ca\/#\/schema\/logo\/image\/\",\"url\":\"https:\/\/cdn.omnium.cat\/wp-content\/uploads\/2019\/06\/01112517\/cropped-omnium_logo-1.png\",\"contentUrl\":\"https:\/\/cdn.omnium.cat\/wp-content\/uploads\/2019\/06\/01112517\/cropped-omnium_logo-1.png\",\"width\":1213,\"height\":262,\"caption\":\"\u00d2mnium Cultural\"},\"image\":{\"@id\":\"https:\/\/www.omnium.cat\/ca\/#\/schema\/logo\/image\/\"},\"sameAs\":[\"https:\/\/www.facebook.com\/omniumcultural\",\"https:\/\/x.com\/omnium\",\"https:\/\/www.instagram.com\/omniumcultural\/\",\"https:\/\/www.youtube.com\/user\/omniumcultural\"]},{\"@type\":\"Person\",\"@id\":\"https:\/\/www.omnium.cat\/ca\/#\/schema\/person\/4de75722eb8af50306e6b39ab45dc7f1\",\"name\":\"Carles Porta\",\"image\":{\"@type\":\"ImageObject\",\"inLanguage\":\"ca\",\"@id\":\"https:\/\/secure.gravatar.com\/avatar\/308bed24de2577c6193f94e5cc51cde7a0c5992498998998ff4f665db923d04d?s=96&d=mm&r=g\",\"url\":\"https:\/\/secure.gravatar.com\/avatar\/308bed24de2577c6193f94e5cc51cde7a0c5992498998998ff4f665db923d04d?s=96&d=mm&r=g\",\"contentUrl\":\"https:\/\/secure.gravatar.com\/avatar\/308bed24de2577c6193f94e5cc51cde7a0c5992498998998ff4f665db923d04d?s=96&d=mm&r=g\",\"caption\":\"Carles Porta\"}}]}<\/script>\n<!-- \/ Yoast SEO plugin. -->","yoast_head_json":{"title":"\u00d2mnium Maresme celebrem la nostra Assemblea General Ordin\u00e0ria i renovem part de la nostra junta directiva - \u00d2mnium Cultural","robots":{"index":"index","follow":"follow","max-snippet":"max-snippet:-1","max-image-preview":"max-image-preview:large","max-video-preview":"max-video-preview:-1"},"canonical":"https:\/\/www.omnium.cat\/ca\/omnium-maresme-celebrem-la-nostra-assemblea-general-ordinaria-i-renovem-part-de-la-nostra-junta-directiva\/","twitter_misc":{"Escrit per":"Carles Porta","Temps estimat de lectura":"1 minut"},"schema":{"@context":"https:\/\/schema.org","@graph":[{"@type":"Article","@id":"https:\/\/www.omnium.cat\/ca\/omnium-maresme-celebrem-la-nostra-assemblea-general-ordinaria-i-renovem-part-de-la-nostra-junta-directiva\/#article","isPartOf":{"@id":"https:\/\/www.omnium.cat\/ca\/omnium-maresme-celebrem-la-nostra-assemblea-general-ordinaria-i-renovem-part-de-la-nostra-junta-directiva\/"},"author":{"name":"Carles Porta","@id":"https:\/\/www.omnium.cat\/ca\/#\/schema\/person\/4de75722eb8af50306e6b39ab45dc7f1"},"headline":"\u00d2mnium Maresme celebrem la nostra Assemblea General Ordin\u00e0ria i renovem part de la nostra junta directiva","datePublished":"2024-02-02T16:39:45+00:00","dateModified":"2024-02-02T16:39:49+00:00","mainEntityOfPage":{"@id":"https:\/\/www.omnium.cat\/ca\/omnium-maresme-celebrem-la-nostra-assemblea-general-ordinaria-i-renovem-part-de-la-nostra-junta-directiva\/"},"wordCount":206,"publisher":{"@id":"https:\/\/www.omnium.cat\/ca\/#organization"},"image":{"@id":"https:\/\/www.omnium.cat\/ca\/omnium-maresme-celebrem-la-nostra-assemblea-general-ordinaria-i-renovem-part-de-la-nostra-junta-directiva\/#primaryimage"},"thumbnailUrl":"https:\/\/cdn.omnium.cat\/wp-content\/uploads\/2024\/02\/02173913\/photo_2024-01-24_23-12-07.jpg","articleSection":["Uncategorized @oc"],"inLanguage":"ca"},{"@type":"WebPage","@id":"https:\/\/www.omnium.cat\/ca\/omnium-maresme-celebrem-la-nostra-assemblea-general-ordinaria-i-renovem-part-de-la-nostra-junta-directiva\/","url":"https:\/\/www.omnium.cat\/ca\/omnium-maresme-celebrem-la-nostra-assemblea-general-ordinaria-i-renovem-part-de-la-nostra-junta-directiva\/","name":"\u00d2mnium Maresme celebrem la nostra Assemblea General Ordin\u00e0ria i renovem part de la nostra junta directiva - \u00d2mnium Cultural","isPartOf":{"@id":"https:\/\/www.omnium.cat\/ca\/#website"},"primaryImageOfPage":{"@id":"https:\/\/www.omnium.cat\/ca\/omnium-maresme-celebrem-la-nostra-assemblea-general-ordinaria-i-renovem-part-de-la-nostra-junta-directiva\/#primaryimage"},"image":{"@id":"https:\/\/www.omnium.cat\/ca\/omnium-maresme-celebrem-la-nostra-assemblea-general-ordinaria-i-renovem-part-de-la-nostra-junta-directiva\/#primaryimage"},"thumbnailUrl":"https:\/\/cdn.omnium.cat\/wp-content\/uploads\/2024\/02\/02173913\/photo_2024-01-24_23-12-07.jpg","datePublished":"2024-02-02T16:39:45+00:00","dateModified":"2024-02-02T16:39:49+00:00","breadcrumb":{"@id":"https:\/\/www.omnium.cat\/ca\/omnium-maresme-celebrem-la-nostra-assemblea-general-ordinaria-i-renovem-part-de-la-nostra-junta-directiva\/#breadcrumb"},"inLanguage":"ca","potentialAction":[{"@type":"ReadAction","target":["https:\/\/www.omnium.cat\/ca\/omnium-maresme-celebrem-la-nostra-assemblea-general-ordinaria-i-renovem-part-de-la-nostra-junta-directiva\/"]}]},{"@type":"ImageObject","inLanguage":"ca","@id":"https:\/\/www.omnium.cat\/ca\/omnium-maresme-celebrem-la-nostra-assemblea-general-ordinaria-i-renovem-part-de-la-nostra-junta-directiva\/#primaryimage","url":"https:\/\/cdn.omnium.cat\/wp-content\/uploads\/2024\/02\/02173913\/photo_2024-01-24_23-12-07.jpg","contentUrl":"https:\/\/cdn.omnium.cat\/wp-content\/uploads\/2024\/02\/02173913\/photo_2024-01-24_23-12-07.jpg","width":1280,"height":960},{"@type":"BreadcrumbList","@id":"https:\/\/www.omnium.cat\/ca\/omnium-maresme-celebrem-la-nostra-assemblea-general-ordinaria-i-renovem-part-de-la-nostra-junta-directiva\/#breadcrumb","itemListElement":[{"@type":"ListItem","position":1,"name":"Inici","item":"https:\/\/www.omnium.cat\/ca\/"},{"@type":"ListItem","position":2,"name":"\u00d2mnium Maresme celebrem la nostra Assemblea General Ordin\u00e0ria i renovem part de la nostra junta directiva"}]},{"@type":"WebSite","@id":"https:\/\/www.omnium.cat\/ca\/#website","url":"https:\/\/www.omnium.cat\/ca\/","name":"\u00d2mnium Cultural","description":"Llengua Cultura Pa\u00eds","publisher":{"@id":"https:\/\/www.omnium.cat\/ca\/#organization"},"potentialAction":[{"@type":"SearchAction","target":{"@type":"EntryPoint","urlTemplate":"https:\/\/www.omnium.cat\/ca\/?s={search_term_string}"},"query-input":{"@type":"PropertyValueSpecification","valueRequired":true,"valueName":"search_term_string"}}],"inLanguage":"ca"},{"@type":"Organization","@id":"https:\/\/www.omnium.cat\/ca\/#organization","name":"\u00d2mnium Cultural","url":"https:\/\/www.omnium.cat\/ca\/","logo":{"@type":"ImageObject","inLanguage":"ca","@id":"https:\/\/www.omnium.cat\/ca\/#\/schema\/logo\/image\/","url":"https:\/\/cdn.omnium.cat\/wp-content\/uploads\/2019\/06\/01112517\/cropped-omnium_logo-1.png","contentUrl":"https:\/\/cdn.omnium.cat\/wp-content\/uploads\/2019\/06\/01112517\/cropped-omnium_logo-1.png","width":1213,"height":262,"caption":"\u00d2mnium Cultural"},"image":{"@id":"https:\/\/www.omnium.cat\/ca\/#\/schema\/logo\/image\/"},"sameAs":["https:\/\/www.facebook.com\/omniumcultural","https:\/\/x.com\/omnium","https:\/\/www.instagram.com\/omniumcultural\/","https:\/\/www.youtube.com\/user\/omniumcultural"]},{"@type":"Person","@id":"https:\/\/www.omnium.cat\/ca\/#\/schema\/person\/4de75722eb8af50306e6b39ab45dc7f1","name":"Carles Porta","image":{"@type":"ImageObject","inLanguage":"ca","@id":"https:\/\/secure.gravatar.com\/avatar\/308bed24de2577c6193f94e5cc51cde7a0c5992498998998ff4f665db923d04d?s=96&d=mm&r=g","url":"https:\/\/secure.gravatar.com\/avatar\/308bed24de2577c6193f94e5cc51cde7a0c5992498998998ff4f665db923d04d?s=96&d=mm&r=g","contentUrl":"https:\/\/secure.gravatar.com\/avatar\/308bed24de2577c6193f94e5cc51cde7a0c5992498998998ff4f665db923d04d?s=96&d=mm&r=g","caption":"Carles Porta"}}]}},"_links":{"self":[{"href":"https:\/\/www.omnium.cat\/ca\/wp-json\/wp\/v2\/posts\/398450","targetHints":{"allow":["GET"]}}],"collection":[{"href":"https:\/\/www.omnium.cat\/ca\/wp-json\/wp\/v2\/posts"}],"about":[{"href":"https:\/\/www.omnium.cat\/ca\/wp-json\/wp\/v2\/types\/post"}],"author":[{"embeddable":true,"href":"https:\/\/www.omnium.cat\/ca\/wp-json\/wp\/v2\/users\/268"}],"replies":[{"embeddable":true,"href":"https:\/\/www.omnium.cat\/ca\/wp-json\/wp\/v2\/comments?post=398450"}],"version-history":[{"count":1,"href":"https:\/\/www.omnium.cat\/ca\/wp-json\/wp\/v2\/posts\/398450\/revisions"}],"predecessor-version":[{"id":398456,"href":"https:\/\/www.omnium.cat\/ca\/wp-json\/wp\/v2\/posts\/398450\/revisions\/398456"}],"wp:featuredmedia":[{"embeddable":true,"href":"https:\/\/www.omnium.cat\/ca\/wp-json\/wp\/v2\/media\/398451"}],"wp:attachment":[{"href":"https:\/\/www.omnium.cat\/ca\/wp-json\/wp\/v2\/media?parent=398450"}],"wp:term":[{"taxonomy":"category","embeddable":true,"href":"https:\/\/www.omnium.cat\/ca\/wp-json\/wp\/v2\/categories?post=398450"},{"taxonomy":"post_tag","embeddable":true,"href":"https:\/\/www.omnium.cat\/ca\/wp-json\/wp\/v2\/tags?post=398450"},{"taxonomy":"post_headquarter","embeddable":true,"href":"https:\/\/www.omnium.cat\/ca\/wp-json\/wp\/v2\/post_headquarter?post=398450"},{"taxonomy":"post_project","embeddable":true,"href":"https:\/\/www.omnium.cat\/ca\/wp-json\/wp\/v2\/post_project?post=398450"}],"curies":[{"name":"wp","href":"https:\/\/api.w.org\/{rel}","templated":true}]}}