{"id":398551,"date":"2024-02-05T16:47:50","date_gmt":"2024-02-05T15:47:50","guid":{"rendered":"https:\/\/www.omnium.cat\/?p=398551"},"modified":"2024-02-05T16:51:30","modified_gmt":"2024-02-05T15:51:30","slug":"omnium-conca-de-barbera-i-la-baixa-segarra-celebra-la-seva-assemblea-general-ordinaria","status":"publish","type":"post","link":"https:\/\/www.omnium.cat\/ca\/omnium-conca-de-barbera-i-la-baixa-segarra-celebra-la-seva-assemblea-general-ordinaria\/","title":{"rendered":"\u00d2mnium Conca de Barber\u00e0 i la Baixa Segarra celebra la seva Assemblea General Ordin\u00e0ria"},"content":{"rendered":"\n<p>\u00d2mnium Conca de Barber\u00e0 ha celebrat, aquest passat dissabte 3 de febrer, l\u2019Assemblea General Ordin\u00e0ria. Com \u00e9s habitual, cada principi d\u2019any, l\u2019entitat presenta el pressupost i el pla de treball per al 2024.\u00a0<\/p>\n<p><strong>Els socis i s\u00f2cies han renovat la meitat dels c\u00e0rrec de la junta territorial<\/strong>, on \u00c0ngels Planes ha assumit la vicepresid\u00e8ncia i \u00c0lex Rebollo la secretaria. Laia Torres, Ester Angl\u00e8s, Diego Molina i Fina Borr\u00e0s han assumit els c\u00e0rrecs de les vocalies senars.\u00a0<\/p>\n<p>L&#8217;assemblea tamb\u00e9 ha servit per <strong>aprovar per unanimitat el Pla de treball i Pressupost per al 2024<\/strong>, on destaca la continu\u00eftat de projectes locals ja consolidats com el Xerrad[i]s, la Diada d&#8217;\u00d2mnium Conca de Barber\u00e0, Remors o el VOC a la fresca. I tamb\u00e9 projectes d&#8217;\u00d2mnium Cultural amb un \u00e0mbit d&#8217;actuaci\u00f3 Nacional com el Vincles, el Sambori o les (Re)voltes.<\/p>\n<p>A l&#8217;inici de l&#8217;Assemblea, la presidenta N\u00faria Griso, a fet un rep\u00e0s a totes les activitats fetes per la seu territorial durant l&#8217;any anterior. Podeu consultar en aquest enlla\u00e7 la <a href=\"https:\/\/cdn.omnium.cat\/wp-content\/uploads\/2024\/02\/05164610\/Resum-de-campanyes-i-accions_Omnium-Cultural_2023.pdf\">Mem\u00f2ria d&#8217;activitats 2023<\/a>.\u00a0<\/p>\n<p>Per cloure l\u2019Assemblea, Rosa Oliv\u00e9, membre de la Junta Directiva de l\u2019entitat ha exposat les l\u00ednies de treball i els objectius que es planteja \u00d2mnium Cultural, destacant la import\u00e0ncia del desplegament al territori: \u201cm\u00e9s de 50 seus treballant dia a dia per la cultura, la cohesi\u00f3 social, la llengua i el pa\u00eds que mantenen el moviment viu i rellevant, vetllant perqu\u00e8 l\u2019Amnistia es compleixi i vertebrant la societat civil per poder culminar i continuar liderant el moviment per a la reconstrucci\u00f3 nacional.\u00a0<\/p>\n","protected":false},"excerpt":{"rendered":"<p>\u00d2mnium Conca de Barber\u00e0 ha celebrat, aquest passat dissabte 3 de febrer, l\u2019Assemblea General Ordin\u00e0ria. Com \u00e9s habitual, cada principi d\u2019any, l\u2019entitat presenta el pressupost i el pla de treball [&hellip;]<\/p>\n","protected":false},"author":189,"featured_media":398560,"comment_status":"closed","ping_status":"open","sticky":false,"template":"","format":"standard","meta":{"_acf_changed":false,"footnotes":""},"categories":[1],"tags":[],"post_headquarter":[4407],"post_project":[1785],"class_list":["post-398551","post","type-post","status-publish","format-standard","has-post-thumbnail","hentry","category-uncategorized-ca","post_headquarter-conca-de-barbera","post_project-la-llanca-de-sant-jordi-2014"],"acf":[],"yoast_head":"<!-- This site is optimized with the Yoast SEO plugin v27.2 - https:\/\/yoast.com\/product\/yoast-seo-wordpress\/ -->\n<title>\u00d2mnium Conca de Barber\u00e0 i la Baixa Segarra celebra la seva Assemblea General Ordin\u00e0ria - \u00d2mnium Cultural<\/title>\n<meta name=\"robots\" content=\"index, follow, max-snippet:-1, max-image-preview:large, max-video-preview:-1\" \/>\n<link rel=\"canonical\" href=\"https:\/\/www.omnium.cat\/ca\/omnium-conca-de-barbera-i-la-baixa-segarra-celebra-la-seva-assemblea-general-ordinaria\/\" \/>\n<meta name=\"twitter:label1\" content=\"Escrit per\" \/>\n\t<meta name=\"twitter:data1\" content=\"dgros\" \/>\n\t<meta name=\"twitter:label2\" content=\"Temps estimat de lectura\" \/>\n\t<meta name=\"twitter:data2\" content=\"2 minuts\" \/>\n<script type=\"application\/ld+json\" class=\"yoast-schema-graph\">{\"@context\":\"https:\/\/schema.org\",\"@graph\":[{\"@type\":\"Article\",\"@id\":\"https:\/\/www.omnium.cat\/ca\/omnium-conca-de-barbera-i-la-baixa-segarra-celebra-la-seva-assemblea-general-ordinaria\/#article\",\"isPartOf\":{\"@id\":\"https:\/\/www.omnium.cat\/ca\/omnium-conca-de-barbera-i-la-baixa-segarra-celebra-la-seva-assemblea-general-ordinaria\/\"},\"author\":{\"name\":\"dgros\",\"@id\":\"https:\/\/www.omnium.cat\/ca\/#\/schema\/person\/6ec3c23641bd580acbc4aa22c206ab66\"},\"headline\":\"\u00d2mnium Conca de Barber\u00e0 i la Baixa Segarra celebra la seva Assemblea General Ordin\u00e0ria\",\"datePublished\":\"2024-02-05T15:47:50+00:00\",\"dateModified\":\"2024-02-05T15:51:30+00:00\",\"mainEntityOfPage\":{\"@id\":\"https:\/\/www.omnium.cat\/ca\/omnium-conca-de-barbera-i-la-baixa-segarra-celebra-la-seva-assemblea-general-ordinaria\/\"},\"wordCount\":293,\"publisher\":{\"@id\":\"https:\/\/www.omnium.cat\/ca\/#organization\"},\"image\":{\"@id\":\"https:\/\/www.omnium.cat\/ca\/omnium-conca-de-barbera-i-la-baixa-segarra-celebra-la-seva-assemblea-general-ordinaria\/#primaryimage\"},\"thumbnailUrl\":\"https:\/\/cdn.omnium.cat\/wp-content\/uploads\/2024\/02\/05164810\/GFab2n8WgAAnciN.jpeg\",\"articleSection\":[\"Uncategorized @oc\"],\"inLanguage\":\"ca\"},{\"@type\":\"WebPage\",\"@id\":\"https:\/\/www.omnium.cat\/ca\/omnium-conca-de-barbera-i-la-baixa-segarra-celebra-la-seva-assemblea-general-ordinaria\/\",\"url\":\"https:\/\/www.omnium.cat\/ca\/omnium-conca-de-barbera-i-la-baixa-segarra-celebra-la-seva-assemblea-general-ordinaria\/\",\"name\":\"\u00d2mnium Conca de Barber\u00e0 i la Baixa Segarra celebra la seva Assemblea General Ordin\u00e0ria - \u00d2mnium Cultural\",\"isPartOf\":{\"@id\":\"https:\/\/www.omnium.cat\/ca\/#website\"},\"primaryImageOfPage\":{\"@id\":\"https:\/\/www.omnium.cat\/ca\/omnium-conca-de-barbera-i-la-baixa-segarra-celebra-la-seva-assemblea-general-ordinaria\/#primaryimage\"},\"image\":{\"@id\":\"https:\/\/www.omnium.cat\/ca\/omnium-conca-de-barbera-i-la-baixa-segarra-celebra-la-seva-assemblea-general-ordinaria\/#primaryimage\"},\"thumbnailUrl\":\"https:\/\/cdn.omnium.cat\/wp-content\/uploads\/2024\/02\/05164810\/GFab2n8WgAAnciN.jpeg\",\"datePublished\":\"2024-02-05T15:47:50+00:00\",\"dateModified\":\"2024-02-05T15:51:30+00:00\",\"breadcrumb\":{\"@id\":\"https:\/\/www.omnium.cat\/ca\/omnium-conca-de-barbera-i-la-baixa-segarra-celebra-la-seva-assemblea-general-ordinaria\/#breadcrumb\"},\"inLanguage\":\"ca\",\"potentialAction\":[{\"@type\":\"ReadAction\",\"target\":[\"https:\/\/www.omnium.cat\/ca\/omnium-conca-de-barbera-i-la-baixa-segarra-celebra-la-seva-assemblea-general-ordinaria\/\"]}]},{\"@type\":\"ImageObject\",\"inLanguage\":\"ca\",\"@id\":\"https:\/\/www.omnium.cat\/ca\/omnium-conca-de-barbera-i-la-baixa-segarra-celebra-la-seva-assemblea-general-ordinaria\/#primaryimage\",\"url\":\"https:\/\/cdn.omnium.cat\/wp-content\/uploads\/2024\/02\/05164810\/GFab2n8WgAAnciN.jpeg\",\"contentUrl\":\"https:\/\/cdn.omnium.cat\/wp-content\/uploads\/2024\/02\/05164810\/GFab2n8WgAAnciN.jpeg\",\"width\":2048,\"height\":1536},{\"@type\":\"BreadcrumbList\",\"@id\":\"https:\/\/www.omnium.cat\/ca\/omnium-conca-de-barbera-i-la-baixa-segarra-celebra-la-seva-assemblea-general-ordinaria\/#breadcrumb\",\"itemListElement\":[{\"@type\":\"ListItem\",\"position\":1,\"name\":\"Inici\",\"item\":\"https:\/\/www.omnium.cat\/ca\/\"},{\"@type\":\"ListItem\",\"position\":2,\"name\":\"\u00d2mnium Conca de Barber\u00e0 i la Baixa Segarra celebra la seva Assemblea General Ordin\u00e0ria\"}]},{\"@type\":\"WebSite\",\"@id\":\"https:\/\/www.omnium.cat\/ca\/#website\",\"url\":\"https:\/\/www.omnium.cat\/ca\/\",\"name\":\"\u00d2mnium Cultural\",\"description\":\"Llengua Cultura Pa\u00eds\",\"publisher\":{\"@id\":\"https:\/\/www.omnium.cat\/ca\/#organization\"},\"potentialAction\":[{\"@type\":\"SearchAction\",\"target\":{\"@type\":\"EntryPoint\",\"urlTemplate\":\"https:\/\/www.omnium.cat\/ca\/?s={search_term_string}\"},\"query-input\":{\"@type\":\"PropertyValueSpecification\",\"valueRequired\":true,\"valueName\":\"search_term_string\"}}],\"inLanguage\":\"ca\"},{\"@type\":\"Organization\",\"@id\":\"https:\/\/www.omnium.cat\/ca\/#organization\",\"name\":\"\u00d2mnium Cultural\",\"url\":\"https:\/\/www.omnium.cat\/ca\/\",\"logo\":{\"@type\":\"ImageObject\",\"inLanguage\":\"ca\",\"@id\":\"https:\/\/www.omnium.cat\/ca\/#\/schema\/logo\/image\/\",\"url\":\"https:\/\/cdn.omnium.cat\/wp-content\/uploads\/2019\/06\/01112517\/cropped-omnium_logo-1.png\",\"contentUrl\":\"https:\/\/cdn.omnium.cat\/wp-content\/uploads\/2019\/06\/01112517\/cropped-omnium_logo-1.png\",\"width\":1213,\"height\":262,\"caption\":\"\u00d2mnium Cultural\"},\"image\":{\"@id\":\"https:\/\/www.omnium.cat\/ca\/#\/schema\/logo\/image\/\"},\"sameAs\":[\"https:\/\/www.facebook.com\/omniumcultural\",\"https:\/\/x.com\/omnium\",\"https:\/\/www.instagram.com\/omniumcultural\/\",\"https:\/\/www.youtube.com\/user\/omniumcultural\"]},{\"@type\":\"Person\",\"@id\":\"https:\/\/www.omnium.cat\/ca\/#\/schema\/person\/6ec3c23641bd580acbc4aa22c206ab66\",\"name\":\"dgros\",\"image\":{\"@type\":\"ImageObject\",\"inLanguage\":\"ca\",\"@id\":\"https:\/\/secure.gravatar.com\/avatar\/e345b18a385bb17c67021d5aaadabec9237940d520cb03ca98e3bc61e2a7494f?s=96&d=mm&r=g\",\"url\":\"https:\/\/secure.gravatar.com\/avatar\/e345b18a385bb17c67021d5aaadabec9237940d520cb03ca98e3bc61e2a7494f?s=96&d=mm&r=g\",\"contentUrl\":\"https:\/\/secure.gravatar.com\/avatar\/e345b18a385bb17c67021d5aaadabec9237940d520cb03ca98e3bc61e2a7494f?s=96&d=mm&r=g\",\"caption\":\"dgros\"}}]}<\/script>\n<!-- \/ Yoast SEO plugin. -->","yoast_head_json":{"title":"\u00d2mnium Conca de Barber\u00e0 i la Baixa Segarra celebra la seva Assemblea General Ordin\u00e0ria - \u00d2mnium Cultural","robots":{"index":"index","follow":"follow","max-snippet":"max-snippet:-1","max-image-preview":"max-image-preview:large","max-video-preview":"max-video-preview:-1"},"canonical":"https:\/\/www.omnium.cat\/ca\/omnium-conca-de-barbera-i-la-baixa-segarra-celebra-la-seva-assemblea-general-ordinaria\/","twitter_misc":{"Escrit per":"dgros","Temps estimat de lectura":"2 minuts"},"schema":{"@context":"https:\/\/schema.org","@graph":[{"@type":"Article","@id":"https:\/\/www.omnium.cat\/ca\/omnium-conca-de-barbera-i-la-baixa-segarra-celebra-la-seva-assemblea-general-ordinaria\/#article","isPartOf":{"@id":"https:\/\/www.omnium.cat\/ca\/omnium-conca-de-barbera-i-la-baixa-segarra-celebra-la-seva-assemblea-general-ordinaria\/"},"author":{"name":"dgros","@id":"https:\/\/www.omnium.cat\/ca\/#\/schema\/person\/6ec3c23641bd580acbc4aa22c206ab66"},"headline":"\u00d2mnium Conca de Barber\u00e0 i la Baixa Segarra celebra la seva Assemblea General Ordin\u00e0ria","datePublished":"2024-02-05T15:47:50+00:00","dateModified":"2024-02-05T15:51:30+00:00","mainEntityOfPage":{"@id":"https:\/\/www.omnium.cat\/ca\/omnium-conca-de-barbera-i-la-baixa-segarra-celebra-la-seva-assemblea-general-ordinaria\/"},"wordCount":293,"publisher":{"@id":"https:\/\/www.omnium.cat\/ca\/#organization"},"image":{"@id":"https:\/\/www.omnium.cat\/ca\/omnium-conca-de-barbera-i-la-baixa-segarra-celebra-la-seva-assemblea-general-ordinaria\/#primaryimage"},"thumbnailUrl":"https:\/\/cdn.omnium.cat\/wp-content\/uploads\/2024\/02\/05164810\/GFab2n8WgAAnciN.jpeg","articleSection":["Uncategorized @oc"],"inLanguage":"ca"},{"@type":"WebPage","@id":"https:\/\/www.omnium.cat\/ca\/omnium-conca-de-barbera-i-la-baixa-segarra-celebra-la-seva-assemblea-general-ordinaria\/","url":"https:\/\/www.omnium.cat\/ca\/omnium-conca-de-barbera-i-la-baixa-segarra-celebra-la-seva-assemblea-general-ordinaria\/","name":"\u00d2mnium Conca de Barber\u00e0 i la Baixa Segarra celebra la seva Assemblea General Ordin\u00e0ria - \u00d2mnium Cultural","isPartOf":{"@id":"https:\/\/www.omnium.cat\/ca\/#website"},"primaryImageOfPage":{"@id":"https:\/\/www.omnium.cat\/ca\/omnium-conca-de-barbera-i-la-baixa-segarra-celebra-la-seva-assemblea-general-ordinaria\/#primaryimage"},"image":{"@id":"https:\/\/www.omnium.cat\/ca\/omnium-conca-de-barbera-i-la-baixa-segarra-celebra-la-seva-assemblea-general-ordinaria\/#primaryimage"},"thumbnailUrl":"https:\/\/cdn.omnium.cat\/wp-content\/uploads\/2024\/02\/05164810\/GFab2n8WgAAnciN.jpeg","datePublished":"2024-02-05T15:47:50+00:00","dateModified":"2024-02-05T15:51:30+00:00","breadcrumb":{"@id":"https:\/\/www.omnium.cat\/ca\/omnium-conca-de-barbera-i-la-baixa-segarra-celebra-la-seva-assemblea-general-ordinaria\/#breadcrumb"},"inLanguage":"ca","potentialAction":[{"@type":"ReadAction","target":["https:\/\/www.omnium.cat\/ca\/omnium-conca-de-barbera-i-la-baixa-segarra-celebra-la-seva-assemblea-general-ordinaria\/"]}]},{"@type":"ImageObject","inLanguage":"ca","@id":"https:\/\/www.omnium.cat\/ca\/omnium-conca-de-barbera-i-la-baixa-segarra-celebra-la-seva-assemblea-general-ordinaria\/#primaryimage","url":"https:\/\/cdn.omnium.cat\/wp-content\/uploads\/2024\/02\/05164810\/GFab2n8WgAAnciN.jpeg","contentUrl":"https:\/\/cdn.omnium.cat\/wp-content\/uploads\/2024\/02\/05164810\/GFab2n8WgAAnciN.jpeg","width":2048,"height":1536},{"@type":"BreadcrumbList","@id":"https:\/\/www.omnium.cat\/ca\/omnium-conca-de-barbera-i-la-baixa-segarra-celebra-la-seva-assemblea-general-ordinaria\/#breadcrumb","itemListElement":[{"@type":"ListItem","position":1,"name":"Inici","item":"https:\/\/www.omnium.cat\/ca\/"},{"@type":"ListItem","position":2,"name":"\u00d2mnium Conca de Barber\u00e0 i la Baixa Segarra celebra la seva Assemblea General Ordin\u00e0ria"}]},{"@type":"WebSite","@id":"https:\/\/www.omnium.cat\/ca\/#website","url":"https:\/\/www.omnium.cat\/ca\/","name":"\u00d2mnium Cultural","description":"Llengua Cultura Pa\u00eds","publisher":{"@id":"https:\/\/www.omnium.cat\/ca\/#organization"},"potentialAction":[{"@type":"SearchAction","target":{"@type":"EntryPoint","urlTemplate":"https:\/\/www.omnium.cat\/ca\/?s={search_term_string}"},"query-input":{"@type":"PropertyValueSpecification","valueRequired":true,"valueName":"search_term_string"}}],"inLanguage":"ca"},{"@type":"Organization","@id":"https:\/\/www.omnium.cat\/ca\/#organization","name":"\u00d2mnium Cultural","url":"https:\/\/www.omnium.cat\/ca\/","logo":{"@type":"ImageObject","inLanguage":"ca","@id":"https:\/\/www.omnium.cat\/ca\/#\/schema\/logo\/image\/","url":"https:\/\/cdn.omnium.cat\/wp-content\/uploads\/2019\/06\/01112517\/cropped-omnium_logo-1.png","contentUrl":"https:\/\/cdn.omnium.cat\/wp-content\/uploads\/2019\/06\/01112517\/cropped-omnium_logo-1.png","width":1213,"height":262,"caption":"\u00d2mnium Cultural"},"image":{"@id":"https:\/\/www.omnium.cat\/ca\/#\/schema\/logo\/image\/"},"sameAs":["https:\/\/www.facebook.com\/omniumcultural","https:\/\/x.com\/omnium","https:\/\/www.instagram.com\/omniumcultural\/","https:\/\/www.youtube.com\/user\/omniumcultural"]},{"@type":"Person","@id":"https:\/\/www.omnium.cat\/ca\/#\/schema\/person\/6ec3c23641bd580acbc4aa22c206ab66","name":"dgros","image":{"@type":"ImageObject","inLanguage":"ca","@id":"https:\/\/secure.gravatar.com\/avatar\/e345b18a385bb17c67021d5aaadabec9237940d520cb03ca98e3bc61e2a7494f?s=96&d=mm&r=g","url":"https:\/\/secure.gravatar.com\/avatar\/e345b18a385bb17c67021d5aaadabec9237940d520cb03ca98e3bc61e2a7494f?s=96&d=mm&r=g","contentUrl":"https:\/\/secure.gravatar.com\/avatar\/e345b18a385bb17c67021d5aaadabec9237940d520cb03ca98e3bc61e2a7494f?s=96&d=mm&r=g","caption":"dgros"}}]}},"_links":{"self":[{"href":"https:\/\/www.omnium.cat\/ca\/wp-json\/wp\/v2\/posts\/398551","targetHints":{"allow":["GET"]}}],"collection":[{"href":"https:\/\/www.omnium.cat\/ca\/wp-json\/wp\/v2\/posts"}],"about":[{"href":"https:\/\/www.omnium.cat\/ca\/wp-json\/wp\/v2\/types\/post"}],"author":[{"embeddable":true,"href":"https:\/\/www.omnium.cat\/ca\/wp-json\/wp\/v2\/users\/189"}],"replies":[{"embeddable":true,"href":"https:\/\/www.omnium.cat\/ca\/wp-json\/wp\/v2\/comments?post=398551"}],"version-history":[{"count":1,"href":"https:\/\/www.omnium.cat\/ca\/wp-json\/wp\/v2\/posts\/398551\/revisions"}],"predecessor-version":[{"id":398559,"href":"https:\/\/www.omnium.cat\/ca\/wp-json\/wp\/v2\/posts\/398551\/revisions\/398559"}],"wp:featuredmedia":[{"embeddable":true,"href":"https:\/\/www.omnium.cat\/ca\/wp-json\/wp\/v2\/media\/398560"}],"wp:attachment":[{"href":"https:\/\/www.omnium.cat\/ca\/wp-json\/wp\/v2\/media?parent=398551"}],"wp:term":[{"taxonomy":"category","embeddable":true,"href":"https:\/\/www.omnium.cat\/ca\/wp-json\/wp\/v2\/categories?post=398551"},{"taxonomy":"post_tag","embeddable":true,"href":"https:\/\/www.omnium.cat\/ca\/wp-json\/wp\/v2\/tags?post=398551"},{"taxonomy":"post_headquarter","embeddable":true,"href":"https:\/\/www.omnium.cat\/ca\/wp-json\/wp\/v2\/post_headquarter?post=398551"},{"taxonomy":"post_project","embeddable":true,"href":"https:\/\/www.omnium.cat\/ca\/wp-json\/wp\/v2\/post_project?post=398551"}],"curies":[{"name":"wp","href":"https:\/\/api.w.org\/{rel}","templated":true}]}}