{"id":398613,"date":"2024-02-06T08:42:30","date_gmt":"2024-02-06T07:42:30","guid":{"rendered":"https:\/\/www.omnium.cat\/?p=398613"},"modified":"2024-02-13T20:24:25","modified_gmt":"2024-02-13T19:24:25","slug":"es-constitueix-omnium-les-garrigues","status":"publish","type":"post","link":"https:\/\/www.omnium.cat\/ca\/es-constitueix-omnium-les-garrigues\/","title":{"rendered":"Es constitueix \u00d2mnium les Garrigues"},"content":{"rendered":"\n<h4>Emili Farr\u00e9 encap\u00e7alar\u00e0 aquesta nova junta d\u2019\u00d2mnium<\/h4>\n<p style=\"text-align: justify\"><a href=\"https:\/\/www.omnium.cat\/ca\/seus\/les-garrigues\/actualitat-les-garrigues\/\"><strong>\u00d2mnium les Garrigues<\/strong><\/a> va celebrar l\u2019<strong>Assemblea Constituent<\/strong> aquest diumenge, 28 de gener de 2024 a l\u2019acabat d\u2019inaugurar Arxiu Comarcal de <strong>les Borges Blanques<\/strong>. L\u2019aval de la totalitat dels socis que van assistir-hi va permetre <strong>donar la benvinguda a la nova junta<\/strong> que ja podr\u00e0 tirar endavant les seves activitats.<\/p>\n<p>Aix\u00ed doncs, la Junta ha quedat formada per les seg\u00fcents persones: la presid\u00e8ncia, <strong>Emili Farr\u00e9<\/strong>; la vicepresid\u00e8ncia, <strong>\u00c0ngel Sed\u00f3<\/strong>; la tresoreria: <strong>Neus Chillon<\/strong>; secretaria, <strong>Francesc<\/strong> <strong>Guasch<\/strong>; i vocalies: <strong>Eug\u00e8nia Mart\u00ed<\/strong> i <strong>Ariadna Salla<\/strong>. &nbsp;<\/p>\n<p style=\"text-align: justify\">Durant l\u2019Assemblea es va presentar el <strong>Pla de Treball i Pressupost per al 2024<\/strong> que consta de diverses activitats i projectes pensats per a tota la comarca sobre els eixos de treball de l\u2019entitat: llengua, cultura, pa\u00eds i cohesi\u00f3 social. En destaquen la <strong>programaci\u00f3 del <a href=\"https:\/\/www.omnium.cat\/ca\/projectes\/voc\/\">VOC<\/a> &#8211; Festival \u00d2mnium de Curtmetratges <\/strong>a les Borges Blanques, la continuaci\u00f3 del <strong><a href=\"https:\/\/cinexic.cat\/\">Cinexic<\/a> (cinema infantil en catal\u00e0)<\/strong> a <strong>Arbeca<\/strong> i la incorporaci\u00f3 de les Borges Blanques. S\u2019est\u00e0 treballant amb la implantaci\u00f3 de nous projectes com el <a href=\"https:\/\/sambori.omnium.cat\/\"><strong>Sambori<\/strong><\/a> d\u2019\u00e0mbit escolar o el <a href=\"https:\/\/www.omnium.cat\/ca\/projectes\/vincles\/\"><strong>Vincles<\/strong><\/a>, per tal de crear espais de confian\u00e7a on nous parlants del catal\u00e0 puguin practicar la llengua. Sumant als projectes de llengua, es treballar\u00e0 tamb\u00e9 la campanya \u201c<a href=\"https:\/\/esportencatala.cat\/\"><strong>L\u2019esport treu la llengua<\/strong><\/a>\u201d amb entitats i clubs, per tal de <strong>consolidar l\u2019\u00fas del catal\u00e0 entre els m\u00e9s joves<\/strong>. Es donar\u00e0 continu\u00eftat a la <a href=\"https:\/\/www.omnium.cat\/ca\/projectes\/flama-canigo\/\">Flama del Canig\u00f3<\/a>, amb la voluntat d\u2019implicar-hi tota la comarca o a la ja tradicional Marxa de torxes que es va comen\u00e7ar el 2012.<\/p>\n<p style=\"text-align: justify\">La principal voluntat de la nova junta \u00e9s <strong>enxarxar-se amb tots els col\u00b7lectius i entitats existents<\/strong> per continuar col\u00b7laborant i oferint suport en aquelles activitats que persegueixin els objectius compartits.<\/p>\n<p><strong>\u00abL\u2019amnistia \u00e9s una autoesmena de l\u2019Estat\u00bb<\/strong><\/p>\n<p style=\"text-align: justify\">A la part final de l\u2019acte va prendre la paraula Rosa Oliv\u00e9, membre de la junta directiva nacional d\u2019\u00d2mnium, que va voler real\u00e7ar l\u2019amnistia com un triomf del moviment independentista, que ha obligat l\u2019estat a recon\u00e8ixer que tot el que es va fer durant el proc\u00e9s no va ser delicte sin\u00f3 l\u2019exercici de drets fonamentals. Oliv\u00e9 va alertar, per\u00f2, que la tasca que s\u2019obre en aquest nou cicle pol\u00edtic ha de ser \u00abla d\u2019encetar el cam\u00ed per passar de l\u2019amnistia a l\u2019autodeterminaci\u00f3\u00bb. En aquest sentit, assenyala que la tasca d\u2019\u00d2mnium per assolir aquest objectiu \u00e9s \u00abcontinuar treballant per reconstruir el moviment, vertebrant la societat civil i liderar la reconstrucci\u00f3 nacional\u00bb.<\/p>\n<p style=\"text-align: justify\"><strong>Xavier Antich: \u201cNo alimentarem el populisme, no alimentarem l\u2019antipol\u00edtica i no alimentarem l\u2019extrema dreta\u201d<\/strong><\/p>\n<p style=\"text-align: justify\">La cloenda de l\u2019acte va anar a c\u00e0rrec de Xavier Antich, president d\u2019\u00d2mnium Cultural, que va donar la benvinguda a la nova seu, sumant-se a la cinquantena que ja t\u00e9 l&#8217;entitat a Catalunya i les recents de l\u2019Alguer o Andorra.<\/p>\n<p style=\"text-align: justify\">De la mateixa manera, Antich va voler posar en valor el creixement d\u2019\u00d2mnium en els darrers anys, en qu\u00e8 s\u2019ha convertit en l\u2019entitat c\u00edvica i cultural m\u00e9s important d\u2019Europa.<\/p>\n<p style=\"text-align: justify\">D\u2019altra banda, Xavier Antich va voler subratllar que en el moment de desorientaci\u00f3 estrat\u00e8gica que viu el moviment independentista \u00ab\u00e9s m\u00e9s important que mai tenir una organitzaci\u00f3 potent, arrelada al territori i desplegada arreu dels Pa\u00efsos Catalans\u00bb que permeti a la societat civil organitzada liderar aquesta nova etapa \u00abd\u2019un pa\u00eds, un moviment i una entitat que ja no s\u00f3n els mateixos que l\u2019any 2017\u00bb. Per acabar, Xavier Antich va&nbsp;alertar que cal recuperar la for\u00e7a del moviment independentista i que avui el pa\u00eds t\u00e9 noves amenaces que tamb\u00e9 cal afrontar, com la de l\u2019extrema dreta, que posa en perill la cohesi\u00f3 i la conviv\u00e8ncia. En aquest sentit, Antich va reafirmar que \u00d2mnium plantar\u00e0 cara tant a l\u2019extrema dreta espanyolista com la catalanista afirmant que des d\u2019\u00d2mnium no es permetr\u00e0 cap complicitat amb aquells que alimentin l\u2019antipol\u00edtica i el populisme.<\/p>\n<div id='gallery-1' class='gallery galleryid-398613 gallery-columns-3 gallery-size-thumbnail'><figure class='gallery-item'>\n\t\t\t<div class='gallery-icon landscape'>\n\t\t\t\t<a href='https:\/\/www.omnium.cat\/ca\/es-constitueix-omnium-les-garrigues\/photo_2024-02-03_20-27-58\/'><img decoding=\"async\" width=\"150\" height=\"150\" src=\"https:\/\/cdn.omnium.cat\/wp-content\/uploads\/2024\/02\/06084146\/photo_2024-02-03_20-27-58-150x150.jpg\" class=\"attachment-thumbnail size-thumbnail\" alt=\"\" srcset=\"https:\/\/cdn.omnium.cat\/wp-content\/uploads\/2024\/02\/06084146\/photo_2024-02-03_20-27-58-150x150.jpg 150w, https:\/\/cdn.omnium.cat\/wp-content\/uploads\/2024\/02\/06084146\/photo_2024-02-03_20-27-58-371x371.jpg 371w, https:\/\/cdn.omnium.cat\/wp-content\/uploads\/2024\/02\/06084146\/photo_2024-02-03_20-27-58-300x300.jpg 300w\" sizes=\"(max-width: 150px) 100vw, 150px\" \/><\/a>\n\t\t\t<\/div><\/figure><figure class='gallery-item'>\n\t\t\t<div class='gallery-icon landscape'>\n\t\t\t\t<a href='https:\/\/www.omnium.cat\/ca\/es-constitueix-omnium-les-garrigues\/photo_2024-02-03_20-27-48\/'><img decoding=\"async\" width=\"150\" height=\"150\" src=\"https:\/\/cdn.omnium.cat\/wp-content\/uploads\/2024\/02\/06084152\/photo_2024-02-03_20-27-48-150x150.jpg\" class=\"attachment-thumbnail size-thumbnail\" alt=\"\" srcset=\"https:\/\/cdn.omnium.cat\/wp-content\/uploads\/2024\/02\/06084152\/photo_2024-02-03_20-27-48-150x150.jpg 150w, https:\/\/cdn.omnium.cat\/wp-content\/uploads\/2024\/02\/06084152\/photo_2024-02-03_20-27-48-371x371.jpg 371w, https:\/\/cdn.omnium.cat\/wp-content\/uploads\/2024\/02\/06084152\/photo_2024-02-03_20-27-48-300x300.jpg 300w\" sizes=\"(max-width: 150px) 100vw, 150px\" \/><\/a>\n\t\t\t<\/div><\/figure><figure class='gallery-item'>\n\t\t\t<div class='gallery-icon landscape'>\n\t\t\t\t<a href='https:\/\/www.omnium.cat\/ca\/es-constitueix-omnium-les-garrigues\/photo_2024-02-03_20-28-37\/'><img decoding=\"async\" width=\"150\" height=\"150\" src=\"https:\/\/cdn.omnium.cat\/wp-content\/uploads\/2024\/02\/06084200\/photo_2024-02-03_20-28-37-150x150.jpg\" class=\"attachment-thumbnail size-thumbnail\" alt=\"\" srcset=\"https:\/\/cdn.omnium.cat\/wp-content\/uploads\/2024\/02\/06084200\/photo_2024-02-03_20-28-37-150x150.jpg 150w, https:\/\/cdn.omnium.cat\/wp-content\/uploads\/2024\/02\/06084200\/photo_2024-02-03_20-28-37-371x371.jpg 371w, https:\/\/cdn.omnium.cat\/wp-content\/uploads\/2024\/02\/06084200\/photo_2024-02-03_20-28-37-300x300.jpg 300w\" sizes=\"(max-width: 150px) 100vw, 150px\" \/><\/a>\n\t\t\t<\/div><\/figure><figure class='gallery-item'>\n\t\t\t<div class='gallery-icon landscape'>\n\t\t\t\t<a href='https:\/\/www.omnium.cat\/ca\/es-constitueix-omnium-les-garrigues\/photo_2024-02-03_20-28-30\/'><img loading=\"lazy\" decoding=\"async\" width=\"150\" height=\"150\" src=\"https:\/\/cdn.omnium.cat\/wp-content\/uploads\/2024\/02\/06084206\/photo_2024-02-03_20-28-30-150x150.jpg\" class=\"attachment-thumbnail size-thumbnail\" alt=\"\" srcset=\"https:\/\/cdn.omnium.cat\/wp-content\/uploads\/2024\/02\/06084206\/photo_2024-02-03_20-28-30-150x150.jpg 150w, https:\/\/cdn.omnium.cat\/wp-content\/uploads\/2024\/02\/06084206\/photo_2024-02-03_20-28-30-371x371.jpg 371w, https:\/\/cdn.omnium.cat\/wp-content\/uploads\/2024\/02\/06084206\/photo_2024-02-03_20-28-30-300x300.jpg 300w\" sizes=\"(max-width: 150px) 100vw, 150px\" \/><\/a>\n\t\t\t<\/div><\/figure><figure class='gallery-item'>\n\t\t\t<div class='gallery-icon landscape'>\n\t\t\t\t<a href='https:\/\/www.omnium.cat\/ca\/es-constitueix-omnium-les-garrigues\/photo_2024-02-03_20-28-17\/'><img loading=\"lazy\" decoding=\"async\" width=\"150\" height=\"150\" src=\"https:\/\/cdn.omnium.cat\/wp-content\/uploads\/2024\/02\/06084213\/photo_2024-02-03_20-28-17-150x150.jpg\" class=\"attachment-thumbnail size-thumbnail\" alt=\"\" srcset=\"https:\/\/cdn.omnium.cat\/wp-content\/uploads\/2024\/02\/06084213\/photo_2024-02-03_20-28-17-150x150.jpg 150w, https:\/\/cdn.omnium.cat\/wp-content\/uploads\/2024\/02\/06084213\/photo_2024-02-03_20-28-17-371x371.jpg 371w, https:\/\/cdn.omnium.cat\/wp-content\/uploads\/2024\/02\/06084213\/photo_2024-02-03_20-28-17-300x300.jpg 300w\" sizes=\"(max-width: 150px) 100vw, 150px\" \/><\/a>\n\t\t\t<\/div><\/figure>\n\t\t<\/div>\n\n\n\n\n<h4>\u00a0<\/h4>\n<p>\u00a0<\/p>\n<p>\u00a0<\/p>\n","protected":false},"excerpt":{"rendered":"<p>Emili Farr\u00e9 encap\u00e7alar\u00e0 aquesta nova junta d\u2019\u00d2mnium \u00d2mnium les Garrigues va celebrar l\u2019Assemblea Constituent aquest diumenge, 28 de gener de 2024 a l\u2019acabat d\u2019inaugurar Arxiu Comarcal de les Borges Blanques. [&hellip;]<\/p>\n","protected":false},"author":52,"featured_media":399680,"comment_status":"closed","ping_status":"open","sticky":false,"template":"","format":"standard","meta":{"_acf_changed":false,"footnotes":""},"categories":[1],"tags":[],"post_headquarter":[1854],"post_project":[1785],"class_list":["post-398613","post","type-post","status-publish","format-standard","has-post-thumbnail","hentry","category-uncategorized-ca","post_headquarter-les-garrigues","post_project-la-llanca-de-sant-jordi-2014"],"acf":[],"yoast_head":"<!-- This site is optimized with the Yoast SEO plugin v27.2 - https:\/\/yoast.com\/product\/yoast-seo-wordpress\/ -->\n<title>Es constitueix \u00d2mnium les Garrigues - \u00d2mnium Cultural<\/title>\n<meta name=\"robots\" content=\"index, follow, max-snippet:-1, max-image-preview:large, max-video-preview:-1\" \/>\n<link rel=\"canonical\" href=\"https:\/\/www.omnium.cat\/ca\/es-constitueix-omnium-les-garrigues\/\" \/>\n<meta name=\"twitter:label1\" content=\"Escrit per\" \/>\n\t<meta name=\"twitter:data1\" content=\"Aziz Bounjimi\" \/>\n\t<meta name=\"twitter:label2\" content=\"Temps estimat de lectura\" \/>\n\t<meta name=\"twitter:data2\" content=\"4 minuts\" \/>\n<script type=\"application\/ld+json\" class=\"yoast-schema-graph\">{\"@context\":\"https:\/\/schema.org\",\"@graph\":[{\"@type\":\"Article\",\"@id\":\"https:\/\/www.omnium.cat\/ca\/es-constitueix-omnium-les-garrigues\/#article\",\"isPartOf\":{\"@id\":\"https:\/\/www.omnium.cat\/ca\/es-constitueix-omnium-les-garrigues\/\"},\"author\":{\"name\":\"Aziz Bounjimi\",\"@id\":\"https:\/\/www.omnium.cat\/ca\/#\/schema\/person\/73c9504a9a040a77980c4b3422b57dac\"},\"headline\":\"Es constitueix \u00d2mnium les Garrigues\",\"datePublished\":\"2024-02-06T07:42:30+00:00\",\"dateModified\":\"2024-02-13T19:24:25+00:00\",\"mainEntityOfPage\":{\"@id\":\"https:\/\/www.omnium.cat\/ca\/es-constitueix-omnium-les-garrigues\/\"},\"wordCount\":693,\"publisher\":{\"@id\":\"https:\/\/www.omnium.cat\/ca\/#organization\"},\"image\":{\"@id\":\"https:\/\/www.omnium.cat\/ca\/es-constitueix-omnium-les-garrigues\/#primaryimage\"},\"thumbnailUrl\":\"https:\/\/cdn.omnium.cat\/wp-content\/uploads\/2024\/02\/13202412\/IMG_3593-scaled.jpg\",\"articleSection\":[\"Uncategorized @oc\"],\"inLanguage\":\"ca\"},{\"@type\":\"WebPage\",\"@id\":\"https:\/\/www.omnium.cat\/ca\/es-constitueix-omnium-les-garrigues\/\",\"url\":\"https:\/\/www.omnium.cat\/ca\/es-constitueix-omnium-les-garrigues\/\",\"name\":\"Es constitueix \u00d2mnium les Garrigues - \u00d2mnium Cultural\",\"isPartOf\":{\"@id\":\"https:\/\/www.omnium.cat\/ca\/#website\"},\"primaryImageOfPage\":{\"@id\":\"https:\/\/www.omnium.cat\/ca\/es-constitueix-omnium-les-garrigues\/#primaryimage\"},\"image\":{\"@id\":\"https:\/\/www.omnium.cat\/ca\/es-constitueix-omnium-les-garrigues\/#primaryimage\"},\"thumbnailUrl\":\"https:\/\/cdn.omnium.cat\/wp-content\/uploads\/2024\/02\/13202412\/IMG_3593-scaled.jpg\",\"datePublished\":\"2024-02-06T07:42:30+00:00\",\"dateModified\":\"2024-02-13T19:24:25+00:00\",\"breadcrumb\":{\"@id\":\"https:\/\/www.omnium.cat\/ca\/es-constitueix-omnium-les-garrigues\/#breadcrumb\"},\"inLanguage\":\"ca\",\"potentialAction\":[{\"@type\":\"ReadAction\",\"target\":[\"https:\/\/www.omnium.cat\/ca\/es-constitueix-omnium-les-garrigues\/\"]}]},{\"@type\":\"ImageObject\",\"inLanguage\":\"ca\",\"@id\":\"https:\/\/www.omnium.cat\/ca\/es-constitueix-omnium-les-garrigues\/#primaryimage\",\"url\":\"https:\/\/cdn.omnium.cat\/wp-content\/uploads\/2024\/02\/13202412\/IMG_3593-scaled.jpg\",\"contentUrl\":\"https:\/\/cdn.omnium.cat\/wp-content\/uploads\/2024\/02\/13202412\/IMG_3593-scaled.jpg\",\"width\":2560,\"height\":1296},{\"@type\":\"BreadcrumbList\",\"@id\":\"https:\/\/www.omnium.cat\/ca\/es-constitueix-omnium-les-garrigues\/#breadcrumb\",\"itemListElement\":[{\"@type\":\"ListItem\",\"position\":1,\"name\":\"Inici\",\"item\":\"https:\/\/www.omnium.cat\/ca\/\"},{\"@type\":\"ListItem\",\"position\":2,\"name\":\"Es constitueix \u00d2mnium les Garrigues\"}]},{\"@type\":\"WebSite\",\"@id\":\"https:\/\/www.omnium.cat\/ca\/#website\",\"url\":\"https:\/\/www.omnium.cat\/ca\/\",\"name\":\"\u00d2mnium Cultural\",\"description\":\"Llengua Cultura Pa\u00eds\",\"publisher\":{\"@id\":\"https:\/\/www.omnium.cat\/ca\/#organization\"},\"potentialAction\":[{\"@type\":\"SearchAction\",\"target\":{\"@type\":\"EntryPoint\",\"urlTemplate\":\"https:\/\/www.omnium.cat\/ca\/?s={search_term_string}\"},\"query-input\":{\"@type\":\"PropertyValueSpecification\",\"valueRequired\":true,\"valueName\":\"search_term_string\"}}],\"inLanguage\":\"ca\"},{\"@type\":\"Organization\",\"@id\":\"https:\/\/www.omnium.cat\/ca\/#organization\",\"name\":\"\u00d2mnium Cultural\",\"url\":\"https:\/\/www.omnium.cat\/ca\/\",\"logo\":{\"@type\":\"ImageObject\",\"inLanguage\":\"ca\",\"@id\":\"https:\/\/www.omnium.cat\/ca\/#\/schema\/logo\/image\/\",\"url\":\"https:\/\/cdn.omnium.cat\/wp-content\/uploads\/2019\/06\/01112517\/cropped-omnium_logo-1.png\",\"contentUrl\":\"https:\/\/cdn.omnium.cat\/wp-content\/uploads\/2019\/06\/01112517\/cropped-omnium_logo-1.png\",\"width\":1213,\"height\":262,\"caption\":\"\u00d2mnium Cultural\"},\"image\":{\"@id\":\"https:\/\/www.omnium.cat\/ca\/#\/schema\/logo\/image\/\"},\"sameAs\":[\"https:\/\/www.facebook.com\/omniumcultural\",\"https:\/\/x.com\/omnium\",\"https:\/\/www.instagram.com\/omniumcultural\/\",\"https:\/\/www.youtube.com\/user\/omniumcultural\"]},{\"@type\":\"Person\",\"@id\":\"https:\/\/www.omnium.cat\/ca\/#\/schema\/person\/73c9504a9a040a77980c4b3422b57dac\",\"name\":\"Aziz Bounjimi\",\"image\":{\"@type\":\"ImageObject\",\"inLanguage\":\"ca\",\"@id\":\"https:\/\/secure.gravatar.com\/avatar\/16746ce72dc42418e0c6baa7ef9cdc7ad5e87b76af9ff9a6fa9cda9db0df1829?s=96&d=mm&r=g\",\"url\":\"https:\/\/secure.gravatar.com\/avatar\/16746ce72dc42418e0c6baa7ef9cdc7ad5e87b76af9ff9a6fa9cda9db0df1829?s=96&d=mm&r=g\",\"contentUrl\":\"https:\/\/secure.gravatar.com\/avatar\/16746ce72dc42418e0c6baa7ef9cdc7ad5e87b76af9ff9a6fa9cda9db0df1829?s=96&d=mm&r=g\",\"caption\":\"Aziz Bounjimi\"}}]}<\/script>\n<!-- \/ Yoast SEO plugin. -->","yoast_head_json":{"title":"Es constitueix \u00d2mnium les Garrigues - \u00d2mnium Cultural","robots":{"index":"index","follow":"follow","max-snippet":"max-snippet:-1","max-image-preview":"max-image-preview:large","max-video-preview":"max-video-preview:-1"},"canonical":"https:\/\/www.omnium.cat\/ca\/es-constitueix-omnium-les-garrigues\/","twitter_misc":{"Escrit per":"Aziz Bounjimi","Temps estimat de lectura":"4 minuts"},"schema":{"@context":"https:\/\/schema.org","@graph":[{"@type":"Article","@id":"https:\/\/www.omnium.cat\/ca\/es-constitueix-omnium-les-garrigues\/#article","isPartOf":{"@id":"https:\/\/www.omnium.cat\/ca\/es-constitueix-omnium-les-garrigues\/"},"author":{"name":"Aziz Bounjimi","@id":"https:\/\/www.omnium.cat\/ca\/#\/schema\/person\/73c9504a9a040a77980c4b3422b57dac"},"headline":"Es constitueix \u00d2mnium les Garrigues","datePublished":"2024-02-06T07:42:30+00:00","dateModified":"2024-02-13T19:24:25+00:00","mainEntityOfPage":{"@id":"https:\/\/www.omnium.cat\/ca\/es-constitueix-omnium-les-garrigues\/"},"wordCount":693,"publisher":{"@id":"https:\/\/www.omnium.cat\/ca\/#organization"},"image":{"@id":"https:\/\/www.omnium.cat\/ca\/es-constitueix-omnium-les-garrigues\/#primaryimage"},"thumbnailUrl":"https:\/\/cdn.omnium.cat\/wp-content\/uploads\/2024\/02\/13202412\/IMG_3593-scaled.jpg","articleSection":["Uncategorized @oc"],"inLanguage":"ca"},{"@type":"WebPage","@id":"https:\/\/www.omnium.cat\/ca\/es-constitueix-omnium-les-garrigues\/","url":"https:\/\/www.omnium.cat\/ca\/es-constitueix-omnium-les-garrigues\/","name":"Es constitueix \u00d2mnium les Garrigues - \u00d2mnium Cultural","isPartOf":{"@id":"https:\/\/www.omnium.cat\/ca\/#website"},"primaryImageOfPage":{"@id":"https:\/\/www.omnium.cat\/ca\/es-constitueix-omnium-les-garrigues\/#primaryimage"},"image":{"@id":"https:\/\/www.omnium.cat\/ca\/es-constitueix-omnium-les-garrigues\/#primaryimage"},"thumbnailUrl":"https:\/\/cdn.omnium.cat\/wp-content\/uploads\/2024\/02\/13202412\/IMG_3593-scaled.jpg","datePublished":"2024-02-06T07:42:30+00:00","dateModified":"2024-02-13T19:24:25+00:00","breadcrumb":{"@id":"https:\/\/www.omnium.cat\/ca\/es-constitueix-omnium-les-garrigues\/#breadcrumb"},"inLanguage":"ca","potentialAction":[{"@type":"ReadAction","target":["https:\/\/www.omnium.cat\/ca\/es-constitueix-omnium-les-garrigues\/"]}]},{"@type":"ImageObject","inLanguage":"ca","@id":"https:\/\/www.omnium.cat\/ca\/es-constitueix-omnium-les-garrigues\/#primaryimage","url":"https:\/\/cdn.omnium.cat\/wp-content\/uploads\/2024\/02\/13202412\/IMG_3593-scaled.jpg","contentUrl":"https:\/\/cdn.omnium.cat\/wp-content\/uploads\/2024\/02\/13202412\/IMG_3593-scaled.jpg","width":2560,"height":1296},{"@type":"BreadcrumbList","@id":"https:\/\/www.omnium.cat\/ca\/es-constitueix-omnium-les-garrigues\/#breadcrumb","itemListElement":[{"@type":"ListItem","position":1,"name":"Inici","item":"https:\/\/www.omnium.cat\/ca\/"},{"@type":"ListItem","position":2,"name":"Es constitueix \u00d2mnium les Garrigues"}]},{"@type":"WebSite","@id":"https:\/\/www.omnium.cat\/ca\/#website","url":"https:\/\/www.omnium.cat\/ca\/","name":"\u00d2mnium Cultural","description":"Llengua Cultura Pa\u00eds","publisher":{"@id":"https:\/\/www.omnium.cat\/ca\/#organization"},"potentialAction":[{"@type":"SearchAction","target":{"@type":"EntryPoint","urlTemplate":"https:\/\/www.omnium.cat\/ca\/?s={search_term_string}"},"query-input":{"@type":"PropertyValueSpecification","valueRequired":true,"valueName":"search_term_string"}}],"inLanguage":"ca"},{"@type":"Organization","@id":"https:\/\/www.omnium.cat\/ca\/#organization","name":"\u00d2mnium Cultural","url":"https:\/\/www.omnium.cat\/ca\/","logo":{"@type":"ImageObject","inLanguage":"ca","@id":"https:\/\/www.omnium.cat\/ca\/#\/schema\/logo\/image\/","url":"https:\/\/cdn.omnium.cat\/wp-content\/uploads\/2019\/06\/01112517\/cropped-omnium_logo-1.png","contentUrl":"https:\/\/cdn.omnium.cat\/wp-content\/uploads\/2019\/06\/01112517\/cropped-omnium_logo-1.png","width":1213,"height":262,"caption":"\u00d2mnium Cultural"},"image":{"@id":"https:\/\/www.omnium.cat\/ca\/#\/schema\/logo\/image\/"},"sameAs":["https:\/\/www.facebook.com\/omniumcultural","https:\/\/x.com\/omnium","https:\/\/www.instagram.com\/omniumcultural\/","https:\/\/www.youtube.com\/user\/omniumcultural"]},{"@type":"Person","@id":"https:\/\/www.omnium.cat\/ca\/#\/schema\/person\/73c9504a9a040a77980c4b3422b57dac","name":"Aziz Bounjimi","image":{"@type":"ImageObject","inLanguage":"ca","@id":"https:\/\/secure.gravatar.com\/avatar\/16746ce72dc42418e0c6baa7ef9cdc7ad5e87b76af9ff9a6fa9cda9db0df1829?s=96&d=mm&r=g","url":"https:\/\/secure.gravatar.com\/avatar\/16746ce72dc42418e0c6baa7ef9cdc7ad5e87b76af9ff9a6fa9cda9db0df1829?s=96&d=mm&r=g","contentUrl":"https:\/\/secure.gravatar.com\/avatar\/16746ce72dc42418e0c6baa7ef9cdc7ad5e87b76af9ff9a6fa9cda9db0df1829?s=96&d=mm&r=g","caption":"Aziz Bounjimi"}}]}},"_links":{"self":[{"href":"https:\/\/www.omnium.cat\/ca\/wp-json\/wp\/v2\/posts\/398613","targetHints":{"allow":["GET"]}}],"collection":[{"href":"https:\/\/www.omnium.cat\/ca\/wp-json\/wp\/v2\/posts"}],"about":[{"href":"https:\/\/www.omnium.cat\/ca\/wp-json\/wp\/v2\/types\/post"}],"author":[{"embeddable":true,"href":"https:\/\/www.omnium.cat\/ca\/wp-json\/wp\/v2\/users\/52"}],"replies":[{"embeddable":true,"href":"https:\/\/www.omnium.cat\/ca\/wp-json\/wp\/v2\/comments?post=398613"}],"version-history":[{"count":7,"href":"https:\/\/www.omnium.cat\/ca\/wp-json\/wp\/v2\/posts\/398613\/revisions"}],"predecessor-version":[{"id":399686,"href":"https:\/\/www.omnium.cat\/ca\/wp-json\/wp\/v2\/posts\/398613\/revisions\/399686"}],"wp:featuredmedia":[{"embeddable":true,"href":"https:\/\/www.omnium.cat\/ca\/wp-json\/wp\/v2\/media\/399680"}],"wp:attachment":[{"href":"https:\/\/www.omnium.cat\/ca\/wp-json\/wp\/v2\/media?parent=398613"}],"wp:term":[{"taxonomy":"category","embeddable":true,"href":"https:\/\/www.omnium.cat\/ca\/wp-json\/wp\/v2\/categories?post=398613"},{"taxonomy":"post_tag","embeddable":true,"href":"https:\/\/www.omnium.cat\/ca\/wp-json\/wp\/v2\/tags?post=398613"},{"taxonomy":"post_headquarter","embeddable":true,"href":"https:\/\/www.omnium.cat\/ca\/wp-json\/wp\/v2\/post_headquarter?post=398613"},{"taxonomy":"post_project","embeddable":true,"href":"https:\/\/www.omnium.cat\/ca\/wp-json\/wp\/v2\/post_project?post=398613"}],"curies":[{"name":"wp","href":"https:\/\/api.w.org\/{rel}","templated":true}]}}