{"id":398705,"date":"2024-02-06T17:52:12","date_gmt":"2024-02-06T16:52:12","guid":{"rendered":"https:\/\/www.omnium.cat\/?p=398705"},"modified":"2024-02-08T10:43:00","modified_gmt":"2024-02-08T09:43:00","slug":"cronica-assemblea-general-ordinaria-domnium-sant-andreu-2","status":"publish","type":"post","link":"https:\/\/www.omnium.cat\/ca\/cronica-assemblea-general-ordinaria-domnium-sant-andreu-2\/","title":{"rendered":"Cr\u00f2nica assemblea general ordin\u00e0ria d&#8217;\u00d2mnium Sant Andreu\u00a0"},"content":{"rendered":"\n<p>El dia 2 de febrer de 2024 es va celebrar l&#8217;Assemblea General Ordin\u00e0ria de la seu d&#8217;\u00d2mnium Sant Andreu a la sala d&#8217;actes d&#8217;Els Catalanistes.\u00a0<\/p>\n<p>La presidenta Lourdes Pinyol inicia l&#8217;assemblea amb puntualitat donant la benvinguda a la quasi quarantena d\u2019assistents.\u00a0<\/p>\n<p>S&#8217;aprova l&#8217;acta de l&#8217;assemblea anterior i sense pre\u00e0mbuls s\u2019exposen amb claredat i concisi\u00f3 els objectius i la feina feta durant el 2023 en els eixos en qu\u00e8 s&#8217;ha treballat: llengua i cohesi\u00f3, cultura i drets civils i pol\u00edtics. Cal destacar que bona part de les activitats dutes a terme (una mitjana de dues per mes) s&#8217;han fet aprofitant el teixit social del barri, de manera que s&#8217;ha generat complicitat i bona sintonia entre altres entitats, esdevenint \u00d2mnium un bon eix vertebrador.\u00a0<\/p>\n<p>Seguint el mateix esquema es mostra el pla de treball pel 2024, for\u00e7a continuista, tenir en compte que el que s&#8217;ha fet anys anteriors ha tingut bona acollida i s&#8217;incorporen activitats per atraure el p\u00fablic jove.\u00a0<\/p>\n<p>Es presenta la nova junta que \u00e9s aprovada despr\u00e9s de votaci\u00f3 secreta dels assistents. S&#8217;exposa tamb\u00e9 el balan\u00e7 de les despeses de l&#8217;any i el pressupost del 2024. Es vota a m\u00e0 al\u00e7ada i queda tamb\u00e9 aprovat per \u00e0mplia majoria.\u00a0<\/p>\n<p>L&#8217;actuaci\u00f3 de Clara Gorrias \u00e9s la frontissa de l&#8217;acte: ens fa gaudir de bona m\u00fasica mentre interpreta quatre peces acompanyada del piano i la flauta travessera. Posteriorment en Toni Borrell, vocal de la Junta Nacional d&#8217;\u00d2mnium, fa l&#8217;entrega de les ins\u00edgnies d&#8217;\u00d2mnium als soci\/es de m\u00e9s de cinquanta anys d&#8217;antiguitat i a continuaci\u00f3 exposa les l\u00ednies generals de treball de l&#8217;entitat per aquest 2024.\u00a0<\/p>\n<p>Es conclou l&#8217;acte i es passa a un petit refrigeri on tots xerrem de manera distesa sobre l&#8217;acte i els eixos d\u2019\u00d2mnium.<\/p>\n<p>Fotografies: Andreu Carrascal<\/p>\n<div id='gallery-1' class='gallery galleryid-398705 gallery-columns-3 gallery-size-thumbnail'><figure class='gallery-item'>\n\t\t\t<div class='gallery-icon landscape'>\n\t\t\t\t<a href='https:\/\/www.omnium.cat\/ca\/cronica-assemblea-general-ordinaria-domnium-sant-andreu-2\/photo_2024-02-04_17-26-17-8\/'><img decoding=\"async\" width=\"150\" height=\"150\" src=\"https:\/\/cdn.omnium.cat\/wp-content\/uploads\/2024\/02\/06175007\/photo_2024-02-04_17-26-17-8-150x150.jpg\" class=\"attachment-thumbnail size-thumbnail\" alt=\"\" srcset=\"https:\/\/cdn.omnium.cat\/wp-content\/uploads\/2024\/02\/06175007\/photo_2024-02-04_17-26-17-8-150x150.jpg 150w, https:\/\/cdn.omnium.cat\/wp-content\/uploads\/2024\/02\/06175007\/photo_2024-02-04_17-26-17-8-371x371.jpg 371w, https:\/\/cdn.omnium.cat\/wp-content\/uploads\/2024\/02\/06175007\/photo_2024-02-04_17-26-17-8-300x300.jpg 300w\" sizes=\"(max-width: 150px) 100vw, 150px\" \/><\/a>\n\t\t\t<\/div><\/figure><figure class='gallery-item'>\n\t\t\t<div class='gallery-icon landscape'>\n\t\t\t\t<a href='https:\/\/www.omnium.cat\/ca\/cronica-assemblea-general-ordinaria-domnium-sant-andreu-2\/photo_2024-02-04_17-26-17-6\/'><img decoding=\"async\" width=\"150\" height=\"150\" src=\"https:\/\/cdn.omnium.cat\/wp-content\/uploads\/2024\/02\/06175016\/photo_2024-02-04_17-26-17-6-150x150.jpg\" class=\"attachment-thumbnail size-thumbnail\" alt=\"\" srcset=\"https:\/\/cdn.omnium.cat\/wp-content\/uploads\/2024\/02\/06175016\/photo_2024-02-04_17-26-17-6-150x150.jpg 150w, https:\/\/cdn.omnium.cat\/wp-content\/uploads\/2024\/02\/06175016\/photo_2024-02-04_17-26-17-6-371x371.jpg 371w, https:\/\/cdn.omnium.cat\/wp-content\/uploads\/2024\/02\/06175016\/photo_2024-02-04_17-26-17-6-300x300.jpg 300w\" sizes=\"(max-width: 150px) 100vw, 150px\" \/><\/a>\n\t\t\t<\/div><\/figure><figure class='gallery-item'>\n\t\t\t<div class='gallery-icon landscape'>\n\t\t\t\t<a href='https:\/\/www.omnium.cat\/ca\/cronica-assemblea-general-ordinaria-domnium-sant-andreu-2\/photo_2024-02-04_17-26-17-5\/'><img decoding=\"async\" width=\"150\" height=\"150\" src=\"https:\/\/cdn.omnium.cat\/wp-content\/uploads\/2024\/02\/06175022\/photo_2024-02-04_17-26-17-5-150x150.jpg\" class=\"attachment-thumbnail size-thumbnail\" alt=\"\" srcset=\"https:\/\/cdn.omnium.cat\/wp-content\/uploads\/2024\/02\/06175022\/photo_2024-02-04_17-26-17-5-150x150.jpg 150w, https:\/\/cdn.omnium.cat\/wp-content\/uploads\/2024\/02\/06175022\/photo_2024-02-04_17-26-17-5-371x371.jpg 371w, https:\/\/cdn.omnium.cat\/wp-content\/uploads\/2024\/02\/06175022\/photo_2024-02-04_17-26-17-5-300x300.jpg 300w\" sizes=\"(max-width: 150px) 100vw, 150px\" \/><\/a>\n\t\t\t<\/div><\/figure><figure class='gallery-item'>\n\t\t\t<div class='gallery-icon portrait'>\n\t\t\t\t<a href='https:\/\/www.omnium.cat\/ca\/cronica-assemblea-general-ordinaria-domnium-sant-andreu-2\/photo_2024-02-04_17-26-18-2\/'><img loading=\"lazy\" decoding=\"async\" width=\"150\" height=\"150\" src=\"https:\/\/cdn.omnium.cat\/wp-content\/uploads\/2024\/02\/06175027\/photo_2024-02-04_17-26-18-2-150x150.jpg\" class=\"attachment-thumbnail size-thumbnail\" alt=\"\" srcset=\"https:\/\/cdn.omnium.cat\/wp-content\/uploads\/2024\/02\/06175027\/photo_2024-02-04_17-26-18-2-150x150.jpg 150w, https:\/\/cdn.omnium.cat\/wp-content\/uploads\/2024\/02\/06175027\/photo_2024-02-04_17-26-18-2-371x371.jpg 371w, https:\/\/cdn.omnium.cat\/wp-content\/uploads\/2024\/02\/06175027\/photo_2024-02-04_17-26-18-2-300x300.jpg 300w\" sizes=\"(max-width: 150px) 100vw, 150px\" \/><\/a>\n\t\t\t<\/div><\/figure><figure class='gallery-item'>\n\t\t\t<div class='gallery-icon landscape'>\n\t\t\t\t<a href='https:\/\/www.omnium.cat\/ca\/cronica-assemblea-general-ordinaria-domnium-sant-andreu-2\/photo_2024-02-04_17-26-17-4\/'><img loading=\"lazy\" decoding=\"async\" width=\"150\" height=\"150\" src=\"https:\/\/cdn.omnium.cat\/wp-content\/uploads\/2024\/02\/06175033\/photo_2024-02-04_17-26-17-4-150x150.jpg\" class=\"attachment-thumbnail size-thumbnail\" alt=\"\" srcset=\"https:\/\/cdn.omnium.cat\/wp-content\/uploads\/2024\/02\/06175033\/photo_2024-02-04_17-26-17-4-150x150.jpg 150w, https:\/\/cdn.omnium.cat\/wp-content\/uploads\/2024\/02\/06175033\/photo_2024-02-04_17-26-17-4-371x371.jpg 371w, https:\/\/cdn.omnium.cat\/wp-content\/uploads\/2024\/02\/06175033\/photo_2024-02-04_17-26-17-4-300x300.jpg 300w\" sizes=\"(max-width: 150px) 100vw, 150px\" \/><\/a>\n\t\t\t<\/div><\/figure><figure class='gallery-item'>\n\t\t\t<div class='gallery-icon landscape'>\n\t\t\t\t<a href='https:\/\/www.omnium.cat\/ca\/cronica-assemblea-general-ordinaria-domnium-sant-andreu-2\/photo_2024-02-04_17-26-17-3\/'><img loading=\"lazy\" decoding=\"async\" width=\"150\" height=\"150\" src=\"https:\/\/cdn.omnium.cat\/wp-content\/uploads\/2024\/02\/06175041\/photo_2024-02-04_17-26-17-3-150x150.jpg\" class=\"attachment-thumbnail size-thumbnail\" alt=\"\" srcset=\"https:\/\/cdn.omnium.cat\/wp-content\/uploads\/2024\/02\/06175041\/photo_2024-02-04_17-26-17-3-150x150.jpg 150w, https:\/\/cdn.omnium.cat\/wp-content\/uploads\/2024\/02\/06175041\/photo_2024-02-04_17-26-17-3-371x371.jpg 371w, https:\/\/cdn.omnium.cat\/wp-content\/uploads\/2024\/02\/06175041\/photo_2024-02-04_17-26-17-3-300x300.jpg 300w\" sizes=\"(max-width: 150px) 100vw, 150px\" \/><\/a>\n\t\t\t<\/div><\/figure><figure class='gallery-item'>\n\t\t\t<div class='gallery-icon landscape'>\n\t\t\t\t<a href='https:\/\/www.omnium.cat\/ca\/cronica-assemblea-general-ordinaria-domnium-sant-andreu-2\/photo_2024-02-04_17-26-17-2\/'><img loading=\"lazy\" decoding=\"async\" width=\"150\" height=\"150\" src=\"https:\/\/cdn.omnium.cat\/wp-content\/uploads\/2024\/02\/06175051\/photo_2024-02-04_17-26-17-2-150x150.jpg\" class=\"attachment-thumbnail size-thumbnail\" alt=\"\" srcset=\"https:\/\/cdn.omnium.cat\/wp-content\/uploads\/2024\/02\/06175051\/photo_2024-02-04_17-26-17-2-150x150.jpg 150w, https:\/\/cdn.omnium.cat\/wp-content\/uploads\/2024\/02\/06175051\/photo_2024-02-04_17-26-17-2-371x371.jpg 371w, https:\/\/cdn.omnium.cat\/wp-content\/uploads\/2024\/02\/06175051\/photo_2024-02-04_17-26-17-2-300x300.jpg 300w\" sizes=\"(max-width: 150px) 100vw, 150px\" \/><\/a>\n\t\t\t<\/div><\/figure><figure class='gallery-item'>\n\t\t\t<div class='gallery-icon landscape'>\n\t\t\t\t<a href='https:\/\/www.omnium.cat\/ca\/cronica-assemblea-general-ordinaria-domnium-sant-andreu-2\/photo_2024-02-04_17-26-18\/'><img loading=\"lazy\" decoding=\"async\" width=\"150\" height=\"150\" src=\"https:\/\/cdn.omnium.cat\/wp-content\/uploads\/2024\/02\/06175057\/photo_2024-02-04_17-26-18-150x150.jpg\" class=\"attachment-thumbnail size-thumbnail\" alt=\"\" srcset=\"https:\/\/cdn.omnium.cat\/wp-content\/uploads\/2024\/02\/06175057\/photo_2024-02-04_17-26-18-150x150.jpg 150w, https:\/\/cdn.omnium.cat\/wp-content\/uploads\/2024\/02\/06175057\/photo_2024-02-04_17-26-18-371x371.jpg 371w, https:\/\/cdn.omnium.cat\/wp-content\/uploads\/2024\/02\/06175057\/photo_2024-02-04_17-26-18-300x300.jpg 300w\" sizes=\"(max-width: 150px) 100vw, 150px\" \/><\/a>\n\t\t\t<\/div><\/figure><figure class='gallery-item'>\n\t\t\t<div class='gallery-icon landscape'>\n\t\t\t\t<a href='https:\/\/www.omnium.cat\/ca\/cronica-assemblea-general-ordinaria-domnium-sant-andreu-2\/photo_2024-02-04_17-26-17\/'><img loading=\"lazy\" decoding=\"async\" width=\"150\" height=\"150\" src=\"https:\/\/cdn.omnium.cat\/wp-content\/uploads\/2024\/02\/06175104\/photo_2024-02-04_17-26-17-150x150.jpg\" class=\"attachment-thumbnail size-thumbnail\" alt=\"\" srcset=\"https:\/\/cdn.omnium.cat\/wp-content\/uploads\/2024\/02\/06175104\/photo_2024-02-04_17-26-17-150x150.jpg 150w, https:\/\/cdn.omnium.cat\/wp-content\/uploads\/2024\/02\/06175104\/photo_2024-02-04_17-26-17-371x371.jpg 371w, https:\/\/cdn.omnium.cat\/wp-content\/uploads\/2024\/02\/06175104\/photo_2024-02-04_17-26-17-300x300.jpg 300w\" sizes=\"(max-width: 150px) 100vw, 150px\" \/><\/a>\n\t\t\t<\/div><\/figure>\n\t\t<\/div>\n\n","protected":false},"excerpt":{"rendered":"<p>El dia 2 de febrer de 2024 es va celebrar l&#8217;Assemblea General Ordin\u00e0ria de la seu d&#8217;\u00d2mnium Sant Andreu a la sala d&#8217;actes d&#8217;Els Catalanistes.\u00a0 La presidenta Lourdes Pinyol inicia [&hellip;]<\/p>\n","protected":false},"author":263,"featured_media":398751,"comment_status":"closed","ping_status":"open","sticky":false,"template":"","format":"standard","meta":{"_acf_changed":false,"footnotes":""},"categories":[1],"tags":[],"post_headquarter":[1784],"post_project":[1785],"class_list":["post-398705","post","type-post","status-publish","format-standard","has-post-thumbnail","hentry","category-uncategorized-ca","post_headquarter-barcelona-sant-andreu","post_project-la-llanca-de-sant-jordi-2014"],"acf":[],"yoast_head":"<!-- This site is optimized with the Yoast SEO plugin v27.2 - https:\/\/yoast.com\/product\/yoast-seo-wordpress\/ -->\n<title>Cr\u00f2nica assemblea general ordin\u00e0ria d&#039;\u00d2mnium Sant Andreu\u00a0 - \u00d2mnium Cultural<\/title>\n<meta name=\"robots\" content=\"index, follow, max-snippet:-1, max-image-preview:large, max-video-preview:-1\" \/>\n<link rel=\"canonical\" href=\"https:\/\/www.omnium.cat\/ca\/cronica-assemblea-general-ordinaria-domnium-sant-andreu-2\/\" \/>\n<meta name=\"twitter:label1\" content=\"Escrit per\" \/>\n\t<meta name=\"twitter:data1\" content=\"Albert Tous\" \/>\n\t<meta name=\"twitter:label2\" content=\"Temps estimat de lectura\" \/>\n\t<meta name=\"twitter:data2\" content=\"2 minuts\" \/>\n<script type=\"application\/ld+json\" class=\"yoast-schema-graph\">{\"@context\":\"https:\/\/schema.org\",\"@graph\":[{\"@type\":\"Article\",\"@id\":\"https:\/\/www.omnium.cat\/ca\/cronica-assemblea-general-ordinaria-domnium-sant-andreu-2\/#article\",\"isPartOf\":{\"@id\":\"https:\/\/www.omnium.cat\/ca\/cronica-assemblea-general-ordinaria-domnium-sant-andreu-2\/\"},\"author\":{\"name\":\"Albert Tous\",\"@id\":\"https:\/\/www.omnium.cat\/ca\/#\/schema\/person\/f28f1bc2a65966e8ba6f60f6a416ec96\"},\"headline\":\"Cr\u00f2nica assemblea general ordin\u00e0ria d&#8217;\u00d2mnium Sant Andreu\u00a0\",\"datePublished\":\"2024-02-06T16:52:12+00:00\",\"dateModified\":\"2024-02-08T09:43:00+00:00\",\"mainEntityOfPage\":{\"@id\":\"https:\/\/www.omnium.cat\/ca\/cronica-assemblea-general-ordinaria-domnium-sant-andreu-2\/\"},\"wordCount\":332,\"publisher\":{\"@id\":\"https:\/\/www.omnium.cat\/ca\/#organization\"},\"image\":{\"@id\":\"https:\/\/www.omnium.cat\/ca\/cronica-assemblea-general-ordinaria-domnium-sant-andreu-2\/#primaryimage\"},\"thumbnailUrl\":\"https:\/\/cdn.omnium.cat\/wp-content\/uploads\/2024\/02\/06175104\/photo_2024-02-04_17-26-17.jpg\",\"articleSection\":[\"Uncategorized @oc\"],\"inLanguage\":\"ca\"},{\"@type\":\"WebPage\",\"@id\":\"https:\/\/www.omnium.cat\/ca\/cronica-assemblea-general-ordinaria-domnium-sant-andreu-2\/\",\"url\":\"https:\/\/www.omnium.cat\/ca\/cronica-assemblea-general-ordinaria-domnium-sant-andreu-2\/\",\"name\":\"Cr\u00f2nica assemblea general ordin\u00e0ria d'\u00d2mnium Sant Andreu\u00a0 - \u00d2mnium Cultural\",\"isPartOf\":{\"@id\":\"https:\/\/www.omnium.cat\/ca\/#website\"},\"primaryImageOfPage\":{\"@id\":\"https:\/\/www.omnium.cat\/ca\/cronica-assemblea-general-ordinaria-domnium-sant-andreu-2\/#primaryimage\"},\"image\":{\"@id\":\"https:\/\/www.omnium.cat\/ca\/cronica-assemblea-general-ordinaria-domnium-sant-andreu-2\/#primaryimage\"},\"thumbnailUrl\":\"https:\/\/cdn.omnium.cat\/wp-content\/uploads\/2024\/02\/06175104\/photo_2024-02-04_17-26-17.jpg\",\"datePublished\":\"2024-02-06T16:52:12+00:00\",\"dateModified\":\"2024-02-08T09:43:00+00:00\",\"breadcrumb\":{\"@id\":\"https:\/\/www.omnium.cat\/ca\/cronica-assemblea-general-ordinaria-domnium-sant-andreu-2\/#breadcrumb\"},\"inLanguage\":\"ca\",\"potentialAction\":[{\"@type\":\"ReadAction\",\"target\":[\"https:\/\/www.omnium.cat\/ca\/cronica-assemblea-general-ordinaria-domnium-sant-andreu-2\/\"]}]},{\"@type\":\"ImageObject\",\"inLanguage\":\"ca\",\"@id\":\"https:\/\/www.omnium.cat\/ca\/cronica-assemblea-general-ordinaria-domnium-sant-andreu-2\/#primaryimage\",\"url\":\"https:\/\/cdn.omnium.cat\/wp-content\/uploads\/2024\/02\/06175104\/photo_2024-02-04_17-26-17.jpg\",\"contentUrl\":\"https:\/\/cdn.omnium.cat\/wp-content\/uploads\/2024\/02\/06175104\/photo_2024-02-04_17-26-17.jpg\",\"width\":512,\"height\":332},{\"@type\":\"BreadcrumbList\",\"@id\":\"https:\/\/www.omnium.cat\/ca\/cronica-assemblea-general-ordinaria-domnium-sant-andreu-2\/#breadcrumb\",\"itemListElement\":[{\"@type\":\"ListItem\",\"position\":1,\"name\":\"Inici\",\"item\":\"https:\/\/www.omnium.cat\/ca\/\"},{\"@type\":\"ListItem\",\"position\":2,\"name\":\"Cr\u00f2nica assemblea general ordin\u00e0ria d&#8217;\u00d2mnium Sant Andreu\u00a0\"}]},{\"@type\":\"WebSite\",\"@id\":\"https:\/\/www.omnium.cat\/ca\/#website\",\"url\":\"https:\/\/www.omnium.cat\/ca\/\",\"name\":\"\u00d2mnium Cultural\",\"description\":\"Llengua Cultura Pa\u00eds\",\"publisher\":{\"@id\":\"https:\/\/www.omnium.cat\/ca\/#organization\"},\"potentialAction\":[{\"@type\":\"SearchAction\",\"target\":{\"@type\":\"EntryPoint\",\"urlTemplate\":\"https:\/\/www.omnium.cat\/ca\/?s={search_term_string}\"},\"query-input\":{\"@type\":\"PropertyValueSpecification\",\"valueRequired\":true,\"valueName\":\"search_term_string\"}}],\"inLanguage\":\"ca\"},{\"@type\":\"Organization\",\"@id\":\"https:\/\/www.omnium.cat\/ca\/#organization\",\"name\":\"\u00d2mnium Cultural\",\"url\":\"https:\/\/www.omnium.cat\/ca\/\",\"logo\":{\"@type\":\"ImageObject\",\"inLanguage\":\"ca\",\"@id\":\"https:\/\/www.omnium.cat\/ca\/#\/schema\/logo\/image\/\",\"url\":\"https:\/\/cdn.omnium.cat\/wp-content\/uploads\/2019\/06\/01112517\/cropped-omnium_logo-1.png\",\"contentUrl\":\"https:\/\/cdn.omnium.cat\/wp-content\/uploads\/2019\/06\/01112517\/cropped-omnium_logo-1.png\",\"width\":1213,\"height\":262,\"caption\":\"\u00d2mnium Cultural\"},\"image\":{\"@id\":\"https:\/\/www.omnium.cat\/ca\/#\/schema\/logo\/image\/\"},\"sameAs\":[\"https:\/\/www.facebook.com\/omniumcultural\",\"https:\/\/x.com\/omnium\",\"https:\/\/www.instagram.com\/omniumcultural\/\",\"https:\/\/www.youtube.com\/user\/omniumcultural\"]},{\"@type\":\"Person\",\"@id\":\"https:\/\/www.omnium.cat\/ca\/#\/schema\/person\/f28f1bc2a65966e8ba6f60f6a416ec96\",\"name\":\"Albert Tous\",\"image\":{\"@type\":\"ImageObject\",\"inLanguage\":\"ca\",\"@id\":\"https:\/\/secure.gravatar.com\/avatar\/52933b4e3e5d9c9067bcb34742004bd324c59eedef687e9ffdda186ce9bf4e4b?s=96&d=mm&r=g\",\"url\":\"https:\/\/secure.gravatar.com\/avatar\/52933b4e3e5d9c9067bcb34742004bd324c59eedef687e9ffdda186ce9bf4e4b?s=96&d=mm&r=g\",\"contentUrl\":\"https:\/\/secure.gravatar.com\/avatar\/52933b4e3e5d9c9067bcb34742004bd324c59eedef687e9ffdda186ce9bf4e4b?s=96&d=mm&r=g\",\"caption\":\"Albert Tous\"}}]}<\/script>\n<!-- \/ Yoast SEO plugin. -->","yoast_head_json":{"title":"Cr\u00f2nica assemblea general ordin\u00e0ria d'\u00d2mnium Sant Andreu\u00a0 - \u00d2mnium Cultural","robots":{"index":"index","follow":"follow","max-snippet":"max-snippet:-1","max-image-preview":"max-image-preview:large","max-video-preview":"max-video-preview:-1"},"canonical":"https:\/\/www.omnium.cat\/ca\/cronica-assemblea-general-ordinaria-domnium-sant-andreu-2\/","twitter_misc":{"Escrit per":"Albert Tous","Temps estimat de lectura":"2 minuts"},"schema":{"@context":"https:\/\/schema.org","@graph":[{"@type":"Article","@id":"https:\/\/www.omnium.cat\/ca\/cronica-assemblea-general-ordinaria-domnium-sant-andreu-2\/#article","isPartOf":{"@id":"https:\/\/www.omnium.cat\/ca\/cronica-assemblea-general-ordinaria-domnium-sant-andreu-2\/"},"author":{"name":"Albert Tous","@id":"https:\/\/www.omnium.cat\/ca\/#\/schema\/person\/f28f1bc2a65966e8ba6f60f6a416ec96"},"headline":"Cr\u00f2nica assemblea general ordin\u00e0ria d&#8217;\u00d2mnium Sant Andreu\u00a0","datePublished":"2024-02-06T16:52:12+00:00","dateModified":"2024-02-08T09:43:00+00:00","mainEntityOfPage":{"@id":"https:\/\/www.omnium.cat\/ca\/cronica-assemblea-general-ordinaria-domnium-sant-andreu-2\/"},"wordCount":332,"publisher":{"@id":"https:\/\/www.omnium.cat\/ca\/#organization"},"image":{"@id":"https:\/\/www.omnium.cat\/ca\/cronica-assemblea-general-ordinaria-domnium-sant-andreu-2\/#primaryimage"},"thumbnailUrl":"https:\/\/cdn.omnium.cat\/wp-content\/uploads\/2024\/02\/06175104\/photo_2024-02-04_17-26-17.jpg","articleSection":["Uncategorized @oc"],"inLanguage":"ca"},{"@type":"WebPage","@id":"https:\/\/www.omnium.cat\/ca\/cronica-assemblea-general-ordinaria-domnium-sant-andreu-2\/","url":"https:\/\/www.omnium.cat\/ca\/cronica-assemblea-general-ordinaria-domnium-sant-andreu-2\/","name":"Cr\u00f2nica assemblea general ordin\u00e0ria d'\u00d2mnium Sant Andreu\u00a0 - \u00d2mnium Cultural","isPartOf":{"@id":"https:\/\/www.omnium.cat\/ca\/#website"},"primaryImageOfPage":{"@id":"https:\/\/www.omnium.cat\/ca\/cronica-assemblea-general-ordinaria-domnium-sant-andreu-2\/#primaryimage"},"image":{"@id":"https:\/\/www.omnium.cat\/ca\/cronica-assemblea-general-ordinaria-domnium-sant-andreu-2\/#primaryimage"},"thumbnailUrl":"https:\/\/cdn.omnium.cat\/wp-content\/uploads\/2024\/02\/06175104\/photo_2024-02-04_17-26-17.jpg","datePublished":"2024-02-06T16:52:12+00:00","dateModified":"2024-02-08T09:43:00+00:00","breadcrumb":{"@id":"https:\/\/www.omnium.cat\/ca\/cronica-assemblea-general-ordinaria-domnium-sant-andreu-2\/#breadcrumb"},"inLanguage":"ca","potentialAction":[{"@type":"ReadAction","target":["https:\/\/www.omnium.cat\/ca\/cronica-assemblea-general-ordinaria-domnium-sant-andreu-2\/"]}]},{"@type":"ImageObject","inLanguage":"ca","@id":"https:\/\/www.omnium.cat\/ca\/cronica-assemblea-general-ordinaria-domnium-sant-andreu-2\/#primaryimage","url":"https:\/\/cdn.omnium.cat\/wp-content\/uploads\/2024\/02\/06175104\/photo_2024-02-04_17-26-17.jpg","contentUrl":"https:\/\/cdn.omnium.cat\/wp-content\/uploads\/2024\/02\/06175104\/photo_2024-02-04_17-26-17.jpg","width":512,"height":332},{"@type":"BreadcrumbList","@id":"https:\/\/www.omnium.cat\/ca\/cronica-assemblea-general-ordinaria-domnium-sant-andreu-2\/#breadcrumb","itemListElement":[{"@type":"ListItem","position":1,"name":"Inici","item":"https:\/\/www.omnium.cat\/ca\/"},{"@type":"ListItem","position":2,"name":"Cr\u00f2nica assemblea general ordin\u00e0ria d&#8217;\u00d2mnium Sant Andreu\u00a0"}]},{"@type":"WebSite","@id":"https:\/\/www.omnium.cat\/ca\/#website","url":"https:\/\/www.omnium.cat\/ca\/","name":"\u00d2mnium Cultural","description":"Llengua Cultura Pa\u00eds","publisher":{"@id":"https:\/\/www.omnium.cat\/ca\/#organization"},"potentialAction":[{"@type":"SearchAction","target":{"@type":"EntryPoint","urlTemplate":"https:\/\/www.omnium.cat\/ca\/?s={search_term_string}"},"query-input":{"@type":"PropertyValueSpecification","valueRequired":true,"valueName":"search_term_string"}}],"inLanguage":"ca"},{"@type":"Organization","@id":"https:\/\/www.omnium.cat\/ca\/#organization","name":"\u00d2mnium Cultural","url":"https:\/\/www.omnium.cat\/ca\/","logo":{"@type":"ImageObject","inLanguage":"ca","@id":"https:\/\/www.omnium.cat\/ca\/#\/schema\/logo\/image\/","url":"https:\/\/cdn.omnium.cat\/wp-content\/uploads\/2019\/06\/01112517\/cropped-omnium_logo-1.png","contentUrl":"https:\/\/cdn.omnium.cat\/wp-content\/uploads\/2019\/06\/01112517\/cropped-omnium_logo-1.png","width":1213,"height":262,"caption":"\u00d2mnium Cultural"},"image":{"@id":"https:\/\/www.omnium.cat\/ca\/#\/schema\/logo\/image\/"},"sameAs":["https:\/\/www.facebook.com\/omniumcultural","https:\/\/x.com\/omnium","https:\/\/www.instagram.com\/omniumcultural\/","https:\/\/www.youtube.com\/user\/omniumcultural"]},{"@type":"Person","@id":"https:\/\/www.omnium.cat\/ca\/#\/schema\/person\/f28f1bc2a65966e8ba6f60f6a416ec96","name":"Albert Tous","image":{"@type":"ImageObject","inLanguage":"ca","@id":"https:\/\/secure.gravatar.com\/avatar\/52933b4e3e5d9c9067bcb34742004bd324c59eedef687e9ffdda186ce9bf4e4b?s=96&d=mm&r=g","url":"https:\/\/secure.gravatar.com\/avatar\/52933b4e3e5d9c9067bcb34742004bd324c59eedef687e9ffdda186ce9bf4e4b?s=96&d=mm&r=g","contentUrl":"https:\/\/secure.gravatar.com\/avatar\/52933b4e3e5d9c9067bcb34742004bd324c59eedef687e9ffdda186ce9bf4e4b?s=96&d=mm&r=g","caption":"Albert Tous"}}]}},"_links":{"self":[{"href":"https:\/\/www.omnium.cat\/ca\/wp-json\/wp\/v2\/posts\/398705","targetHints":{"allow":["GET"]}}],"collection":[{"href":"https:\/\/www.omnium.cat\/ca\/wp-json\/wp\/v2\/posts"}],"about":[{"href":"https:\/\/www.omnium.cat\/ca\/wp-json\/wp\/v2\/types\/post"}],"author":[{"embeddable":true,"href":"https:\/\/www.omnium.cat\/ca\/wp-json\/wp\/v2\/users\/263"}],"replies":[{"embeddable":true,"href":"https:\/\/www.omnium.cat\/ca\/wp-json\/wp\/v2\/comments?post=398705"}],"version-history":[{"count":4,"href":"https:\/\/www.omnium.cat\/ca\/wp-json\/wp\/v2\/posts\/398705\/revisions"}],"predecessor-version":[{"id":398935,"href":"https:\/\/www.omnium.cat\/ca\/wp-json\/wp\/v2\/posts\/398705\/revisions\/398935"}],"wp:featuredmedia":[{"embeddable":true,"href":"https:\/\/www.omnium.cat\/ca\/wp-json\/wp\/v2\/media\/398751"}],"wp:attachment":[{"href":"https:\/\/www.omnium.cat\/ca\/wp-json\/wp\/v2\/media?parent=398705"}],"wp:term":[{"taxonomy":"category","embeddable":true,"href":"https:\/\/www.omnium.cat\/ca\/wp-json\/wp\/v2\/categories?post=398705"},{"taxonomy":"post_tag","embeddable":true,"href":"https:\/\/www.omnium.cat\/ca\/wp-json\/wp\/v2\/tags?post=398705"},{"taxonomy":"post_headquarter","embeddable":true,"href":"https:\/\/www.omnium.cat\/ca\/wp-json\/wp\/v2\/post_headquarter?post=398705"},{"taxonomy":"post_project","embeddable":true,"href":"https:\/\/www.omnium.cat\/ca\/wp-json\/wp\/v2\/post_project?post=398705"}],"curies":[{"name":"wp","href":"https:\/\/api.w.org\/{rel}","templated":true}]}}