{"id":398782,"date":"2024-02-07T12:08:47","date_gmt":"2024-02-07T11:08:47","guid":{"rendered":"https:\/\/www.omnium.cat\/?p=398782"},"modified":"2024-02-08T11:30:33","modified_gmt":"2024-02-08T10:30:33","slug":"convocatoria-de-lassembla-general-domnium-baix-camp","status":"publish","type":"post","link":"https:\/\/www.omnium.cat\/ca\/convocatoria-de-lassembla-general-domnium-baix-camp\/","title":{"rendered":"Convocat\u00f2ria de l&#8217;Assembla General d&#8217;\u00d2mnium Baix Camp"},"content":{"rendered":"\n<p><span style=\"text-decoration: underline\">Dia<\/span>: dimecres, 21 de febrer de 2024<\/p>\n<p><span style=\"text-decoration: underline\">Lloc<\/span>: seu d\u2019\u00d2mnium Baix Camp, raval de Santa Anna 2, 2n pis, Reus<\/p>\n<p><span style=\"text-decoration: underline\">Hora<\/span>: 19 h primera convocat\u00f2ria \/ 19.30 h segona convocat\u00f2ria\u00a0<\/p>\n<p><br \/><strong>ORDRE DEL DIA<\/strong><\/p>\n<p>1) Lectura i aprovaci\u00f3, si escau, de l&#8217;acta de l&#8217;assemblea anterior<\/p>\n<p>2) Presentaci\u00f3 de la mem\u00f2ria d\u2019activitats 2023<\/p>\n<p>3) Presentaci\u00f3 i aprovaci\u00f3, si escau, del Pla de Treball 2024\u00a0<\/p>\n<p>4) Presentaci\u00f3 i aprovaci\u00f3, si escau, del Pressupost 2024<\/p>\n<p>5) Torn obert de paraules<\/p>\n<p>6) Cloenda de l\u2019assemblea a c\u00e0rrec d\u2019un membre de la junta directiva d\u2019\u00d2mnium Cultural<\/p>\n<p><br \/>Per qualsevol informaci\u00f3 o dubte relacionat amb l\u2019Assemblea podeu enviar un correu a baixcamp@omnium.cat<\/p>\n<p>La documentaci\u00f3 de l\u2019Assemblea General estar\u00e0 a disposici\u00f3 dels socis i les s\u00f2cies a partir del dia 11 de febrer de 2024. Podreu demanar aquesta documentaci\u00f3 per correu electr\u00f2nic (baixcamp@omnium.cat).<\/p>\n<p>\u00a0<\/p>\n<p><strong>La junta directiva territorial d\u2019\u00d2mnium Baix Camp<\/strong><\/p>\n<p>Reus, a 7 de febrer de 2024<\/p>\n","protected":false},"excerpt":{"rendered":"<p>Dia: dimecres, 21 de febrer de 2024 Lloc: seu d\u2019\u00d2mnium Baix Camp, raval de Santa Anna 2, 2n pis, Reus Hora: 19 h primera convocat\u00f2ria \/ 19.30 h segona convocat\u00f2ria\u00a0 [&hellip;]<\/p>\n","protected":false},"author":189,"featured_media":398784,"comment_status":"closed","ping_status":"open","sticky":false,"template":"","format":"standard","meta":{"_acf_changed":false,"footnotes":""},"categories":[1],"tags":[],"post_headquarter":[1761],"post_project":[1785],"class_list":["post-398782","post","type-post","status-publish","format-standard","has-post-thumbnail","hentry","category-uncategorized-ca","post_headquarter-baix-camp","post_project-la-llanca-de-sant-jordi-2014"],"acf":[],"yoast_head":"<!-- This site is optimized with the Yoast SEO plugin v27.2 - https:\/\/yoast.com\/product\/yoast-seo-wordpress\/ -->\n<title>Convocat\u00f2ria de l&#039;Assembla General d&#039;\u00d2mnium Baix Camp - \u00d2mnium Cultural<\/title>\n<meta name=\"robots\" content=\"index, follow, max-snippet:-1, max-image-preview:large, max-video-preview:-1\" \/>\n<link rel=\"canonical\" href=\"https:\/\/www.omnium.cat\/ca\/convocatoria-de-lassembla-general-domnium-baix-camp\/\" \/>\n<meta name=\"twitter:label1\" content=\"Escrit per\" \/>\n\t<meta name=\"twitter:data1\" content=\"dgros\" \/>\n\t<meta name=\"twitter:label2\" content=\"Temps estimat de lectura\" \/>\n\t<meta name=\"twitter:data2\" content=\"1 minut\" \/>\n<script type=\"application\/ld+json\" class=\"yoast-schema-graph\">{\"@context\":\"https:\/\/schema.org\",\"@graph\":[{\"@type\":\"Article\",\"@id\":\"https:\/\/www.omnium.cat\/ca\/convocatoria-de-lassembla-general-domnium-baix-camp\/#article\",\"isPartOf\":{\"@id\":\"https:\/\/www.omnium.cat\/ca\/convocatoria-de-lassembla-general-domnium-baix-camp\/\"},\"author\":{\"name\":\"dgros\",\"@id\":\"https:\/\/www.omnium.cat\/ca\/#\/schema\/person\/6ec3c23641bd580acbc4aa22c206ab66\"},\"headline\":\"Convocat\u00f2ria de l&#8217;Assembla General d&#8217;\u00d2mnium Baix Camp\",\"datePublished\":\"2024-02-07T11:08:47+00:00\",\"dateModified\":\"2024-02-08T10:30:33+00:00\",\"mainEntityOfPage\":{\"@id\":\"https:\/\/www.omnium.cat\/ca\/convocatoria-de-lassembla-general-domnium-baix-camp\/\"},\"wordCount\":159,\"publisher\":{\"@id\":\"https:\/\/www.omnium.cat\/ca\/#organization\"},\"image\":{\"@id\":\"https:\/\/www.omnium.cat\/ca\/convocatoria-de-lassembla-general-domnium-baix-camp\/#primaryimage\"},\"thumbnailUrl\":\"https:\/\/cdn.omnium.cat\/wp-content\/uploads\/2024\/02\/07120905\/CAPCALERABUTLLETI_600x300px_AGO_TERRI-2.png\",\"articleSection\":[\"Uncategorized @oc\"],\"inLanguage\":\"ca\"},{\"@type\":\"WebPage\",\"@id\":\"https:\/\/www.omnium.cat\/ca\/convocatoria-de-lassembla-general-domnium-baix-camp\/\",\"url\":\"https:\/\/www.omnium.cat\/ca\/convocatoria-de-lassembla-general-domnium-baix-camp\/\",\"name\":\"Convocat\u00f2ria de l'Assembla General d'\u00d2mnium Baix Camp - \u00d2mnium Cultural\",\"isPartOf\":{\"@id\":\"https:\/\/www.omnium.cat\/ca\/#website\"},\"primaryImageOfPage\":{\"@id\":\"https:\/\/www.omnium.cat\/ca\/convocatoria-de-lassembla-general-domnium-baix-camp\/#primaryimage\"},\"image\":{\"@id\":\"https:\/\/www.omnium.cat\/ca\/convocatoria-de-lassembla-general-domnium-baix-camp\/#primaryimage\"},\"thumbnailUrl\":\"https:\/\/cdn.omnium.cat\/wp-content\/uploads\/2024\/02\/07120905\/CAPCALERABUTLLETI_600x300px_AGO_TERRI-2.png\",\"datePublished\":\"2024-02-07T11:08:47+00:00\",\"dateModified\":\"2024-02-08T10:30:33+00:00\",\"breadcrumb\":{\"@id\":\"https:\/\/www.omnium.cat\/ca\/convocatoria-de-lassembla-general-domnium-baix-camp\/#breadcrumb\"},\"inLanguage\":\"ca\",\"potentialAction\":[{\"@type\":\"ReadAction\",\"target\":[\"https:\/\/www.omnium.cat\/ca\/convocatoria-de-lassembla-general-domnium-baix-camp\/\"]}]},{\"@type\":\"ImageObject\",\"inLanguage\":\"ca\",\"@id\":\"https:\/\/www.omnium.cat\/ca\/convocatoria-de-lassembla-general-domnium-baix-camp\/#primaryimage\",\"url\":\"https:\/\/cdn.omnium.cat\/wp-content\/uploads\/2024\/02\/07120905\/CAPCALERABUTLLETI_600x300px_AGO_TERRI-2.png\",\"contentUrl\":\"https:\/\/cdn.omnium.cat\/wp-content\/uploads\/2024\/02\/07120905\/CAPCALERABUTLLETI_600x300px_AGO_TERRI-2.png\",\"width\":1249,\"height\":624},{\"@type\":\"BreadcrumbList\",\"@id\":\"https:\/\/www.omnium.cat\/ca\/convocatoria-de-lassembla-general-domnium-baix-camp\/#breadcrumb\",\"itemListElement\":[{\"@type\":\"ListItem\",\"position\":1,\"name\":\"Inici\",\"item\":\"https:\/\/www.omnium.cat\/ca\/\"},{\"@type\":\"ListItem\",\"position\":2,\"name\":\"Convocat\u00f2ria de l&#8217;Assembla General d&#8217;\u00d2mnium Baix Camp\"}]},{\"@type\":\"WebSite\",\"@id\":\"https:\/\/www.omnium.cat\/ca\/#website\",\"url\":\"https:\/\/www.omnium.cat\/ca\/\",\"name\":\"\u00d2mnium Cultural\",\"description\":\"Llengua Cultura Pa\u00eds\",\"publisher\":{\"@id\":\"https:\/\/www.omnium.cat\/ca\/#organization\"},\"potentialAction\":[{\"@type\":\"SearchAction\",\"target\":{\"@type\":\"EntryPoint\",\"urlTemplate\":\"https:\/\/www.omnium.cat\/ca\/?s={search_term_string}\"},\"query-input\":{\"@type\":\"PropertyValueSpecification\",\"valueRequired\":true,\"valueName\":\"search_term_string\"}}],\"inLanguage\":\"ca\"},{\"@type\":\"Organization\",\"@id\":\"https:\/\/www.omnium.cat\/ca\/#organization\",\"name\":\"\u00d2mnium Cultural\",\"url\":\"https:\/\/www.omnium.cat\/ca\/\",\"logo\":{\"@type\":\"ImageObject\",\"inLanguage\":\"ca\",\"@id\":\"https:\/\/www.omnium.cat\/ca\/#\/schema\/logo\/image\/\",\"url\":\"https:\/\/cdn.omnium.cat\/wp-content\/uploads\/2019\/06\/01112517\/cropped-omnium_logo-1.png\",\"contentUrl\":\"https:\/\/cdn.omnium.cat\/wp-content\/uploads\/2019\/06\/01112517\/cropped-omnium_logo-1.png\",\"width\":1213,\"height\":262,\"caption\":\"\u00d2mnium Cultural\"},\"image\":{\"@id\":\"https:\/\/www.omnium.cat\/ca\/#\/schema\/logo\/image\/\"},\"sameAs\":[\"https:\/\/www.facebook.com\/omniumcultural\",\"https:\/\/x.com\/omnium\",\"https:\/\/www.instagram.com\/omniumcultural\/\",\"https:\/\/www.youtube.com\/user\/omniumcultural\"]},{\"@type\":\"Person\",\"@id\":\"https:\/\/www.omnium.cat\/ca\/#\/schema\/person\/6ec3c23641bd580acbc4aa22c206ab66\",\"name\":\"dgros\",\"image\":{\"@type\":\"ImageObject\",\"inLanguage\":\"ca\",\"@id\":\"https:\/\/secure.gravatar.com\/avatar\/e345b18a385bb17c67021d5aaadabec9237940d520cb03ca98e3bc61e2a7494f?s=96&d=mm&r=g\",\"url\":\"https:\/\/secure.gravatar.com\/avatar\/e345b18a385bb17c67021d5aaadabec9237940d520cb03ca98e3bc61e2a7494f?s=96&d=mm&r=g\",\"contentUrl\":\"https:\/\/secure.gravatar.com\/avatar\/e345b18a385bb17c67021d5aaadabec9237940d520cb03ca98e3bc61e2a7494f?s=96&d=mm&r=g\",\"caption\":\"dgros\"}}]}<\/script>\n<!-- \/ Yoast SEO plugin. -->","yoast_head_json":{"title":"Convocat\u00f2ria de l'Assembla General d'\u00d2mnium Baix Camp - \u00d2mnium Cultural","robots":{"index":"index","follow":"follow","max-snippet":"max-snippet:-1","max-image-preview":"max-image-preview:large","max-video-preview":"max-video-preview:-1"},"canonical":"https:\/\/www.omnium.cat\/ca\/convocatoria-de-lassembla-general-domnium-baix-camp\/","twitter_misc":{"Escrit per":"dgros","Temps estimat de lectura":"1 minut"},"schema":{"@context":"https:\/\/schema.org","@graph":[{"@type":"Article","@id":"https:\/\/www.omnium.cat\/ca\/convocatoria-de-lassembla-general-domnium-baix-camp\/#article","isPartOf":{"@id":"https:\/\/www.omnium.cat\/ca\/convocatoria-de-lassembla-general-domnium-baix-camp\/"},"author":{"name":"dgros","@id":"https:\/\/www.omnium.cat\/ca\/#\/schema\/person\/6ec3c23641bd580acbc4aa22c206ab66"},"headline":"Convocat\u00f2ria de l&#8217;Assembla General d&#8217;\u00d2mnium Baix Camp","datePublished":"2024-02-07T11:08:47+00:00","dateModified":"2024-02-08T10:30:33+00:00","mainEntityOfPage":{"@id":"https:\/\/www.omnium.cat\/ca\/convocatoria-de-lassembla-general-domnium-baix-camp\/"},"wordCount":159,"publisher":{"@id":"https:\/\/www.omnium.cat\/ca\/#organization"},"image":{"@id":"https:\/\/www.omnium.cat\/ca\/convocatoria-de-lassembla-general-domnium-baix-camp\/#primaryimage"},"thumbnailUrl":"https:\/\/cdn.omnium.cat\/wp-content\/uploads\/2024\/02\/07120905\/CAPCALERABUTLLETI_600x300px_AGO_TERRI-2.png","articleSection":["Uncategorized @oc"],"inLanguage":"ca"},{"@type":"WebPage","@id":"https:\/\/www.omnium.cat\/ca\/convocatoria-de-lassembla-general-domnium-baix-camp\/","url":"https:\/\/www.omnium.cat\/ca\/convocatoria-de-lassembla-general-domnium-baix-camp\/","name":"Convocat\u00f2ria de l'Assembla General d'\u00d2mnium Baix Camp - \u00d2mnium Cultural","isPartOf":{"@id":"https:\/\/www.omnium.cat\/ca\/#website"},"primaryImageOfPage":{"@id":"https:\/\/www.omnium.cat\/ca\/convocatoria-de-lassembla-general-domnium-baix-camp\/#primaryimage"},"image":{"@id":"https:\/\/www.omnium.cat\/ca\/convocatoria-de-lassembla-general-domnium-baix-camp\/#primaryimage"},"thumbnailUrl":"https:\/\/cdn.omnium.cat\/wp-content\/uploads\/2024\/02\/07120905\/CAPCALERABUTLLETI_600x300px_AGO_TERRI-2.png","datePublished":"2024-02-07T11:08:47+00:00","dateModified":"2024-02-08T10:30:33+00:00","breadcrumb":{"@id":"https:\/\/www.omnium.cat\/ca\/convocatoria-de-lassembla-general-domnium-baix-camp\/#breadcrumb"},"inLanguage":"ca","potentialAction":[{"@type":"ReadAction","target":["https:\/\/www.omnium.cat\/ca\/convocatoria-de-lassembla-general-domnium-baix-camp\/"]}]},{"@type":"ImageObject","inLanguage":"ca","@id":"https:\/\/www.omnium.cat\/ca\/convocatoria-de-lassembla-general-domnium-baix-camp\/#primaryimage","url":"https:\/\/cdn.omnium.cat\/wp-content\/uploads\/2024\/02\/07120905\/CAPCALERABUTLLETI_600x300px_AGO_TERRI-2.png","contentUrl":"https:\/\/cdn.omnium.cat\/wp-content\/uploads\/2024\/02\/07120905\/CAPCALERABUTLLETI_600x300px_AGO_TERRI-2.png","width":1249,"height":624},{"@type":"BreadcrumbList","@id":"https:\/\/www.omnium.cat\/ca\/convocatoria-de-lassembla-general-domnium-baix-camp\/#breadcrumb","itemListElement":[{"@type":"ListItem","position":1,"name":"Inici","item":"https:\/\/www.omnium.cat\/ca\/"},{"@type":"ListItem","position":2,"name":"Convocat\u00f2ria de l&#8217;Assembla General d&#8217;\u00d2mnium Baix Camp"}]},{"@type":"WebSite","@id":"https:\/\/www.omnium.cat\/ca\/#website","url":"https:\/\/www.omnium.cat\/ca\/","name":"\u00d2mnium Cultural","description":"Llengua Cultura Pa\u00eds","publisher":{"@id":"https:\/\/www.omnium.cat\/ca\/#organization"},"potentialAction":[{"@type":"SearchAction","target":{"@type":"EntryPoint","urlTemplate":"https:\/\/www.omnium.cat\/ca\/?s={search_term_string}"},"query-input":{"@type":"PropertyValueSpecification","valueRequired":true,"valueName":"search_term_string"}}],"inLanguage":"ca"},{"@type":"Organization","@id":"https:\/\/www.omnium.cat\/ca\/#organization","name":"\u00d2mnium Cultural","url":"https:\/\/www.omnium.cat\/ca\/","logo":{"@type":"ImageObject","inLanguage":"ca","@id":"https:\/\/www.omnium.cat\/ca\/#\/schema\/logo\/image\/","url":"https:\/\/cdn.omnium.cat\/wp-content\/uploads\/2019\/06\/01112517\/cropped-omnium_logo-1.png","contentUrl":"https:\/\/cdn.omnium.cat\/wp-content\/uploads\/2019\/06\/01112517\/cropped-omnium_logo-1.png","width":1213,"height":262,"caption":"\u00d2mnium Cultural"},"image":{"@id":"https:\/\/www.omnium.cat\/ca\/#\/schema\/logo\/image\/"},"sameAs":["https:\/\/www.facebook.com\/omniumcultural","https:\/\/x.com\/omnium","https:\/\/www.instagram.com\/omniumcultural\/","https:\/\/www.youtube.com\/user\/omniumcultural"]},{"@type":"Person","@id":"https:\/\/www.omnium.cat\/ca\/#\/schema\/person\/6ec3c23641bd580acbc4aa22c206ab66","name":"dgros","image":{"@type":"ImageObject","inLanguage":"ca","@id":"https:\/\/secure.gravatar.com\/avatar\/e345b18a385bb17c67021d5aaadabec9237940d520cb03ca98e3bc61e2a7494f?s=96&d=mm&r=g","url":"https:\/\/secure.gravatar.com\/avatar\/e345b18a385bb17c67021d5aaadabec9237940d520cb03ca98e3bc61e2a7494f?s=96&d=mm&r=g","contentUrl":"https:\/\/secure.gravatar.com\/avatar\/e345b18a385bb17c67021d5aaadabec9237940d520cb03ca98e3bc61e2a7494f?s=96&d=mm&r=g","caption":"dgros"}}]}},"_links":{"self":[{"href":"https:\/\/www.omnium.cat\/ca\/wp-json\/wp\/v2\/posts\/398782","targetHints":{"allow":["GET"]}}],"collection":[{"href":"https:\/\/www.omnium.cat\/ca\/wp-json\/wp\/v2\/posts"}],"about":[{"href":"https:\/\/www.omnium.cat\/ca\/wp-json\/wp\/v2\/types\/post"}],"author":[{"embeddable":true,"href":"https:\/\/www.omnium.cat\/ca\/wp-json\/wp\/v2\/users\/189"}],"replies":[{"embeddable":true,"href":"https:\/\/www.omnium.cat\/ca\/wp-json\/wp\/v2\/comments?post=398782"}],"version-history":[{"count":1,"href":"https:\/\/www.omnium.cat\/ca\/wp-json\/wp\/v2\/posts\/398782\/revisions"}],"predecessor-version":[{"id":398783,"href":"https:\/\/www.omnium.cat\/ca\/wp-json\/wp\/v2\/posts\/398782\/revisions\/398783"}],"wp:featuredmedia":[{"embeddable":true,"href":"https:\/\/www.omnium.cat\/ca\/wp-json\/wp\/v2\/media\/398784"}],"wp:attachment":[{"href":"https:\/\/www.omnium.cat\/ca\/wp-json\/wp\/v2\/media?parent=398782"}],"wp:term":[{"taxonomy":"category","embeddable":true,"href":"https:\/\/www.omnium.cat\/ca\/wp-json\/wp\/v2\/categories?post=398782"},{"taxonomy":"post_tag","embeddable":true,"href":"https:\/\/www.omnium.cat\/ca\/wp-json\/wp\/v2\/tags?post=398782"},{"taxonomy":"post_headquarter","embeddable":true,"href":"https:\/\/www.omnium.cat\/ca\/wp-json\/wp\/v2\/post_headquarter?post=398782"},{"taxonomy":"post_project","embeddable":true,"href":"https:\/\/www.omnium.cat\/ca\/wp-json\/wp\/v2\/post_project?post=398782"}],"curies":[{"name":"wp","href":"https:\/\/api.w.org\/{rel}","templated":true}]}}