{"id":398790,"date":"2024-02-07T12:26:15","date_gmt":"2024-02-07T11:26:15","guid":{"rendered":"https:\/\/www.omnium.cat\/?p=398790"},"modified":"2024-02-07T12:26:19","modified_gmt":"2024-02-07T11:26:19","slug":"acte-de-reconeixement-50-anys-fent-omnium-a-omnium-bages-moianes","status":"publish","type":"post","link":"https:\/\/www.omnium.cat\/ca\/acte-de-reconeixement-50-anys-fent-omnium-a-omnium-bages-moianes\/","title":{"rendered":"Acte de reconeixement &#8217;50 anys fent \u00d2mnium a \u00d2mnium Bages-Moian\u00e8s"},"content":{"rendered":"\n<p>\u00d2mnium Bages-Moian\u00e8s, en la l\u00ednia del que es va fer en l\u2019Assemblea de socis i s\u00f2cies d\u2019\u00d2mnium Cultural a Lleida el mes de juny de 2023, ha organitzat un homenatge a les persones que fa m\u00e9s de 50 anys que formen part d\u2019\u00d2mnium Cultural.<\/p>\n<p>Va ser el dissabte, 3 de febrer, a les 11 h, a l&#8217;auditori del Convent de Sant Francesc, de Santpedor, i hi van participar una trentena de socis i s\u00f2cies que fa m\u00e9s de mig segle que donen suport a l\u2019entitat, alguns dels quals havien format part d\u2019alguna de les juntes de la seu territorial.\u00a0<\/p>\n<p>L\u2019acte va consistir en el lliurament d\u2019un pin commemoratiu per a cada soci, i la intervenci\u00f3 de la presidenta d\u2019\u00d2mnium Bages-Moian\u00e8s, S\u00edlvia Sanfeliu, i de l&#8217;alcalde de Santpedor, Agust\u00ed Comas, agraint el suport al llarg de tots aquests anys.\u00a0<\/p>\n<p>Antoni Cuadrench, el soci m\u00e9s antic de l&#8217;entitat, tamb\u00e9 va fer un parlament on va repassar la hist\u00f2ria del pa\u00eds i de la llengua catalana.\u00a0<\/p>\n<p>L&#8217;acte va comptar amb l&#8217;actuaci\u00f3 musical de Les Agnetes, el grup coral de noies de Santa Maria d&#8217;Ol\u00f3.<\/p>\n","protected":false},"excerpt":{"rendered":"<p>\u00d2mnium Bages-Moian\u00e8s, en la l\u00ednia del que es va fer en l\u2019Assemblea de socis i s\u00f2cies d\u2019\u00d2mnium Cultural a Lleida el mes de juny de 2023, ha organitzat un homenatge [&hellip;]<\/p>\n","protected":false},"author":151,"featured_media":398792,"comment_status":"closed","ping_status":"open","sticky":false,"template":"","format":"standard","meta":{"_acf_changed":false,"footnotes":""},"categories":[1],"tags":[],"post_headquarter":[1760],"post_project":[1785],"class_list":["post-398790","post","type-post","status-publish","format-standard","has-post-thumbnail","hentry","category-uncategorized-ca","post_headquarter-bages-moianes","post_project-la-llanca-de-sant-jordi-2014"],"acf":[],"yoast_head":"<!-- This site is optimized with the Yoast SEO plugin v27.2 - https:\/\/yoast.com\/product\/yoast-seo-wordpress\/ -->\n<title>Acte de reconeixement &#039;50 anys fent \u00d2mnium a \u00d2mnium Bages-Moian\u00e8s - \u00d2mnium Cultural<\/title>\n<meta name=\"robots\" content=\"index, follow, max-snippet:-1, max-image-preview:large, max-video-preview:-1\" \/>\n<link rel=\"canonical\" href=\"https:\/\/www.omnium.cat\/ca\/acte-de-reconeixement-50-anys-fent-omnium-a-omnium-bages-moianes\/\" \/>\n<meta name=\"twitter:label1\" content=\"Escrit per\" \/>\n\t<meta name=\"twitter:data1\" content=\"Eva Forn\" \/>\n\t<meta name=\"twitter:label2\" content=\"Temps estimat de lectura\" \/>\n\t<meta name=\"twitter:data2\" content=\"1 minut\" \/>\n<script type=\"application\/ld+json\" class=\"yoast-schema-graph\">{\"@context\":\"https:\/\/schema.org\",\"@graph\":[{\"@type\":\"Article\",\"@id\":\"https:\/\/www.omnium.cat\/ca\/acte-de-reconeixement-50-anys-fent-omnium-a-omnium-bages-moianes\/#article\",\"isPartOf\":{\"@id\":\"https:\/\/www.omnium.cat\/ca\/acte-de-reconeixement-50-anys-fent-omnium-a-omnium-bages-moianes\/\"},\"author\":{\"name\":\"Eva Forn\",\"@id\":\"https:\/\/www.omnium.cat\/ca\/#\/schema\/person\/43a7fd06d4134d6062dc98d0b97ad68e\"},\"headline\":\"Acte de reconeixement &#8217;50 anys fent \u00d2mnium a \u00d2mnium Bages-Moian\u00e8s\",\"datePublished\":\"2024-02-07T11:26:15+00:00\",\"dateModified\":\"2024-02-07T11:26:19+00:00\",\"mainEntityOfPage\":{\"@id\":\"https:\/\/www.omnium.cat\/ca\/acte-de-reconeixement-50-anys-fent-omnium-a-omnium-bages-moianes\/\"},\"wordCount\":212,\"publisher\":{\"@id\":\"https:\/\/www.omnium.cat\/ca\/#organization\"},\"image\":{\"@id\":\"https:\/\/www.omnium.cat\/ca\/acte-de-reconeixement-50-anys-fent-omnium-a-omnium-bages-moianes\/#primaryimage\"},\"thumbnailUrl\":\"https:\/\/cdn.omnium.cat\/wp-content\/uploads\/2024\/02\/07122555\/DSC_3314-scaled.jpg\",\"articleSection\":[\"Uncategorized @oc\"],\"inLanguage\":\"ca\"},{\"@type\":\"WebPage\",\"@id\":\"https:\/\/www.omnium.cat\/ca\/acte-de-reconeixement-50-anys-fent-omnium-a-omnium-bages-moianes\/\",\"url\":\"https:\/\/www.omnium.cat\/ca\/acte-de-reconeixement-50-anys-fent-omnium-a-omnium-bages-moianes\/\",\"name\":\"Acte de reconeixement '50 anys fent \u00d2mnium a \u00d2mnium Bages-Moian\u00e8s - \u00d2mnium Cultural\",\"isPartOf\":{\"@id\":\"https:\/\/www.omnium.cat\/ca\/#website\"},\"primaryImageOfPage\":{\"@id\":\"https:\/\/www.omnium.cat\/ca\/acte-de-reconeixement-50-anys-fent-omnium-a-omnium-bages-moianes\/#primaryimage\"},\"image\":{\"@id\":\"https:\/\/www.omnium.cat\/ca\/acte-de-reconeixement-50-anys-fent-omnium-a-omnium-bages-moianes\/#primaryimage\"},\"thumbnailUrl\":\"https:\/\/cdn.omnium.cat\/wp-content\/uploads\/2024\/02\/07122555\/DSC_3314-scaled.jpg\",\"datePublished\":\"2024-02-07T11:26:15+00:00\",\"dateModified\":\"2024-02-07T11:26:19+00:00\",\"breadcrumb\":{\"@id\":\"https:\/\/www.omnium.cat\/ca\/acte-de-reconeixement-50-anys-fent-omnium-a-omnium-bages-moianes\/#breadcrumb\"},\"inLanguage\":\"ca\",\"potentialAction\":[{\"@type\":\"ReadAction\",\"target\":[\"https:\/\/www.omnium.cat\/ca\/acte-de-reconeixement-50-anys-fent-omnium-a-omnium-bages-moianes\/\"]}]},{\"@type\":\"ImageObject\",\"inLanguage\":\"ca\",\"@id\":\"https:\/\/www.omnium.cat\/ca\/acte-de-reconeixement-50-anys-fent-omnium-a-omnium-bages-moianes\/#primaryimage\",\"url\":\"https:\/\/cdn.omnium.cat\/wp-content\/uploads\/2024\/02\/07122555\/DSC_3314-scaled.jpg\",\"contentUrl\":\"https:\/\/cdn.omnium.cat\/wp-content\/uploads\/2024\/02\/07122555\/DSC_3314-scaled.jpg\",\"width\":2560,\"height\":1708},{\"@type\":\"BreadcrumbList\",\"@id\":\"https:\/\/www.omnium.cat\/ca\/acte-de-reconeixement-50-anys-fent-omnium-a-omnium-bages-moianes\/#breadcrumb\",\"itemListElement\":[{\"@type\":\"ListItem\",\"position\":1,\"name\":\"Inici\",\"item\":\"https:\/\/www.omnium.cat\/ca\/\"},{\"@type\":\"ListItem\",\"position\":2,\"name\":\"Acte de reconeixement &#8217;50 anys fent \u00d2mnium a \u00d2mnium Bages-Moian\u00e8s\"}]},{\"@type\":\"WebSite\",\"@id\":\"https:\/\/www.omnium.cat\/ca\/#website\",\"url\":\"https:\/\/www.omnium.cat\/ca\/\",\"name\":\"\u00d2mnium Cultural\",\"description\":\"Llengua Cultura Pa\u00eds\",\"publisher\":{\"@id\":\"https:\/\/www.omnium.cat\/ca\/#organization\"},\"potentialAction\":[{\"@type\":\"SearchAction\",\"target\":{\"@type\":\"EntryPoint\",\"urlTemplate\":\"https:\/\/www.omnium.cat\/ca\/?s={search_term_string}\"},\"query-input\":{\"@type\":\"PropertyValueSpecification\",\"valueRequired\":true,\"valueName\":\"search_term_string\"}}],\"inLanguage\":\"ca\"},{\"@type\":\"Organization\",\"@id\":\"https:\/\/www.omnium.cat\/ca\/#organization\",\"name\":\"\u00d2mnium Cultural\",\"url\":\"https:\/\/www.omnium.cat\/ca\/\",\"logo\":{\"@type\":\"ImageObject\",\"inLanguage\":\"ca\",\"@id\":\"https:\/\/www.omnium.cat\/ca\/#\/schema\/logo\/image\/\",\"url\":\"https:\/\/cdn.omnium.cat\/wp-content\/uploads\/2019\/06\/01112517\/cropped-omnium_logo-1.png\",\"contentUrl\":\"https:\/\/cdn.omnium.cat\/wp-content\/uploads\/2019\/06\/01112517\/cropped-omnium_logo-1.png\",\"width\":1213,\"height\":262,\"caption\":\"\u00d2mnium Cultural\"},\"image\":{\"@id\":\"https:\/\/www.omnium.cat\/ca\/#\/schema\/logo\/image\/\"},\"sameAs\":[\"https:\/\/www.facebook.com\/omniumcultural\",\"https:\/\/x.com\/omnium\",\"https:\/\/www.instagram.com\/omniumcultural\/\",\"https:\/\/www.youtube.com\/user\/omniumcultural\"]},{\"@type\":\"Person\",\"@id\":\"https:\/\/www.omnium.cat\/ca\/#\/schema\/person\/43a7fd06d4134d6062dc98d0b97ad68e\",\"name\":\"Eva Forn\",\"image\":{\"@type\":\"ImageObject\",\"inLanguage\":\"ca\",\"@id\":\"https:\/\/secure.gravatar.com\/avatar\/f9fa77e07eb85a341274edc960188678149417a39ebf9ec7fb35d3fc23ab6911?s=96&d=mm&r=g\",\"url\":\"https:\/\/secure.gravatar.com\/avatar\/f9fa77e07eb85a341274edc960188678149417a39ebf9ec7fb35d3fc23ab6911?s=96&d=mm&r=g\",\"contentUrl\":\"https:\/\/secure.gravatar.com\/avatar\/f9fa77e07eb85a341274edc960188678149417a39ebf9ec7fb35d3fc23ab6911?s=96&d=mm&r=g\",\"caption\":\"Eva Forn\"}}]}<\/script>\n<!-- \/ Yoast SEO plugin. -->","yoast_head_json":{"title":"Acte de reconeixement '50 anys fent \u00d2mnium a \u00d2mnium Bages-Moian\u00e8s - \u00d2mnium Cultural","robots":{"index":"index","follow":"follow","max-snippet":"max-snippet:-1","max-image-preview":"max-image-preview:large","max-video-preview":"max-video-preview:-1"},"canonical":"https:\/\/www.omnium.cat\/ca\/acte-de-reconeixement-50-anys-fent-omnium-a-omnium-bages-moianes\/","twitter_misc":{"Escrit per":"Eva Forn","Temps estimat de lectura":"1 minut"},"schema":{"@context":"https:\/\/schema.org","@graph":[{"@type":"Article","@id":"https:\/\/www.omnium.cat\/ca\/acte-de-reconeixement-50-anys-fent-omnium-a-omnium-bages-moianes\/#article","isPartOf":{"@id":"https:\/\/www.omnium.cat\/ca\/acte-de-reconeixement-50-anys-fent-omnium-a-omnium-bages-moianes\/"},"author":{"name":"Eva Forn","@id":"https:\/\/www.omnium.cat\/ca\/#\/schema\/person\/43a7fd06d4134d6062dc98d0b97ad68e"},"headline":"Acte de reconeixement &#8217;50 anys fent \u00d2mnium a \u00d2mnium Bages-Moian\u00e8s","datePublished":"2024-02-07T11:26:15+00:00","dateModified":"2024-02-07T11:26:19+00:00","mainEntityOfPage":{"@id":"https:\/\/www.omnium.cat\/ca\/acte-de-reconeixement-50-anys-fent-omnium-a-omnium-bages-moianes\/"},"wordCount":212,"publisher":{"@id":"https:\/\/www.omnium.cat\/ca\/#organization"},"image":{"@id":"https:\/\/www.omnium.cat\/ca\/acte-de-reconeixement-50-anys-fent-omnium-a-omnium-bages-moianes\/#primaryimage"},"thumbnailUrl":"https:\/\/cdn.omnium.cat\/wp-content\/uploads\/2024\/02\/07122555\/DSC_3314-scaled.jpg","articleSection":["Uncategorized @oc"],"inLanguage":"ca"},{"@type":"WebPage","@id":"https:\/\/www.omnium.cat\/ca\/acte-de-reconeixement-50-anys-fent-omnium-a-omnium-bages-moianes\/","url":"https:\/\/www.omnium.cat\/ca\/acte-de-reconeixement-50-anys-fent-omnium-a-omnium-bages-moianes\/","name":"Acte de reconeixement '50 anys fent \u00d2mnium a \u00d2mnium Bages-Moian\u00e8s - \u00d2mnium Cultural","isPartOf":{"@id":"https:\/\/www.omnium.cat\/ca\/#website"},"primaryImageOfPage":{"@id":"https:\/\/www.omnium.cat\/ca\/acte-de-reconeixement-50-anys-fent-omnium-a-omnium-bages-moianes\/#primaryimage"},"image":{"@id":"https:\/\/www.omnium.cat\/ca\/acte-de-reconeixement-50-anys-fent-omnium-a-omnium-bages-moianes\/#primaryimage"},"thumbnailUrl":"https:\/\/cdn.omnium.cat\/wp-content\/uploads\/2024\/02\/07122555\/DSC_3314-scaled.jpg","datePublished":"2024-02-07T11:26:15+00:00","dateModified":"2024-02-07T11:26:19+00:00","breadcrumb":{"@id":"https:\/\/www.omnium.cat\/ca\/acte-de-reconeixement-50-anys-fent-omnium-a-omnium-bages-moianes\/#breadcrumb"},"inLanguage":"ca","potentialAction":[{"@type":"ReadAction","target":["https:\/\/www.omnium.cat\/ca\/acte-de-reconeixement-50-anys-fent-omnium-a-omnium-bages-moianes\/"]}]},{"@type":"ImageObject","inLanguage":"ca","@id":"https:\/\/www.omnium.cat\/ca\/acte-de-reconeixement-50-anys-fent-omnium-a-omnium-bages-moianes\/#primaryimage","url":"https:\/\/cdn.omnium.cat\/wp-content\/uploads\/2024\/02\/07122555\/DSC_3314-scaled.jpg","contentUrl":"https:\/\/cdn.omnium.cat\/wp-content\/uploads\/2024\/02\/07122555\/DSC_3314-scaled.jpg","width":2560,"height":1708},{"@type":"BreadcrumbList","@id":"https:\/\/www.omnium.cat\/ca\/acte-de-reconeixement-50-anys-fent-omnium-a-omnium-bages-moianes\/#breadcrumb","itemListElement":[{"@type":"ListItem","position":1,"name":"Inici","item":"https:\/\/www.omnium.cat\/ca\/"},{"@type":"ListItem","position":2,"name":"Acte de reconeixement &#8217;50 anys fent \u00d2mnium a \u00d2mnium Bages-Moian\u00e8s"}]},{"@type":"WebSite","@id":"https:\/\/www.omnium.cat\/ca\/#website","url":"https:\/\/www.omnium.cat\/ca\/","name":"\u00d2mnium Cultural","description":"Llengua Cultura Pa\u00eds","publisher":{"@id":"https:\/\/www.omnium.cat\/ca\/#organization"},"potentialAction":[{"@type":"SearchAction","target":{"@type":"EntryPoint","urlTemplate":"https:\/\/www.omnium.cat\/ca\/?s={search_term_string}"},"query-input":{"@type":"PropertyValueSpecification","valueRequired":true,"valueName":"search_term_string"}}],"inLanguage":"ca"},{"@type":"Organization","@id":"https:\/\/www.omnium.cat\/ca\/#organization","name":"\u00d2mnium Cultural","url":"https:\/\/www.omnium.cat\/ca\/","logo":{"@type":"ImageObject","inLanguage":"ca","@id":"https:\/\/www.omnium.cat\/ca\/#\/schema\/logo\/image\/","url":"https:\/\/cdn.omnium.cat\/wp-content\/uploads\/2019\/06\/01112517\/cropped-omnium_logo-1.png","contentUrl":"https:\/\/cdn.omnium.cat\/wp-content\/uploads\/2019\/06\/01112517\/cropped-omnium_logo-1.png","width":1213,"height":262,"caption":"\u00d2mnium Cultural"},"image":{"@id":"https:\/\/www.omnium.cat\/ca\/#\/schema\/logo\/image\/"},"sameAs":["https:\/\/www.facebook.com\/omniumcultural","https:\/\/x.com\/omnium","https:\/\/www.instagram.com\/omniumcultural\/","https:\/\/www.youtube.com\/user\/omniumcultural"]},{"@type":"Person","@id":"https:\/\/www.omnium.cat\/ca\/#\/schema\/person\/43a7fd06d4134d6062dc98d0b97ad68e","name":"Eva Forn","image":{"@type":"ImageObject","inLanguage":"ca","@id":"https:\/\/secure.gravatar.com\/avatar\/f9fa77e07eb85a341274edc960188678149417a39ebf9ec7fb35d3fc23ab6911?s=96&d=mm&r=g","url":"https:\/\/secure.gravatar.com\/avatar\/f9fa77e07eb85a341274edc960188678149417a39ebf9ec7fb35d3fc23ab6911?s=96&d=mm&r=g","contentUrl":"https:\/\/secure.gravatar.com\/avatar\/f9fa77e07eb85a341274edc960188678149417a39ebf9ec7fb35d3fc23ab6911?s=96&d=mm&r=g","caption":"Eva Forn"}}]}},"_links":{"self":[{"href":"https:\/\/www.omnium.cat\/ca\/wp-json\/wp\/v2\/posts\/398790","targetHints":{"allow":["GET"]}}],"collection":[{"href":"https:\/\/www.omnium.cat\/ca\/wp-json\/wp\/v2\/posts"}],"about":[{"href":"https:\/\/www.omnium.cat\/ca\/wp-json\/wp\/v2\/types\/post"}],"author":[{"embeddable":true,"href":"https:\/\/www.omnium.cat\/ca\/wp-json\/wp\/v2\/users\/151"}],"replies":[{"embeddable":true,"href":"https:\/\/www.omnium.cat\/ca\/wp-json\/wp\/v2\/comments?post=398790"}],"version-history":[{"count":1,"href":"https:\/\/www.omnium.cat\/ca\/wp-json\/wp\/v2\/posts\/398790\/revisions"}],"predecessor-version":[{"id":398797,"href":"https:\/\/www.omnium.cat\/ca\/wp-json\/wp\/v2\/posts\/398790\/revisions\/398797"}],"wp:featuredmedia":[{"embeddable":true,"href":"https:\/\/www.omnium.cat\/ca\/wp-json\/wp\/v2\/media\/398792"}],"wp:attachment":[{"href":"https:\/\/www.omnium.cat\/ca\/wp-json\/wp\/v2\/media?parent=398790"}],"wp:term":[{"taxonomy":"category","embeddable":true,"href":"https:\/\/www.omnium.cat\/ca\/wp-json\/wp\/v2\/categories?post=398790"},{"taxonomy":"post_tag","embeddable":true,"href":"https:\/\/www.omnium.cat\/ca\/wp-json\/wp\/v2\/tags?post=398790"},{"taxonomy":"post_headquarter","embeddable":true,"href":"https:\/\/www.omnium.cat\/ca\/wp-json\/wp\/v2\/post_headquarter?post=398790"},{"taxonomy":"post_project","embeddable":true,"href":"https:\/\/www.omnium.cat\/ca\/wp-json\/wp\/v2\/post_project?post=398790"}],"curies":[{"name":"wp","href":"https:\/\/api.w.org\/{rel}","templated":true}]}}