{"id":398812,"date":"2024-02-05T18:39:47","date_gmt":"2024-02-05T17:39:47","guid":{"rendered":"https:\/\/www.omnium.cat\/?p=398812"},"modified":"2024-02-07T19:49:25","modified_gmt":"2024-02-07T18:49:25","slug":"omnium-se-suma-als-actes-de-santa-agata-de-prats-de-llucanes","status":"publish","type":"post","link":"https:\/\/www.omnium.cat\/ca\/omnium-se-suma-als-actes-de-santa-agata-de-prats-de-llucanes\/","title":{"rendered":"\u00d2mnium se suma als actes de Santa \u00c0gata de Prats de Llu\u00e7an\u00e8s"},"content":{"rendered":"\n<p>\u00d2mnium Osona-Llu\u00e7an\u00e8s ha tornat a col\u00b7laboborar en\u00a0la programaci\u00f3 entorn la Diada de Santa \u00c0gata de Prats de Llu\u00e7an\u00e8s, que commemora la crema i el saqueig del poble, el 5 de febrer de 1714, en plena\u00a0guerra de Successi\u00f3, per part de les\u00a0tropes borb\u00f2niques de Felip V.\u00a0Enguany, tamb\u00e9 ha servit per recordar el 85\u00e8 aniversari de l&#8217;entrada de les tropes franquistes a Prats.\u00a0<\/p>\n<p>Una cinquantena de persones ha participat en una exitosa ruta participativa a c\u00e0rrec<strong> d&#8217;Anna Gorchs i Roser Reixach<\/strong>, que ha comptat amb la col\u00b7laboraci\u00f3 de persones a t\u00edtol individual i representants de diverses entitats, com Isaac Romero, representant de la junta territorial d&#8217;\u00d2mnium, que han recordat<strong><em> la import\u00e0ncia de mantenir ben viva la mem\u00f2ria democr\u00e0tica amb la lectura de dietaris personals que descrivien passatges de la guerra a la capital del Llu\u00e7an\u00e8s<\/em><\/strong>, han explicat records explicats en primera persona per algunes pradenques, o han interpretat peces musicals, entre altres, en punts claus durant l&#8217;entrada de les tropes feixistes a Prats.<\/p>\n<p>La passejada ha acabat amb la interpretaci\u00f3 de L&#8217;emigrant i un tast de Coca de Santa \u00c0gata -a c\u00e0rrec d&#8217;\u00d2mnium- que va ser recuperada fa 10 anys gr\u00e0cies al suport d&#8217;\u00d2mnium Cultural i el Col\u00b7lectiu Resili\u00e8ncia, i que ha estat molt ben rebuda pel p\u00fablic assistent.\u00a0<\/p>\n<p>La coca, elaborada al forn Cal Finus i la pastisseria Girvent, tamb\u00e9 s&#8217;ha pogut degustar al finalitzar la ballada doble de sardanes al pavell\u00f3 municipal.<\/p>\n\n\n\n<figure class=\"wp-block-gallery has-nested-images columns-default is-cropped wp-block-gallery-2 is-layout-flex wp-block-gallery-is-layout-flex\">\n<figure class=\"wp-block-image size-large\"><img fetchpriority=\"high\" decoding=\"async\" width=\"768\" height=\"1024\" data-id=\"398889\" src=\"https:\/\/cdn.omnium.cat\/wp-content\/uploads\/2024\/02\/07183723\/photo_2024-02-07_18-37-22-2-768x1024.jpg\" alt=\"\" class=\"wp-image-398889\" srcset=\"https:\/\/cdn.omnium.cat\/wp-content\/uploads\/2024\/02\/07183723\/photo_2024-02-07_18-37-22-2-768x1024.jpg 768w, https:\/\/cdn.omnium.cat\/wp-content\/uploads\/2024\/02\/07183723\/photo_2024-02-07_18-37-22-2-225x300.jpg 225w, https:\/\/cdn.omnium.cat\/wp-content\/uploads\/2024\/02\/07183723\/photo_2024-02-07_18-37-22-2-576x768.jpg 576w, https:\/\/cdn.omnium.cat\/wp-content\/uploads\/2024\/02\/07183723\/photo_2024-02-07_18-37-22-2.jpg 960w\" sizes=\"(max-width: 768px) 100vw, 768px\" \/><\/figure>\n\n\n\n<figure class=\"wp-block-image size-large\"><img decoding=\"async\" width=\"1024\" height=\"654\" data-id=\"398879\" src=\"https:\/\/cdn.omnium.cat\/wp-content\/uploads\/2024\/02\/07183715\/photo_2024-02-07_18-37-22-1024x654.jpg\" alt=\"\" class=\"wp-image-398879\" srcset=\"https:\/\/cdn.omnium.cat\/wp-content\/uploads\/2024\/02\/07183715\/photo_2024-02-07_18-37-22-1024x654.jpg 1024w, https:\/\/cdn.omnium.cat\/wp-content\/uploads\/2024\/02\/07183715\/photo_2024-02-07_18-37-22-300x191.jpg 300w, https:\/\/cdn.omnium.cat\/wp-content\/uploads\/2024\/02\/07183715\/photo_2024-02-07_18-37-22-768x490.jpg 768w, https:\/\/cdn.omnium.cat\/wp-content\/uploads\/2024\/02\/07183715\/photo_2024-02-07_18-37-22.jpg 1280w\" sizes=\"(max-width: 1024px) 100vw, 1024px\" \/><\/figure>\n\n\n\n<figure class=\"wp-block-image size-large\"><img decoding=\"async\" width=\"1024\" height=\"768\" data-id=\"398884\" src=\"https:\/\/cdn.omnium.cat\/wp-content\/uploads\/2024\/02\/07183722\/photo_2024-02-07_18-37-21-1024x768.jpg\" alt=\"\" class=\"wp-image-398884\" srcset=\"https:\/\/cdn.omnium.cat\/wp-content\/uploads\/2024\/02\/07183722\/photo_2024-02-07_18-37-21-1024x768.jpg 1024w, https:\/\/cdn.omnium.cat\/wp-content\/uploads\/2024\/02\/07183722\/photo_2024-02-07_18-37-21-300x225.jpg 300w, https:\/\/cdn.omnium.cat\/wp-content\/uploads\/2024\/02\/07183722\/photo_2024-02-07_18-37-21-768x576.jpg 768w, https:\/\/cdn.omnium.cat\/wp-content\/uploads\/2024\/02\/07183722\/photo_2024-02-07_18-37-21.jpg 1280w\" sizes=\"(max-width: 1024px) 100vw, 1024px\" \/><\/figure>\n\n\n\n<figure class=\"wp-block-image size-large\"><img loading=\"lazy\" decoding=\"async\" width=\"1024\" height=\"768\" data-id=\"398874\" src=\"https:\/\/cdn.omnium.cat\/wp-content\/uploads\/2024\/02\/07183714\/photo_2024-02-07_18-37-20-1024x768.jpg\" alt=\"\" class=\"wp-image-398874\" srcset=\"https:\/\/cdn.omnium.cat\/wp-content\/uploads\/2024\/02\/07183714\/photo_2024-02-07_18-37-20-1024x768.jpg 1024w, https:\/\/cdn.omnium.cat\/wp-content\/uploads\/2024\/02\/07183714\/photo_2024-02-07_18-37-20-300x225.jpg 300w, https:\/\/cdn.omnium.cat\/wp-content\/uploads\/2024\/02\/07183714\/photo_2024-02-07_18-37-20-768x576.jpg 768w, https:\/\/cdn.omnium.cat\/wp-content\/uploads\/2024\/02\/07183714\/photo_2024-02-07_18-37-20.jpg 1280w\" sizes=\"(max-width: 1024px) 100vw, 1024px\" \/><\/figure>\n\n\n\n<figure class=\"wp-block-image size-large\"><img loading=\"lazy\" decoding=\"async\" width=\"1024\" height=\"768\" data-id=\"398864\" src=\"https:\/\/cdn.omnium.cat\/wp-content\/uploads\/2024\/02\/07183708\/photo_2024-02-07_18-37-19-1024x768.jpg\" alt=\"\" class=\"wp-image-398864\" srcset=\"https:\/\/cdn.omnium.cat\/wp-content\/uploads\/2024\/02\/07183708\/photo_2024-02-07_18-37-19-1024x768.jpg 1024w, https:\/\/cdn.omnium.cat\/wp-content\/uploads\/2024\/02\/07183708\/photo_2024-02-07_18-37-19-300x225.jpg 300w, https:\/\/cdn.omnium.cat\/wp-content\/uploads\/2024\/02\/07183708\/photo_2024-02-07_18-37-19-768x576.jpg 768w, https:\/\/cdn.omnium.cat\/wp-content\/uploads\/2024\/02\/07183708\/photo_2024-02-07_18-37-19.jpg 1280w\" sizes=\"(max-width: 1024px) 100vw, 1024px\" \/><\/figure>\n\n\n\n<figure class=\"wp-block-image\"><img decoding=\"async\" src=\"blob:https:\/\/www.omnium.cat\/1b1f5b60-7088-4d68-b925-f3ebeaf8a8f7\" alt=\"\"\/><\/figure>\n\n\n\n<figure class=\"wp-block-image size-large\"><img loading=\"lazy\" decoding=\"async\" width=\"1024\" height=\"805\" data-id=\"398894\" src=\"https:\/\/cdn.omnium.cat\/wp-content\/uploads\/2024\/02\/07183728\/photo_2024-02-07_18-37-17-1024x805.jpg\" alt=\"\" class=\"wp-image-398894\" srcset=\"https:\/\/cdn.omnium.cat\/wp-content\/uploads\/2024\/02\/07183728\/photo_2024-02-07_18-37-17-1024x805.jpg 1024w, https:\/\/cdn.omnium.cat\/wp-content\/uploads\/2024\/02\/07183728\/photo_2024-02-07_18-37-17-300x236.jpg 300w, https:\/\/cdn.omnium.cat\/wp-content\/uploads\/2024\/02\/07183728\/photo_2024-02-07_18-37-17-768x604.jpg 768w, https:\/\/cdn.omnium.cat\/wp-content\/uploads\/2024\/02\/07183728\/photo_2024-02-07_18-37-17.jpg 1053w\" sizes=\"(max-width: 1024px) 100vw, 1024px\" \/><\/figure>\n\n\n\n<figure class=\"wp-block-image size-large\"><img loading=\"lazy\" decoding=\"async\" width=\"1024\" height=\"768\" data-id=\"398869\" src=\"https:\/\/cdn.omnium.cat\/wp-content\/uploads\/2024\/02\/07183710\/photo_2024-02-05_19-13-29-1-1024x768.jpg\" alt=\"\" class=\"wp-image-398869\" srcset=\"https:\/\/cdn.omnium.cat\/wp-content\/uploads\/2024\/02\/07183710\/photo_2024-02-05_19-13-29-1-1024x768.jpg 1024w, https:\/\/cdn.omnium.cat\/wp-content\/uploads\/2024\/02\/07183710\/photo_2024-02-05_19-13-29-1-300x225.jpg 300w, https:\/\/cdn.omnium.cat\/wp-content\/uploads\/2024\/02\/07183710\/photo_2024-02-05_19-13-29-1-768x576.jpg 768w, https:\/\/cdn.omnium.cat\/wp-content\/uploads\/2024\/02\/07183710\/photo_2024-02-05_19-13-29-1.jpg 1280w\" sizes=\"(max-width: 1024px) 100vw, 1024px\" \/><\/figure>\n\n\n\n<figure class=\"wp-block-image size-large\"><img loading=\"lazy\" decoding=\"async\" width=\"1024\" height=\"768\" data-id=\"398899\" src=\"https:\/\/cdn.omnium.cat\/wp-content\/uploads\/2024\/02\/07183730\/photo_2024-02-05_19-13-20-1024x768.jpg\" alt=\"\" class=\"wp-image-398899\" srcset=\"https:\/\/cdn.omnium.cat\/wp-content\/uploads\/2024\/02\/07183730\/photo_2024-02-05_19-13-20-1024x768.jpg 1024w, https:\/\/cdn.omnium.cat\/wp-content\/uploads\/2024\/02\/07183730\/photo_2024-02-05_19-13-20-300x225.jpg 300w, https:\/\/cdn.omnium.cat\/wp-content\/uploads\/2024\/02\/07183730\/photo_2024-02-05_19-13-20-768x576.jpg 768w, https:\/\/cdn.omnium.cat\/wp-content\/uploads\/2024\/02\/07183730\/photo_2024-02-05_19-13-20.jpg 1280w\" sizes=\"(max-width: 1024px) 100vw, 1024px\" \/><\/figure>\n<\/figure>\n","protected":false},"excerpt":{"rendered":"<p>\u00d2mnium Osona-Llu\u00e7an\u00e8s ha tornat a col\u00b7laboborar en\u00a0la programaci\u00f3 entorn la Diada de Santa \u00c0gata de Prats de Llu\u00e7an\u00e8s, que commemora la crema i el saqueig del poble, el 5 de [&hellip;]<\/p>\n","protected":false},"author":241,"featured_media":398859,"comment_status":"closed","ping_status":"open","sticky":false,"template":"","format":"standard","meta":{"_acf_changed":false,"footnotes":""},"categories":[1],"tags":[],"post_headquarter":[1752],"post_project":[],"class_list":["post-398812","post","type-post","status-publish","format-standard","has-post-thumbnail","hentry","category-uncategorized-ca","post_headquarter-osona"],"acf":[],"yoast_head":"<!-- This site is optimized with the Yoast SEO plugin v27.2 - https:\/\/yoast.com\/product\/yoast-seo-wordpress\/ -->\n<title>\u00d2mnium se suma als actes de Santa \u00c0gata de Prats de Llu\u00e7an\u00e8s - \u00d2mnium Cultural<\/title>\n<meta name=\"description\" content=\"\u00d2mnium Osona-Llu\u00e7an\u00e8s ha col\u00b7laboborat en la Diada de Santa \u00c0gata de Prats de Llu\u00e7an\u00e8s, que commemora la crema i el saqueig del poble el febrer de 1714.\" \/>\n<meta name=\"robots\" content=\"index, follow, max-snippet:-1, max-image-preview:large, max-video-preview:-1\" \/>\n<link rel=\"canonical\" href=\"https:\/\/www.omnium.cat\/ca\/omnium-se-suma-als-actes-de-santa-agata-de-prats-de-llucanes\/\" \/>\n<meta name=\"twitter:label1\" content=\"Escrit per\" \/>\n\t<meta name=\"twitter:data1\" content=\"Eduard Pujol\" \/>\n\t<meta name=\"twitter:label2\" content=\"Temps estimat de lectura\" \/>\n\t<meta name=\"twitter:data2\" content=\"4 minuts\" \/>\n<script type=\"application\/ld+json\" class=\"yoast-schema-graph\">{\"@context\":\"https:\/\/schema.org\",\"@graph\":[{\"@type\":\"Article\",\"@id\":\"https:\/\/www.omnium.cat\/ca\/omnium-se-suma-als-actes-de-santa-agata-de-prats-de-llucanes\/#article\",\"isPartOf\":{\"@id\":\"https:\/\/www.omnium.cat\/ca\/omnium-se-suma-als-actes-de-santa-agata-de-prats-de-llucanes\/\"},\"author\":{\"name\":\"Eduard Pujol\",\"@id\":\"https:\/\/www.omnium.cat\/ca\/#\/schema\/person\/f1750d0620714a5c4c25a4ab600f84af\"},\"headline\":\"\u00d2mnium se suma als actes de Santa \u00c0gata de Prats de Llu\u00e7an\u00e8s\",\"datePublished\":\"2024-02-05T17:39:47+00:00\",\"dateModified\":\"2024-02-07T18:49:25+00:00\",\"mainEntityOfPage\":{\"@id\":\"https:\/\/www.omnium.cat\/ca\/omnium-se-suma-als-actes-de-santa-agata-de-prats-de-llucanes\/\"},\"wordCount\":273,\"publisher\":{\"@id\":\"https:\/\/www.omnium.cat\/ca\/#organization\"},\"image\":{\"@id\":\"https:\/\/www.omnium.cat\/ca\/omnium-se-suma-als-actes-de-santa-agata-de-prats-de-llucanes\/#primaryimage\"},\"thumbnailUrl\":\"https:\/\/cdn.omnium.cat\/wp-content\/uploads\/2024\/02\/07183620\/photo_2024-02-05_19-13-29.jpg\",\"articleSection\":[\"Uncategorized @oc\"],\"inLanguage\":\"ca\"},{\"@type\":\"WebPage\",\"@id\":\"https:\/\/www.omnium.cat\/ca\/omnium-se-suma-als-actes-de-santa-agata-de-prats-de-llucanes\/\",\"url\":\"https:\/\/www.omnium.cat\/ca\/omnium-se-suma-als-actes-de-santa-agata-de-prats-de-llucanes\/\",\"name\":\"\u00d2mnium se suma als actes de Santa \u00c0gata de Prats de Llu\u00e7an\u00e8s - \u00d2mnium Cultural\",\"isPartOf\":{\"@id\":\"https:\/\/www.omnium.cat\/ca\/#website\"},\"primaryImageOfPage\":{\"@id\":\"https:\/\/www.omnium.cat\/ca\/omnium-se-suma-als-actes-de-santa-agata-de-prats-de-llucanes\/#primaryimage\"},\"image\":{\"@id\":\"https:\/\/www.omnium.cat\/ca\/omnium-se-suma-als-actes-de-santa-agata-de-prats-de-llucanes\/#primaryimage\"},\"thumbnailUrl\":\"https:\/\/cdn.omnium.cat\/wp-content\/uploads\/2024\/02\/07183620\/photo_2024-02-05_19-13-29.jpg\",\"datePublished\":\"2024-02-05T17:39:47+00:00\",\"dateModified\":\"2024-02-07T18:49:25+00:00\",\"description\":\"\u00d2mnium Osona-Llu\u00e7an\u00e8s ha col\u00b7laboborat en la Diada de Santa \u00c0gata de Prats de Llu\u00e7an\u00e8s, que commemora la crema i el saqueig del poble el febrer de 1714.\",\"breadcrumb\":{\"@id\":\"https:\/\/www.omnium.cat\/ca\/omnium-se-suma-als-actes-de-santa-agata-de-prats-de-llucanes\/#breadcrumb\"},\"inLanguage\":\"ca\",\"potentialAction\":[{\"@type\":\"ReadAction\",\"target\":[\"https:\/\/www.omnium.cat\/ca\/omnium-se-suma-als-actes-de-santa-agata-de-prats-de-llucanes\/\"]}]},{\"@type\":\"ImageObject\",\"inLanguage\":\"ca\",\"@id\":\"https:\/\/www.omnium.cat\/ca\/omnium-se-suma-als-actes-de-santa-agata-de-prats-de-llucanes\/#primaryimage\",\"url\":\"https:\/\/cdn.omnium.cat\/wp-content\/uploads\/2024\/02\/07183620\/photo_2024-02-05_19-13-29.jpg\",\"contentUrl\":\"https:\/\/cdn.omnium.cat\/wp-content\/uploads\/2024\/02\/07183620\/photo_2024-02-05_19-13-29.jpg\",\"width\":1280,\"height\":960},{\"@type\":\"BreadcrumbList\",\"@id\":\"https:\/\/www.omnium.cat\/ca\/omnium-se-suma-als-actes-de-santa-agata-de-prats-de-llucanes\/#breadcrumb\",\"itemListElement\":[{\"@type\":\"ListItem\",\"position\":1,\"name\":\"Inici\",\"item\":\"https:\/\/www.omnium.cat\/ca\/\"},{\"@type\":\"ListItem\",\"position\":2,\"name\":\"\u00d2mnium se suma als actes de Santa \u00c0gata de Prats de Llu\u00e7an\u00e8s\"}]},{\"@type\":\"WebSite\",\"@id\":\"https:\/\/www.omnium.cat\/ca\/#website\",\"url\":\"https:\/\/www.omnium.cat\/ca\/\",\"name\":\"\u00d2mnium Cultural\",\"description\":\"Llengua Cultura Pa\u00eds\",\"publisher\":{\"@id\":\"https:\/\/www.omnium.cat\/ca\/#organization\"},\"potentialAction\":[{\"@type\":\"SearchAction\",\"target\":{\"@type\":\"EntryPoint\",\"urlTemplate\":\"https:\/\/www.omnium.cat\/ca\/?s={search_term_string}\"},\"query-input\":{\"@type\":\"PropertyValueSpecification\",\"valueRequired\":true,\"valueName\":\"search_term_string\"}}],\"inLanguage\":\"ca\"},{\"@type\":\"Organization\",\"@id\":\"https:\/\/www.omnium.cat\/ca\/#organization\",\"name\":\"\u00d2mnium Cultural\",\"url\":\"https:\/\/www.omnium.cat\/ca\/\",\"logo\":{\"@type\":\"ImageObject\",\"inLanguage\":\"ca\",\"@id\":\"https:\/\/www.omnium.cat\/ca\/#\/schema\/logo\/image\/\",\"url\":\"https:\/\/cdn.omnium.cat\/wp-content\/uploads\/2019\/06\/01112517\/cropped-omnium_logo-1.png\",\"contentUrl\":\"https:\/\/cdn.omnium.cat\/wp-content\/uploads\/2019\/06\/01112517\/cropped-omnium_logo-1.png\",\"width\":1213,\"height\":262,\"caption\":\"\u00d2mnium Cultural\"},\"image\":{\"@id\":\"https:\/\/www.omnium.cat\/ca\/#\/schema\/logo\/image\/\"},\"sameAs\":[\"https:\/\/www.facebook.com\/omniumcultural\",\"https:\/\/x.com\/omnium\",\"https:\/\/www.instagram.com\/omniumcultural\/\",\"https:\/\/www.youtube.com\/user\/omniumcultural\"]},{\"@type\":\"Person\",\"@id\":\"https:\/\/www.omnium.cat\/ca\/#\/schema\/person\/f1750d0620714a5c4c25a4ab600f84af\",\"name\":\"Eduard Pujol\",\"image\":{\"@type\":\"ImageObject\",\"inLanguage\":\"ca\",\"@id\":\"https:\/\/secure.gravatar.com\/avatar\/4084c5b2d18f8a3bfb1b1398a5334b695ae52ed136c955fcc7c4bd8df153e846?s=96&d=mm&r=g\",\"url\":\"https:\/\/secure.gravatar.com\/avatar\/4084c5b2d18f8a3bfb1b1398a5334b695ae52ed136c955fcc7c4bd8df153e846?s=96&d=mm&r=g\",\"contentUrl\":\"https:\/\/secure.gravatar.com\/avatar\/4084c5b2d18f8a3bfb1b1398a5334b695ae52ed136c955fcc7c4bd8df153e846?s=96&d=mm&r=g\",\"caption\":\"Eduard Pujol\"}}]}<\/script>\n<!-- \/ Yoast SEO plugin. -->","yoast_head_json":{"title":"\u00d2mnium se suma als actes de Santa \u00c0gata de Prats de Llu\u00e7an\u00e8s - \u00d2mnium Cultural","description":"\u00d2mnium Osona-Llu\u00e7an\u00e8s ha col\u00b7laboborat en la Diada de Santa \u00c0gata de Prats de Llu\u00e7an\u00e8s, que commemora la crema i el saqueig del poble el febrer de 1714.","robots":{"index":"index","follow":"follow","max-snippet":"max-snippet:-1","max-image-preview":"max-image-preview:large","max-video-preview":"max-video-preview:-1"},"canonical":"https:\/\/www.omnium.cat\/ca\/omnium-se-suma-als-actes-de-santa-agata-de-prats-de-llucanes\/","twitter_misc":{"Escrit per":"Eduard Pujol","Temps estimat de lectura":"4 minuts"},"schema":{"@context":"https:\/\/schema.org","@graph":[{"@type":"Article","@id":"https:\/\/www.omnium.cat\/ca\/omnium-se-suma-als-actes-de-santa-agata-de-prats-de-llucanes\/#article","isPartOf":{"@id":"https:\/\/www.omnium.cat\/ca\/omnium-se-suma-als-actes-de-santa-agata-de-prats-de-llucanes\/"},"author":{"name":"Eduard Pujol","@id":"https:\/\/www.omnium.cat\/ca\/#\/schema\/person\/f1750d0620714a5c4c25a4ab600f84af"},"headline":"\u00d2mnium se suma als actes de Santa \u00c0gata de Prats de Llu\u00e7an\u00e8s","datePublished":"2024-02-05T17:39:47+00:00","dateModified":"2024-02-07T18:49:25+00:00","mainEntityOfPage":{"@id":"https:\/\/www.omnium.cat\/ca\/omnium-se-suma-als-actes-de-santa-agata-de-prats-de-llucanes\/"},"wordCount":273,"publisher":{"@id":"https:\/\/www.omnium.cat\/ca\/#organization"},"image":{"@id":"https:\/\/www.omnium.cat\/ca\/omnium-se-suma-als-actes-de-santa-agata-de-prats-de-llucanes\/#primaryimage"},"thumbnailUrl":"https:\/\/cdn.omnium.cat\/wp-content\/uploads\/2024\/02\/07183620\/photo_2024-02-05_19-13-29.jpg","articleSection":["Uncategorized @oc"],"inLanguage":"ca"},{"@type":"WebPage","@id":"https:\/\/www.omnium.cat\/ca\/omnium-se-suma-als-actes-de-santa-agata-de-prats-de-llucanes\/","url":"https:\/\/www.omnium.cat\/ca\/omnium-se-suma-als-actes-de-santa-agata-de-prats-de-llucanes\/","name":"\u00d2mnium se suma als actes de Santa \u00c0gata de Prats de Llu\u00e7an\u00e8s - \u00d2mnium Cultural","isPartOf":{"@id":"https:\/\/www.omnium.cat\/ca\/#website"},"primaryImageOfPage":{"@id":"https:\/\/www.omnium.cat\/ca\/omnium-se-suma-als-actes-de-santa-agata-de-prats-de-llucanes\/#primaryimage"},"image":{"@id":"https:\/\/www.omnium.cat\/ca\/omnium-se-suma-als-actes-de-santa-agata-de-prats-de-llucanes\/#primaryimage"},"thumbnailUrl":"https:\/\/cdn.omnium.cat\/wp-content\/uploads\/2024\/02\/07183620\/photo_2024-02-05_19-13-29.jpg","datePublished":"2024-02-05T17:39:47+00:00","dateModified":"2024-02-07T18:49:25+00:00","description":"\u00d2mnium Osona-Llu\u00e7an\u00e8s ha col\u00b7laboborat en la Diada de Santa \u00c0gata de Prats de Llu\u00e7an\u00e8s, que commemora la crema i el saqueig del poble el febrer de 1714.","breadcrumb":{"@id":"https:\/\/www.omnium.cat\/ca\/omnium-se-suma-als-actes-de-santa-agata-de-prats-de-llucanes\/#breadcrumb"},"inLanguage":"ca","potentialAction":[{"@type":"ReadAction","target":["https:\/\/www.omnium.cat\/ca\/omnium-se-suma-als-actes-de-santa-agata-de-prats-de-llucanes\/"]}]},{"@type":"ImageObject","inLanguage":"ca","@id":"https:\/\/www.omnium.cat\/ca\/omnium-se-suma-als-actes-de-santa-agata-de-prats-de-llucanes\/#primaryimage","url":"https:\/\/cdn.omnium.cat\/wp-content\/uploads\/2024\/02\/07183620\/photo_2024-02-05_19-13-29.jpg","contentUrl":"https:\/\/cdn.omnium.cat\/wp-content\/uploads\/2024\/02\/07183620\/photo_2024-02-05_19-13-29.jpg","width":1280,"height":960},{"@type":"BreadcrumbList","@id":"https:\/\/www.omnium.cat\/ca\/omnium-se-suma-als-actes-de-santa-agata-de-prats-de-llucanes\/#breadcrumb","itemListElement":[{"@type":"ListItem","position":1,"name":"Inici","item":"https:\/\/www.omnium.cat\/ca\/"},{"@type":"ListItem","position":2,"name":"\u00d2mnium se suma als actes de Santa \u00c0gata de Prats de Llu\u00e7an\u00e8s"}]},{"@type":"WebSite","@id":"https:\/\/www.omnium.cat\/ca\/#website","url":"https:\/\/www.omnium.cat\/ca\/","name":"\u00d2mnium Cultural","description":"Llengua Cultura Pa\u00eds","publisher":{"@id":"https:\/\/www.omnium.cat\/ca\/#organization"},"potentialAction":[{"@type":"SearchAction","target":{"@type":"EntryPoint","urlTemplate":"https:\/\/www.omnium.cat\/ca\/?s={search_term_string}"},"query-input":{"@type":"PropertyValueSpecification","valueRequired":true,"valueName":"search_term_string"}}],"inLanguage":"ca"},{"@type":"Organization","@id":"https:\/\/www.omnium.cat\/ca\/#organization","name":"\u00d2mnium Cultural","url":"https:\/\/www.omnium.cat\/ca\/","logo":{"@type":"ImageObject","inLanguage":"ca","@id":"https:\/\/www.omnium.cat\/ca\/#\/schema\/logo\/image\/","url":"https:\/\/cdn.omnium.cat\/wp-content\/uploads\/2019\/06\/01112517\/cropped-omnium_logo-1.png","contentUrl":"https:\/\/cdn.omnium.cat\/wp-content\/uploads\/2019\/06\/01112517\/cropped-omnium_logo-1.png","width":1213,"height":262,"caption":"\u00d2mnium Cultural"},"image":{"@id":"https:\/\/www.omnium.cat\/ca\/#\/schema\/logo\/image\/"},"sameAs":["https:\/\/www.facebook.com\/omniumcultural","https:\/\/x.com\/omnium","https:\/\/www.instagram.com\/omniumcultural\/","https:\/\/www.youtube.com\/user\/omniumcultural"]},{"@type":"Person","@id":"https:\/\/www.omnium.cat\/ca\/#\/schema\/person\/f1750d0620714a5c4c25a4ab600f84af","name":"Eduard Pujol","image":{"@type":"ImageObject","inLanguage":"ca","@id":"https:\/\/secure.gravatar.com\/avatar\/4084c5b2d18f8a3bfb1b1398a5334b695ae52ed136c955fcc7c4bd8df153e846?s=96&d=mm&r=g","url":"https:\/\/secure.gravatar.com\/avatar\/4084c5b2d18f8a3bfb1b1398a5334b695ae52ed136c955fcc7c4bd8df153e846?s=96&d=mm&r=g","contentUrl":"https:\/\/secure.gravatar.com\/avatar\/4084c5b2d18f8a3bfb1b1398a5334b695ae52ed136c955fcc7c4bd8df153e846?s=96&d=mm&r=g","caption":"Eduard Pujol"}}]}},"_links":{"self":[{"href":"https:\/\/www.omnium.cat\/ca\/wp-json\/wp\/v2\/posts\/398812","targetHints":{"allow":["GET"]}}],"collection":[{"href":"https:\/\/www.omnium.cat\/ca\/wp-json\/wp\/v2\/posts"}],"about":[{"href":"https:\/\/www.omnium.cat\/ca\/wp-json\/wp\/v2\/types\/post"}],"author":[{"embeddable":true,"href":"https:\/\/www.omnium.cat\/ca\/wp-json\/wp\/v2\/users\/241"}],"replies":[{"embeddable":true,"href":"https:\/\/www.omnium.cat\/ca\/wp-json\/wp\/v2\/comments?post=398812"}],"version-history":[{"count":1,"href":"https:\/\/www.omnium.cat\/ca\/wp-json\/wp\/v2\/posts\/398812\/revisions"}],"predecessor-version":[{"id":398909,"href":"https:\/\/www.omnium.cat\/ca\/wp-json\/wp\/v2\/posts\/398812\/revisions\/398909"}],"wp:featuredmedia":[{"embeddable":true,"href":"https:\/\/www.omnium.cat\/ca\/wp-json\/wp\/v2\/media\/398859"}],"wp:attachment":[{"href":"https:\/\/www.omnium.cat\/ca\/wp-json\/wp\/v2\/media?parent=398812"}],"wp:term":[{"taxonomy":"category","embeddable":true,"href":"https:\/\/www.omnium.cat\/ca\/wp-json\/wp\/v2\/categories?post=398812"},{"taxonomy":"post_tag","embeddable":true,"href":"https:\/\/www.omnium.cat\/ca\/wp-json\/wp\/v2\/tags?post=398812"},{"taxonomy":"post_headquarter","embeddable":true,"href":"https:\/\/www.omnium.cat\/ca\/wp-json\/wp\/v2\/post_headquarter?post=398812"},{"taxonomy":"post_project","embeddable":true,"href":"https:\/\/www.omnium.cat\/ca\/wp-json\/wp\/v2\/post_project?post=398812"}],"curies":[{"name":"wp","href":"https:\/\/api.w.org\/{rel}","templated":true}]}}