{"id":398966,"date":"2024-02-08T12:26:57","date_gmt":"2024-02-08T11:26:57","guid":{"rendered":"https:\/\/www.omnium.cat\/?p=398966"},"modified":"2024-02-08T12:31:21","modified_gmt":"2024-02-08T11:31:21","slug":"omnium-anoia-aprova-el-pla-de-treball-per-al-2024-centrat-en-la-defensa-de-la-llengua-la-cultura-i-la-cohesio-social","status":"publish","type":"post","link":"https:\/\/www.omnium.cat\/ca\/omnium-anoia-aprova-el-pla-de-treball-per-al-2024-centrat-en-la-defensa-de-la-llengua-la-cultura-i-la-cohesio-social\/","title":{"rendered":"\u00d2mnium Anoia aprova el pla de treball per al 2024 centrat en la defensa de la llengua, la cultura i la cohesi\u00f3 social"},"content":{"rendered":"\n<p>Aquest dijous passat \u00d2mnium Anoia va celebrar l\u2019assemblea general ordin\u00e0ria. Els socis de l\u2019entitat van aprovar el pressupost per al 2024 i el pla de treball per aquest any, que posa l\u2019accent en la defensa de la llengua, la cultura, la cohesi\u00f3 social i el treball compartit amb altres entitats de la comarca. L\u2019assemblea, que va tenir lloc a la sala de socis de l\u2019Ateneu Igualad\u00ed, va comptar amb una trentena d\u2019assistents.<\/p>\n<p>Un cop aprovats els diferents punts de l\u2019ordre del dia, va intervenir la professora Rosa Oliv\u00e9, membre de la junta directiva nacional d\u2019\u00d2mnium, que va definir la llei d\u2019amnistia com una \u201cautoesmena de l\u2019Estat\u201d i va posar en valor l\u2019amnistia com un triomf del moviment independentista que ha obligat l\u2019estat a recon\u00e8ixer que tot el que es va fer durant el proc\u00e9s no va ser delicte sin\u00f3 l\u2019exercici de drets fonamentals. Oliv\u00e9 va alertar, per\u00f2, que la tasca que s&#8217;obre en aquest nou cicle pol\u00edtic ha de ser \u00abla d\u2019encetar el cam\u00ed per passar de l&#8217;amnistia a l\u2019autodeterminaci\u00f3\u00bb. En aquest sentit assenyala que la tasca d\u2019\u00d2mnium per assolir aquest objectiu \u00e9s &#8220;seguir treballant per reconstruir el moviment, seguir vertebrant la societat civil i liderar la reconstrucci\u00f3 nacional&#8221;. En acabar l\u2019acte es va fer un tast de cerveses artesanes de proximitat.<\/p>\n","protected":false},"excerpt":{"rendered":"<p>Aquest dijous passat \u00d2mnium Anoia va celebrar l\u2019assemblea general ordin\u00e0ria. Els socis de l\u2019entitat van aprovar el pressupost per al 2024 i el pla de treball per aquest any, que [&hellip;]<\/p>\n","protected":false},"author":150,"featured_media":398967,"comment_status":"closed","ping_status":"open","sticky":false,"template":"","format":"standard","meta":{"_acf_changed":false,"footnotes":""},"categories":[1],"tags":[],"post_headquarter":[1756],"post_project":[],"class_list":["post-398966","post","type-post","status-publish","format-standard","has-post-thumbnail","hentry","category-uncategorized-ca","post_headquarter-anoia"],"acf":[],"yoast_head":"<!-- This site is optimized with the Yoast SEO plugin v27.2 - https:\/\/yoast.com\/product\/yoast-seo-wordpress\/ -->\n<title>\u00d2mnium Anoia aprova el pla de treball per al 2024 centrat en la defensa de la llengua, la cultura i la cohesi\u00f3 social - \u00d2mnium Cultural<\/title>\n<meta name=\"robots\" content=\"index, follow, max-snippet:-1, max-image-preview:large, max-video-preview:-1\" \/>\n<link rel=\"canonical\" href=\"https:\/\/www.omnium.cat\/ca\/omnium-anoia-aprova-el-pla-de-treball-per-al-2024-centrat-en-la-defensa-de-la-llengua-la-cultura-i-la-cohesio-social\/\" \/>\n<meta name=\"twitter:label1\" content=\"Escrit per\" \/>\n\t<meta name=\"twitter:data1\" content=\"Isaac Pedrola\" \/>\n\t<meta name=\"twitter:label2\" content=\"Temps estimat de lectura\" \/>\n\t<meta name=\"twitter:data2\" content=\"2 minuts\" \/>\n<script type=\"application\/ld+json\" class=\"yoast-schema-graph\">{\"@context\":\"https:\/\/schema.org\",\"@graph\":[{\"@type\":\"Article\",\"@id\":\"https:\/\/www.omnium.cat\/ca\/omnium-anoia-aprova-el-pla-de-treball-per-al-2024-centrat-en-la-defensa-de-la-llengua-la-cultura-i-la-cohesio-social\/#article\",\"isPartOf\":{\"@id\":\"https:\/\/www.omnium.cat\/ca\/omnium-anoia-aprova-el-pla-de-treball-per-al-2024-centrat-en-la-defensa-de-la-llengua-la-cultura-i-la-cohesio-social\/\"},\"author\":{\"name\":\"Isaac Pedrola\",\"@id\":\"https:\/\/www.omnium.cat\/ca\/#\/schema\/person\/b9e16c56e3a1dce46979671a60edabc9\"},\"headline\":\"\u00d2mnium Anoia aprova el pla de treball per al 2024 centrat en la defensa de la llengua, la cultura i la cohesi\u00f3 social\",\"datePublished\":\"2024-02-08T11:26:57+00:00\",\"dateModified\":\"2024-02-08T11:31:21+00:00\",\"mainEntityOfPage\":{\"@id\":\"https:\/\/www.omnium.cat\/ca\/omnium-anoia-aprova-el-pla-de-treball-per-al-2024-centrat-en-la-defensa-de-la-llengua-la-cultura-i-la-cohesio-social\/\"},\"wordCount\":256,\"publisher\":{\"@id\":\"https:\/\/www.omnium.cat\/ca\/#organization\"},\"image\":{\"@id\":\"https:\/\/www.omnium.cat\/ca\/omnium-anoia-aprova-el-pla-de-treball-per-al-2024-centrat-en-la-defensa-de-la-llengua-la-cultura-i-la-cohesio-social\/#primaryimage\"},\"thumbnailUrl\":\"https:\/\/cdn.omnium.cat\/wp-content\/uploads\/2024\/02\/08122556\/photo_2024-01-26_10-43-26.jpg\",\"articleSection\":[\"Uncategorized @oc\"],\"inLanguage\":\"ca\"},{\"@type\":\"WebPage\",\"@id\":\"https:\/\/www.omnium.cat\/ca\/omnium-anoia-aprova-el-pla-de-treball-per-al-2024-centrat-en-la-defensa-de-la-llengua-la-cultura-i-la-cohesio-social\/\",\"url\":\"https:\/\/www.omnium.cat\/ca\/omnium-anoia-aprova-el-pla-de-treball-per-al-2024-centrat-en-la-defensa-de-la-llengua-la-cultura-i-la-cohesio-social\/\",\"name\":\"\u00d2mnium Anoia aprova el pla de treball per al 2024 centrat en la defensa de la llengua, la cultura i la cohesi\u00f3 social - \u00d2mnium Cultural\",\"isPartOf\":{\"@id\":\"https:\/\/www.omnium.cat\/ca\/#website\"},\"primaryImageOfPage\":{\"@id\":\"https:\/\/www.omnium.cat\/ca\/omnium-anoia-aprova-el-pla-de-treball-per-al-2024-centrat-en-la-defensa-de-la-llengua-la-cultura-i-la-cohesio-social\/#primaryimage\"},\"image\":{\"@id\":\"https:\/\/www.omnium.cat\/ca\/omnium-anoia-aprova-el-pla-de-treball-per-al-2024-centrat-en-la-defensa-de-la-llengua-la-cultura-i-la-cohesio-social\/#primaryimage\"},\"thumbnailUrl\":\"https:\/\/cdn.omnium.cat\/wp-content\/uploads\/2024\/02\/08122556\/photo_2024-01-26_10-43-26.jpg\",\"datePublished\":\"2024-02-08T11:26:57+00:00\",\"dateModified\":\"2024-02-08T11:31:21+00:00\",\"breadcrumb\":{\"@id\":\"https:\/\/www.omnium.cat\/ca\/omnium-anoia-aprova-el-pla-de-treball-per-al-2024-centrat-en-la-defensa-de-la-llengua-la-cultura-i-la-cohesio-social\/#breadcrumb\"},\"inLanguage\":\"ca\",\"potentialAction\":[{\"@type\":\"ReadAction\",\"target\":[\"https:\/\/www.omnium.cat\/ca\/omnium-anoia-aprova-el-pla-de-treball-per-al-2024-centrat-en-la-defensa-de-la-llengua-la-cultura-i-la-cohesio-social\/\"]}]},{\"@type\":\"ImageObject\",\"inLanguage\":\"ca\",\"@id\":\"https:\/\/www.omnium.cat\/ca\/omnium-anoia-aprova-el-pla-de-treball-per-al-2024-centrat-en-la-defensa-de-la-llengua-la-cultura-i-la-cohesio-social\/#primaryimage\",\"url\":\"https:\/\/cdn.omnium.cat\/wp-content\/uploads\/2024\/02\/08122556\/photo_2024-01-26_10-43-26.jpg\",\"contentUrl\":\"https:\/\/cdn.omnium.cat\/wp-content\/uploads\/2024\/02\/08122556\/photo_2024-01-26_10-43-26.jpg\",\"width\":1280,\"height\":721},{\"@type\":\"BreadcrumbList\",\"@id\":\"https:\/\/www.omnium.cat\/ca\/omnium-anoia-aprova-el-pla-de-treball-per-al-2024-centrat-en-la-defensa-de-la-llengua-la-cultura-i-la-cohesio-social\/#breadcrumb\",\"itemListElement\":[{\"@type\":\"ListItem\",\"position\":1,\"name\":\"Inici\",\"item\":\"https:\/\/www.omnium.cat\/ca\/\"},{\"@type\":\"ListItem\",\"position\":2,\"name\":\"\u00d2mnium Anoia aprova el pla de treball per al 2024 centrat en la defensa de la llengua, la cultura i la cohesi\u00f3 social\"}]},{\"@type\":\"WebSite\",\"@id\":\"https:\/\/www.omnium.cat\/ca\/#website\",\"url\":\"https:\/\/www.omnium.cat\/ca\/\",\"name\":\"\u00d2mnium Cultural\",\"description\":\"Llengua Cultura Pa\u00eds\",\"publisher\":{\"@id\":\"https:\/\/www.omnium.cat\/ca\/#organization\"},\"potentialAction\":[{\"@type\":\"SearchAction\",\"target\":{\"@type\":\"EntryPoint\",\"urlTemplate\":\"https:\/\/www.omnium.cat\/ca\/?s={search_term_string}\"},\"query-input\":{\"@type\":\"PropertyValueSpecification\",\"valueRequired\":true,\"valueName\":\"search_term_string\"}}],\"inLanguage\":\"ca\"},{\"@type\":\"Organization\",\"@id\":\"https:\/\/www.omnium.cat\/ca\/#organization\",\"name\":\"\u00d2mnium Cultural\",\"url\":\"https:\/\/www.omnium.cat\/ca\/\",\"logo\":{\"@type\":\"ImageObject\",\"inLanguage\":\"ca\",\"@id\":\"https:\/\/www.omnium.cat\/ca\/#\/schema\/logo\/image\/\",\"url\":\"https:\/\/cdn.omnium.cat\/wp-content\/uploads\/2019\/06\/01112517\/cropped-omnium_logo-1.png\",\"contentUrl\":\"https:\/\/cdn.omnium.cat\/wp-content\/uploads\/2019\/06\/01112517\/cropped-omnium_logo-1.png\",\"width\":1213,\"height\":262,\"caption\":\"\u00d2mnium Cultural\"},\"image\":{\"@id\":\"https:\/\/www.omnium.cat\/ca\/#\/schema\/logo\/image\/\"},\"sameAs\":[\"https:\/\/www.facebook.com\/omniumcultural\",\"https:\/\/x.com\/omnium\",\"https:\/\/www.instagram.com\/omniumcultural\/\",\"https:\/\/www.youtube.com\/user\/omniumcultural\"]},{\"@type\":\"Person\",\"@id\":\"https:\/\/www.omnium.cat\/ca\/#\/schema\/person\/b9e16c56e3a1dce46979671a60edabc9\",\"name\":\"Isaac Pedrola\",\"image\":{\"@type\":\"ImageObject\",\"inLanguage\":\"ca\",\"@id\":\"https:\/\/secure.gravatar.com\/avatar\/b5facfa14f3bb1fe1c04062ebf51c14044951f3d287a307e2e4d4a59ae08f9cf?s=96&d=mm&r=g\",\"url\":\"https:\/\/secure.gravatar.com\/avatar\/b5facfa14f3bb1fe1c04062ebf51c14044951f3d287a307e2e4d4a59ae08f9cf?s=96&d=mm&r=g\",\"contentUrl\":\"https:\/\/secure.gravatar.com\/avatar\/b5facfa14f3bb1fe1c04062ebf51c14044951f3d287a307e2e4d4a59ae08f9cf?s=96&d=mm&r=g\",\"caption\":\"Isaac Pedrola\"}}]}<\/script>\n<!-- \/ Yoast SEO plugin. -->","yoast_head_json":{"title":"\u00d2mnium Anoia aprova el pla de treball per al 2024 centrat en la defensa de la llengua, la cultura i la cohesi\u00f3 social - \u00d2mnium Cultural","robots":{"index":"index","follow":"follow","max-snippet":"max-snippet:-1","max-image-preview":"max-image-preview:large","max-video-preview":"max-video-preview:-1"},"canonical":"https:\/\/www.omnium.cat\/ca\/omnium-anoia-aprova-el-pla-de-treball-per-al-2024-centrat-en-la-defensa-de-la-llengua-la-cultura-i-la-cohesio-social\/","twitter_misc":{"Escrit per":"Isaac Pedrola","Temps estimat de lectura":"2 minuts"},"schema":{"@context":"https:\/\/schema.org","@graph":[{"@type":"Article","@id":"https:\/\/www.omnium.cat\/ca\/omnium-anoia-aprova-el-pla-de-treball-per-al-2024-centrat-en-la-defensa-de-la-llengua-la-cultura-i-la-cohesio-social\/#article","isPartOf":{"@id":"https:\/\/www.omnium.cat\/ca\/omnium-anoia-aprova-el-pla-de-treball-per-al-2024-centrat-en-la-defensa-de-la-llengua-la-cultura-i-la-cohesio-social\/"},"author":{"name":"Isaac Pedrola","@id":"https:\/\/www.omnium.cat\/ca\/#\/schema\/person\/b9e16c56e3a1dce46979671a60edabc9"},"headline":"\u00d2mnium Anoia aprova el pla de treball per al 2024 centrat en la defensa de la llengua, la cultura i la cohesi\u00f3 social","datePublished":"2024-02-08T11:26:57+00:00","dateModified":"2024-02-08T11:31:21+00:00","mainEntityOfPage":{"@id":"https:\/\/www.omnium.cat\/ca\/omnium-anoia-aprova-el-pla-de-treball-per-al-2024-centrat-en-la-defensa-de-la-llengua-la-cultura-i-la-cohesio-social\/"},"wordCount":256,"publisher":{"@id":"https:\/\/www.omnium.cat\/ca\/#organization"},"image":{"@id":"https:\/\/www.omnium.cat\/ca\/omnium-anoia-aprova-el-pla-de-treball-per-al-2024-centrat-en-la-defensa-de-la-llengua-la-cultura-i-la-cohesio-social\/#primaryimage"},"thumbnailUrl":"https:\/\/cdn.omnium.cat\/wp-content\/uploads\/2024\/02\/08122556\/photo_2024-01-26_10-43-26.jpg","articleSection":["Uncategorized @oc"],"inLanguage":"ca"},{"@type":"WebPage","@id":"https:\/\/www.omnium.cat\/ca\/omnium-anoia-aprova-el-pla-de-treball-per-al-2024-centrat-en-la-defensa-de-la-llengua-la-cultura-i-la-cohesio-social\/","url":"https:\/\/www.omnium.cat\/ca\/omnium-anoia-aprova-el-pla-de-treball-per-al-2024-centrat-en-la-defensa-de-la-llengua-la-cultura-i-la-cohesio-social\/","name":"\u00d2mnium Anoia aprova el pla de treball per al 2024 centrat en la defensa de la llengua, la cultura i la cohesi\u00f3 social - \u00d2mnium Cultural","isPartOf":{"@id":"https:\/\/www.omnium.cat\/ca\/#website"},"primaryImageOfPage":{"@id":"https:\/\/www.omnium.cat\/ca\/omnium-anoia-aprova-el-pla-de-treball-per-al-2024-centrat-en-la-defensa-de-la-llengua-la-cultura-i-la-cohesio-social\/#primaryimage"},"image":{"@id":"https:\/\/www.omnium.cat\/ca\/omnium-anoia-aprova-el-pla-de-treball-per-al-2024-centrat-en-la-defensa-de-la-llengua-la-cultura-i-la-cohesio-social\/#primaryimage"},"thumbnailUrl":"https:\/\/cdn.omnium.cat\/wp-content\/uploads\/2024\/02\/08122556\/photo_2024-01-26_10-43-26.jpg","datePublished":"2024-02-08T11:26:57+00:00","dateModified":"2024-02-08T11:31:21+00:00","breadcrumb":{"@id":"https:\/\/www.omnium.cat\/ca\/omnium-anoia-aprova-el-pla-de-treball-per-al-2024-centrat-en-la-defensa-de-la-llengua-la-cultura-i-la-cohesio-social\/#breadcrumb"},"inLanguage":"ca","potentialAction":[{"@type":"ReadAction","target":["https:\/\/www.omnium.cat\/ca\/omnium-anoia-aprova-el-pla-de-treball-per-al-2024-centrat-en-la-defensa-de-la-llengua-la-cultura-i-la-cohesio-social\/"]}]},{"@type":"ImageObject","inLanguage":"ca","@id":"https:\/\/www.omnium.cat\/ca\/omnium-anoia-aprova-el-pla-de-treball-per-al-2024-centrat-en-la-defensa-de-la-llengua-la-cultura-i-la-cohesio-social\/#primaryimage","url":"https:\/\/cdn.omnium.cat\/wp-content\/uploads\/2024\/02\/08122556\/photo_2024-01-26_10-43-26.jpg","contentUrl":"https:\/\/cdn.omnium.cat\/wp-content\/uploads\/2024\/02\/08122556\/photo_2024-01-26_10-43-26.jpg","width":1280,"height":721},{"@type":"BreadcrumbList","@id":"https:\/\/www.omnium.cat\/ca\/omnium-anoia-aprova-el-pla-de-treball-per-al-2024-centrat-en-la-defensa-de-la-llengua-la-cultura-i-la-cohesio-social\/#breadcrumb","itemListElement":[{"@type":"ListItem","position":1,"name":"Inici","item":"https:\/\/www.omnium.cat\/ca\/"},{"@type":"ListItem","position":2,"name":"\u00d2mnium Anoia aprova el pla de treball per al 2024 centrat en la defensa de la llengua, la cultura i la cohesi\u00f3 social"}]},{"@type":"WebSite","@id":"https:\/\/www.omnium.cat\/ca\/#website","url":"https:\/\/www.omnium.cat\/ca\/","name":"\u00d2mnium Cultural","description":"Llengua Cultura Pa\u00eds","publisher":{"@id":"https:\/\/www.omnium.cat\/ca\/#organization"},"potentialAction":[{"@type":"SearchAction","target":{"@type":"EntryPoint","urlTemplate":"https:\/\/www.omnium.cat\/ca\/?s={search_term_string}"},"query-input":{"@type":"PropertyValueSpecification","valueRequired":true,"valueName":"search_term_string"}}],"inLanguage":"ca"},{"@type":"Organization","@id":"https:\/\/www.omnium.cat\/ca\/#organization","name":"\u00d2mnium Cultural","url":"https:\/\/www.omnium.cat\/ca\/","logo":{"@type":"ImageObject","inLanguage":"ca","@id":"https:\/\/www.omnium.cat\/ca\/#\/schema\/logo\/image\/","url":"https:\/\/cdn.omnium.cat\/wp-content\/uploads\/2019\/06\/01112517\/cropped-omnium_logo-1.png","contentUrl":"https:\/\/cdn.omnium.cat\/wp-content\/uploads\/2019\/06\/01112517\/cropped-omnium_logo-1.png","width":1213,"height":262,"caption":"\u00d2mnium Cultural"},"image":{"@id":"https:\/\/www.omnium.cat\/ca\/#\/schema\/logo\/image\/"},"sameAs":["https:\/\/www.facebook.com\/omniumcultural","https:\/\/x.com\/omnium","https:\/\/www.instagram.com\/omniumcultural\/","https:\/\/www.youtube.com\/user\/omniumcultural"]},{"@type":"Person","@id":"https:\/\/www.omnium.cat\/ca\/#\/schema\/person\/b9e16c56e3a1dce46979671a60edabc9","name":"Isaac Pedrola","image":{"@type":"ImageObject","inLanguage":"ca","@id":"https:\/\/secure.gravatar.com\/avatar\/b5facfa14f3bb1fe1c04062ebf51c14044951f3d287a307e2e4d4a59ae08f9cf?s=96&d=mm&r=g","url":"https:\/\/secure.gravatar.com\/avatar\/b5facfa14f3bb1fe1c04062ebf51c14044951f3d287a307e2e4d4a59ae08f9cf?s=96&d=mm&r=g","contentUrl":"https:\/\/secure.gravatar.com\/avatar\/b5facfa14f3bb1fe1c04062ebf51c14044951f3d287a307e2e4d4a59ae08f9cf?s=96&d=mm&r=g","caption":"Isaac Pedrola"}}]}},"_links":{"self":[{"href":"https:\/\/www.omnium.cat\/ca\/wp-json\/wp\/v2\/posts\/398966","targetHints":{"allow":["GET"]}}],"collection":[{"href":"https:\/\/www.omnium.cat\/ca\/wp-json\/wp\/v2\/posts"}],"about":[{"href":"https:\/\/www.omnium.cat\/ca\/wp-json\/wp\/v2\/types\/post"}],"author":[{"embeddable":true,"href":"https:\/\/www.omnium.cat\/ca\/wp-json\/wp\/v2\/users\/150"}],"replies":[{"embeddable":true,"href":"https:\/\/www.omnium.cat\/ca\/wp-json\/wp\/v2\/comments?post=398966"}],"version-history":[{"count":2,"href":"https:\/\/www.omnium.cat\/ca\/wp-json\/wp\/v2\/posts\/398966\/revisions"}],"predecessor-version":[{"id":398973,"href":"https:\/\/www.omnium.cat\/ca\/wp-json\/wp\/v2\/posts\/398966\/revisions\/398973"}],"wp:featuredmedia":[{"embeddable":true,"href":"https:\/\/www.omnium.cat\/ca\/wp-json\/wp\/v2\/media\/398967"}],"wp:attachment":[{"href":"https:\/\/www.omnium.cat\/ca\/wp-json\/wp\/v2\/media?parent=398966"}],"wp:term":[{"taxonomy":"category","embeddable":true,"href":"https:\/\/www.omnium.cat\/ca\/wp-json\/wp\/v2\/categories?post=398966"},{"taxonomy":"post_tag","embeddable":true,"href":"https:\/\/www.omnium.cat\/ca\/wp-json\/wp\/v2\/tags?post=398966"},{"taxonomy":"post_headquarter","embeddable":true,"href":"https:\/\/www.omnium.cat\/ca\/wp-json\/wp\/v2\/post_headquarter?post=398966"},{"taxonomy":"post_project","embeddable":true,"href":"https:\/\/www.omnium.cat\/ca\/wp-json\/wp\/v2\/post_project?post=398966"}],"curies":[{"name":"wp","href":"https:\/\/api.w.org\/{rel}","templated":true}]}}