{"id":399027,"date":"2024-02-08T14:25:39","date_gmt":"2024-02-08T13:25:39","guid":{"rendered":"https:\/\/www.omnium.cat\/?p=399027"},"modified":"2024-02-08T14:35:59","modified_gmt":"2024-02-08T13:35:59","slug":"omnium-alt-maresme-celebrem-la-nostra-assemblea-general-ordinaria","status":"publish","type":"post","link":"https:\/\/www.omnium.cat\/ca\/omnium-alt-maresme-celebrem-la-nostra-assemblea-general-ordinaria\/","title":{"rendered":"\u00d2mnium Alt Maresme celebrem la nostra Assemblea General Ordin\u00e0ria"},"content":{"rendered":"\n<p>\u00d2mnium Alt Maresme vam celebrar divendres de gener 26 de gener l\u2019assemblea general ordin\u00e0ria de socis i s\u00f2cies.\u00a0<\/p>\n<p>La sessi\u00f3 va comen\u00e7ar amb la lectura i aprovaci\u00f3 de l\u2019acta anterior, i, a continuaci\u00f3, es va fer un rep\u00e0s a les activitats fetes aquest 2023, a c\u00e0rrec dels membres de la Junta de l&#8217;Alt Maresme. Es va aprofitar l&#8217;avinentesa per agrair la feina feta pels voluntaris i volunt\u00e0ries que les van fer possibles.<\/p>\n<p>De cara a aquest 2024 es va presentar un pla de treball, que porta per lema &#8220;<strong>100&#215;100 compromesos amb la Llengua&#8221;,<\/strong> on destaca el comprom\u00eds de prioritzar els projectes per la Llengua, aix\u00ed com pel Pa\u00eds, la Cultura i la Cohesi\u00f3 Social. El Pla de Treball destaca la implicaci\u00f3 de la territorial de l&#8217;Alt Maresme per la implementaci\u00f3 de projectes nacionals com el Vincles, l&#8217;Escola de formaci\u00f3 Guillem Agull\u00f3, el Sambori, el CineXic i el Festival VOC. El Pla de Treball tamb\u00e9 inclou els projectes propis de la nostra territorial com la Glosa, el campionat d&#8217;Scrabble, l&#8217;excursi\u00f3 per elaborar Ratafia o el Cicle &#8220;Donem suport als nostres autors&#8221;.\u00a0<\/p>\n<p>Una vegada aprovat pels assistents el pla de treball i el pressupost pel 2024, presentat per \u00c0ngels Garcia, va fer la cloenda de l\u2019assemblea Jordi Arcarons, Secretari de la junta nacional d\u2019\u00d2mnium, agraint la tasca de la seu territorial i explicant els reptes principals de l\u2019entitat a escala de pa\u00eds.<\/p>\n","protected":false},"excerpt":{"rendered":"<p>\u00d2mnium Alt Maresme vam celebrar divendres de gener 26 de gener l\u2019assemblea general ordin\u00e0ria de socis i s\u00f2cies.\u00a0 La sessi\u00f3 va comen\u00e7ar amb la lectura i aprovaci\u00f3 de l\u2019acta anterior, [&hellip;]<\/p>\n","protected":false},"author":268,"featured_media":399028,"comment_status":"closed","ping_status":"open","sticky":false,"template":"","format":"standard","meta":{"_acf_changed":false,"footnotes":""},"categories":[1],"tags":[],"post_headquarter":[3902],"post_project":[1785],"class_list":["post-399027","post","type-post","status-publish","format-standard","has-post-thumbnail","hentry","category-uncategorized-ca","post_headquarter-alt-maresme","post_project-la-llanca-de-sant-jordi-2014"],"acf":[],"yoast_head":"<!-- This site is optimized with the Yoast SEO plugin v27.2 - https:\/\/yoast.com\/product\/yoast-seo-wordpress\/ -->\n<title>\u00d2mnium Alt Maresme celebrem la nostra Assemblea General Ordin\u00e0ria - \u00d2mnium Cultural<\/title>\n<meta name=\"robots\" content=\"index, follow, max-snippet:-1, max-image-preview:large, max-video-preview:-1\" \/>\n<link rel=\"canonical\" href=\"https:\/\/www.omnium.cat\/ca\/omnium-alt-maresme-celebrem-la-nostra-assemblea-general-ordinaria\/\" \/>\n<meta name=\"twitter:label1\" content=\"Escrit per\" \/>\n\t<meta name=\"twitter:data1\" content=\"Carles Porta\" \/>\n\t<meta name=\"twitter:label2\" content=\"Temps estimat de lectura\" \/>\n\t<meta name=\"twitter:data2\" content=\"2 minuts\" \/>\n<script type=\"application\/ld+json\" class=\"yoast-schema-graph\">{\"@context\":\"https:\/\/schema.org\",\"@graph\":[{\"@type\":\"Article\",\"@id\":\"https:\/\/www.omnium.cat\/ca\/omnium-alt-maresme-celebrem-la-nostra-assemblea-general-ordinaria\/#article\",\"isPartOf\":{\"@id\":\"https:\/\/www.omnium.cat\/ca\/omnium-alt-maresme-celebrem-la-nostra-assemblea-general-ordinaria\/\"},\"author\":{\"name\":\"Carles Porta\",\"@id\":\"https:\/\/www.omnium.cat\/ca\/#\/schema\/person\/4de75722eb8af50306e6b39ab45dc7f1\"},\"headline\":\"\u00d2mnium Alt Maresme celebrem la nostra Assemblea General Ordin\u00e0ria\",\"datePublished\":\"2024-02-08T13:25:39+00:00\",\"dateModified\":\"2024-02-08T13:35:59+00:00\",\"mainEntityOfPage\":{\"@id\":\"https:\/\/www.omnium.cat\/ca\/omnium-alt-maresme-celebrem-la-nostra-assemblea-general-ordinaria\/\"},\"wordCount\":256,\"publisher\":{\"@id\":\"https:\/\/www.omnium.cat\/ca\/#organization\"},\"image\":{\"@id\":\"https:\/\/www.omnium.cat\/ca\/omnium-alt-maresme-celebrem-la-nostra-assemblea-general-ordinaria\/#primaryimage\"},\"thumbnailUrl\":\"https:\/\/cdn.omnium.cat\/wp-content\/uploads\/2024\/02\/08142518\/photo_2024-01-26_19-36-42.jpg\",\"articleSection\":[\"Uncategorized @oc\"],\"inLanguage\":\"ca\"},{\"@type\":\"WebPage\",\"@id\":\"https:\/\/www.omnium.cat\/ca\/omnium-alt-maresme-celebrem-la-nostra-assemblea-general-ordinaria\/\",\"url\":\"https:\/\/www.omnium.cat\/ca\/omnium-alt-maresme-celebrem-la-nostra-assemblea-general-ordinaria\/\",\"name\":\"\u00d2mnium Alt Maresme celebrem la nostra Assemblea General Ordin\u00e0ria - \u00d2mnium Cultural\",\"isPartOf\":{\"@id\":\"https:\/\/www.omnium.cat\/ca\/#website\"},\"primaryImageOfPage\":{\"@id\":\"https:\/\/www.omnium.cat\/ca\/omnium-alt-maresme-celebrem-la-nostra-assemblea-general-ordinaria\/#primaryimage\"},\"image\":{\"@id\":\"https:\/\/www.omnium.cat\/ca\/omnium-alt-maresme-celebrem-la-nostra-assemblea-general-ordinaria\/#primaryimage\"},\"thumbnailUrl\":\"https:\/\/cdn.omnium.cat\/wp-content\/uploads\/2024\/02\/08142518\/photo_2024-01-26_19-36-42.jpg\",\"datePublished\":\"2024-02-08T13:25:39+00:00\",\"dateModified\":\"2024-02-08T13:35:59+00:00\",\"breadcrumb\":{\"@id\":\"https:\/\/www.omnium.cat\/ca\/omnium-alt-maresme-celebrem-la-nostra-assemblea-general-ordinaria\/#breadcrumb\"},\"inLanguage\":\"ca\",\"potentialAction\":[{\"@type\":\"ReadAction\",\"target\":[\"https:\/\/www.omnium.cat\/ca\/omnium-alt-maresme-celebrem-la-nostra-assemblea-general-ordinaria\/\"]}]},{\"@type\":\"ImageObject\",\"inLanguage\":\"ca\",\"@id\":\"https:\/\/www.omnium.cat\/ca\/omnium-alt-maresme-celebrem-la-nostra-assemblea-general-ordinaria\/#primaryimage\",\"url\":\"https:\/\/cdn.omnium.cat\/wp-content\/uploads\/2024\/02\/08142518\/photo_2024-01-26_19-36-42.jpg\",\"contentUrl\":\"https:\/\/cdn.omnium.cat\/wp-content\/uploads\/2024\/02\/08142518\/photo_2024-01-26_19-36-42.jpg\",\"width\":1280,\"height\":720},{\"@type\":\"BreadcrumbList\",\"@id\":\"https:\/\/www.omnium.cat\/ca\/omnium-alt-maresme-celebrem-la-nostra-assemblea-general-ordinaria\/#breadcrumb\",\"itemListElement\":[{\"@type\":\"ListItem\",\"position\":1,\"name\":\"Inici\",\"item\":\"https:\/\/www.omnium.cat\/ca\/\"},{\"@type\":\"ListItem\",\"position\":2,\"name\":\"\u00d2mnium Alt Maresme celebrem la nostra Assemblea General Ordin\u00e0ria\"}]},{\"@type\":\"WebSite\",\"@id\":\"https:\/\/www.omnium.cat\/ca\/#website\",\"url\":\"https:\/\/www.omnium.cat\/ca\/\",\"name\":\"\u00d2mnium Cultural\",\"description\":\"Llengua Cultura Pa\u00eds\",\"publisher\":{\"@id\":\"https:\/\/www.omnium.cat\/ca\/#organization\"},\"potentialAction\":[{\"@type\":\"SearchAction\",\"target\":{\"@type\":\"EntryPoint\",\"urlTemplate\":\"https:\/\/www.omnium.cat\/ca\/?s={search_term_string}\"},\"query-input\":{\"@type\":\"PropertyValueSpecification\",\"valueRequired\":true,\"valueName\":\"search_term_string\"}}],\"inLanguage\":\"ca\"},{\"@type\":\"Organization\",\"@id\":\"https:\/\/www.omnium.cat\/ca\/#organization\",\"name\":\"\u00d2mnium Cultural\",\"url\":\"https:\/\/www.omnium.cat\/ca\/\",\"logo\":{\"@type\":\"ImageObject\",\"inLanguage\":\"ca\",\"@id\":\"https:\/\/www.omnium.cat\/ca\/#\/schema\/logo\/image\/\",\"url\":\"https:\/\/cdn.omnium.cat\/wp-content\/uploads\/2019\/06\/01112517\/cropped-omnium_logo-1.png\",\"contentUrl\":\"https:\/\/cdn.omnium.cat\/wp-content\/uploads\/2019\/06\/01112517\/cropped-omnium_logo-1.png\",\"width\":1213,\"height\":262,\"caption\":\"\u00d2mnium Cultural\"},\"image\":{\"@id\":\"https:\/\/www.omnium.cat\/ca\/#\/schema\/logo\/image\/\"},\"sameAs\":[\"https:\/\/www.facebook.com\/omniumcultural\",\"https:\/\/x.com\/omnium\",\"https:\/\/www.instagram.com\/omniumcultural\/\",\"https:\/\/www.youtube.com\/user\/omniumcultural\"]},{\"@type\":\"Person\",\"@id\":\"https:\/\/www.omnium.cat\/ca\/#\/schema\/person\/4de75722eb8af50306e6b39ab45dc7f1\",\"name\":\"Carles Porta\",\"image\":{\"@type\":\"ImageObject\",\"inLanguage\":\"ca\",\"@id\":\"https:\/\/secure.gravatar.com\/avatar\/308bed24de2577c6193f94e5cc51cde7a0c5992498998998ff4f665db923d04d?s=96&d=mm&r=g\",\"url\":\"https:\/\/secure.gravatar.com\/avatar\/308bed24de2577c6193f94e5cc51cde7a0c5992498998998ff4f665db923d04d?s=96&d=mm&r=g\",\"contentUrl\":\"https:\/\/secure.gravatar.com\/avatar\/308bed24de2577c6193f94e5cc51cde7a0c5992498998998ff4f665db923d04d?s=96&d=mm&r=g\",\"caption\":\"Carles Porta\"}}]}<\/script>\n<!-- \/ Yoast SEO plugin. -->","yoast_head_json":{"title":"\u00d2mnium Alt Maresme celebrem la nostra Assemblea General Ordin\u00e0ria - \u00d2mnium Cultural","robots":{"index":"index","follow":"follow","max-snippet":"max-snippet:-1","max-image-preview":"max-image-preview:large","max-video-preview":"max-video-preview:-1"},"canonical":"https:\/\/www.omnium.cat\/ca\/omnium-alt-maresme-celebrem-la-nostra-assemblea-general-ordinaria\/","twitter_misc":{"Escrit per":"Carles Porta","Temps estimat de lectura":"2 minuts"},"schema":{"@context":"https:\/\/schema.org","@graph":[{"@type":"Article","@id":"https:\/\/www.omnium.cat\/ca\/omnium-alt-maresme-celebrem-la-nostra-assemblea-general-ordinaria\/#article","isPartOf":{"@id":"https:\/\/www.omnium.cat\/ca\/omnium-alt-maresme-celebrem-la-nostra-assemblea-general-ordinaria\/"},"author":{"name":"Carles Porta","@id":"https:\/\/www.omnium.cat\/ca\/#\/schema\/person\/4de75722eb8af50306e6b39ab45dc7f1"},"headline":"\u00d2mnium Alt Maresme celebrem la nostra Assemblea General Ordin\u00e0ria","datePublished":"2024-02-08T13:25:39+00:00","dateModified":"2024-02-08T13:35:59+00:00","mainEntityOfPage":{"@id":"https:\/\/www.omnium.cat\/ca\/omnium-alt-maresme-celebrem-la-nostra-assemblea-general-ordinaria\/"},"wordCount":256,"publisher":{"@id":"https:\/\/www.omnium.cat\/ca\/#organization"},"image":{"@id":"https:\/\/www.omnium.cat\/ca\/omnium-alt-maresme-celebrem-la-nostra-assemblea-general-ordinaria\/#primaryimage"},"thumbnailUrl":"https:\/\/cdn.omnium.cat\/wp-content\/uploads\/2024\/02\/08142518\/photo_2024-01-26_19-36-42.jpg","articleSection":["Uncategorized @oc"],"inLanguage":"ca"},{"@type":"WebPage","@id":"https:\/\/www.omnium.cat\/ca\/omnium-alt-maresme-celebrem-la-nostra-assemblea-general-ordinaria\/","url":"https:\/\/www.omnium.cat\/ca\/omnium-alt-maresme-celebrem-la-nostra-assemblea-general-ordinaria\/","name":"\u00d2mnium Alt Maresme celebrem la nostra Assemblea General Ordin\u00e0ria - \u00d2mnium Cultural","isPartOf":{"@id":"https:\/\/www.omnium.cat\/ca\/#website"},"primaryImageOfPage":{"@id":"https:\/\/www.omnium.cat\/ca\/omnium-alt-maresme-celebrem-la-nostra-assemblea-general-ordinaria\/#primaryimage"},"image":{"@id":"https:\/\/www.omnium.cat\/ca\/omnium-alt-maresme-celebrem-la-nostra-assemblea-general-ordinaria\/#primaryimage"},"thumbnailUrl":"https:\/\/cdn.omnium.cat\/wp-content\/uploads\/2024\/02\/08142518\/photo_2024-01-26_19-36-42.jpg","datePublished":"2024-02-08T13:25:39+00:00","dateModified":"2024-02-08T13:35:59+00:00","breadcrumb":{"@id":"https:\/\/www.omnium.cat\/ca\/omnium-alt-maresme-celebrem-la-nostra-assemblea-general-ordinaria\/#breadcrumb"},"inLanguage":"ca","potentialAction":[{"@type":"ReadAction","target":["https:\/\/www.omnium.cat\/ca\/omnium-alt-maresme-celebrem-la-nostra-assemblea-general-ordinaria\/"]}]},{"@type":"ImageObject","inLanguage":"ca","@id":"https:\/\/www.omnium.cat\/ca\/omnium-alt-maresme-celebrem-la-nostra-assemblea-general-ordinaria\/#primaryimage","url":"https:\/\/cdn.omnium.cat\/wp-content\/uploads\/2024\/02\/08142518\/photo_2024-01-26_19-36-42.jpg","contentUrl":"https:\/\/cdn.omnium.cat\/wp-content\/uploads\/2024\/02\/08142518\/photo_2024-01-26_19-36-42.jpg","width":1280,"height":720},{"@type":"BreadcrumbList","@id":"https:\/\/www.omnium.cat\/ca\/omnium-alt-maresme-celebrem-la-nostra-assemblea-general-ordinaria\/#breadcrumb","itemListElement":[{"@type":"ListItem","position":1,"name":"Inici","item":"https:\/\/www.omnium.cat\/ca\/"},{"@type":"ListItem","position":2,"name":"\u00d2mnium Alt Maresme celebrem la nostra Assemblea General Ordin\u00e0ria"}]},{"@type":"WebSite","@id":"https:\/\/www.omnium.cat\/ca\/#website","url":"https:\/\/www.omnium.cat\/ca\/","name":"\u00d2mnium Cultural","description":"Llengua Cultura Pa\u00eds","publisher":{"@id":"https:\/\/www.omnium.cat\/ca\/#organization"},"potentialAction":[{"@type":"SearchAction","target":{"@type":"EntryPoint","urlTemplate":"https:\/\/www.omnium.cat\/ca\/?s={search_term_string}"},"query-input":{"@type":"PropertyValueSpecification","valueRequired":true,"valueName":"search_term_string"}}],"inLanguage":"ca"},{"@type":"Organization","@id":"https:\/\/www.omnium.cat\/ca\/#organization","name":"\u00d2mnium Cultural","url":"https:\/\/www.omnium.cat\/ca\/","logo":{"@type":"ImageObject","inLanguage":"ca","@id":"https:\/\/www.omnium.cat\/ca\/#\/schema\/logo\/image\/","url":"https:\/\/cdn.omnium.cat\/wp-content\/uploads\/2019\/06\/01112517\/cropped-omnium_logo-1.png","contentUrl":"https:\/\/cdn.omnium.cat\/wp-content\/uploads\/2019\/06\/01112517\/cropped-omnium_logo-1.png","width":1213,"height":262,"caption":"\u00d2mnium Cultural"},"image":{"@id":"https:\/\/www.omnium.cat\/ca\/#\/schema\/logo\/image\/"},"sameAs":["https:\/\/www.facebook.com\/omniumcultural","https:\/\/x.com\/omnium","https:\/\/www.instagram.com\/omniumcultural\/","https:\/\/www.youtube.com\/user\/omniumcultural"]},{"@type":"Person","@id":"https:\/\/www.omnium.cat\/ca\/#\/schema\/person\/4de75722eb8af50306e6b39ab45dc7f1","name":"Carles Porta","image":{"@type":"ImageObject","inLanguage":"ca","@id":"https:\/\/secure.gravatar.com\/avatar\/308bed24de2577c6193f94e5cc51cde7a0c5992498998998ff4f665db923d04d?s=96&d=mm&r=g","url":"https:\/\/secure.gravatar.com\/avatar\/308bed24de2577c6193f94e5cc51cde7a0c5992498998998ff4f665db923d04d?s=96&d=mm&r=g","contentUrl":"https:\/\/secure.gravatar.com\/avatar\/308bed24de2577c6193f94e5cc51cde7a0c5992498998998ff4f665db923d04d?s=96&d=mm&r=g","caption":"Carles Porta"}}]}},"_links":{"self":[{"href":"https:\/\/www.omnium.cat\/ca\/wp-json\/wp\/v2\/posts\/399027","targetHints":{"allow":["GET"]}}],"collection":[{"href":"https:\/\/www.omnium.cat\/ca\/wp-json\/wp\/v2\/posts"}],"about":[{"href":"https:\/\/www.omnium.cat\/ca\/wp-json\/wp\/v2\/types\/post"}],"author":[{"embeddable":true,"href":"https:\/\/www.omnium.cat\/ca\/wp-json\/wp\/v2\/users\/268"}],"replies":[{"embeddable":true,"href":"https:\/\/www.omnium.cat\/ca\/wp-json\/wp\/v2\/comments?post=399027"}],"version-history":[{"count":2,"href":"https:\/\/www.omnium.cat\/ca\/wp-json\/wp\/v2\/posts\/399027\/revisions"}],"predecessor-version":[{"id":399034,"href":"https:\/\/www.omnium.cat\/ca\/wp-json\/wp\/v2\/posts\/399027\/revisions\/399034"}],"wp:featuredmedia":[{"embeddable":true,"href":"https:\/\/www.omnium.cat\/ca\/wp-json\/wp\/v2\/media\/399028"}],"wp:attachment":[{"href":"https:\/\/www.omnium.cat\/ca\/wp-json\/wp\/v2\/media?parent=399027"}],"wp:term":[{"taxonomy":"category","embeddable":true,"href":"https:\/\/www.omnium.cat\/ca\/wp-json\/wp\/v2\/categories?post=399027"},{"taxonomy":"post_tag","embeddable":true,"href":"https:\/\/www.omnium.cat\/ca\/wp-json\/wp\/v2\/tags?post=399027"},{"taxonomy":"post_headquarter","embeddable":true,"href":"https:\/\/www.omnium.cat\/ca\/wp-json\/wp\/v2\/post_headquarter?post=399027"},{"taxonomy":"post_project","embeddable":true,"href":"https:\/\/www.omnium.cat\/ca\/wp-json\/wp\/v2\/post_project?post=399027"}],"curies":[{"name":"wp","href":"https:\/\/api.w.org\/{rel}","templated":true}]}}