{"id":4087,"date":"2011-04-26T02:00:00","date_gmt":"2011-04-26T00:00:00","guid":{"rendered":"http:\/\/omnium.whads.com\/exit-de-les-diverses-parades-domnium-a-la-demarcacio-de-girona-catalunya-nord\/"},"modified":"2011-04-26T02:00:00","modified_gmt":"2011-04-26T00:00:00","slug":"exit-de-les-diverses-parades-domnium-a-la-demarcacio-de-girona-catalunya-nord","status":"publish","type":"post","link":"https:\/\/www.omnium.cat\/ca\/exit-de-les-diverses-parades-domnium-a-la-demarcacio-de-girona-catalunya-nord\/","title":{"rendered":"\u00c8xit de les diverses parades d\u2019\u00d2mnium a la demarcaci\u00f3 de Girona-Catalunya Nord"},"content":{"rendered":"<p>Els diversos estands que les seus d&rsquo;&Ograve;mnium Cultural van col&bull;locar a les viles i ciutats de la demarcaci&oacute; de Girona-Catalunya del Nord van ser un &egrave;xit de p&uacute;blic i assist&egrave;ncia durant la Diada de Sant Jordi de dissabte passat. Aix&iacute; i tal i com ja havien informat amb anterioritat, les Juntes d&rsquo;&Ograve;mnium van oferir material gratu&iuml;t, vendre llibres i roses, informar sobre l&rsquo;entitat i els projectes que duu a terme i moltes altres activitats a Girona, Figueres, Santa Coloma de Farners<\/p>\n<p><b>Cant improvisat a Girona<\/b><br \/>&nbsp;<\/p>\n<p>A la capital gironina, un dels espectacles m&eacute;s esperats any rere any &eacute;s la demostraci&oacute; de cant improvisat que organitza &Ograve;mnium Giron&egrave;s. Enguany, tot i la coincid&egrave;ncia amb Setmana Santa, l&rsquo;actuaci&oacute; de cant improvisat a la Pla&ccedil;a Catalunya va congregar desenes de persones. En aquesta ocasi&oacute;, va ser el grup empordan&egrave;s De Calaix qui va oferir un recital exquisit de tonades i lletres tradicionals catalanes que van permetre tamb&eacute; que aquells que volguessin s&rsquo;hi afegissin per demostrar la seva capacitat d&rsquo;improvisaci&oacute; po&egrave;tica sobre l&rsquo;escenari.<\/p>\n<p><b>Escriptors coneguts a Figueres<\/b><\/p>\n<p>A Figueres, dos dels actes m&eacute;s importants de la Diada van ser protagonitzats tamb&eacute; per &Ograve;mnium. D&rsquo;una banda, a mig mat&iacute;, escriptors com Rosa Font, guanyadora del premi Carles Riba 2010, Sebasti&agrave; Roig, guanyador del premi Joaquim Ruyra 2010 i Joan-Daniel Beznossof, autor nord-catal&agrave;, van estar a l&rsquo;estand d&rsquo;&Ograve;mnium Alt Empord&agrave; a la Rambla de Figueres per signar els llibres d&rsquo;aquells seguidors que aix&iacute; ho volguessin. De l&rsquo;altra, a la tarda de la Diada es va inaugurar l&rsquo;est&agrave;tua dedicada a Sant Jordi que des del 23 d&rsquo;abril presideix la nova Pla&ccedil;a Catalunya de la capital figuerenca. En l&rsquo;acte, &Ograve;mnium hi va poder fer un parlament.<\/p>\n<p><b>Promocionant la literatura Selvatana a Santa Coloma de Farners<\/b><br \/>&nbsp;<\/p>\n<p>A la comarca de la Selva, &Ograve;mnium va posar quatre parades. Tres d&rsquo;elles van poder aprofitar l&rsquo;aflu&egrave;ncia massiva de turistes als pobles de costa per difondre el projecte d&rsquo;&Ograve;mnium. Mentrestant, a la part interior, l&rsquo;estand d&rsquo;&Ograve;mnium es va distingir de la resta perqu&egrave; va promocionar en especial els autors colomencs i de la Selva en general. Aix&iacute;, tots aquells que van visitar Santa Coloma de Farners va poder observar que a l&rsquo;estand d&rsquo;&Ograve;mnium s&rsquo;hi podien trobar els llibres m&eacute;s interessants escrits per autors colomencs i selvatans. A m&eacute;s a m&eacute;s, alguns d&rsquo;ells van acudir a la parada per signar exemplars de les seves obres.<\/p>\n<p><b>XXII Nit de Sant Jordi a Perpiny&agrave;<\/b><\/p>\n<p>A la Catalunya del Nord, el gran acte de Sant Jordi ser&agrave; aquest dissabte, dia 30 d&#8217;abril. Aquest &eacute;s el dia escollit per &Ograve;mnium Catalunya del Nord per dur a terme la XXII Nit de Sant Jordi, la nit liter&agrave;ria en llengua catalana m&eacute;s important de la Catalunya Nord que organitza any rere any &Ograve;mnium en aquesta part del pa&iacute;s. <br \/>&nbsp;<\/p>\n","protected":false},"excerpt":{"rendered":"<p>La secci\u00f3 d&#8217;\u00d2mnium Premi\u00e0 va celebrar el Sant Jordi amb una confer\u00e8ncia de l&#8217;escriptor Jaume Cabr\u00e9: &#8220;L&#8217;escriptura al centre de la vida&#8221;.<\/p>\n","protected":false},"author":1,"featured_media":0,"comment_status":"closed","ping_status":"open","sticky":false,"template":"","format":"standard","meta":{"_acf_changed":false,"footnotes":""},"categories":[1],"tags":[],"post_headquarter":[1744],"post_project":[],"class_list":["post-4087","post","type-post","status-publish","format-standard","hentry","category-uncategorized-ca","post_headquarter-nacional"],"acf":[],"yoast_head":"<!-- This site is optimized with the Yoast SEO plugin v27.2 - https:\/\/yoast.com\/product\/yoast-seo-wordpress\/ -->\n<title>\u00c8xit de les diverses parades d\u2019\u00d2mnium a la demarcaci\u00f3 de Girona-Catalunya Nord - \u00d2mnium Cultural<\/title>\n<meta name=\"robots\" content=\"index, follow, max-snippet:-1, max-image-preview:large, max-video-preview:-1\" \/>\n<link rel=\"canonical\" href=\"https:\/\/www.omnium.cat\/ca\/exit-de-les-diverses-parades-domnium-a-la-demarcacio-de-girona-catalunya-nord\/\" \/>\n<meta name=\"twitter:label1\" content=\"Escrit per\" \/>\n\t<meta name=\"twitter:data1\" content=\"eduard.nadal@whads.com\" \/>\n\t<meta name=\"twitter:label2\" content=\"Temps estimat de lectura\" \/>\n\t<meta name=\"twitter:data2\" content=\"3 minuts\" \/>\n<script type=\"application\/ld+json\" class=\"yoast-schema-graph\">{\"@context\":\"https:\/\/schema.org\",\"@graph\":[{\"@type\":\"Article\",\"@id\":\"https:\/\/www.omnium.cat\/ca\/exit-de-les-diverses-parades-domnium-a-la-demarcacio-de-girona-catalunya-nord\/#article\",\"isPartOf\":{\"@id\":\"https:\/\/www.omnium.cat\/ca\/exit-de-les-diverses-parades-domnium-a-la-demarcacio-de-girona-catalunya-nord\/\"},\"author\":{\"name\":\"eduard.nadal@whads.com\",\"@id\":\"https:\/\/www.omnium.cat\/ca\/#\/schema\/person\/92dc7c4963acfbe484fb60f5bf2e924c\"},\"headline\":\"\u00c8xit de les diverses parades d\u2019\u00d2mnium a la demarcaci\u00f3 de Girona-Catalunya Nord\",\"datePublished\":\"2011-04-26T00:00:00+00:00\",\"mainEntityOfPage\":{\"@id\":\"https:\/\/www.omnium.cat\/ca\/exit-de-les-diverses-parades-domnium-a-la-demarcacio-de-girona-catalunya-nord\/\"},\"wordCount\":591,\"publisher\":{\"@id\":\"https:\/\/www.omnium.cat\/ca\/#organization\"},\"articleSection\":[\"Uncategorized @oc\"],\"inLanguage\":\"ca\"},{\"@type\":\"WebPage\",\"@id\":\"https:\/\/www.omnium.cat\/ca\/exit-de-les-diverses-parades-domnium-a-la-demarcacio-de-girona-catalunya-nord\/\",\"url\":\"https:\/\/www.omnium.cat\/ca\/exit-de-les-diverses-parades-domnium-a-la-demarcacio-de-girona-catalunya-nord\/\",\"name\":\"\u00c8xit de les diverses parades d\u2019\u00d2mnium a la demarcaci\u00f3 de Girona-Catalunya Nord - \u00d2mnium Cultural\",\"isPartOf\":{\"@id\":\"https:\/\/www.omnium.cat\/ca\/#website\"},\"datePublished\":\"2011-04-26T00:00:00+00:00\",\"breadcrumb\":{\"@id\":\"https:\/\/www.omnium.cat\/ca\/exit-de-les-diverses-parades-domnium-a-la-demarcacio-de-girona-catalunya-nord\/#breadcrumb\"},\"inLanguage\":\"ca\",\"potentialAction\":[{\"@type\":\"ReadAction\",\"target\":[\"https:\/\/www.omnium.cat\/ca\/exit-de-les-diverses-parades-domnium-a-la-demarcacio-de-girona-catalunya-nord\/\"]}]},{\"@type\":\"BreadcrumbList\",\"@id\":\"https:\/\/www.omnium.cat\/ca\/exit-de-les-diverses-parades-domnium-a-la-demarcacio-de-girona-catalunya-nord\/#breadcrumb\",\"itemListElement\":[{\"@type\":\"ListItem\",\"position\":1,\"name\":\"Inici\",\"item\":\"https:\/\/www.omnium.cat\/ca\/\"},{\"@type\":\"ListItem\",\"position\":2,\"name\":\"\u00c8xit de les diverses parades d\u2019\u00d2mnium a la demarcaci\u00f3 de Girona-Catalunya Nord\"}]},{\"@type\":\"WebSite\",\"@id\":\"https:\/\/www.omnium.cat\/ca\/#website\",\"url\":\"https:\/\/www.omnium.cat\/ca\/\",\"name\":\"\u00d2mnium Cultural\",\"description\":\"Llengua Cultura Pa\u00eds\",\"publisher\":{\"@id\":\"https:\/\/www.omnium.cat\/ca\/#organization\"},\"potentialAction\":[{\"@type\":\"SearchAction\",\"target\":{\"@type\":\"EntryPoint\",\"urlTemplate\":\"https:\/\/www.omnium.cat\/ca\/?s={search_term_string}\"},\"query-input\":{\"@type\":\"PropertyValueSpecification\",\"valueRequired\":true,\"valueName\":\"search_term_string\"}}],\"inLanguage\":\"ca\"},{\"@type\":\"Organization\",\"@id\":\"https:\/\/www.omnium.cat\/ca\/#organization\",\"name\":\"\u00d2mnium Cultural\",\"url\":\"https:\/\/www.omnium.cat\/ca\/\",\"logo\":{\"@type\":\"ImageObject\",\"inLanguage\":\"ca\",\"@id\":\"https:\/\/www.omnium.cat\/ca\/#\/schema\/logo\/image\/\",\"url\":\"https:\/\/cdn.omnium.cat\/wp-content\/uploads\/2019\/06\/01112517\/cropped-omnium_logo-1.png\",\"contentUrl\":\"https:\/\/cdn.omnium.cat\/wp-content\/uploads\/2019\/06\/01112517\/cropped-omnium_logo-1.png\",\"width\":1213,\"height\":262,\"caption\":\"\u00d2mnium Cultural\"},\"image\":{\"@id\":\"https:\/\/www.omnium.cat\/ca\/#\/schema\/logo\/image\/\"},\"sameAs\":[\"https:\/\/www.facebook.com\/omniumcultural\",\"https:\/\/x.com\/omnium\",\"https:\/\/www.instagram.com\/omniumcultural\/\",\"https:\/\/www.youtube.com\/user\/omniumcultural\"]},{\"@type\":\"Person\",\"@id\":\"https:\/\/www.omnium.cat\/ca\/#\/schema\/person\/92dc7c4963acfbe484fb60f5bf2e924c\",\"name\":\"eduard.nadal@whads.com\",\"image\":{\"@type\":\"ImageObject\",\"inLanguage\":\"ca\",\"@id\":\"https:\/\/secure.gravatar.com\/avatar\/c683b4f4d46c786c30fc67faa017bf0582bba4180ebb607c7cdc9659cf4980a8?s=96&d=mm&r=g\",\"url\":\"https:\/\/secure.gravatar.com\/avatar\/c683b4f4d46c786c30fc67faa017bf0582bba4180ebb607c7cdc9659cf4980a8?s=96&d=mm&r=g\",\"contentUrl\":\"https:\/\/secure.gravatar.com\/avatar\/c683b4f4d46c786c30fc67faa017bf0582bba4180ebb607c7cdc9659cf4980a8?s=96&d=mm&r=g\",\"caption\":\"eduard.nadal@whads.com\"},\"sameAs\":[\"http:\/\/www.whads.com\"]}]}<\/script>\n<!-- \/ Yoast SEO plugin. -->","yoast_head_json":{"title":"\u00c8xit de les diverses parades d\u2019\u00d2mnium a la demarcaci\u00f3 de Girona-Catalunya Nord - \u00d2mnium Cultural","robots":{"index":"index","follow":"follow","max-snippet":"max-snippet:-1","max-image-preview":"max-image-preview:large","max-video-preview":"max-video-preview:-1"},"canonical":"https:\/\/www.omnium.cat\/ca\/exit-de-les-diverses-parades-domnium-a-la-demarcacio-de-girona-catalunya-nord\/","twitter_misc":{"Escrit per":"eduard.nadal@whads.com","Temps estimat de lectura":"3 minuts"},"schema":{"@context":"https:\/\/schema.org","@graph":[{"@type":"Article","@id":"https:\/\/www.omnium.cat\/ca\/exit-de-les-diverses-parades-domnium-a-la-demarcacio-de-girona-catalunya-nord\/#article","isPartOf":{"@id":"https:\/\/www.omnium.cat\/ca\/exit-de-les-diverses-parades-domnium-a-la-demarcacio-de-girona-catalunya-nord\/"},"author":{"name":"eduard.nadal@whads.com","@id":"https:\/\/www.omnium.cat\/ca\/#\/schema\/person\/92dc7c4963acfbe484fb60f5bf2e924c"},"headline":"\u00c8xit de les diverses parades d\u2019\u00d2mnium a la demarcaci\u00f3 de Girona-Catalunya Nord","datePublished":"2011-04-26T00:00:00+00:00","mainEntityOfPage":{"@id":"https:\/\/www.omnium.cat\/ca\/exit-de-les-diverses-parades-domnium-a-la-demarcacio-de-girona-catalunya-nord\/"},"wordCount":591,"publisher":{"@id":"https:\/\/www.omnium.cat\/ca\/#organization"},"articleSection":["Uncategorized @oc"],"inLanguage":"ca"},{"@type":"WebPage","@id":"https:\/\/www.omnium.cat\/ca\/exit-de-les-diverses-parades-domnium-a-la-demarcacio-de-girona-catalunya-nord\/","url":"https:\/\/www.omnium.cat\/ca\/exit-de-les-diverses-parades-domnium-a-la-demarcacio-de-girona-catalunya-nord\/","name":"\u00c8xit de les diverses parades d\u2019\u00d2mnium a la demarcaci\u00f3 de Girona-Catalunya Nord - \u00d2mnium Cultural","isPartOf":{"@id":"https:\/\/www.omnium.cat\/ca\/#website"},"datePublished":"2011-04-26T00:00:00+00:00","breadcrumb":{"@id":"https:\/\/www.omnium.cat\/ca\/exit-de-les-diverses-parades-domnium-a-la-demarcacio-de-girona-catalunya-nord\/#breadcrumb"},"inLanguage":"ca","potentialAction":[{"@type":"ReadAction","target":["https:\/\/www.omnium.cat\/ca\/exit-de-les-diverses-parades-domnium-a-la-demarcacio-de-girona-catalunya-nord\/"]}]},{"@type":"BreadcrumbList","@id":"https:\/\/www.omnium.cat\/ca\/exit-de-les-diverses-parades-domnium-a-la-demarcacio-de-girona-catalunya-nord\/#breadcrumb","itemListElement":[{"@type":"ListItem","position":1,"name":"Inici","item":"https:\/\/www.omnium.cat\/ca\/"},{"@type":"ListItem","position":2,"name":"\u00c8xit de les diverses parades d\u2019\u00d2mnium a la demarcaci\u00f3 de Girona-Catalunya Nord"}]},{"@type":"WebSite","@id":"https:\/\/www.omnium.cat\/ca\/#website","url":"https:\/\/www.omnium.cat\/ca\/","name":"\u00d2mnium Cultural","description":"Llengua Cultura Pa\u00eds","publisher":{"@id":"https:\/\/www.omnium.cat\/ca\/#organization"},"potentialAction":[{"@type":"SearchAction","target":{"@type":"EntryPoint","urlTemplate":"https:\/\/www.omnium.cat\/ca\/?s={search_term_string}"},"query-input":{"@type":"PropertyValueSpecification","valueRequired":true,"valueName":"search_term_string"}}],"inLanguage":"ca"},{"@type":"Organization","@id":"https:\/\/www.omnium.cat\/ca\/#organization","name":"\u00d2mnium Cultural","url":"https:\/\/www.omnium.cat\/ca\/","logo":{"@type":"ImageObject","inLanguage":"ca","@id":"https:\/\/www.omnium.cat\/ca\/#\/schema\/logo\/image\/","url":"https:\/\/cdn.omnium.cat\/wp-content\/uploads\/2019\/06\/01112517\/cropped-omnium_logo-1.png","contentUrl":"https:\/\/cdn.omnium.cat\/wp-content\/uploads\/2019\/06\/01112517\/cropped-omnium_logo-1.png","width":1213,"height":262,"caption":"\u00d2mnium Cultural"},"image":{"@id":"https:\/\/www.omnium.cat\/ca\/#\/schema\/logo\/image\/"},"sameAs":["https:\/\/www.facebook.com\/omniumcultural","https:\/\/x.com\/omnium","https:\/\/www.instagram.com\/omniumcultural\/","https:\/\/www.youtube.com\/user\/omniumcultural"]},{"@type":"Person","@id":"https:\/\/www.omnium.cat\/ca\/#\/schema\/person\/92dc7c4963acfbe484fb60f5bf2e924c","name":"eduard.nadal@whads.com","image":{"@type":"ImageObject","inLanguage":"ca","@id":"https:\/\/secure.gravatar.com\/avatar\/c683b4f4d46c786c30fc67faa017bf0582bba4180ebb607c7cdc9659cf4980a8?s=96&d=mm&r=g","url":"https:\/\/secure.gravatar.com\/avatar\/c683b4f4d46c786c30fc67faa017bf0582bba4180ebb607c7cdc9659cf4980a8?s=96&d=mm&r=g","contentUrl":"https:\/\/secure.gravatar.com\/avatar\/c683b4f4d46c786c30fc67faa017bf0582bba4180ebb607c7cdc9659cf4980a8?s=96&d=mm&r=g","caption":"eduard.nadal@whads.com"},"sameAs":["http:\/\/www.whads.com"]}]}},"_links":{"self":[{"href":"https:\/\/www.omnium.cat\/ca\/wp-json\/wp\/v2\/posts\/4087","targetHints":{"allow":["GET"]}}],"collection":[{"href":"https:\/\/www.omnium.cat\/ca\/wp-json\/wp\/v2\/posts"}],"about":[{"href":"https:\/\/www.omnium.cat\/ca\/wp-json\/wp\/v2\/types\/post"}],"author":[{"embeddable":true,"href":"https:\/\/www.omnium.cat\/ca\/wp-json\/wp\/v2\/users\/1"}],"replies":[{"embeddable":true,"href":"https:\/\/www.omnium.cat\/ca\/wp-json\/wp\/v2\/comments?post=4087"}],"version-history":[{"count":0,"href":"https:\/\/www.omnium.cat\/ca\/wp-json\/wp\/v2\/posts\/4087\/revisions"}],"wp:attachment":[{"href":"https:\/\/www.omnium.cat\/ca\/wp-json\/wp\/v2\/media?parent=4087"}],"wp:term":[{"taxonomy":"category","embeddable":true,"href":"https:\/\/www.omnium.cat\/ca\/wp-json\/wp\/v2\/categories?post=4087"},{"taxonomy":"post_tag","embeddable":true,"href":"https:\/\/www.omnium.cat\/ca\/wp-json\/wp\/v2\/tags?post=4087"},{"taxonomy":"post_headquarter","embeddable":true,"href":"https:\/\/www.omnium.cat\/ca\/wp-json\/wp\/v2\/post_headquarter?post=4087"},{"taxonomy":"post_project","embeddable":true,"href":"https:\/\/www.omnium.cat\/ca\/wp-json\/wp\/v2\/post_project?post=4087"}],"curies":[{"name":"wp","href":"https:\/\/api.w.org\/{rel}","templated":true}]}}