{"id":4094,"date":"2011-04-26T02:00:00","date_gmt":"2011-04-26T00:00:00","guid":{"rendered":"http:\/\/omnium.whads.com\/dema-a-la-seu-nacional-domnium-es-presenten-els-llibres-13-d-osona-decideix-i-tot-es-possible-dantoni-pladevall\/"},"modified":"2011-04-26T02:00:00","modified_gmt":"2011-04-26T00:00:00","slug":"dema-a-la-seu-nacional-domnium-es-presenten-els-llibres-13-d-osona-decideix-i-tot-es-possible-dantoni-pladevall","status":"publish","type":"post","link":"https:\/\/www.omnium.cat\/ca\/dema-a-la-seu-nacional-domnium-es-presenten-els-llibres-13-d-osona-decideix-i-tot-es-possible-dantoni-pladevall\/","title":{"rendered":"Dem\u00e0 a la seu nacional d&#8217;\u00d2mnium es presenten els llibres 13-D Osona Decideix i Tot \u00e9s possible d&#8217;Antoni Pladevall"},"content":{"rendered":"<p>La tasca ciutadana realitzada amb motiu de les consultes sobre la  independ&egrave;ncia de Catalunya ja t&eacute; el seu reflex en el m&oacute;n del llibre.  Gaudirem de la presentaci&oacute; conjunta de:<\/p>\n<p><i>Osona Decideix 13D<\/i><br \/>El llibre que presentem &eacute;s una selecci&oacute; d&#8217;imatges i el recull de totes les <br \/>dades del 13D osonenc. Per si la mem&ograve;ria ens fall&eacute;s, per si el &ldquo;no n&#8217;hi ha <br \/>per tant&#8230;&rdquo; tan propi del pa&iacute;s ens volgu&eacute;s aigualir la festa, amb  aquest llibre podrem recordar l&rsquo;&egrave;xit esclatant de la jornada: no  solament les imatges sin&oacute; l&rsquo;objectivitat freda de les xifres ho  demostren. (editorialdiac)<\/p>\n<p><i>Tot &eacute;s possible <\/i>d&rsquo;Antoni Pladevall<br \/>Una novel&bull;&middot;a sobre les consultes sobiranistes. Retrat vivencial que  rememora la il&bull;lusi&oacute; col&bull;lectiva de milers i milers de voluntaris davant  una consulta sobre la independ&egrave;ncia de Catalunya que va convertir el  diumenge 13D en una data inoblidable en la hist&ograve;ria recent de molts  pobles i ciutats del nostre pa&iacute;s.<\/p>\n<p>(Columna Edicions)<\/p>\n<p>De les 19h a les 20,30h a la seu Nacional d&#8217;&Ograve;mnium, C\/Diputaci&oacute; 276 de Barcelona.<\/p>\n<p>Hi intervindran: <b>David Colomer<\/b>, president d&rsquo;&Ograve;mnium Cultural Osona; <b>Raimon Casals<\/b>, vocal; i l&rsquo;autor de Tot &eacute;s possible, <b>Antoni Pladevall<\/b><\/p>\n<p>Ho presentar&agrave;: <b>Jordi Bosch<\/b>, membre de la Junta Directiva d&rsquo;&Ograve;mnium Cultural<\/p>\n<p>Dades t&egrave;cniques del llibre Osona Decideix 13D:<\/p>\n<p>Mida: 15&#215;20 cm<br \/>N&uacute;mero de p&agrave;gines: 224<br \/>Observacions: inclou dvd<br \/>N&uacute;mero de cap&iacute;tols: 7<br \/>1.&nbsp;&nbsp;&nbsp; Refer&egrave;ndum a Osona. Conversa entre Enric Vila i Alfons L&oacute;pez Tena<br \/>2.&nbsp;&nbsp;&nbsp; Imatges d&rsquo;Adri&agrave; Costa (campanya, manifest personalitats, acte  central final de campanya, votacions, centre de dades i premsa i  comunicaci&oacute; resultats<br \/>3.&nbsp;&nbsp;&nbsp; Gr&agrave;fics amb les dades de participaci&oacute; i resultats dels 34.<br \/>4.&nbsp;&nbsp;&nbsp; Instant&agrave;nies de la campanya i votacions dels 34 municipis<br \/>5.&nbsp;&nbsp;&nbsp; Materials electorals i divulgatius utilitzats<br \/>6.&nbsp;&nbsp;&nbsp; Resultats econ&ograve;mics (despeses\/ingressos)<br \/>7.&nbsp;&nbsp;&nbsp; Recull de premsa impresa i digital<\/p>\n<p>Cr&egrave;dits del llibre<\/p>\n<p>Primera edici&oacute;: desembre 2010. &copy; de l&rsquo;edici&oacute;: &Ograve;mnium Cultu&not;ral. Seu a  Osona. &copy; dels textos: els seus autors. &copy; de les fotografies: Adri&agrave; Costa  SdUD Documentaci&oacute;: Miquel Pla, David Colomer, Xevi Esclusa, Txevi  Rovira, Roger Coll, Josep Coll, Dolors Aumatell i Pere Dom&egrave;nech.  Redacci&oacute;: Toni Casals. Maquetaci&oacute;: Txell Jord&agrave;. Disseny gr&agrave;fic: Casals i  Cots \/ DiacDisseny. Producci&oacute;: Miquel Sala i Toni Valls. Impressi&oacute;:  Gr&agrave;fiques Diac Vic. Distribucions i serveis editorials: Ronda  Cam&not;prodon, 2. Vic. Tel. 938869349-902702032. editorial@diacvic.com.  Dip&ograve;sit legal: B-45297-2010. ISBN: 978.84.938381.3.3<\/p>\n<p>&nbsp;<\/p>\n<p><a href=\"http:\/\/www.osona.omnium.cat\/ca\/noticia\/osona-decideix-presenta-un-llibre-commemoratiu-del-13-d-4519.html\">Vegeu la not&iacute;cia<\/a> de la presentaci&oacute; del llibre el 13 de desembre passat al Temple Rom&agrave; de Vic.<\/p>\n","protected":false},"excerpt":{"rendered":"<p>Aquesta \u00e9s la grandesa de la festa que organitza \u00d2mnium i que enguany se celebra el dissabte 30 d&#8217;abril a 2\/4 de 9 del vespre a Perpiny\u00e0.<\/p>\n","protected":false},"author":1,"featured_media":0,"comment_status":"closed","ping_status":"open","sticky":false,"template":"","format":"standard","meta":{"_acf_changed":false,"footnotes":""},"categories":[1],"tags":[],"post_headquarter":[1752],"post_project":[],"class_list":["post-4094","post","type-post","status-publish","format-standard","hentry","category-uncategorized-ca","post_headquarter-osona"],"acf":[],"yoast_head":"<!-- This site is optimized with the Yoast SEO plugin v27.2 - https:\/\/yoast.com\/product\/yoast-seo-wordpress\/ -->\n<title>Dem\u00e0 a la seu nacional d&#039;\u00d2mnium es presenten els llibres 13-D Osona Decideix i Tot \u00e9s possible d&#039;Antoni Pladevall - \u00d2mnium Cultural<\/title>\n<meta name=\"robots\" content=\"index, follow, max-snippet:-1, max-image-preview:large, max-video-preview:-1\" \/>\n<link rel=\"canonical\" href=\"https:\/\/www.omnium.cat\/ca\/dema-a-la-seu-nacional-domnium-es-presenten-els-llibres-13-d-osona-decideix-i-tot-es-possible-dantoni-pladevall\/\" \/>\n<meta name=\"twitter:label1\" content=\"Escrit per\" \/>\n\t<meta name=\"twitter:data1\" content=\"eduard.nadal@whads.com\" \/>\n\t<meta name=\"twitter:label2\" content=\"Temps estimat de lectura\" \/>\n\t<meta name=\"twitter:data2\" content=\"3 minuts\" \/>\n<script type=\"application\/ld+json\" class=\"yoast-schema-graph\">{\"@context\":\"https:\/\/schema.org\",\"@graph\":[{\"@type\":\"Article\",\"@id\":\"https:\/\/www.omnium.cat\/ca\/dema-a-la-seu-nacional-domnium-es-presenten-els-llibres-13-d-osona-decideix-i-tot-es-possible-dantoni-pladevall\/#article\",\"isPartOf\":{\"@id\":\"https:\/\/www.omnium.cat\/ca\/dema-a-la-seu-nacional-domnium-es-presenten-els-llibres-13-d-osona-decideix-i-tot-es-possible-dantoni-pladevall\/\"},\"author\":{\"name\":\"eduard.nadal@whads.com\",\"@id\":\"https:\/\/www.omnium.cat\/ca\/#\/schema\/person\/92dc7c4963acfbe484fb60f5bf2e924c\"},\"headline\":\"Dem\u00e0 a la seu nacional d&#8217;\u00d2mnium es presenten els llibres 13-D Osona Decideix i Tot \u00e9s possible d&#8217;Antoni Pladevall\",\"datePublished\":\"2011-04-26T00:00:00+00:00\",\"mainEntityOfPage\":{\"@id\":\"https:\/\/www.omnium.cat\/ca\/dema-a-la-seu-nacional-domnium-es-presenten-els-llibres-13-d-osona-decideix-i-tot-es-possible-dantoni-pladevall\/\"},\"wordCount\":532,\"publisher\":{\"@id\":\"https:\/\/www.omnium.cat\/ca\/#organization\"},\"articleSection\":[\"Uncategorized @oc\"],\"inLanguage\":\"ca\"},{\"@type\":\"WebPage\",\"@id\":\"https:\/\/www.omnium.cat\/ca\/dema-a-la-seu-nacional-domnium-es-presenten-els-llibres-13-d-osona-decideix-i-tot-es-possible-dantoni-pladevall\/\",\"url\":\"https:\/\/www.omnium.cat\/ca\/dema-a-la-seu-nacional-domnium-es-presenten-els-llibres-13-d-osona-decideix-i-tot-es-possible-dantoni-pladevall\/\",\"name\":\"Dem\u00e0 a la seu nacional d'\u00d2mnium es presenten els llibres 13-D Osona Decideix i Tot \u00e9s possible d'Antoni Pladevall - \u00d2mnium Cultural\",\"isPartOf\":{\"@id\":\"https:\/\/www.omnium.cat\/ca\/#website\"},\"datePublished\":\"2011-04-26T00:00:00+00:00\",\"breadcrumb\":{\"@id\":\"https:\/\/www.omnium.cat\/ca\/dema-a-la-seu-nacional-domnium-es-presenten-els-llibres-13-d-osona-decideix-i-tot-es-possible-dantoni-pladevall\/#breadcrumb\"},\"inLanguage\":\"ca\",\"potentialAction\":[{\"@type\":\"ReadAction\",\"target\":[\"https:\/\/www.omnium.cat\/ca\/dema-a-la-seu-nacional-domnium-es-presenten-els-llibres-13-d-osona-decideix-i-tot-es-possible-dantoni-pladevall\/\"]}]},{\"@type\":\"BreadcrumbList\",\"@id\":\"https:\/\/www.omnium.cat\/ca\/dema-a-la-seu-nacional-domnium-es-presenten-els-llibres-13-d-osona-decideix-i-tot-es-possible-dantoni-pladevall\/#breadcrumb\",\"itemListElement\":[{\"@type\":\"ListItem\",\"position\":1,\"name\":\"Inici\",\"item\":\"https:\/\/www.omnium.cat\/ca\/\"},{\"@type\":\"ListItem\",\"position\":2,\"name\":\"Dem\u00e0 a la seu nacional d&#8217;\u00d2mnium es presenten els llibres 13-D Osona Decideix i Tot \u00e9s possible d&#8217;Antoni Pladevall\"}]},{\"@type\":\"WebSite\",\"@id\":\"https:\/\/www.omnium.cat\/ca\/#website\",\"url\":\"https:\/\/www.omnium.cat\/ca\/\",\"name\":\"\u00d2mnium Cultural\",\"description\":\"Llengua Cultura Pa\u00eds\",\"publisher\":{\"@id\":\"https:\/\/www.omnium.cat\/ca\/#organization\"},\"potentialAction\":[{\"@type\":\"SearchAction\",\"target\":{\"@type\":\"EntryPoint\",\"urlTemplate\":\"https:\/\/www.omnium.cat\/ca\/?s={search_term_string}\"},\"query-input\":{\"@type\":\"PropertyValueSpecification\",\"valueRequired\":true,\"valueName\":\"search_term_string\"}}],\"inLanguage\":\"ca\"},{\"@type\":\"Organization\",\"@id\":\"https:\/\/www.omnium.cat\/ca\/#organization\",\"name\":\"\u00d2mnium Cultural\",\"url\":\"https:\/\/www.omnium.cat\/ca\/\",\"logo\":{\"@type\":\"ImageObject\",\"inLanguage\":\"ca\",\"@id\":\"https:\/\/www.omnium.cat\/ca\/#\/schema\/logo\/image\/\",\"url\":\"https:\/\/cdn.omnium.cat\/wp-content\/uploads\/2019\/06\/01112517\/cropped-omnium_logo-1.png\",\"contentUrl\":\"https:\/\/cdn.omnium.cat\/wp-content\/uploads\/2019\/06\/01112517\/cropped-omnium_logo-1.png\",\"width\":1213,\"height\":262,\"caption\":\"\u00d2mnium Cultural\"},\"image\":{\"@id\":\"https:\/\/www.omnium.cat\/ca\/#\/schema\/logo\/image\/\"},\"sameAs\":[\"https:\/\/www.facebook.com\/omniumcultural\",\"https:\/\/x.com\/omnium\",\"https:\/\/www.instagram.com\/omniumcultural\/\",\"https:\/\/www.youtube.com\/user\/omniumcultural\"]},{\"@type\":\"Person\",\"@id\":\"https:\/\/www.omnium.cat\/ca\/#\/schema\/person\/92dc7c4963acfbe484fb60f5bf2e924c\",\"name\":\"eduard.nadal@whads.com\",\"image\":{\"@type\":\"ImageObject\",\"inLanguage\":\"ca\",\"@id\":\"https:\/\/secure.gravatar.com\/avatar\/c683b4f4d46c786c30fc67faa017bf0582bba4180ebb607c7cdc9659cf4980a8?s=96&d=mm&r=g\",\"url\":\"https:\/\/secure.gravatar.com\/avatar\/c683b4f4d46c786c30fc67faa017bf0582bba4180ebb607c7cdc9659cf4980a8?s=96&d=mm&r=g\",\"contentUrl\":\"https:\/\/secure.gravatar.com\/avatar\/c683b4f4d46c786c30fc67faa017bf0582bba4180ebb607c7cdc9659cf4980a8?s=96&d=mm&r=g\",\"caption\":\"eduard.nadal@whads.com\"},\"sameAs\":[\"http:\/\/www.whads.com\"]}]}<\/script>\n<!-- \/ Yoast SEO plugin. -->","yoast_head_json":{"title":"Dem\u00e0 a la seu nacional d'\u00d2mnium es presenten els llibres 13-D Osona Decideix i Tot \u00e9s possible d'Antoni Pladevall - \u00d2mnium Cultural","robots":{"index":"index","follow":"follow","max-snippet":"max-snippet:-1","max-image-preview":"max-image-preview:large","max-video-preview":"max-video-preview:-1"},"canonical":"https:\/\/www.omnium.cat\/ca\/dema-a-la-seu-nacional-domnium-es-presenten-els-llibres-13-d-osona-decideix-i-tot-es-possible-dantoni-pladevall\/","twitter_misc":{"Escrit per":"eduard.nadal@whads.com","Temps estimat de lectura":"3 minuts"},"schema":{"@context":"https:\/\/schema.org","@graph":[{"@type":"Article","@id":"https:\/\/www.omnium.cat\/ca\/dema-a-la-seu-nacional-domnium-es-presenten-els-llibres-13-d-osona-decideix-i-tot-es-possible-dantoni-pladevall\/#article","isPartOf":{"@id":"https:\/\/www.omnium.cat\/ca\/dema-a-la-seu-nacional-domnium-es-presenten-els-llibres-13-d-osona-decideix-i-tot-es-possible-dantoni-pladevall\/"},"author":{"name":"eduard.nadal@whads.com","@id":"https:\/\/www.omnium.cat\/ca\/#\/schema\/person\/92dc7c4963acfbe484fb60f5bf2e924c"},"headline":"Dem\u00e0 a la seu nacional d&#8217;\u00d2mnium es presenten els llibres 13-D Osona Decideix i Tot \u00e9s possible d&#8217;Antoni Pladevall","datePublished":"2011-04-26T00:00:00+00:00","mainEntityOfPage":{"@id":"https:\/\/www.omnium.cat\/ca\/dema-a-la-seu-nacional-domnium-es-presenten-els-llibres-13-d-osona-decideix-i-tot-es-possible-dantoni-pladevall\/"},"wordCount":532,"publisher":{"@id":"https:\/\/www.omnium.cat\/ca\/#organization"},"articleSection":["Uncategorized @oc"],"inLanguage":"ca"},{"@type":"WebPage","@id":"https:\/\/www.omnium.cat\/ca\/dema-a-la-seu-nacional-domnium-es-presenten-els-llibres-13-d-osona-decideix-i-tot-es-possible-dantoni-pladevall\/","url":"https:\/\/www.omnium.cat\/ca\/dema-a-la-seu-nacional-domnium-es-presenten-els-llibres-13-d-osona-decideix-i-tot-es-possible-dantoni-pladevall\/","name":"Dem\u00e0 a la seu nacional d'\u00d2mnium es presenten els llibres 13-D Osona Decideix i Tot \u00e9s possible d'Antoni Pladevall - \u00d2mnium Cultural","isPartOf":{"@id":"https:\/\/www.omnium.cat\/ca\/#website"},"datePublished":"2011-04-26T00:00:00+00:00","breadcrumb":{"@id":"https:\/\/www.omnium.cat\/ca\/dema-a-la-seu-nacional-domnium-es-presenten-els-llibres-13-d-osona-decideix-i-tot-es-possible-dantoni-pladevall\/#breadcrumb"},"inLanguage":"ca","potentialAction":[{"@type":"ReadAction","target":["https:\/\/www.omnium.cat\/ca\/dema-a-la-seu-nacional-domnium-es-presenten-els-llibres-13-d-osona-decideix-i-tot-es-possible-dantoni-pladevall\/"]}]},{"@type":"BreadcrumbList","@id":"https:\/\/www.omnium.cat\/ca\/dema-a-la-seu-nacional-domnium-es-presenten-els-llibres-13-d-osona-decideix-i-tot-es-possible-dantoni-pladevall\/#breadcrumb","itemListElement":[{"@type":"ListItem","position":1,"name":"Inici","item":"https:\/\/www.omnium.cat\/ca\/"},{"@type":"ListItem","position":2,"name":"Dem\u00e0 a la seu nacional d&#8217;\u00d2mnium es presenten els llibres 13-D Osona Decideix i Tot \u00e9s possible d&#8217;Antoni Pladevall"}]},{"@type":"WebSite","@id":"https:\/\/www.omnium.cat\/ca\/#website","url":"https:\/\/www.omnium.cat\/ca\/","name":"\u00d2mnium Cultural","description":"Llengua Cultura Pa\u00eds","publisher":{"@id":"https:\/\/www.omnium.cat\/ca\/#organization"},"potentialAction":[{"@type":"SearchAction","target":{"@type":"EntryPoint","urlTemplate":"https:\/\/www.omnium.cat\/ca\/?s={search_term_string}"},"query-input":{"@type":"PropertyValueSpecification","valueRequired":true,"valueName":"search_term_string"}}],"inLanguage":"ca"},{"@type":"Organization","@id":"https:\/\/www.omnium.cat\/ca\/#organization","name":"\u00d2mnium Cultural","url":"https:\/\/www.omnium.cat\/ca\/","logo":{"@type":"ImageObject","inLanguage":"ca","@id":"https:\/\/www.omnium.cat\/ca\/#\/schema\/logo\/image\/","url":"https:\/\/cdn.omnium.cat\/wp-content\/uploads\/2019\/06\/01112517\/cropped-omnium_logo-1.png","contentUrl":"https:\/\/cdn.omnium.cat\/wp-content\/uploads\/2019\/06\/01112517\/cropped-omnium_logo-1.png","width":1213,"height":262,"caption":"\u00d2mnium Cultural"},"image":{"@id":"https:\/\/www.omnium.cat\/ca\/#\/schema\/logo\/image\/"},"sameAs":["https:\/\/www.facebook.com\/omniumcultural","https:\/\/x.com\/omnium","https:\/\/www.instagram.com\/omniumcultural\/","https:\/\/www.youtube.com\/user\/omniumcultural"]},{"@type":"Person","@id":"https:\/\/www.omnium.cat\/ca\/#\/schema\/person\/92dc7c4963acfbe484fb60f5bf2e924c","name":"eduard.nadal@whads.com","image":{"@type":"ImageObject","inLanguage":"ca","@id":"https:\/\/secure.gravatar.com\/avatar\/c683b4f4d46c786c30fc67faa017bf0582bba4180ebb607c7cdc9659cf4980a8?s=96&d=mm&r=g","url":"https:\/\/secure.gravatar.com\/avatar\/c683b4f4d46c786c30fc67faa017bf0582bba4180ebb607c7cdc9659cf4980a8?s=96&d=mm&r=g","contentUrl":"https:\/\/secure.gravatar.com\/avatar\/c683b4f4d46c786c30fc67faa017bf0582bba4180ebb607c7cdc9659cf4980a8?s=96&d=mm&r=g","caption":"eduard.nadal@whads.com"},"sameAs":["http:\/\/www.whads.com"]}]}},"_links":{"self":[{"href":"https:\/\/www.omnium.cat\/ca\/wp-json\/wp\/v2\/posts\/4094","targetHints":{"allow":["GET"]}}],"collection":[{"href":"https:\/\/www.omnium.cat\/ca\/wp-json\/wp\/v2\/posts"}],"about":[{"href":"https:\/\/www.omnium.cat\/ca\/wp-json\/wp\/v2\/types\/post"}],"author":[{"embeddable":true,"href":"https:\/\/www.omnium.cat\/ca\/wp-json\/wp\/v2\/users\/1"}],"replies":[{"embeddable":true,"href":"https:\/\/www.omnium.cat\/ca\/wp-json\/wp\/v2\/comments?post=4094"}],"version-history":[{"count":0,"href":"https:\/\/www.omnium.cat\/ca\/wp-json\/wp\/v2\/posts\/4094\/revisions"}],"wp:attachment":[{"href":"https:\/\/www.omnium.cat\/ca\/wp-json\/wp\/v2\/media?parent=4094"}],"wp:term":[{"taxonomy":"category","embeddable":true,"href":"https:\/\/www.omnium.cat\/ca\/wp-json\/wp\/v2\/categories?post=4094"},{"taxonomy":"post_tag","embeddable":true,"href":"https:\/\/www.omnium.cat\/ca\/wp-json\/wp\/v2\/tags?post=4094"},{"taxonomy":"post_headquarter","embeddable":true,"href":"https:\/\/www.omnium.cat\/ca\/wp-json\/wp\/v2\/post_headquarter?post=4094"},{"taxonomy":"post_project","embeddable":true,"href":"https:\/\/www.omnium.cat\/ca\/wp-json\/wp\/v2\/post_project?post=4094"}],"curies":[{"name":"wp","href":"https:\/\/api.w.org\/{rel}","templated":true}]}}