{"id":428678,"date":"2025-02-10T10:00:00","date_gmt":"2025-02-10T09:00:00","guid":{"rendered":"https:\/\/www.omnium.cat\/?p=428678"},"modified":"2025-02-03T10:30:21","modified_gmt":"2025-02-03T09:30:21","slug":"tics-poetics-final-de-curs-de-joana-serra-de-gayeta","status":"publish","type":"post","link":"https:\/\/www.omnium.cat\/ca\/tics-poetics-final-de-curs-de-joana-serra-de-gayeta\/","title":{"rendered":"Tics po\u00e8tics: &#8220;Final de curs&#8221;, de Joana Serra de Gayeta"},"content":{"rendered":"\n<p><strong>Final de curs<\/strong><\/p>\n<p>No sab\u00edem res<\/p>\n<p>i ni tan sols<\/p>\n<p>all\u00f2 que cantava al jard\u00ed<\/p>\n<p>no era una \u00f2liba<\/p>\n<p>\u00a0<\/p>\n<p>No vol\u00edem saber que ben prest<\/p>\n<p>deixar\u00edem d&#8217;agafar<\/p>\n<p>l&#8217;autob\u00fas<\/p>\n<p>per anar a classe,<\/p>\n<p>i que mai m\u00e9s no haur\u00edem d&#8217;entregar<\/p>\n<p>un treball<\/p>\n<p>-a doble espai, per una sola cara-<\/p>\n<p>el vint de maig.<\/p>\n<p><br \/>Vivim la pluja que cau avui<\/p>\n<p>damunt la ciutat nova que ja estimam<\/p>\n<p>malgrat sigui tan lluny de la nostra<\/p>\n<p>ciutat de l&#8217;horabaixa<\/p>\n<p>dels darrers anys d&#8217;adolescents.<\/p>\n<p>\u00a0<\/p>\n<p><strong>Joana Serra de Gayeta<\/strong>\u00a0va n\u00e9ixer a Pollen\u00e7a el 15 d\u2019abril de 1950. \u00c9s una escriptora i professora mallorquina que estudi\u00e0 Filosofia i Lletres a Barcelona i es llicenci\u00e0 en Filologia Hisp\u00e0nica. A banda de l&#8217;activitat liter\u00e0ria s&#8217;ha dedicat a l&#8217;ensenyament de llengua i literatura catalana i espanyola, primer a l&#8217;Escola Normal de Palma i despr\u00e9s a la Universitat de les Illes Balears. Tamb\u00e9 ha treballat a favor de la normalitzaci\u00f3 de la llengua catalana a les illes.<\/p>\n\n\n","protected":false},"excerpt":{"rendered":"<p>Final de curs No sab\u00edem res i ni tan sols all\u00f2 que cantava al jard\u00ed no era una \u00f2liba \u00a0 No vol\u00edem saber que ben prest deixar\u00edem d&#8217;agafar l&#8217;autob\u00fas per [&hellip;]<\/p>\n","protected":false},"author":279,"featured_media":428679,"comment_status":"closed","ping_status":"open","sticky":false,"template":"","format":"standard","meta":{"_acf_changed":false,"footnotes":""},"categories":[1],"tags":[],"post_headquarter":[1778],"post_project":[],"class_list":["post-428678","post","type-post","status-publish","format-standard","has-post-thumbnail","hentry","category-uncategorized-ca","post_headquarter-barcelona-eixample"],"acf":[],"yoast_head":"<!-- This site is optimized with the Yoast SEO plugin v27.2 - https:\/\/yoast.com\/product\/yoast-seo-wordpress\/ -->\n<title>Tics po\u00e8tics: &quot;Final de curs&quot;, de Joana Serra de Gayeta - \u00d2mnium Cultural<\/title>\n<meta name=\"robots\" content=\"index, follow, max-snippet:-1, max-image-preview:large, max-video-preview:-1\" \/>\n<link rel=\"canonical\" href=\"https:\/\/www.omnium.cat\/ca\/tics-poetics-final-de-curs-de-joana-serra-de-gayeta\/\" \/>\n<meta name=\"twitter:label1\" content=\"Escrit per\" \/>\n\t<meta name=\"twitter:data1\" content=\"In\u00e9s Iturralde\" \/>\n\t<meta name=\"twitter:label2\" content=\"Temps estimat de lectura\" \/>\n\t<meta name=\"twitter:data2\" content=\"2 minuts\" \/>\n<script type=\"application\/ld+json\" class=\"yoast-schema-graph\">{\"@context\":\"https:\/\/schema.org\",\"@graph\":[{\"@type\":\"Article\",\"@id\":\"https:\/\/www.omnium.cat\/ca\/tics-poetics-final-de-curs-de-joana-serra-de-gayeta\/#article\",\"isPartOf\":{\"@id\":\"https:\/\/www.omnium.cat\/ca\/tics-poetics-final-de-curs-de-joana-serra-de-gayeta\/\"},\"author\":{\"name\":\"In\u00e9s Iturralde\",\"@id\":\"https:\/\/www.omnium.cat\/ca\/#\/schema\/person\/3982c87a62fab6eccef52e0624f76453\"},\"headline\":\"Tics po\u00e8tics: &#8220;Final de curs&#8221;, de Joana Serra de Gayeta\",\"datePublished\":\"2025-02-10T09:00:00+00:00\",\"mainEntityOfPage\":{\"@id\":\"https:\/\/www.omnium.cat\/ca\/tics-poetics-final-de-curs-de-joana-serra-de-gayeta\/\"},\"wordCount\":187,\"publisher\":{\"@id\":\"https:\/\/www.omnium.cat\/ca\/#organization\"},\"image\":{\"@id\":\"https:\/\/www.omnium.cat\/ca\/tics-poetics-final-de-curs-de-joana-serra-de-gayeta\/#primaryimage\"},\"thumbnailUrl\":\"https:\/\/cdn.omnium.cat\/wp-content\/uploads\/2025\/02\/03102851\/2025-01-13_Maria-Dolors-Pellicer_TW-3.png\",\"articleSection\":[\"Uncategorized @oc\"],\"inLanguage\":\"ca\"},{\"@type\":\"WebPage\",\"@id\":\"https:\/\/www.omnium.cat\/ca\/tics-poetics-final-de-curs-de-joana-serra-de-gayeta\/\",\"url\":\"https:\/\/www.omnium.cat\/ca\/tics-poetics-final-de-curs-de-joana-serra-de-gayeta\/\",\"name\":\"Tics po\u00e8tics: \\\"Final de curs\\\", de Joana Serra de Gayeta - \u00d2mnium Cultural\",\"isPartOf\":{\"@id\":\"https:\/\/www.omnium.cat\/ca\/#website\"},\"primaryImageOfPage\":{\"@id\":\"https:\/\/www.omnium.cat\/ca\/tics-poetics-final-de-curs-de-joana-serra-de-gayeta\/#primaryimage\"},\"image\":{\"@id\":\"https:\/\/www.omnium.cat\/ca\/tics-poetics-final-de-curs-de-joana-serra-de-gayeta\/#primaryimage\"},\"thumbnailUrl\":\"https:\/\/cdn.omnium.cat\/wp-content\/uploads\/2025\/02\/03102851\/2025-01-13_Maria-Dolors-Pellicer_TW-3.png\",\"datePublished\":\"2025-02-10T09:00:00+00:00\",\"breadcrumb\":{\"@id\":\"https:\/\/www.omnium.cat\/ca\/tics-poetics-final-de-curs-de-joana-serra-de-gayeta\/#breadcrumb\"},\"inLanguage\":\"ca\",\"potentialAction\":[{\"@type\":\"ReadAction\",\"target\":[\"https:\/\/www.omnium.cat\/ca\/tics-poetics-final-de-curs-de-joana-serra-de-gayeta\/\"]}]},{\"@type\":\"ImageObject\",\"inLanguage\":\"ca\",\"@id\":\"https:\/\/www.omnium.cat\/ca\/tics-poetics-final-de-curs-de-joana-serra-de-gayeta\/#primaryimage\",\"url\":\"https:\/\/cdn.omnium.cat\/wp-content\/uploads\/2025\/02\/03102851\/2025-01-13_Maria-Dolors-Pellicer_TW-3.png\",\"contentUrl\":\"https:\/\/cdn.omnium.cat\/wp-content\/uploads\/2025\/02\/03102851\/2025-01-13_Maria-Dolors-Pellicer_TW-3.png\",\"width\":1771,\"height\":886},{\"@type\":\"BreadcrumbList\",\"@id\":\"https:\/\/www.omnium.cat\/ca\/tics-poetics-final-de-curs-de-joana-serra-de-gayeta\/#breadcrumb\",\"itemListElement\":[{\"@type\":\"ListItem\",\"position\":1,\"name\":\"Inici\",\"item\":\"https:\/\/www.omnium.cat\/ca\/\"},{\"@type\":\"ListItem\",\"position\":2,\"name\":\"Tics po\u00e8tics: &#8220;Final de curs&#8221;, de Joana Serra de Gayeta\"}]},{\"@type\":\"WebSite\",\"@id\":\"https:\/\/www.omnium.cat\/ca\/#website\",\"url\":\"https:\/\/www.omnium.cat\/ca\/\",\"name\":\"\u00d2mnium Cultural\",\"description\":\"Llengua Cultura Pa\u00eds\",\"publisher\":{\"@id\":\"https:\/\/www.omnium.cat\/ca\/#organization\"},\"potentialAction\":[{\"@type\":\"SearchAction\",\"target\":{\"@type\":\"EntryPoint\",\"urlTemplate\":\"https:\/\/www.omnium.cat\/ca\/?s={search_term_string}\"},\"query-input\":{\"@type\":\"PropertyValueSpecification\",\"valueRequired\":true,\"valueName\":\"search_term_string\"}}],\"inLanguage\":\"ca\"},{\"@type\":\"Organization\",\"@id\":\"https:\/\/www.omnium.cat\/ca\/#organization\",\"name\":\"\u00d2mnium Cultural\",\"url\":\"https:\/\/www.omnium.cat\/ca\/\",\"logo\":{\"@type\":\"ImageObject\",\"inLanguage\":\"ca\",\"@id\":\"https:\/\/www.omnium.cat\/ca\/#\/schema\/logo\/image\/\",\"url\":\"https:\/\/cdn.omnium.cat\/wp-content\/uploads\/2019\/06\/01112517\/cropped-omnium_logo-1.png\",\"contentUrl\":\"https:\/\/cdn.omnium.cat\/wp-content\/uploads\/2019\/06\/01112517\/cropped-omnium_logo-1.png\",\"width\":1213,\"height\":262,\"caption\":\"\u00d2mnium Cultural\"},\"image\":{\"@id\":\"https:\/\/www.omnium.cat\/ca\/#\/schema\/logo\/image\/\"},\"sameAs\":[\"https:\/\/www.facebook.com\/omniumcultural\",\"https:\/\/x.com\/omnium\",\"https:\/\/www.instagram.com\/omniumcultural\/\",\"https:\/\/www.youtube.com\/user\/omniumcultural\"]},{\"@type\":\"Person\",\"@id\":\"https:\/\/www.omnium.cat\/ca\/#\/schema\/person\/3982c87a62fab6eccef52e0624f76453\",\"name\":\"In\u00e9s Iturralde\",\"image\":{\"@type\":\"ImageObject\",\"inLanguage\":\"ca\",\"@id\":\"https:\/\/secure.gravatar.com\/avatar\/9047e1b67a00cd523d6d3fa4f786eaae1bcf6fb829c76d7cf950cbfe1309b377?s=96&d=mm&r=g\",\"url\":\"https:\/\/secure.gravatar.com\/avatar\/9047e1b67a00cd523d6d3fa4f786eaae1bcf6fb829c76d7cf950cbfe1309b377?s=96&d=mm&r=g\",\"contentUrl\":\"https:\/\/secure.gravatar.com\/avatar\/9047e1b67a00cd523d6d3fa4f786eaae1bcf6fb829c76d7cf950cbfe1309b377?s=96&d=mm&r=g\",\"caption\":\"In\u00e9s Iturralde\"}}]}<\/script>\n<!-- \/ Yoast SEO plugin. -->","yoast_head_json":{"title":"Tics po\u00e8tics: \"Final de curs\", de Joana Serra de Gayeta - \u00d2mnium Cultural","robots":{"index":"index","follow":"follow","max-snippet":"max-snippet:-1","max-image-preview":"max-image-preview:large","max-video-preview":"max-video-preview:-1"},"canonical":"https:\/\/www.omnium.cat\/ca\/tics-poetics-final-de-curs-de-joana-serra-de-gayeta\/","twitter_misc":{"Escrit per":"In\u00e9s Iturralde","Temps estimat de lectura":"2 minuts"},"schema":{"@context":"https:\/\/schema.org","@graph":[{"@type":"Article","@id":"https:\/\/www.omnium.cat\/ca\/tics-poetics-final-de-curs-de-joana-serra-de-gayeta\/#article","isPartOf":{"@id":"https:\/\/www.omnium.cat\/ca\/tics-poetics-final-de-curs-de-joana-serra-de-gayeta\/"},"author":{"name":"In\u00e9s Iturralde","@id":"https:\/\/www.omnium.cat\/ca\/#\/schema\/person\/3982c87a62fab6eccef52e0624f76453"},"headline":"Tics po\u00e8tics: &#8220;Final de curs&#8221;, de Joana Serra de Gayeta","datePublished":"2025-02-10T09:00:00+00:00","mainEntityOfPage":{"@id":"https:\/\/www.omnium.cat\/ca\/tics-poetics-final-de-curs-de-joana-serra-de-gayeta\/"},"wordCount":187,"publisher":{"@id":"https:\/\/www.omnium.cat\/ca\/#organization"},"image":{"@id":"https:\/\/www.omnium.cat\/ca\/tics-poetics-final-de-curs-de-joana-serra-de-gayeta\/#primaryimage"},"thumbnailUrl":"https:\/\/cdn.omnium.cat\/wp-content\/uploads\/2025\/02\/03102851\/2025-01-13_Maria-Dolors-Pellicer_TW-3.png","articleSection":["Uncategorized @oc"],"inLanguage":"ca"},{"@type":"WebPage","@id":"https:\/\/www.omnium.cat\/ca\/tics-poetics-final-de-curs-de-joana-serra-de-gayeta\/","url":"https:\/\/www.omnium.cat\/ca\/tics-poetics-final-de-curs-de-joana-serra-de-gayeta\/","name":"Tics po\u00e8tics: \"Final de curs\", de Joana Serra de Gayeta - \u00d2mnium Cultural","isPartOf":{"@id":"https:\/\/www.omnium.cat\/ca\/#website"},"primaryImageOfPage":{"@id":"https:\/\/www.omnium.cat\/ca\/tics-poetics-final-de-curs-de-joana-serra-de-gayeta\/#primaryimage"},"image":{"@id":"https:\/\/www.omnium.cat\/ca\/tics-poetics-final-de-curs-de-joana-serra-de-gayeta\/#primaryimage"},"thumbnailUrl":"https:\/\/cdn.omnium.cat\/wp-content\/uploads\/2025\/02\/03102851\/2025-01-13_Maria-Dolors-Pellicer_TW-3.png","datePublished":"2025-02-10T09:00:00+00:00","breadcrumb":{"@id":"https:\/\/www.omnium.cat\/ca\/tics-poetics-final-de-curs-de-joana-serra-de-gayeta\/#breadcrumb"},"inLanguage":"ca","potentialAction":[{"@type":"ReadAction","target":["https:\/\/www.omnium.cat\/ca\/tics-poetics-final-de-curs-de-joana-serra-de-gayeta\/"]}]},{"@type":"ImageObject","inLanguage":"ca","@id":"https:\/\/www.omnium.cat\/ca\/tics-poetics-final-de-curs-de-joana-serra-de-gayeta\/#primaryimage","url":"https:\/\/cdn.omnium.cat\/wp-content\/uploads\/2025\/02\/03102851\/2025-01-13_Maria-Dolors-Pellicer_TW-3.png","contentUrl":"https:\/\/cdn.omnium.cat\/wp-content\/uploads\/2025\/02\/03102851\/2025-01-13_Maria-Dolors-Pellicer_TW-3.png","width":1771,"height":886},{"@type":"BreadcrumbList","@id":"https:\/\/www.omnium.cat\/ca\/tics-poetics-final-de-curs-de-joana-serra-de-gayeta\/#breadcrumb","itemListElement":[{"@type":"ListItem","position":1,"name":"Inici","item":"https:\/\/www.omnium.cat\/ca\/"},{"@type":"ListItem","position":2,"name":"Tics po\u00e8tics: &#8220;Final de curs&#8221;, de Joana Serra de Gayeta"}]},{"@type":"WebSite","@id":"https:\/\/www.omnium.cat\/ca\/#website","url":"https:\/\/www.omnium.cat\/ca\/","name":"\u00d2mnium Cultural","description":"Llengua Cultura Pa\u00eds","publisher":{"@id":"https:\/\/www.omnium.cat\/ca\/#organization"},"potentialAction":[{"@type":"SearchAction","target":{"@type":"EntryPoint","urlTemplate":"https:\/\/www.omnium.cat\/ca\/?s={search_term_string}"},"query-input":{"@type":"PropertyValueSpecification","valueRequired":true,"valueName":"search_term_string"}}],"inLanguage":"ca"},{"@type":"Organization","@id":"https:\/\/www.omnium.cat\/ca\/#organization","name":"\u00d2mnium Cultural","url":"https:\/\/www.omnium.cat\/ca\/","logo":{"@type":"ImageObject","inLanguage":"ca","@id":"https:\/\/www.omnium.cat\/ca\/#\/schema\/logo\/image\/","url":"https:\/\/cdn.omnium.cat\/wp-content\/uploads\/2019\/06\/01112517\/cropped-omnium_logo-1.png","contentUrl":"https:\/\/cdn.omnium.cat\/wp-content\/uploads\/2019\/06\/01112517\/cropped-omnium_logo-1.png","width":1213,"height":262,"caption":"\u00d2mnium Cultural"},"image":{"@id":"https:\/\/www.omnium.cat\/ca\/#\/schema\/logo\/image\/"},"sameAs":["https:\/\/www.facebook.com\/omniumcultural","https:\/\/x.com\/omnium","https:\/\/www.instagram.com\/omniumcultural\/","https:\/\/www.youtube.com\/user\/omniumcultural"]},{"@type":"Person","@id":"https:\/\/www.omnium.cat\/ca\/#\/schema\/person\/3982c87a62fab6eccef52e0624f76453","name":"In\u00e9s Iturralde","image":{"@type":"ImageObject","inLanguage":"ca","@id":"https:\/\/secure.gravatar.com\/avatar\/9047e1b67a00cd523d6d3fa4f786eaae1bcf6fb829c76d7cf950cbfe1309b377?s=96&d=mm&r=g","url":"https:\/\/secure.gravatar.com\/avatar\/9047e1b67a00cd523d6d3fa4f786eaae1bcf6fb829c76d7cf950cbfe1309b377?s=96&d=mm&r=g","contentUrl":"https:\/\/secure.gravatar.com\/avatar\/9047e1b67a00cd523d6d3fa4f786eaae1bcf6fb829c76d7cf950cbfe1309b377?s=96&d=mm&r=g","caption":"In\u00e9s Iturralde"}}]}},"_links":{"self":[{"href":"https:\/\/www.omnium.cat\/ca\/wp-json\/wp\/v2\/posts\/428678","targetHints":{"allow":["GET"]}}],"collection":[{"href":"https:\/\/www.omnium.cat\/ca\/wp-json\/wp\/v2\/posts"}],"about":[{"href":"https:\/\/www.omnium.cat\/ca\/wp-json\/wp\/v2\/types\/post"}],"author":[{"embeddable":true,"href":"https:\/\/www.omnium.cat\/ca\/wp-json\/wp\/v2\/users\/279"}],"replies":[{"embeddable":true,"href":"https:\/\/www.omnium.cat\/ca\/wp-json\/wp\/v2\/comments?post=428678"}],"version-history":[{"count":2,"href":"https:\/\/www.omnium.cat\/ca\/wp-json\/wp\/v2\/posts\/428678\/revisions"}],"predecessor-version":[{"id":428684,"href":"https:\/\/www.omnium.cat\/ca\/wp-json\/wp\/v2\/posts\/428678\/revisions\/428684"}],"wp:featuredmedia":[{"embeddable":true,"href":"https:\/\/www.omnium.cat\/ca\/wp-json\/wp\/v2\/media\/428679"}],"wp:attachment":[{"href":"https:\/\/www.omnium.cat\/ca\/wp-json\/wp\/v2\/media?parent=428678"}],"wp:term":[{"taxonomy":"category","embeddable":true,"href":"https:\/\/www.omnium.cat\/ca\/wp-json\/wp\/v2\/categories?post=428678"},{"taxonomy":"post_tag","embeddable":true,"href":"https:\/\/www.omnium.cat\/ca\/wp-json\/wp\/v2\/tags?post=428678"},{"taxonomy":"post_headquarter","embeddable":true,"href":"https:\/\/www.omnium.cat\/ca\/wp-json\/wp\/v2\/post_headquarter?post=428678"},{"taxonomy":"post_project","embeddable":true,"href":"https:\/\/www.omnium.cat\/ca\/wp-json\/wp\/v2\/post_project?post=428678"}],"curies":[{"name":"wp","href":"https:\/\/api.w.org\/{rel}","templated":true}]}}