{"id":428706,"date":"2025-02-03T13:45:47","date_gmt":"2025-02-03T12:45:47","guid":{"rendered":"https:\/\/www.omnium.cat\/?p=428706"},"modified":"2025-02-03T13:45:53","modified_gmt":"2025-02-03T12:45:53","slug":"programacio-del-cinexic-2025-a-riudarenes","status":"publish","type":"post","link":"https:\/\/www.omnium.cat\/ca\/programacio-del-cinexic-2025-a-riudarenes\/","title":{"rendered":"Programaci\u00f3 del CineXic 2025 a Riudarenes"},"content":{"rendered":"\n<p><strong>Sala polivalent 1 d&#8217;octubre de Riudarenes<\/strong><\/p>\n<p>CineXic \u00e9s un programa d\u2019impuls del cinema infantil en catal\u00e0 a trav\u00e9s d\u2019un circuit de sales arreu del territori. Una programaci\u00f3 estable de pel\u00b7l\u00edcules infantils en catal\u00e0 per a tota la fam\u00edlia.<\/p>\n<table style=\"border-collapse: collapse;width: 100%;height: 277px\">\n<tbody>\n<tr style=\"height: 46px\">\n<td style=\"width: 25%;height: 46px\">Zog, dracs i hero\u00efnes<\/td>\n<td style=\"width: 25%;height: 46px\">A partir de 3 anys<\/td>\n<td style=\"width: 25%;height: 46px\">Divendres 31 de gener<\/td>\n<td style=\"width: 25%;height: 46px\">A les 18h<\/td>\n<\/tr>\n<tr style=\"height: 23px\">\n<td style=\"width: 25%;height: 23px\">Vainilla<\/td>\n<td style=\"width: 25%;height: 23px\">A partir de 5 anys<\/td>\n<td style=\"width: 25%;height: 23px\">Diumenge 9 de febrer<\/td>\n<td style=\"width: 25%;height: 23px\">A les 18h<\/td>\n<\/tr>\n<tr style=\"height: 46px\">\n<td style=\"width: 25%;height: 46px\">Petzi i la Mar Salada<\/td>\n<td style=\"width: 25%;height: 46px\">A partir de 3 anys<\/td>\n<td style=\"width: 25%;height: 46px\">Diumenge 9 de mar\u00e7<\/td>\n<td style=\"width: 25%;height: 46px\">A les 18h<\/td>\n<\/tr>\n<tr style=\"height: 23px\">\n<td style=\"width: 25%;height: 23px\">Ocells de pas<\/td>\n<td style=\"width: 25%;height: 23px\">A partir de 7 anys<\/td>\n<td style=\"width: 25%;height: 23px\">Diumenge 6 d&#8217;abril<\/td>\n<td style=\"width: 25%;height: 23px\">A les 18h<\/td>\n<\/tr>\n<tr style=\"height: 23px\">\n<td style=\"width: 25%;height: 23px\">Anem a ca\u00e7ar un os<\/td>\n<td style=\"width: 25%;height: 23px\">A partir de 3 anys<\/td>\n<td style=\"width: 25%;height: 23px\">Diumenge 1 de juny<\/td>\n<td style=\"width: 25%;height: 23px\">A les 18h<\/td>\n<\/tr>\n<tr style=\"height: 23px\">\n<td style=\"width: 25%;height: 23px\">La sopa de pedres<\/td>\n<td style=\"width: 25%;height: 23px\">A partir de 3 anys<\/td>\n<td style=\"width: 25%;height: 23px\">Diumenge 5 d&#8217;octubre<\/td>\n<td style=\"width: 25%;height: 23px\">A les 18h<\/td>\n<\/tr>\n<tr style=\"height: 23px\">\n<td style=\"width: 25%;height: 23px\">Phantom Boy<\/td>\n<td style=\"width: 25%;height: 23px\">A partir de 7 anys<\/td>\n<td style=\"width: 25%;height: 23px\">Diumenge 16 de novembre<\/td>\n<td style=\"width: 25%;height: 23px\">A les 18h<\/td>\n<\/tr>\n<tr style=\"height: 70px\">\n<td style=\"width: 25%;height: 70px\">L\u2019incident alien\u00edgena del Petit Alan<\/td>\n<td style=\"width: 25%;height: 70px\">A partir de 5 anys<\/td>\n<td style=\"width: 25%;height: 70px\">Diumenge 14 de desembre<\/td>\n<td style=\"width: 25%;height: 70px\">A les 18h<\/td>\n<\/tr>\n<\/tbody>\n<\/table>\n\n\n","protected":false},"excerpt":{"rendered":"<p>Sala polivalent 1 d&#8217;octubre de Riudarenes CineXic \u00e9s un programa d\u2019impuls del cinema infantil en catal\u00e0 a trav\u00e9s d\u2019un circuit de sales arreu del territori. Una programaci\u00f3 estable de pel\u00b7l\u00edcules [&hellip;]<\/p>\n","protected":false},"author":278,"featured_media":428722,"comment_status":"closed","ping_status":"open","sticky":false,"template":"","format":"standard","meta":{"_acf_changed":false,"footnotes":""},"categories":[1],"tags":[],"post_headquarter":[1776],"post_project":[],"class_list":["post-428706","post","type-post","status-publish","format-standard","has-post-thumbnail","hentry","category-uncategorized-ca","post_headquarter-la-selva"],"acf":[],"yoast_head":"<!-- This site is optimized with the Yoast SEO plugin v27.2 - https:\/\/yoast.com\/product\/yoast-seo-wordpress\/ -->\n<title>Programaci\u00f3 del CineXic 2025 a Riudarenes - \u00d2mnium Cultural<\/title>\n<meta name=\"robots\" content=\"index, follow, max-snippet:-1, max-image-preview:large, max-video-preview:-1\" \/>\n<link rel=\"canonical\" href=\"https:\/\/www.omnium.cat\/ca\/programacio-del-cinexic-2025-a-riudarenes\/\" \/>\n<meta name=\"twitter:label1\" content=\"Escrit per\" \/>\n\t<meta name=\"twitter:data1\" content=\"Bruna Ruh\u00ed\" \/>\n\t<meta name=\"twitter:label2\" content=\"Temps estimat de lectura\" \/>\n\t<meta name=\"twitter:data2\" content=\"2 minuts\" \/>\n<script type=\"application\/ld+json\" class=\"yoast-schema-graph\">{\"@context\":\"https:\/\/schema.org\",\"@graph\":[{\"@type\":\"Article\",\"@id\":\"https:\/\/www.omnium.cat\/ca\/programacio-del-cinexic-2025-a-riudarenes\/#article\",\"isPartOf\":{\"@id\":\"https:\/\/www.omnium.cat\/ca\/programacio-del-cinexic-2025-a-riudarenes\/\"},\"author\":{\"name\":\"Bruna Ruh\u00ed\",\"@id\":\"https:\/\/www.omnium.cat\/ca\/#\/schema\/person\/3462f6012fc3a502d1b4aff4048a93a3\"},\"headline\":\"Programaci\u00f3 del CineXic 2025 a Riudarenes\",\"datePublished\":\"2025-02-03T12:45:47+00:00\",\"dateModified\":\"2025-02-03T12:45:53+00:00\",\"mainEntityOfPage\":{\"@id\":\"https:\/\/www.omnium.cat\/ca\/programacio-del-cinexic-2025-a-riudarenes\/\"},\"wordCount\":162,\"publisher\":{\"@id\":\"https:\/\/www.omnium.cat\/ca\/#organization\"},\"image\":{\"@id\":\"https:\/\/www.omnium.cat\/ca\/programacio-del-cinexic-2025-a-riudarenes\/#primaryimage\"},\"thumbnailUrl\":\"https:\/\/cdn.omnium.cat\/wp-content\/uploads\/2025\/02\/03134526\/Generic_IG-2.png\",\"articleSection\":[\"Uncategorized @oc\"],\"inLanguage\":\"ca\"},{\"@type\":\"WebPage\",\"@id\":\"https:\/\/www.omnium.cat\/ca\/programacio-del-cinexic-2025-a-riudarenes\/\",\"url\":\"https:\/\/www.omnium.cat\/ca\/programacio-del-cinexic-2025-a-riudarenes\/\",\"name\":\"Programaci\u00f3 del CineXic 2025 a Riudarenes - \u00d2mnium Cultural\",\"isPartOf\":{\"@id\":\"https:\/\/www.omnium.cat\/ca\/#website\"},\"primaryImageOfPage\":{\"@id\":\"https:\/\/www.omnium.cat\/ca\/programacio-del-cinexic-2025-a-riudarenes\/#primaryimage\"},\"image\":{\"@id\":\"https:\/\/www.omnium.cat\/ca\/programacio-del-cinexic-2025-a-riudarenes\/#primaryimage\"},\"thumbnailUrl\":\"https:\/\/cdn.omnium.cat\/wp-content\/uploads\/2025\/02\/03134526\/Generic_IG-2.png\",\"datePublished\":\"2025-02-03T12:45:47+00:00\",\"dateModified\":\"2025-02-03T12:45:53+00:00\",\"breadcrumb\":{\"@id\":\"https:\/\/www.omnium.cat\/ca\/programacio-del-cinexic-2025-a-riudarenes\/#breadcrumb\"},\"inLanguage\":\"ca\",\"potentialAction\":[{\"@type\":\"ReadAction\",\"target\":[\"https:\/\/www.omnium.cat\/ca\/programacio-del-cinexic-2025-a-riudarenes\/\"]}]},{\"@type\":\"ImageObject\",\"inLanguage\":\"ca\",\"@id\":\"https:\/\/www.omnium.cat\/ca\/programacio-del-cinexic-2025-a-riudarenes\/#primaryimage\",\"url\":\"https:\/\/cdn.omnium.cat\/wp-content\/uploads\/2025\/02\/03134526\/Generic_IG-2.png\",\"contentUrl\":\"https:\/\/cdn.omnium.cat\/wp-content\/uploads\/2025\/02\/03134526\/Generic_IG-2.png\",\"width\":1080,\"height\":1080},{\"@type\":\"BreadcrumbList\",\"@id\":\"https:\/\/www.omnium.cat\/ca\/programacio-del-cinexic-2025-a-riudarenes\/#breadcrumb\",\"itemListElement\":[{\"@type\":\"ListItem\",\"position\":1,\"name\":\"Inici\",\"item\":\"https:\/\/www.omnium.cat\/ca\/\"},{\"@type\":\"ListItem\",\"position\":2,\"name\":\"Programaci\u00f3 del CineXic 2025 a Riudarenes\"}]},{\"@type\":\"WebSite\",\"@id\":\"https:\/\/www.omnium.cat\/ca\/#website\",\"url\":\"https:\/\/www.omnium.cat\/ca\/\",\"name\":\"\u00d2mnium Cultural\",\"description\":\"Llengua Cultura Pa\u00eds\",\"publisher\":{\"@id\":\"https:\/\/www.omnium.cat\/ca\/#organization\"},\"potentialAction\":[{\"@type\":\"SearchAction\",\"target\":{\"@type\":\"EntryPoint\",\"urlTemplate\":\"https:\/\/www.omnium.cat\/ca\/?s={search_term_string}\"},\"query-input\":{\"@type\":\"PropertyValueSpecification\",\"valueRequired\":true,\"valueName\":\"search_term_string\"}}],\"inLanguage\":\"ca\"},{\"@type\":\"Organization\",\"@id\":\"https:\/\/www.omnium.cat\/ca\/#organization\",\"name\":\"\u00d2mnium Cultural\",\"url\":\"https:\/\/www.omnium.cat\/ca\/\",\"logo\":{\"@type\":\"ImageObject\",\"inLanguage\":\"ca\",\"@id\":\"https:\/\/www.omnium.cat\/ca\/#\/schema\/logo\/image\/\",\"url\":\"https:\/\/cdn.omnium.cat\/wp-content\/uploads\/2019\/06\/01112517\/cropped-omnium_logo-1.png\",\"contentUrl\":\"https:\/\/cdn.omnium.cat\/wp-content\/uploads\/2019\/06\/01112517\/cropped-omnium_logo-1.png\",\"width\":1213,\"height\":262,\"caption\":\"\u00d2mnium Cultural\"},\"image\":{\"@id\":\"https:\/\/www.omnium.cat\/ca\/#\/schema\/logo\/image\/\"},\"sameAs\":[\"https:\/\/www.facebook.com\/omniumcultural\",\"https:\/\/x.com\/omnium\",\"https:\/\/www.instagram.com\/omniumcultural\/\",\"https:\/\/www.youtube.com\/user\/omniumcultural\"]},{\"@type\":\"Person\",\"@id\":\"https:\/\/www.omnium.cat\/ca\/#\/schema\/person\/3462f6012fc3a502d1b4aff4048a93a3\",\"name\":\"Bruna Ruh\u00ed\",\"image\":{\"@type\":\"ImageObject\",\"inLanguage\":\"ca\",\"@id\":\"https:\/\/secure.gravatar.com\/avatar\/07114de9f8ad383a38cce8a0fbf63d308139df63ab77a2903fa9c64c929bce51?s=96&d=mm&r=g\",\"url\":\"https:\/\/secure.gravatar.com\/avatar\/07114de9f8ad383a38cce8a0fbf63d308139df63ab77a2903fa9c64c929bce51?s=96&d=mm&r=g\",\"contentUrl\":\"https:\/\/secure.gravatar.com\/avatar\/07114de9f8ad383a38cce8a0fbf63d308139df63ab77a2903fa9c64c929bce51?s=96&d=mm&r=g\",\"caption\":\"Bruna Ruh\u00ed\"}}]}<\/script>\n<!-- \/ Yoast SEO plugin. -->","yoast_head_json":{"title":"Programaci\u00f3 del CineXic 2025 a Riudarenes - \u00d2mnium Cultural","robots":{"index":"index","follow":"follow","max-snippet":"max-snippet:-1","max-image-preview":"max-image-preview:large","max-video-preview":"max-video-preview:-1"},"canonical":"https:\/\/www.omnium.cat\/ca\/programacio-del-cinexic-2025-a-riudarenes\/","twitter_misc":{"Escrit per":"Bruna Ruh\u00ed","Temps estimat de lectura":"2 minuts"},"schema":{"@context":"https:\/\/schema.org","@graph":[{"@type":"Article","@id":"https:\/\/www.omnium.cat\/ca\/programacio-del-cinexic-2025-a-riudarenes\/#article","isPartOf":{"@id":"https:\/\/www.omnium.cat\/ca\/programacio-del-cinexic-2025-a-riudarenes\/"},"author":{"name":"Bruna Ruh\u00ed","@id":"https:\/\/www.omnium.cat\/ca\/#\/schema\/person\/3462f6012fc3a502d1b4aff4048a93a3"},"headline":"Programaci\u00f3 del CineXic 2025 a Riudarenes","datePublished":"2025-02-03T12:45:47+00:00","dateModified":"2025-02-03T12:45:53+00:00","mainEntityOfPage":{"@id":"https:\/\/www.omnium.cat\/ca\/programacio-del-cinexic-2025-a-riudarenes\/"},"wordCount":162,"publisher":{"@id":"https:\/\/www.omnium.cat\/ca\/#organization"},"image":{"@id":"https:\/\/www.omnium.cat\/ca\/programacio-del-cinexic-2025-a-riudarenes\/#primaryimage"},"thumbnailUrl":"https:\/\/cdn.omnium.cat\/wp-content\/uploads\/2025\/02\/03134526\/Generic_IG-2.png","articleSection":["Uncategorized @oc"],"inLanguage":"ca"},{"@type":"WebPage","@id":"https:\/\/www.omnium.cat\/ca\/programacio-del-cinexic-2025-a-riudarenes\/","url":"https:\/\/www.omnium.cat\/ca\/programacio-del-cinexic-2025-a-riudarenes\/","name":"Programaci\u00f3 del CineXic 2025 a Riudarenes - \u00d2mnium Cultural","isPartOf":{"@id":"https:\/\/www.omnium.cat\/ca\/#website"},"primaryImageOfPage":{"@id":"https:\/\/www.omnium.cat\/ca\/programacio-del-cinexic-2025-a-riudarenes\/#primaryimage"},"image":{"@id":"https:\/\/www.omnium.cat\/ca\/programacio-del-cinexic-2025-a-riudarenes\/#primaryimage"},"thumbnailUrl":"https:\/\/cdn.omnium.cat\/wp-content\/uploads\/2025\/02\/03134526\/Generic_IG-2.png","datePublished":"2025-02-03T12:45:47+00:00","dateModified":"2025-02-03T12:45:53+00:00","breadcrumb":{"@id":"https:\/\/www.omnium.cat\/ca\/programacio-del-cinexic-2025-a-riudarenes\/#breadcrumb"},"inLanguage":"ca","potentialAction":[{"@type":"ReadAction","target":["https:\/\/www.omnium.cat\/ca\/programacio-del-cinexic-2025-a-riudarenes\/"]}]},{"@type":"ImageObject","inLanguage":"ca","@id":"https:\/\/www.omnium.cat\/ca\/programacio-del-cinexic-2025-a-riudarenes\/#primaryimage","url":"https:\/\/cdn.omnium.cat\/wp-content\/uploads\/2025\/02\/03134526\/Generic_IG-2.png","contentUrl":"https:\/\/cdn.omnium.cat\/wp-content\/uploads\/2025\/02\/03134526\/Generic_IG-2.png","width":1080,"height":1080},{"@type":"BreadcrumbList","@id":"https:\/\/www.omnium.cat\/ca\/programacio-del-cinexic-2025-a-riudarenes\/#breadcrumb","itemListElement":[{"@type":"ListItem","position":1,"name":"Inici","item":"https:\/\/www.omnium.cat\/ca\/"},{"@type":"ListItem","position":2,"name":"Programaci\u00f3 del CineXic 2025 a Riudarenes"}]},{"@type":"WebSite","@id":"https:\/\/www.omnium.cat\/ca\/#website","url":"https:\/\/www.omnium.cat\/ca\/","name":"\u00d2mnium Cultural","description":"Llengua Cultura Pa\u00eds","publisher":{"@id":"https:\/\/www.omnium.cat\/ca\/#organization"},"potentialAction":[{"@type":"SearchAction","target":{"@type":"EntryPoint","urlTemplate":"https:\/\/www.omnium.cat\/ca\/?s={search_term_string}"},"query-input":{"@type":"PropertyValueSpecification","valueRequired":true,"valueName":"search_term_string"}}],"inLanguage":"ca"},{"@type":"Organization","@id":"https:\/\/www.omnium.cat\/ca\/#organization","name":"\u00d2mnium Cultural","url":"https:\/\/www.omnium.cat\/ca\/","logo":{"@type":"ImageObject","inLanguage":"ca","@id":"https:\/\/www.omnium.cat\/ca\/#\/schema\/logo\/image\/","url":"https:\/\/cdn.omnium.cat\/wp-content\/uploads\/2019\/06\/01112517\/cropped-omnium_logo-1.png","contentUrl":"https:\/\/cdn.omnium.cat\/wp-content\/uploads\/2019\/06\/01112517\/cropped-omnium_logo-1.png","width":1213,"height":262,"caption":"\u00d2mnium Cultural"},"image":{"@id":"https:\/\/www.omnium.cat\/ca\/#\/schema\/logo\/image\/"},"sameAs":["https:\/\/www.facebook.com\/omniumcultural","https:\/\/x.com\/omnium","https:\/\/www.instagram.com\/omniumcultural\/","https:\/\/www.youtube.com\/user\/omniumcultural"]},{"@type":"Person","@id":"https:\/\/www.omnium.cat\/ca\/#\/schema\/person\/3462f6012fc3a502d1b4aff4048a93a3","name":"Bruna Ruh\u00ed","image":{"@type":"ImageObject","inLanguage":"ca","@id":"https:\/\/secure.gravatar.com\/avatar\/07114de9f8ad383a38cce8a0fbf63d308139df63ab77a2903fa9c64c929bce51?s=96&d=mm&r=g","url":"https:\/\/secure.gravatar.com\/avatar\/07114de9f8ad383a38cce8a0fbf63d308139df63ab77a2903fa9c64c929bce51?s=96&d=mm&r=g","contentUrl":"https:\/\/secure.gravatar.com\/avatar\/07114de9f8ad383a38cce8a0fbf63d308139df63ab77a2903fa9c64c929bce51?s=96&d=mm&r=g","caption":"Bruna Ruh\u00ed"}}]}},"_links":{"self":[{"href":"https:\/\/www.omnium.cat\/ca\/wp-json\/wp\/v2\/posts\/428706","targetHints":{"allow":["GET"]}}],"collection":[{"href":"https:\/\/www.omnium.cat\/ca\/wp-json\/wp\/v2\/posts"}],"about":[{"href":"https:\/\/www.omnium.cat\/ca\/wp-json\/wp\/v2\/types\/post"}],"author":[{"embeddable":true,"href":"https:\/\/www.omnium.cat\/ca\/wp-json\/wp\/v2\/users\/278"}],"replies":[{"embeddable":true,"href":"https:\/\/www.omnium.cat\/ca\/wp-json\/wp\/v2\/comments?post=428706"}],"version-history":[{"count":1,"href":"https:\/\/www.omnium.cat\/ca\/wp-json\/wp\/v2\/posts\/428706\/revisions"}],"predecessor-version":[{"id":428726,"href":"https:\/\/www.omnium.cat\/ca\/wp-json\/wp\/v2\/posts\/428706\/revisions\/428726"}],"wp:featuredmedia":[{"embeddable":true,"href":"https:\/\/www.omnium.cat\/ca\/wp-json\/wp\/v2\/media\/428722"}],"wp:attachment":[{"href":"https:\/\/www.omnium.cat\/ca\/wp-json\/wp\/v2\/media?parent=428706"}],"wp:term":[{"taxonomy":"category","embeddable":true,"href":"https:\/\/www.omnium.cat\/ca\/wp-json\/wp\/v2\/categories?post=428706"},{"taxonomy":"post_tag","embeddable":true,"href":"https:\/\/www.omnium.cat\/ca\/wp-json\/wp\/v2\/tags?post=428706"},{"taxonomy":"post_headquarter","embeddable":true,"href":"https:\/\/www.omnium.cat\/ca\/wp-json\/wp\/v2\/post_headquarter?post=428706"},{"taxonomy":"post_project","embeddable":true,"href":"https:\/\/www.omnium.cat\/ca\/wp-json\/wp\/v2\/post_project?post=428706"}],"curies":[{"name":"wp","href":"https:\/\/api.w.org\/{rel}","templated":true}]}}