{"id":428866,"date":"2025-02-04T14:53:32","date_gmt":"2025-02-04T13:53:32","guid":{"rendered":"https:\/\/www.omnium.cat\/?p=428866"},"modified":"2025-02-20T22:08:01","modified_gmt":"2025-02-20T21:08:01","slug":"arriba-la-9a-edicio-dels-premis-voc%e2%96%ba-al-maresme","status":"publish","type":"post","link":"https:\/\/www.omnium.cat\/ca\/arriba-la-9a-edicio-dels-premis-voc%e2%96%ba-al-maresme\/","title":{"rendered":"Gaudeix del Festival \u00d2mnium de Cinema al Maresme!"},"content":{"rendered":"\n\n\n<p><strong>Ja tenim aqu\u00ed una nova edici\u00f3 del Festival \u00d2mnium de Cinema i enguany tornem a celebrar-lo al Maresme<\/strong>.\u00a0<\/p>\n\n\n\n<p>El Festival \u00d2mnium de Cinema \u00e9s una <strong>mostra de cinema en llengua catalana<\/strong> que tindr\u00e0 lloc en diverses poblacions i de forma simult\u00e0nia el mes de mar\u00e7 de 2025, amb la finalitat d\u2019estimular la producci\u00f3 de continguts audiovisuals de qualitat en llengua catalana, contribuir a la seva difusi\u00f3 i ampliar-ne el p\u00fablic.<\/p>\n<p>Si vols trobar la mostra m\u00e9s propera a casa teva i aconseguir l\u2019entrada entra a la <a href=\"https:\/\/www.omnium.cat\/ca\/projectes\/voc\/\">web dels Premis VOC.<\/a><\/p>\n<p><a href=\"https:\/\/form.jotform.com\/250473304698361\"><strong>Demana el teu codi de descompte<\/strong> per obtenir l\u2019entrada gratu\u00efta fent clic aqu\u00ed<\/a> o <strong>escriu-nos un correu<\/strong> a a <a href=\"mailto:maresme@omnium.cat\">maresme@omnium.cat<\/a><\/p>\n<p>Aquesta edici\u00f3 els curtmetratges s\u2019han dividit en dues sessions de curtmetratges. Pel que fa a les mostres d\u2019\u00d2mnium Maresme, s\u00f3n aquestes:<br \/><br \/><strong>El Masnou<\/strong><\/p>\n<ul>\n<li><a href=\"https:\/\/t.omnium.cat\/?_ga=2.42992421.1642119803.1739784923-1488220987.1739269446#\/9989af9f-53a3-4a71-adc4-ad481363dbb8\/8b0d523b-0e30-4aca-90bf-f5913756d8f2\">Sessi\u00f3 1: Dissabte 15 de mar\u00e7 a les 18 hores.\u00a0<\/a><\/li>\n<li>Lloc: Ca n&#8217;Humet (C\/ Fontanills, 77)<\/li>\n<li>Intervindr\u00e0 la masnovina <strong>Fanny Ortiz,<\/strong> autora del curtmetratge <strong>\u201cDem\u00e0\u201d.\u00a0<\/strong><\/li>\n<\/ul>\n<p><strong>Argentona<\/strong><\/p>\n<ul>\n<li><a href=\"https:\/\/t.omnium.cat\/?_ga=2.82206998.1642119803.1739784923-1488220987.1739269446#\/4b774bbf-b97b-41f8-bcc3-07ae4f3ce0ba\/71ede37f-2ddd-4929-a21e-f43bf555833e\">Sessi\u00f3 2: Dissabte 15 de mar\u00e7 a les 18 hores.<\/a><\/li>\n<li>Lloc: Centre Parroquial (C\/ Bernat de Riudemeia, 4)<\/li>\n<\/ul>\n<p><strong>Alella<\/strong><\/p>\n<ul>\n<li><a href=\"https:\/\/t.omnium.cat\/?_ga=2.249366407.1642119803.1739784923-1488220987.1739269446#\/af3f8128-42f2-4fac-9fb5-5476a4455f34\/cadbb06a-c3c7-4648-9d2d-bfaa2677708f\">Sessi\u00f3 2. Diumenge 16 de mar\u00e7 a les 18 hores.<\/a><\/li>\n<li>Lloc: Espai d&#8217;Arts Esc\u00e8niques Casal d&#8217;Alella (C\/ de Santa Teresa, 9)<\/li>\n<\/ul>\n<p><img fetchpriority=\"high\" decoding=\"async\" class=\"alignnone size-medium\" src=\"https:\/\/cdn.omnium.cat\/wp-content\/uploads\/2024\/01\/30165241\/Programacio-curtmetratges-S1-Festival-Omnium-de-Cinema-2025-1-1536x768.png\" width=\"1536\" height=\"768\" \/><\/p>\n<p><img decoding=\"async\" class=\"alignnone size-medium\" src=\"https:\/\/cdn.omnium.cat\/wp-content\/uploads\/2024\/01\/31093339\/Programacio-curtmetratges-S2-Festival-Omnium-de-Cinema-2025-3-1536x768.png\" width=\"1536\" height=\"768\" \/><\/p>\n<p>\u00a0<\/p>\n\n\n","protected":false},"excerpt":{"rendered":"<p>Ja tenim aqu\u00ed una nova edici\u00f3 del Festival \u00d2mnium de Cinema i enguany tornem a celebrar-lo al Maresme.\u00a0 El Festival \u00d2mnium de Cinema \u00e9s una mostra de cinema en llengua [&hellip;]<\/p>\n","protected":false},"author":268,"featured_media":430886,"comment_status":"closed","ping_status":"open","sticky":false,"template":"","format":"standard","meta":{"_acf_changed":false,"footnotes":""},"categories":[1],"tags":[],"post_headquarter":[1751],"post_project":[],"class_list":["post-428866","post","type-post","status-publish","format-standard","has-post-thumbnail","hentry","category-uncategorized-ca","post_headquarter-maresme"],"acf":[],"yoast_head":"<!-- This site is optimized with the Yoast SEO plugin v27.2 - https:\/\/yoast.com\/product\/yoast-seo-wordpress\/ -->\n<title>Gaudeix del Festival \u00d2mnium de Cinema al Maresme! - \u00d2mnium Cultural<\/title>\n<meta name=\"robots\" content=\"index, follow, max-snippet:-1, max-image-preview:large, max-video-preview:-1\" \/>\n<link rel=\"canonical\" href=\"https:\/\/www.omnium.cat\/ca\/arriba-la-9a-edicio-dels-premis-voc%e2%96%ba-al-maresme\/\" \/>\n<meta name=\"twitter:label1\" content=\"Escrit per\" \/>\n\t<meta name=\"twitter:data1\" content=\"Carles Porta\" \/>\n\t<meta name=\"twitter:label2\" content=\"Temps estimat de lectura\" \/>\n\t<meta name=\"twitter:data2\" content=\"2 minuts\" \/>\n<script type=\"application\/ld+json\" class=\"yoast-schema-graph\">{\"@context\":\"https:\/\/schema.org\",\"@graph\":[{\"@type\":\"Article\",\"@id\":\"https:\/\/www.omnium.cat\/ca\/arriba-la-9a-edicio-dels-premis-voc%e2%96%ba-al-maresme\/#article\",\"isPartOf\":{\"@id\":\"https:\/\/www.omnium.cat\/ca\/arriba-la-9a-edicio-dels-premis-voc%e2%96%ba-al-maresme\/\"},\"author\":{\"name\":\"Carles Porta\",\"@id\":\"https:\/\/www.omnium.cat\/ca\/#\/schema\/person\/4de75722eb8af50306e6b39ab45dc7f1\"},\"headline\":\"Gaudeix del Festival \u00d2mnium de Cinema al Maresme!\",\"datePublished\":\"2025-02-04T13:53:32+00:00\",\"dateModified\":\"2025-02-20T21:08:01+00:00\",\"mainEntityOfPage\":{\"@id\":\"https:\/\/www.omnium.cat\/ca\/arriba-la-9a-edicio-dels-premis-voc%e2%96%ba-al-maresme\/\"},\"wordCount\":210,\"publisher\":{\"@id\":\"https:\/\/www.omnium.cat\/ca\/#organization\"},\"image\":{\"@id\":\"https:\/\/www.omnium.cat\/ca\/arriba-la-9a-edicio-dels-premis-voc%e2%96%ba-al-maresme\/#primaryimage\"},\"thumbnailUrl\":\"https:\/\/cdn.omnium.cat\/wp-content\/uploads\/2025\/02\/20215507\/web-FOC-maresme-2025.png\",\"articleSection\":[\"Uncategorized @oc\"],\"inLanguage\":\"ca\"},{\"@type\":\"WebPage\",\"@id\":\"https:\/\/www.omnium.cat\/ca\/arriba-la-9a-edicio-dels-premis-voc%e2%96%ba-al-maresme\/\",\"url\":\"https:\/\/www.omnium.cat\/ca\/arriba-la-9a-edicio-dels-premis-voc%e2%96%ba-al-maresme\/\",\"name\":\"Gaudeix del Festival \u00d2mnium de Cinema al Maresme! - \u00d2mnium Cultural\",\"isPartOf\":{\"@id\":\"https:\/\/www.omnium.cat\/ca\/#website\"},\"primaryImageOfPage\":{\"@id\":\"https:\/\/www.omnium.cat\/ca\/arriba-la-9a-edicio-dels-premis-voc%e2%96%ba-al-maresme\/#primaryimage\"},\"image\":{\"@id\":\"https:\/\/www.omnium.cat\/ca\/arriba-la-9a-edicio-dels-premis-voc%e2%96%ba-al-maresme\/#primaryimage\"},\"thumbnailUrl\":\"https:\/\/cdn.omnium.cat\/wp-content\/uploads\/2025\/02\/20215507\/web-FOC-maresme-2025.png\",\"datePublished\":\"2025-02-04T13:53:32+00:00\",\"dateModified\":\"2025-02-20T21:08:01+00:00\",\"breadcrumb\":{\"@id\":\"https:\/\/www.omnium.cat\/ca\/arriba-la-9a-edicio-dels-premis-voc%e2%96%ba-al-maresme\/#breadcrumb\"},\"inLanguage\":\"ca\",\"potentialAction\":[{\"@type\":\"ReadAction\",\"target\":[\"https:\/\/www.omnium.cat\/ca\/arriba-la-9a-edicio-dels-premis-voc%e2%96%ba-al-maresme\/\"]}]},{\"@type\":\"ImageObject\",\"inLanguage\":\"ca\",\"@id\":\"https:\/\/www.omnium.cat\/ca\/arriba-la-9a-edicio-dels-premis-voc%e2%96%ba-al-maresme\/#primaryimage\",\"url\":\"https:\/\/cdn.omnium.cat\/wp-content\/uploads\/2025\/02\/20215507\/web-FOC-maresme-2025.png\",\"contentUrl\":\"https:\/\/cdn.omnium.cat\/wp-content\/uploads\/2025\/02\/20215507\/web-FOC-maresme-2025.png\",\"width\":1080,\"height\":883},{\"@type\":\"BreadcrumbList\",\"@id\":\"https:\/\/www.omnium.cat\/ca\/arriba-la-9a-edicio-dels-premis-voc%e2%96%ba-al-maresme\/#breadcrumb\",\"itemListElement\":[{\"@type\":\"ListItem\",\"position\":1,\"name\":\"Inici\",\"item\":\"https:\/\/www.omnium.cat\/ca\/\"},{\"@type\":\"ListItem\",\"position\":2,\"name\":\"Gaudeix del Festival \u00d2mnium de Cinema al Maresme!\"}]},{\"@type\":\"WebSite\",\"@id\":\"https:\/\/www.omnium.cat\/ca\/#website\",\"url\":\"https:\/\/www.omnium.cat\/ca\/\",\"name\":\"\u00d2mnium Cultural\",\"description\":\"Llengua Cultura Pa\u00eds\",\"publisher\":{\"@id\":\"https:\/\/www.omnium.cat\/ca\/#organization\"},\"potentialAction\":[{\"@type\":\"SearchAction\",\"target\":{\"@type\":\"EntryPoint\",\"urlTemplate\":\"https:\/\/www.omnium.cat\/ca\/?s={search_term_string}\"},\"query-input\":{\"@type\":\"PropertyValueSpecification\",\"valueRequired\":true,\"valueName\":\"search_term_string\"}}],\"inLanguage\":\"ca\"},{\"@type\":\"Organization\",\"@id\":\"https:\/\/www.omnium.cat\/ca\/#organization\",\"name\":\"\u00d2mnium Cultural\",\"url\":\"https:\/\/www.omnium.cat\/ca\/\",\"logo\":{\"@type\":\"ImageObject\",\"inLanguage\":\"ca\",\"@id\":\"https:\/\/www.omnium.cat\/ca\/#\/schema\/logo\/image\/\",\"url\":\"https:\/\/cdn.omnium.cat\/wp-content\/uploads\/2019\/06\/01112517\/cropped-omnium_logo-1.png\",\"contentUrl\":\"https:\/\/cdn.omnium.cat\/wp-content\/uploads\/2019\/06\/01112517\/cropped-omnium_logo-1.png\",\"width\":1213,\"height\":262,\"caption\":\"\u00d2mnium Cultural\"},\"image\":{\"@id\":\"https:\/\/www.omnium.cat\/ca\/#\/schema\/logo\/image\/\"},\"sameAs\":[\"https:\/\/www.facebook.com\/omniumcultural\",\"https:\/\/x.com\/omnium\",\"https:\/\/www.instagram.com\/omniumcultural\/\",\"https:\/\/www.youtube.com\/user\/omniumcultural\"]},{\"@type\":\"Person\",\"@id\":\"https:\/\/www.omnium.cat\/ca\/#\/schema\/person\/4de75722eb8af50306e6b39ab45dc7f1\",\"name\":\"Carles Porta\",\"image\":{\"@type\":\"ImageObject\",\"inLanguage\":\"ca\",\"@id\":\"https:\/\/secure.gravatar.com\/avatar\/308bed24de2577c6193f94e5cc51cde7a0c5992498998998ff4f665db923d04d?s=96&d=mm&r=g\",\"url\":\"https:\/\/secure.gravatar.com\/avatar\/308bed24de2577c6193f94e5cc51cde7a0c5992498998998ff4f665db923d04d?s=96&d=mm&r=g\",\"contentUrl\":\"https:\/\/secure.gravatar.com\/avatar\/308bed24de2577c6193f94e5cc51cde7a0c5992498998998ff4f665db923d04d?s=96&d=mm&r=g\",\"caption\":\"Carles Porta\"}}]}<\/script>\n<!-- \/ Yoast SEO plugin. -->","yoast_head_json":{"title":"Gaudeix del Festival \u00d2mnium de Cinema al Maresme! - \u00d2mnium Cultural","robots":{"index":"index","follow":"follow","max-snippet":"max-snippet:-1","max-image-preview":"max-image-preview:large","max-video-preview":"max-video-preview:-1"},"canonical":"https:\/\/www.omnium.cat\/ca\/arriba-la-9a-edicio-dels-premis-voc%e2%96%ba-al-maresme\/","twitter_misc":{"Escrit per":"Carles Porta","Temps estimat de lectura":"2 minuts"},"schema":{"@context":"https:\/\/schema.org","@graph":[{"@type":"Article","@id":"https:\/\/www.omnium.cat\/ca\/arriba-la-9a-edicio-dels-premis-voc%e2%96%ba-al-maresme\/#article","isPartOf":{"@id":"https:\/\/www.omnium.cat\/ca\/arriba-la-9a-edicio-dels-premis-voc%e2%96%ba-al-maresme\/"},"author":{"name":"Carles Porta","@id":"https:\/\/www.omnium.cat\/ca\/#\/schema\/person\/4de75722eb8af50306e6b39ab45dc7f1"},"headline":"Gaudeix del Festival \u00d2mnium de Cinema al Maresme!","datePublished":"2025-02-04T13:53:32+00:00","dateModified":"2025-02-20T21:08:01+00:00","mainEntityOfPage":{"@id":"https:\/\/www.omnium.cat\/ca\/arriba-la-9a-edicio-dels-premis-voc%e2%96%ba-al-maresme\/"},"wordCount":210,"publisher":{"@id":"https:\/\/www.omnium.cat\/ca\/#organization"},"image":{"@id":"https:\/\/www.omnium.cat\/ca\/arriba-la-9a-edicio-dels-premis-voc%e2%96%ba-al-maresme\/#primaryimage"},"thumbnailUrl":"https:\/\/cdn.omnium.cat\/wp-content\/uploads\/2025\/02\/20215507\/web-FOC-maresme-2025.png","articleSection":["Uncategorized @oc"],"inLanguage":"ca"},{"@type":"WebPage","@id":"https:\/\/www.omnium.cat\/ca\/arriba-la-9a-edicio-dels-premis-voc%e2%96%ba-al-maresme\/","url":"https:\/\/www.omnium.cat\/ca\/arriba-la-9a-edicio-dels-premis-voc%e2%96%ba-al-maresme\/","name":"Gaudeix del Festival \u00d2mnium de Cinema al Maresme! - \u00d2mnium Cultural","isPartOf":{"@id":"https:\/\/www.omnium.cat\/ca\/#website"},"primaryImageOfPage":{"@id":"https:\/\/www.omnium.cat\/ca\/arriba-la-9a-edicio-dels-premis-voc%e2%96%ba-al-maresme\/#primaryimage"},"image":{"@id":"https:\/\/www.omnium.cat\/ca\/arriba-la-9a-edicio-dels-premis-voc%e2%96%ba-al-maresme\/#primaryimage"},"thumbnailUrl":"https:\/\/cdn.omnium.cat\/wp-content\/uploads\/2025\/02\/20215507\/web-FOC-maresme-2025.png","datePublished":"2025-02-04T13:53:32+00:00","dateModified":"2025-02-20T21:08:01+00:00","breadcrumb":{"@id":"https:\/\/www.omnium.cat\/ca\/arriba-la-9a-edicio-dels-premis-voc%e2%96%ba-al-maresme\/#breadcrumb"},"inLanguage":"ca","potentialAction":[{"@type":"ReadAction","target":["https:\/\/www.omnium.cat\/ca\/arriba-la-9a-edicio-dels-premis-voc%e2%96%ba-al-maresme\/"]}]},{"@type":"ImageObject","inLanguage":"ca","@id":"https:\/\/www.omnium.cat\/ca\/arriba-la-9a-edicio-dels-premis-voc%e2%96%ba-al-maresme\/#primaryimage","url":"https:\/\/cdn.omnium.cat\/wp-content\/uploads\/2025\/02\/20215507\/web-FOC-maresme-2025.png","contentUrl":"https:\/\/cdn.omnium.cat\/wp-content\/uploads\/2025\/02\/20215507\/web-FOC-maresme-2025.png","width":1080,"height":883},{"@type":"BreadcrumbList","@id":"https:\/\/www.omnium.cat\/ca\/arriba-la-9a-edicio-dels-premis-voc%e2%96%ba-al-maresme\/#breadcrumb","itemListElement":[{"@type":"ListItem","position":1,"name":"Inici","item":"https:\/\/www.omnium.cat\/ca\/"},{"@type":"ListItem","position":2,"name":"Gaudeix del Festival \u00d2mnium de Cinema al Maresme!"}]},{"@type":"WebSite","@id":"https:\/\/www.omnium.cat\/ca\/#website","url":"https:\/\/www.omnium.cat\/ca\/","name":"\u00d2mnium Cultural","description":"Llengua Cultura Pa\u00eds","publisher":{"@id":"https:\/\/www.omnium.cat\/ca\/#organization"},"potentialAction":[{"@type":"SearchAction","target":{"@type":"EntryPoint","urlTemplate":"https:\/\/www.omnium.cat\/ca\/?s={search_term_string}"},"query-input":{"@type":"PropertyValueSpecification","valueRequired":true,"valueName":"search_term_string"}}],"inLanguage":"ca"},{"@type":"Organization","@id":"https:\/\/www.omnium.cat\/ca\/#organization","name":"\u00d2mnium Cultural","url":"https:\/\/www.omnium.cat\/ca\/","logo":{"@type":"ImageObject","inLanguage":"ca","@id":"https:\/\/www.omnium.cat\/ca\/#\/schema\/logo\/image\/","url":"https:\/\/cdn.omnium.cat\/wp-content\/uploads\/2019\/06\/01112517\/cropped-omnium_logo-1.png","contentUrl":"https:\/\/cdn.omnium.cat\/wp-content\/uploads\/2019\/06\/01112517\/cropped-omnium_logo-1.png","width":1213,"height":262,"caption":"\u00d2mnium Cultural"},"image":{"@id":"https:\/\/www.omnium.cat\/ca\/#\/schema\/logo\/image\/"},"sameAs":["https:\/\/www.facebook.com\/omniumcultural","https:\/\/x.com\/omnium","https:\/\/www.instagram.com\/omniumcultural\/","https:\/\/www.youtube.com\/user\/omniumcultural"]},{"@type":"Person","@id":"https:\/\/www.omnium.cat\/ca\/#\/schema\/person\/4de75722eb8af50306e6b39ab45dc7f1","name":"Carles Porta","image":{"@type":"ImageObject","inLanguage":"ca","@id":"https:\/\/secure.gravatar.com\/avatar\/308bed24de2577c6193f94e5cc51cde7a0c5992498998998ff4f665db923d04d?s=96&d=mm&r=g","url":"https:\/\/secure.gravatar.com\/avatar\/308bed24de2577c6193f94e5cc51cde7a0c5992498998998ff4f665db923d04d?s=96&d=mm&r=g","contentUrl":"https:\/\/secure.gravatar.com\/avatar\/308bed24de2577c6193f94e5cc51cde7a0c5992498998998ff4f665db923d04d?s=96&d=mm&r=g","caption":"Carles Porta"}}]}},"_links":{"self":[{"href":"https:\/\/www.omnium.cat\/ca\/wp-json\/wp\/v2\/posts\/428866","targetHints":{"allow":["GET"]}}],"collection":[{"href":"https:\/\/www.omnium.cat\/ca\/wp-json\/wp\/v2\/posts"}],"about":[{"href":"https:\/\/www.omnium.cat\/ca\/wp-json\/wp\/v2\/types\/post"}],"author":[{"embeddable":true,"href":"https:\/\/www.omnium.cat\/ca\/wp-json\/wp\/v2\/users\/268"}],"replies":[{"embeddable":true,"href":"https:\/\/www.omnium.cat\/ca\/wp-json\/wp\/v2\/comments?post=428866"}],"version-history":[{"count":3,"href":"https:\/\/www.omnium.cat\/ca\/wp-json\/wp\/v2\/posts\/428866\/revisions"}],"predecessor-version":[{"id":430890,"href":"https:\/\/www.omnium.cat\/ca\/wp-json\/wp\/v2\/posts\/428866\/revisions\/430890"}],"wp:featuredmedia":[{"embeddable":true,"href":"https:\/\/www.omnium.cat\/ca\/wp-json\/wp\/v2\/media\/430886"}],"wp:attachment":[{"href":"https:\/\/www.omnium.cat\/ca\/wp-json\/wp\/v2\/media?parent=428866"}],"wp:term":[{"taxonomy":"category","embeddable":true,"href":"https:\/\/www.omnium.cat\/ca\/wp-json\/wp\/v2\/categories?post=428866"},{"taxonomy":"post_tag","embeddable":true,"href":"https:\/\/www.omnium.cat\/ca\/wp-json\/wp\/v2\/tags?post=428866"},{"taxonomy":"post_headquarter","embeddable":true,"href":"https:\/\/www.omnium.cat\/ca\/wp-json\/wp\/v2\/post_headquarter?post=428866"},{"taxonomy":"post_project","embeddable":true,"href":"https:\/\/www.omnium.cat\/ca\/wp-json\/wp\/v2\/post_project?post=428866"}],"curies":[{"name":"wp","href":"https:\/\/api.w.org\/{rel}","templated":true}]}}